{"id":10738,"date":"2026-03-03T22:38:56","date_gmt":"2026-03-04T01:38:56","guid":{"rendered":"https:\/\/diariodepe.com.br\/cri\/?p=10738"},"modified":"2026-03-03T22:38:56","modified_gmt":"2026-03-04T01:38:56","slug":"debate-sobre-a-nova-jornada-da-china-rumo-ao-15o-plano-quinquenal","status":"publish","type":"post","link":"https:\/\/diariodepe.com.br\/cri\/2026\/03\/03\/debate-sobre-a-nova-jornada-da-china-rumo-ao-15o-plano-quinquenal\/","title":{"rendered":"Debate sobre a nova jornada da China: Rumo ao 15\u00ba Plano Quinquenal"},"content":{"rendered":"<p>Em meio \u00e0s sess\u00f5es plen\u00e1rias da 14\u00aa Assembleia Popular Nacional (APN) da China e do 14\u00ba Comit\u00ea Nacional da Confer\u00eancia Consultiva Pol\u00edtica do Povo Chin\u00eas (CCPPCh), evento anual que marca o calend\u00e1rio pol\u00edtico e legislativo do pa\u00eds, o programa Sala de Visitas convida dois jornalistas e pesquisadores brasileiros que vivem em Beijing e acompanham de perto essa realidade para explorar como a China delineia seu futuro de forma estruturada por meio dos planos quinquenais e como essa vis\u00e3o de longo pra<\/p>\n<p><iframe title=\"Debate sobre a nova jornada da China: Rumo ao 15\u00ba Plano Quinquenal\" width=\"640\" height=\"360\" src=\"https:\/\/www.youtube.com\/embed\/4CprEiI0nV0?feature=oembed\" frameborder=\"0\" allow=\"accelerometer; autoplay; clipboard-write; encrypted-media; gyroscope; picture-in-picture; web-share\" referrerpolicy=\"strict-origin-when-cross-origin\" allowfullscreen><\/iframe><\/p>\n","protected":false},"excerpt":{"rendered":"<p>Em meio \u00e0s sess\u00f5es plen\u00e1rias da 14\u00aa Assembleia Popular Nacional (APN) da China e do 14\u00ba Comit\u00ea Nacional da Confer\u00eancia Consultiva Pol\u00edtica do Povo Chin\u00eas (CCPPCh), evento anual que marca o calend\u00e1rio pol\u00edtico e legislativo do pa\u00eds, o programa Sala&#8230;<\/p>\n","protected":false},"author":5,"featured_media":0,"comment_status":"open","ping_status":"open","sticky":false,"template":"","format":"standard","meta":{"footnotes":""},"categories":[5,11],"tags":[],"class_list":["post-10738","post","type-post","status-publish","format-standard","hentry","category-destaques-capa","category-videos"],"yoast_head":"<!-- This site is optimized with the Yoast SEO plugin v27.4 - https:\/\/yoast.com\/product\/yoast-seo-wordpress\/ -->\n<title>Debate sobre a nova jornada da China: Rumo ao 15\u00ba Plano Quinquenal - CRI e Diario de Pernambuco<\/title>\n<meta name=\"robots\" content=\"index, follow, max-snippet:-1, max-image-preview:large, max-video-preview:-1\" \/>\n<link rel=\"canonical\" href=\"https:\/\/diariodepe.com.br\/cri\/2026\/03\/03\/debate-sobre-a-nova-jornada-da-china-rumo-ao-15o-plano-quinquenal\/\" \/>\n<meta property=\"og:locale\" content=\"pt_BR\" \/>\n<meta property=\"og:type\" content=\"article\" \/>\n<meta property=\"og:title\" content=\"Debate sobre a nova jornada da China: Rumo ao 15\u00ba Plano Quinquenal - CRI e Diario de Pernambuco\" \/>\n<meta property=\"og:description\" content=\"Em meio \u00e0s sess\u00f5es plen\u00e1rias da 14\u00aa Assembleia Popular Nacional (APN) da China e do 14\u00ba Comit\u00ea Nacional da Confer\u00eancia Consultiva Pol\u00edtica do Povo Chin\u00eas (CCPPCh), evento anual que marca o calend\u00e1rio pol\u00edtico e legislativo do pa\u00eds, o programa Sala...\" \/>\n<meta property=\"og:url\" content=\"https:\/\/diariodepe.com.br\/cri\/2026\/03\/03\/debate-sobre-a-nova-jornada-da-china-rumo-ao-15o-plano-quinquenal\/\" \/>\n<meta property=\"og:site_name\" content=\"CRI e Diario de Pernambuco\" \/>\n<meta property=\"article:published_time\" content=\"2026-03-04T01:38:56+00:00\" \/>\n<meta name=\"author\" content=\"CRI Portugu\u00eas\" \/>\n<meta name=\"twitter:card\" content=\"summary_large_image\" \/>\n<meta name=\"twitter:label1\" content=\"Escrito por\" \/>\n\t<meta name=\"twitter:data1\" content=\"CRI Portugu\u00eas\" \/>\n\t<meta name=\"twitter:label2\" content=\"Est. tempo de leitura\" \/>\n\t<meta name=\"twitter:data2\" content=\"1 minuto\" \/>\n<script type=\"application\/ld+json\" class=\"yoast-schema-graph\">{\"@context\":\"https:\\\/\\\/schema.org\",\"@graph\":[{\"@type\":\"Article\",\"@id\":\"https:\\\/\\\/diariodepe.com.br\\\/cri\\\/2026\\\/03\\\/03\\\/debate-sobre-a-nova-jornada-da-china-rumo-ao-15o-plano-quinquenal\\\/#article\",\"isPartOf\":{\"@id\":\"https:\\\/\\\/diariodepe.com.br\\\/cri\\\/2026\\\/03\\\/03\\\/debate-sobre-a-nova-jornada-da-china-rumo-ao-15o-plano-quinquenal\\\/\"},\"author\":{\"name\":\"CRI Portugu\u00eas\",\"@id\":\"https:\\\/\\\/diariodepe.com.br\\\/cri\\\/#\\\/schema\\\/person\\\/e474aead631cd4098632e11d3fbce118\"},\"headline\":\"Debate sobre a nova jornada da China: Rumo ao 15\u00ba Plano Quinquenal\",\"datePublished\":\"2026-03-04T01:38:56+00:00\",\"mainEntityOfPage\":{\"@id\":\"https:\\\/\\\/diariodepe.com.br\\\/cri\\\/2026\\\/03\\\/03\\\/debate-sobre-a-nova-jornada-da-china-rumo-ao-15o-plano-quinquenal\\\/\"},\"wordCount\":109,\"commentCount\":0,\"publisher\":{\"@id\":\"https:\\\/\\\/diariodepe.com.br\\\/cri\\\/#organization\"},\"articleSection\":[\"Destaques Capa\",\"V\u00eddeos\"],\"inLanguage\":\"pt-BR\",\"potentialAction\":[{\"@type\":\"CommentAction\",\"name\":\"Comment\",\"target\":[\"https:\\\/\\\/diariodepe.com.br\\\/cri\\\/2026\\\/03\\\/03\\\/debate-sobre-a-nova-jornada-da-china-rumo-ao-15o-plano-quinquenal\\\/#respond\"]}]},{\"@type\":\"WebPage\",\"@id\":\"https:\\\/\\\/diariodepe.com.br\\\/cri\\\/2026\\\/03\\\/03\\\/debate-sobre-a-nova-jornada-da-china-rumo-ao-15o-plano-quinquenal\\\/\",\"url\":\"https:\\\/\\\/diariodepe.com.br\\\/cri\\\/2026\\\/03\\\/03\\\/debate-sobre-a-nova-jornada-da-china-rumo-ao-15o-plano-quinquenal\\\/\",\"name\":\"Debate sobre a nova jornada da China: Rumo ao 15\u00ba Plano Quinquenal - CRI e Diario de Pernambuco\",\"isPartOf\":{\"@id\":\"https:\\\/\\\/diariodepe.com.br\\\/cri\\\/#website\"},\"datePublished\":\"2026-03-04T01:38:56+00:00\",\"breadcrumb\":{\"@id\":\"https:\\\/\\\/diariodepe.com.br\\\/cri\\\/2026\\\/03\\\/03\\\/debate-sobre-a-nova-jornada-da-china-rumo-ao-15o-plano-quinquenal\\\/#breadcrumb\"},\"inLanguage\":\"pt-BR\",\"potentialAction\":[{\"@type\":\"ReadAction\",\"target\":[\"https:\\\/\\\/diariodepe.com.br\\\/cri\\\/2026\\\/03\\\/03\\\/debate-sobre-a-nova-jornada-da-china-rumo-ao-15o-plano-quinquenal\\\/\"]}]},{\"@type\":\"BreadcrumbList\",\"@id\":\"https:\\\/\\\/diariodepe.com.br\\\/cri\\\/2026\\\/03\\\/03\\\/debate-sobre-a-nova-jornada-da-china-rumo-ao-15o-plano-quinquenal\\\/#breadcrumb\",\"itemListElement\":[{\"@type\":\"ListItem\",\"position\":1,\"name\":\"In\u00edcio\",\"item\":\"https:\\\/\\\/diariodepe.com.br\\\/cri\\\/\"},{\"@type\":\"ListItem\",\"position\":2,\"name\":\"Debate sobre a nova jornada da China: Rumo ao 15\u00ba Plano Quinquenal\"}]},{\"@type\":\"WebSite\",\"@id\":\"https:\\\/\\\/diariodepe.com.br\\\/cri\\\/#website\",\"url\":\"https:\\\/\\\/diariodepe.com.br\\\/cri\\\/\",\"name\":\"CRI e Diario de Pernambuco\",\"description\":\"R\u00e1dio Internacional da China\",\"publisher\":{\"@id\":\"https:\\\/\\\/diariodepe.com.br\\\/cri\\\/#organization\"},\"potentialAction\":[{\"@type\":\"SearchAction\",\"target\":{\"@type\":\"EntryPoint\",\"urlTemplate\":\"https:\\\/\\\/diariodepe.com.br\\\/cri\\\/?s={search_term_string}\"},\"query-input\":{\"@type\":\"PropertyValueSpecification\",\"valueRequired\":true,\"valueName\":\"search_term_string\"}}],\"inLanguage\":\"pt-BR\"},{\"@type\":\"Organization\",\"@id\":\"https:\\\/\\\/diariodepe.com.br\\\/cri\\\/#organization\",\"name\":\"CRI e Diario de Pernambuco\",\"url\":\"https:\\\/\\\/diariodepe.com.br\\\/cri\\\/\",\"logo\":{\"@type\":\"ImageObject\",\"inLanguage\":\"pt-BR\",\"@id\":\"https:\\\/\\\/diariodepe.com.br\\\/cri\\\/#\\\/schema\\\/logo\\\/image\\\/\",\"url\":\"https:\\\/\\\/diariodepe.com.br\\\/cri\\\/wp-content\\\/uploads\\\/sites\\\/2\\\/2022\\\/12\\\/cropped-Logo.jpg\",\"contentUrl\":\"https:\\\/\\\/diariodepe.com.br\\\/cri\\\/wp-content\\\/uploads\\\/sites\\\/2\\\/2022\\\/12\\\/cropped-Logo.jpg\",\"width\":700,\"height\":59,\"caption\":\"CRI e Diario de Pernambuco\"},\"image\":{\"@id\":\"https:\\\/\\\/diariodepe.com.br\\\/cri\\\/#\\\/schema\\\/logo\\\/image\\\/\"}},{\"@type\":\"Person\",\"@id\":\"https:\\\/\\\/diariodepe.com.br\\\/cri\\\/#\\\/schema\\\/person\\\/e474aead631cd4098632e11d3fbce118\",\"name\":\"CRI Portugu\u00eas\",\"image\":{\"@type\":\"ImageObject\",\"inLanguage\":\"pt-BR\",\"@id\":\"https:\\\/\\\/secure.gravatar.com\\\/avatar\\\/e2ac889ef882d4dc53091b610766dce49106cf9fe98c76e06745abb0993b2763?s=96&d=mm&r=g\",\"url\":\"https:\\\/\\\/secure.gravatar.com\\\/avatar\\\/e2ac889ef882d4dc53091b610766dce49106cf9fe98c76e06745abb0993b2763?s=96&d=mm&r=g\",\"contentUrl\":\"https:\\\/\\\/secure.gravatar.com\\\/avatar\\\/e2ac889ef882d4dc53091b610766dce49106cf9fe98c76e06745abb0993b2763?s=96&d=mm&r=g\",\"caption\":\"CRI Portugu\u00eas\"},\"sameAs\":[\"https:\\\/\\\/www.diariodepernambuco.com.br\\\/\"],\"url\":\"https:\\\/\\\/diariodepe.com.br\\\/cri\\\/author\\\/agencia-cri\\\/\"}]}<\/script>\n<!-- \/ Yoast SEO plugin. -->","yoast_head_json":{"title":"Debate sobre a nova jornada da China: Rumo ao 15\u00ba Plano Quinquenal - CRI e Diario de Pernambuco","robots":{"index":"index","follow":"follow","max-snippet":"max-snippet:-1","max-image-preview":"max-image-preview:large","max-video-preview":"max-video-preview:-1"},"canonical":"https:\/\/diariodepe.com.br\/cri\/2026\/03\/03\/debate-sobre-a-nova-jornada-da-china-rumo-ao-15o-plano-quinquenal\/","og_locale":"pt_BR","og_type":"article","og_title":"Debate sobre a nova jornada da China: Rumo ao 15\u00ba Plano Quinquenal - CRI e Diario de Pernambuco","og_description":"Em meio \u00e0s sess\u00f5es plen\u00e1rias da 14\u00aa Assembleia Popular Nacional (APN) da China e do 14\u00ba Comit\u00ea Nacional da Confer\u00eancia Consultiva Pol\u00edtica do Povo Chin\u00eas (CCPPCh), evento anual que marca o calend\u00e1rio pol\u00edtico e legislativo do pa\u00eds, o programa Sala...","og_url":"https:\/\/diariodepe.com.br\/cri\/2026\/03\/03\/debate-sobre-a-nova-jornada-da-china-rumo-ao-15o-plano-quinquenal\/","og_site_name":"CRI e Diario de Pernambuco","article_published_time":"2026-03-04T01:38:56+00:00","author":"CRI Portugu\u00eas","twitter_card":"summary_large_image","twitter_misc":{"Escrito por":"CRI Portugu\u00eas","Est. tempo de leitura":"1 minuto"},"schema":{"@context":"https:\/\/schema.org","@graph":[{"@type":"Article","@id":"https:\/\/diariodepe.com.br\/cri\/2026\/03\/03\/debate-sobre-a-nova-jornada-da-china-rumo-ao-15o-plano-quinquenal\/#article","isPartOf":{"@id":"https:\/\/diariodepe.com.br\/cri\/2026\/03\/03\/debate-sobre-a-nova-jornada-da-china-rumo-ao-15o-plano-quinquenal\/"},"author":{"name":"CRI Portugu\u00eas","@id":"https:\/\/diariodepe.com.br\/cri\/#\/schema\/person\/e474aead631cd4098632e11d3fbce118"},"headline":"Debate sobre a nova jornada da China: Rumo ao 15\u00ba Plano Quinquenal","datePublished":"2026-03-04T01:38:56+00:00","mainEntityOfPage":{"@id":"https:\/\/diariodepe.com.br\/cri\/2026\/03\/03\/debate-sobre-a-nova-jornada-da-china-rumo-ao-15o-plano-quinquenal\/"},"wordCount":109,"commentCount":0,"publisher":{"@id":"https:\/\/diariodepe.com.br\/cri\/#organization"},"articleSection":["Destaques Capa","V\u00eddeos"],"inLanguage":"pt-BR","potentialAction":[{"@type":"CommentAction","name":"Comment","target":["https:\/\/diariodepe.com.br\/cri\/2026\/03\/03\/debate-sobre-a-nova-jornada-da-china-rumo-ao-15o-plano-quinquenal\/#respond"]}]},{"@type":"WebPage","@id":"https:\/\/diariodepe.com.br\/cri\/2026\/03\/03\/debate-sobre-a-nova-jornada-da-china-rumo-ao-15o-plano-quinquenal\/","url":"https:\/\/diariodepe.com.br\/cri\/2026\/03\/03\/debate-sobre-a-nova-jornada-da-china-rumo-ao-15o-plano-quinquenal\/","name":"Debate sobre a nova jornada da China: Rumo ao 15\u00ba Plano Quinquenal - CRI e Diario de Pernambuco","isPartOf":{"@id":"https:\/\/diariodepe.com.br\/cri\/#website"},"datePublished":"2026-03-04T01:38:56+00:00","breadcrumb":{"@id":"https:\/\/diariodepe.com.br\/cri\/2026\/03\/03\/debate-sobre-a-nova-jornada-da-china-rumo-ao-15o-plano-quinquenal\/#breadcrumb"},"inLanguage":"pt-BR","potentialAction":[{"@type":"ReadAction","target":["https:\/\/diariodepe.com.br\/cri\/2026\/03\/03\/debate-sobre-a-nova-jornada-da-china-rumo-ao-15o-plano-quinquenal\/"]}]},{"@type":"BreadcrumbList","@id":"https:\/\/diariodepe.com.br\/cri\/2026\/03\/03\/debate-sobre-a-nova-jornada-da-china-rumo-ao-15o-plano-quinquenal\/#breadcrumb","itemListElement":[{"@type":"ListItem","position":1,"name":"In\u00edcio","item":"https:\/\/diariodepe.com.br\/cri\/"},{"@type":"ListItem","position":2,"name":"Debate sobre a nova jornada da China: Rumo ao 15\u00ba Plano Quinquenal"}]},{"@type":"WebSite","@id":"https:\/\/diariodepe.com.br\/cri\/#website","url":"https:\/\/diariodepe.com.br\/cri\/","name":"CRI e Diario de Pernambuco","description":"R\u00e1dio Internacional da China","publisher":{"@id":"https:\/\/diariodepe.com.br\/cri\/#organization"},"potentialAction":[{"@type":"SearchAction","target":{"@type":"EntryPoint","urlTemplate":"https:\/\/diariodepe.com.br\/cri\/?s={search_term_string}"},"query-input":{"@type":"PropertyValueSpecification","valueRequired":true,"valueName":"search_term_string"}}],"inLanguage":"pt-BR"},{"@type":"Organization","@id":"https:\/\/diariodepe.com.br\/cri\/#organization","name":"CRI e Diario de Pernambuco","url":"https:\/\/diariodepe.com.br\/cri\/","logo":{"@type":"ImageObject","inLanguage":"pt-BR","@id":"https:\/\/diariodepe.com.br\/cri\/#\/schema\/logo\/image\/","url":"https:\/\/diariodepe.com.br\/cri\/wp-content\/uploads\/sites\/2\/2022\/12\/cropped-Logo.jpg","contentUrl":"https:\/\/diariodepe.com.br\/cri\/wp-content\/uploads\/sites\/2\/2022\/12\/cropped-Logo.jpg","width":700,"height":59,"caption":"CRI e Diario de Pernambuco"},"image":{"@id":"https:\/\/diariodepe.com.br\/cri\/#\/schema\/logo\/image\/"}},{"@type":"Person","@id":"https:\/\/diariodepe.com.br\/cri\/#\/schema\/person\/e474aead631cd4098632e11d3fbce118","name":"CRI Portugu\u00eas","image":{"@type":"ImageObject","inLanguage":"pt-BR","@id":"https:\/\/secure.gravatar.com\/avatar\/e2ac889ef882d4dc53091b610766dce49106cf9fe98c76e06745abb0993b2763?s=96&d=mm&r=g","url":"https:\/\/secure.gravatar.com\/avatar\/e2ac889ef882d4dc53091b610766dce49106cf9fe98c76e06745abb0993b2763?s=96&d=mm&r=g","contentUrl":"https:\/\/secure.gravatar.com\/avatar\/e2ac889ef882d4dc53091b610766dce49106cf9fe98c76e06745abb0993b2763?s=96&d=mm&r=g","caption":"CRI Portugu\u00eas"},"sameAs":["https:\/\/www.diariodepernambuco.com.br\/"],"url":"https:\/\/diariodepe.com.br\/cri\/author\/agencia-cri\/"}]}},"cc_featured_image_caption":{"caption_text":"","source_text":"","source_url":""},"amp_enabled":true,"_links":{"self":[{"href":"https:\/\/diariodepe.com.br\/cri\/wp-json\/wp\/v2\/posts\/10738","targetHints":{"allow":["GET"]}}],"collection":[{"href":"https:\/\/diariodepe.com.br\/cri\/wp-json\/wp\/v2\/posts"}],"about":[{"href":"https:\/\/diariodepe.com.br\/cri\/wp-json\/wp\/v2\/types\/post"}],"author":[{"embeddable":true,"href":"https:\/\/diariodepe.com.br\/cri\/wp-json\/wp\/v2\/users\/5"}],"replies":[{"embeddable":true,"href":"https:\/\/diariodepe.com.br\/cri\/wp-json\/wp\/v2\/comments?post=10738"}],"version-history":[{"count":1,"href":"https:\/\/diariodepe.com.br\/cri\/wp-json\/wp\/v2\/posts\/10738\/revisions"}],"predecessor-version":[{"id":10739,"href":"https:\/\/diariodepe.com.br\/cri\/wp-json\/wp\/v2\/posts\/10738\/revisions\/10739"}],"wp:attachment":[{"href":"https:\/\/diariodepe.com.br\/cri\/wp-json\/wp\/v2\/media?parent=10738"}],"wp:term":[{"taxonomy":"category","embeddable":true,"href":"https:\/\/diariodepe.com.br\/cri\/wp-json\/wp\/v2\/categories?post=10738"},{"taxonomy":"post_tag","embeddable":true,"href":"https:\/\/diariodepe.com.br\/cri\/wp-json\/wp\/v2\/tags?post=10738"}],"curies":[{"name":"wp","href":"https:\/\/api.w.org\/{rel}","templated":true}]}}