{"id":10685,"date":"2026-02-24T04:41:11","date_gmt":"2026-02-24T07:41:11","guid":{"rendered":"https:\/\/diariodepe.com.br\/cri\/?p=10685"},"modified":"2026-02-24T04:41:11","modified_gmt":"2026-02-24T07:41:11","slug":"xi-jinping-visita-parque-nacional-de-inovacao-em-aplicacoes-de-tecnologia-da-informacao","status":"publish","type":"post","link":"https:\/\/diariodepe.com.br\/cri\/2026\/02\/24\/xi-jinping-visita-parque-nacional-de-inovacao-em-aplicacoes-de-tecnologia-da-informacao\/","title":{"rendered":"Xi Jinping visita Parque Nacional de Inova\u00e7\u00e3o em Aplica\u00e7\u00f5es de Tecnologia da Informa\u00e7\u00e3o"},"content":{"rendered":"<p>O presidente chin\u00eas, Xi Jinping, visitou hoje (9) o Parque Nacional de Inova\u00e7\u00e3o em Aplica\u00e7\u00f5es de Tecnologia da Informa\u00e7\u00e3o em Beijing, onde tomou conhecimento dos esfor\u00e7os da capital para se tornar um centro internacional de inova\u00e7\u00e3o cient\u00edfico-tecnol\u00f3gica. O l\u00edder chin\u00eas verificou os resultados obtidos e conversou com pesquisadores e chefes de empresas do setor.<\/p>\n<p>O Parque Nacional de Inova\u00e7\u00e3o em Aplica\u00e7\u00f5es de Tecnologia da Informa\u00e7\u00e3o \u00e9 uma base de inova\u00e7\u00e3o criada pelo Minist\u00e9rio da Ind\u00fastria e Informatiza\u00e7\u00e3o da China e pelo governo municipal de Beijing. Numa \u00e1rea de 1,7 milh\u00e3o de metros quadrados est\u00e3o reunidas mais de 90% das principais empresas de tecnologia da informa\u00e7\u00e3o do pa\u00eds, com o n\u00famero de empresas residentes chegando a 1.000, formando, desta forma, um agrupamento de cadeia industrial abrangente para inova\u00e7\u00e3o em tecnologia da informa\u00e7\u00e3o.<\/p>\n","protected":false},"excerpt":{"rendered":"<p>O presidente chin\u00eas, Xi Jinping, visitou hoje (9) o Parque Nacional de Inova\u00e7\u00e3o em Aplica\u00e7\u00f5es de Tecnologia da Informa\u00e7\u00e3o em Beijing, onde tomou conhecimento dos esfor\u00e7os da capital para se tornar um centro internacional de inova\u00e7\u00e3o cient\u00edfico-tecnol\u00f3gica. O l\u00edder chin\u00eas&#8230;<\/p>\n","protected":false},"author":5,"featured_media":0,"comment_status":"open","ping_status":"open","sticky":false,"template":"","format":"standard","meta":{"footnotes":""},"categories":[3],"tags":[],"class_list":["post-10685","post","type-post","status-publish","format-standard","hentry","category-china"],"yoast_head":"<!-- This site is optimized with the Yoast SEO plugin v27.4 - https:\/\/yoast.com\/product\/yoast-seo-wordpress\/ -->\n<title>Xi Jinping visita Parque Nacional de Inova\u00e7\u00e3o em Aplica\u00e7\u00f5es de Tecnologia da Informa\u00e7\u00e3o - CRI e Diario de Pernambuco<\/title>\n<meta name=\"robots\" content=\"index, follow, max-snippet:-1, max-image-preview:large, max-video-preview:-1\" \/>\n<link rel=\"canonical\" href=\"https:\/\/diariodepe.com.br\/cri\/2026\/02\/24\/xi-jinping-visita-parque-nacional-de-inovacao-em-aplicacoes-de-tecnologia-da-informacao\/\" \/>\n<meta property=\"og:locale\" content=\"pt_BR\" \/>\n<meta property=\"og:type\" content=\"article\" \/>\n<meta property=\"og:title\" content=\"Xi Jinping visita Parque Nacional de Inova\u00e7\u00e3o em Aplica\u00e7\u00f5es de Tecnologia da Informa\u00e7\u00e3o - CRI e Diario de Pernambuco\" \/>\n<meta property=\"og:description\" content=\"O presidente chin\u00eas, Xi Jinping, visitou hoje (9) o Parque Nacional de Inova\u00e7\u00e3o em Aplica\u00e7\u00f5es de Tecnologia da Informa\u00e7\u00e3o em Beijing, onde tomou conhecimento dos esfor\u00e7os da capital para se tornar um centro internacional de inova\u00e7\u00e3o cient\u00edfico-tecnol\u00f3gica. O l\u00edder chin\u00eas...\" \/>\n<meta property=\"og:url\" content=\"https:\/\/diariodepe.com.br\/cri\/2026\/02\/24\/xi-jinping-visita-parque-nacional-de-inovacao-em-aplicacoes-de-tecnologia-da-informacao\/\" \/>\n<meta property=\"og:site_name\" content=\"CRI e Diario de Pernambuco\" \/>\n<meta property=\"article:published_time\" content=\"2026-02-24T07:41:11+00:00\" \/>\n<meta name=\"author\" content=\"CRI Portugu\u00eas\" \/>\n<meta name=\"twitter:card\" content=\"summary_large_image\" \/>\n<meta name=\"twitter:label1\" content=\"Escrito por\" \/>\n\t<meta name=\"twitter:data1\" content=\"CRI Portugu\u00eas\" \/>\n<script type=\"application\/ld+json\" class=\"yoast-schema-graph\">{\"@context\":\"https:\\\/\\\/schema.org\",\"@graph\":[{\"@type\":\"Article\",\"@id\":\"https:\\\/\\\/diariodepe.com.br\\\/cri\\\/2026\\\/02\\\/24\\\/xi-jinping-visita-parque-nacional-de-inovacao-em-aplicacoes-de-tecnologia-da-informacao\\\/#article\",\"isPartOf\":{\"@id\":\"https:\\\/\\\/diariodepe.com.br\\\/cri\\\/2026\\\/02\\\/24\\\/xi-jinping-visita-parque-nacional-de-inovacao-em-aplicacoes-de-tecnologia-da-informacao\\\/\"},\"author\":{\"name\":\"CRI Portugu\u00eas\",\"@id\":\"https:\\\/\\\/diariodepe.com.br\\\/cri\\\/#\\\/schema\\\/person\\\/e474aead631cd4098632e11d3fbce118\"},\"headline\":\"Xi Jinping visita Parque Nacional de Inova\u00e7\u00e3o em Aplica\u00e7\u00f5es de Tecnologia da Informa\u00e7\u00e3o\",\"datePublished\":\"2026-02-24T07:41:11+00:00\",\"mainEntityOfPage\":{\"@id\":\"https:\\\/\\\/diariodepe.com.br\\\/cri\\\/2026\\\/02\\\/24\\\/xi-jinping-visita-parque-nacional-de-inovacao-em-aplicacoes-de-tecnologia-da-informacao\\\/\"},\"wordCount\":166,\"commentCount\":0,\"publisher\":{\"@id\":\"https:\\\/\\\/diariodepe.com.br\\\/cri\\\/#organization\"},\"articleSection\":[\"China\"],\"inLanguage\":\"pt-BR\",\"potentialAction\":[{\"@type\":\"CommentAction\",\"name\":\"Comment\",\"target\":[\"https:\\\/\\\/diariodepe.com.br\\\/cri\\\/2026\\\/02\\\/24\\\/xi-jinping-visita-parque-nacional-de-inovacao-em-aplicacoes-de-tecnologia-da-informacao\\\/#respond\"]}]},{\"@type\":\"WebPage\",\"@id\":\"https:\\\/\\\/diariodepe.com.br\\\/cri\\\/2026\\\/02\\\/24\\\/xi-jinping-visita-parque-nacional-de-inovacao-em-aplicacoes-de-tecnologia-da-informacao\\\/\",\"url\":\"https:\\\/\\\/diariodepe.com.br\\\/cri\\\/2026\\\/02\\\/24\\\/xi-jinping-visita-parque-nacional-de-inovacao-em-aplicacoes-de-tecnologia-da-informacao\\\/\",\"name\":\"Xi Jinping visita Parque Nacional de Inova\u00e7\u00e3o em Aplica\u00e7\u00f5es de Tecnologia da Informa\u00e7\u00e3o - CRI e Diario de Pernambuco\",\"isPartOf\":{\"@id\":\"https:\\\/\\\/diariodepe.com.br\\\/cri\\\/#website\"},\"datePublished\":\"2026-02-24T07:41:11+00:00\",\"breadcrumb\":{\"@id\":\"https:\\\/\\\/diariodepe.com.br\\\/cri\\\/2026\\\/02\\\/24\\\/xi-jinping-visita-parque-nacional-de-inovacao-em-aplicacoes-de-tecnologia-da-informacao\\\/#breadcrumb\"},\"inLanguage\":\"pt-BR\",\"potentialAction\":[{\"@type\":\"ReadAction\",\"target\":[\"https:\\\/\\\/diariodepe.com.br\\\/cri\\\/2026\\\/02\\\/24\\\/xi-jinping-visita-parque-nacional-de-inovacao-em-aplicacoes-de-tecnologia-da-informacao\\\/\"]}]},{\"@type\":\"BreadcrumbList\",\"@id\":\"https:\\\/\\\/diariodepe.com.br\\\/cri\\\/2026\\\/02\\\/24\\\/xi-jinping-visita-parque-nacional-de-inovacao-em-aplicacoes-de-tecnologia-da-informacao\\\/#breadcrumb\",\"itemListElement\":[{\"@type\":\"ListItem\",\"position\":1,\"name\":\"In\u00edcio\",\"item\":\"https:\\\/\\\/diariodepe.com.br\\\/cri\\\/\"},{\"@type\":\"ListItem\",\"position\":2,\"name\":\"Xi Jinping visita Parque Nacional de Inova\u00e7\u00e3o em Aplica\u00e7\u00f5es de Tecnologia da Informa\u00e7\u00e3o\"}]},{\"@type\":\"WebSite\",\"@id\":\"https:\\\/\\\/diariodepe.com.br\\\/cri\\\/#website\",\"url\":\"https:\\\/\\\/diariodepe.com.br\\\/cri\\\/\",\"name\":\"CRI e Diario de Pernambuco\",\"description\":\"R\u00e1dio Internacional da China\",\"publisher\":{\"@id\":\"https:\\\/\\\/diariodepe.com.br\\\/cri\\\/#organization\"},\"potentialAction\":[{\"@type\":\"SearchAction\",\"target\":{\"@type\":\"EntryPoint\",\"urlTemplate\":\"https:\\\/\\\/diariodepe.com.br\\\/cri\\\/?s={search_term_string}\"},\"query-input\":{\"@type\":\"PropertyValueSpecification\",\"valueRequired\":true,\"valueName\":\"search_term_string\"}}],\"inLanguage\":\"pt-BR\"},{\"@type\":\"Organization\",\"@id\":\"https:\\\/\\\/diariodepe.com.br\\\/cri\\\/#organization\",\"name\":\"CRI e Diario de Pernambuco\",\"url\":\"https:\\\/\\\/diariodepe.com.br\\\/cri\\\/\",\"logo\":{\"@type\":\"ImageObject\",\"inLanguage\":\"pt-BR\",\"@id\":\"https:\\\/\\\/diariodepe.com.br\\\/cri\\\/#\\\/schema\\\/logo\\\/image\\\/\",\"url\":\"https:\\\/\\\/diariodepe.com.br\\\/cri\\\/wp-content\\\/uploads\\\/sites\\\/2\\\/2022\\\/12\\\/cropped-Logo.jpg\",\"contentUrl\":\"https:\\\/\\\/diariodepe.com.br\\\/cri\\\/wp-content\\\/uploads\\\/sites\\\/2\\\/2022\\\/12\\\/cropped-Logo.jpg\",\"width\":700,\"height\":59,\"caption\":\"CRI e Diario de Pernambuco\"},\"image\":{\"@id\":\"https:\\\/\\\/diariodepe.com.br\\\/cri\\\/#\\\/schema\\\/logo\\\/image\\\/\"}},{\"@type\":\"Person\",\"@id\":\"https:\\\/\\\/diariodepe.com.br\\\/cri\\\/#\\\/schema\\\/person\\\/e474aead631cd4098632e11d3fbce118\",\"name\":\"CRI Portugu\u00eas\",\"image\":{\"@type\":\"ImageObject\",\"inLanguage\":\"pt-BR\",\"@id\":\"https:\\\/\\\/secure.gravatar.com\\\/avatar\\\/e2ac889ef882d4dc53091b610766dce49106cf9fe98c76e06745abb0993b2763?s=96&d=mm&r=g\",\"url\":\"https:\\\/\\\/secure.gravatar.com\\\/avatar\\\/e2ac889ef882d4dc53091b610766dce49106cf9fe98c76e06745abb0993b2763?s=96&d=mm&r=g\",\"contentUrl\":\"https:\\\/\\\/secure.gravatar.com\\\/avatar\\\/e2ac889ef882d4dc53091b610766dce49106cf9fe98c76e06745abb0993b2763?s=96&d=mm&r=g\",\"caption\":\"CRI Portugu\u00eas\"},\"sameAs\":[\"https:\\\/\\\/www.diariodepernambuco.com.br\\\/\"],\"url\":\"https:\\\/\\\/diariodepe.com.br\\\/cri\\\/author\\\/agencia-cri\\\/\"}]}<\/script>\n<!-- \/ Yoast SEO plugin. -->","yoast_head_json":{"title":"Xi Jinping visita Parque Nacional de Inova\u00e7\u00e3o em Aplica\u00e7\u00f5es de Tecnologia da Informa\u00e7\u00e3o - CRI e Diario de Pernambuco","robots":{"index":"index","follow":"follow","max-snippet":"max-snippet:-1","max-image-preview":"max-image-preview:large","max-video-preview":"max-video-preview:-1"},"canonical":"https:\/\/diariodepe.com.br\/cri\/2026\/02\/24\/xi-jinping-visita-parque-nacional-de-inovacao-em-aplicacoes-de-tecnologia-da-informacao\/","og_locale":"pt_BR","og_type":"article","og_title":"Xi Jinping visita Parque Nacional de Inova\u00e7\u00e3o em Aplica\u00e7\u00f5es de Tecnologia da Informa\u00e7\u00e3o - CRI e Diario de Pernambuco","og_description":"O presidente chin\u00eas, Xi Jinping, visitou hoje (9) o Parque Nacional de Inova\u00e7\u00e3o em Aplica\u00e7\u00f5es de Tecnologia da Informa\u00e7\u00e3o em Beijing, onde tomou conhecimento dos esfor\u00e7os da capital para se tornar um centro internacional de inova\u00e7\u00e3o cient\u00edfico-tecnol\u00f3gica. O l\u00edder chin\u00eas...","og_url":"https:\/\/diariodepe.com.br\/cri\/2026\/02\/24\/xi-jinping-visita-parque-nacional-de-inovacao-em-aplicacoes-de-tecnologia-da-informacao\/","og_site_name":"CRI e Diario de Pernambuco","article_published_time":"2026-02-24T07:41:11+00:00","author":"CRI Portugu\u00eas","twitter_card":"summary_large_image","twitter_misc":{"Escrito por":"CRI Portugu\u00eas"},"schema":{"@context":"https:\/\/schema.org","@graph":[{"@type":"Article","@id":"https:\/\/diariodepe.com.br\/cri\/2026\/02\/24\/xi-jinping-visita-parque-nacional-de-inovacao-em-aplicacoes-de-tecnologia-da-informacao\/#article","isPartOf":{"@id":"https:\/\/diariodepe.com.br\/cri\/2026\/02\/24\/xi-jinping-visita-parque-nacional-de-inovacao-em-aplicacoes-de-tecnologia-da-informacao\/"},"author":{"name":"CRI Portugu\u00eas","@id":"https:\/\/diariodepe.com.br\/cri\/#\/schema\/person\/e474aead631cd4098632e11d3fbce118"},"headline":"Xi Jinping visita Parque Nacional de Inova\u00e7\u00e3o em Aplica\u00e7\u00f5es de Tecnologia da Informa\u00e7\u00e3o","datePublished":"2026-02-24T07:41:11+00:00","mainEntityOfPage":{"@id":"https:\/\/diariodepe.com.br\/cri\/2026\/02\/24\/xi-jinping-visita-parque-nacional-de-inovacao-em-aplicacoes-de-tecnologia-da-informacao\/"},"wordCount":166,"commentCount":0,"publisher":{"@id":"https:\/\/diariodepe.com.br\/cri\/#organization"},"articleSection":["China"],"inLanguage":"pt-BR","potentialAction":[{"@type":"CommentAction","name":"Comment","target":["https:\/\/diariodepe.com.br\/cri\/2026\/02\/24\/xi-jinping-visita-parque-nacional-de-inovacao-em-aplicacoes-de-tecnologia-da-informacao\/#respond"]}]},{"@type":"WebPage","@id":"https:\/\/diariodepe.com.br\/cri\/2026\/02\/24\/xi-jinping-visita-parque-nacional-de-inovacao-em-aplicacoes-de-tecnologia-da-informacao\/","url":"https:\/\/diariodepe.com.br\/cri\/2026\/02\/24\/xi-jinping-visita-parque-nacional-de-inovacao-em-aplicacoes-de-tecnologia-da-informacao\/","name":"Xi Jinping visita Parque Nacional de Inova\u00e7\u00e3o em Aplica\u00e7\u00f5es de Tecnologia da Informa\u00e7\u00e3o - CRI e Diario de Pernambuco","isPartOf":{"@id":"https:\/\/diariodepe.com.br\/cri\/#website"},"datePublished":"2026-02-24T07:41:11+00:00","breadcrumb":{"@id":"https:\/\/diariodepe.com.br\/cri\/2026\/02\/24\/xi-jinping-visita-parque-nacional-de-inovacao-em-aplicacoes-de-tecnologia-da-informacao\/#breadcrumb"},"inLanguage":"pt-BR","potentialAction":[{"@type":"ReadAction","target":["https:\/\/diariodepe.com.br\/cri\/2026\/02\/24\/xi-jinping-visita-parque-nacional-de-inovacao-em-aplicacoes-de-tecnologia-da-informacao\/"]}]},{"@type":"BreadcrumbList","@id":"https:\/\/diariodepe.com.br\/cri\/2026\/02\/24\/xi-jinping-visita-parque-nacional-de-inovacao-em-aplicacoes-de-tecnologia-da-informacao\/#breadcrumb","itemListElement":[{"@type":"ListItem","position":1,"name":"In\u00edcio","item":"https:\/\/diariodepe.com.br\/cri\/"},{"@type":"ListItem","position":2,"name":"Xi Jinping visita Parque Nacional de Inova\u00e7\u00e3o em Aplica\u00e7\u00f5es de Tecnologia da Informa\u00e7\u00e3o"}]},{"@type":"WebSite","@id":"https:\/\/diariodepe.com.br\/cri\/#website","url":"https:\/\/diariodepe.com.br\/cri\/","name":"CRI e Diario de Pernambuco","description":"R\u00e1dio Internacional da China","publisher":{"@id":"https:\/\/diariodepe.com.br\/cri\/#organization"},"potentialAction":[{"@type":"SearchAction","target":{"@type":"EntryPoint","urlTemplate":"https:\/\/diariodepe.com.br\/cri\/?s={search_term_string}"},"query-input":{"@type":"PropertyValueSpecification","valueRequired":true,"valueName":"search_term_string"}}],"inLanguage":"pt-BR"},{"@type":"Organization","@id":"https:\/\/diariodepe.com.br\/cri\/#organization","name":"CRI e Diario de Pernambuco","url":"https:\/\/diariodepe.com.br\/cri\/","logo":{"@type":"ImageObject","inLanguage":"pt-BR","@id":"https:\/\/diariodepe.com.br\/cri\/#\/schema\/logo\/image\/","url":"https:\/\/diariodepe.com.br\/cri\/wp-content\/uploads\/sites\/2\/2022\/12\/cropped-Logo.jpg","contentUrl":"https:\/\/diariodepe.com.br\/cri\/wp-content\/uploads\/sites\/2\/2022\/12\/cropped-Logo.jpg","width":700,"height":59,"caption":"CRI e Diario de Pernambuco"},"image":{"@id":"https:\/\/diariodepe.com.br\/cri\/#\/schema\/logo\/image\/"}},{"@type":"Person","@id":"https:\/\/diariodepe.com.br\/cri\/#\/schema\/person\/e474aead631cd4098632e11d3fbce118","name":"CRI Portugu\u00eas","image":{"@type":"ImageObject","inLanguage":"pt-BR","@id":"https:\/\/secure.gravatar.com\/avatar\/e2ac889ef882d4dc53091b610766dce49106cf9fe98c76e06745abb0993b2763?s=96&d=mm&r=g","url":"https:\/\/secure.gravatar.com\/avatar\/e2ac889ef882d4dc53091b610766dce49106cf9fe98c76e06745abb0993b2763?s=96&d=mm&r=g","contentUrl":"https:\/\/secure.gravatar.com\/avatar\/e2ac889ef882d4dc53091b610766dce49106cf9fe98c76e06745abb0993b2763?s=96&d=mm&r=g","caption":"CRI Portugu\u00eas"},"sameAs":["https:\/\/www.diariodepernambuco.com.br\/"],"url":"https:\/\/diariodepe.com.br\/cri\/author\/agencia-cri\/"}]}},"cc_featured_image_caption":{"caption_text":"","source_text":"","source_url":""},"amp_enabled":true,"_links":{"self":[{"href":"https:\/\/diariodepe.com.br\/cri\/wp-json\/wp\/v2\/posts\/10685","targetHints":{"allow":["GET"]}}],"collection":[{"href":"https:\/\/diariodepe.com.br\/cri\/wp-json\/wp\/v2\/posts"}],"about":[{"href":"https:\/\/diariodepe.com.br\/cri\/wp-json\/wp\/v2\/types\/post"}],"author":[{"embeddable":true,"href":"https:\/\/diariodepe.com.br\/cri\/wp-json\/wp\/v2\/users\/5"}],"replies":[{"embeddable":true,"href":"https:\/\/diariodepe.com.br\/cri\/wp-json\/wp\/v2\/comments?post=10685"}],"version-history":[{"count":1,"href":"https:\/\/diariodepe.com.br\/cri\/wp-json\/wp\/v2\/posts\/10685\/revisions"}],"predecessor-version":[{"id":10686,"href":"https:\/\/diariodepe.com.br\/cri\/wp-json\/wp\/v2\/posts\/10685\/revisions\/10686"}],"wp:attachment":[{"href":"https:\/\/diariodepe.com.br\/cri\/wp-json\/wp\/v2\/media?parent=10685"}],"wp:term":[{"taxonomy":"category","embeddable":true,"href":"https:\/\/diariodepe.com.br\/cri\/wp-json\/wp\/v2\/categories?post=10685"},{"taxonomy":"post_tag","embeddable":true,"href":"https:\/\/diariodepe.com.br\/cri\/wp-json\/wp\/v2\/tags?post=10685"}],"curies":[{"name":"wp","href":"https:\/\/api.w.org\/{rel}","templated":true}]}}