{"id":10683,"date":"2026-02-24T04:40:47","date_gmt":"2026-02-24T07:40:47","guid":{"rendered":"https:\/\/diariodepe.com.br\/cri\/?p=10683"},"modified":"2026-02-24T04:40:47","modified_gmt":"2026-02-24T07:40:47","slug":"divulgado-video-promocional-da-gala-do-festival-da-primavera-na-recepcao-de-ano-novo-chines-em-sao-paulo","status":"publish","type":"post","link":"https:\/\/diariodepe.com.br\/cri\/2026\/02\/24\/divulgado-video-promocional-da-gala-do-festival-da-primavera-na-recepcao-de-ano-novo-chines-em-sao-paulo\/","title":{"rendered":"Divulgado v\u00eddeo promocional da Gala do Festival da Primavera na recep\u00e7\u00e3o de Ano Novo Chin\u00eas em S\u00e3o Paulo"},"content":{"rendered":"<p><img decoding=\"async\" src=\"https:\/\/38picres.cgtn.com\/photoAlbum\/page\/performance\/img\/2026\/2\/9\/1770627627515_492.png\" \/><\/p>\n<p><span dir=\"LTR\">Na noite da\u00a0<\/span><span dir=\"LTR\">\u00fa<\/span><span dir=\"LTR\">ltima quinta-feira\u00a0<\/span><span dir=\"LTR\">(5), o Consulado\u00a0<\/span><span dir=\"LTR\">Geral\u00a0<\/span><span dir=\"LTR\">da China em S<\/span><span dir=\"LTR\">\u00e3<\/span><span dir=\"LTR\">o Paulo realizou uma recep<\/span><span dir=\"LTR\">\u00e7\u00e3<\/span><span dir=\"LTR\">o de Ano Novo Chin<\/span><span dir=\"LTR\">\u00ea<\/span><span dir=\"LTR\">s de 2026.\u00a0<\/span><span dir=\"LTR\">O<\/span><span dir=\"LTR\">\u00a0C<\/span><span dir=\"LTR\">\u00f4<\/span><span dir=\"LTR\">nsul-Geral da China em S<\/span><span dir=\"LTR\">\u00e3<\/span><span dir=\"LTR\">o Paulo, Yu Peng,\u00a0<\/span><span dir=\"LTR\">compareceu ao evento.<\/span><\/p>\n<p><img decoding=\"async\" src=\"https:\/\/38picres.cgtn.com\/photoAlbum\/page\/performance\/img\/2026\/2\/9\/1770627593503_629.jpg\" \/><\/p>\n<p><span dir=\"LTR\">Yu Peng enviou seus votos de Ano Novo Chin<\/span><span dir=\"LTR\">\u00ea<\/span><span dir=\"LTR\">s aos convidados\u00a0<\/span><span dir=\"LTR\">presentes<\/span><span dir=\"LTR\">. Ele afirmou que,\u00a0<\/span><span dir=\"LTR\">ao longo do\u00a0<\/span><span dir=\"LTR\">\u00fa<\/span><span dir=\"LTR\">ltimo\u00a0<\/span><span dir=\"LTR\">ano<\/span><span dir=\"LTR\">,\u00a0<\/span><span dir=\"LTR\">os dois pa<\/span><span dir=\"LTR\">\u00ed<\/span><span dir=\"LTR\">ses\u00a0<\/span><span dir=\"LTR\">atuaram de forma conjunta<\/span><span dir=\"LTR\">\u00a0para abrir nova<\/span><span dir=\"LTR\">s<\/span><span dir=\"LTR\">\u00a0rota<\/span><span dir=\"LTR\">s<\/span><span dir=\"LTR\">\u00a0de\u00a0<\/span><span dir=\"LTR\">coopera<\/span><span dir=\"LTR\">\u00e7\u00e3<\/span><span dir=\"LTR\">o\u00a0<\/span><span dir=\"LTR\">no processo de constru<\/span><span dir=\"LTR\">\u00e7\u00e3<\/span><span dir=\"LTR\">o de uma comunidade\u00a0<\/span><span dir=\"LTR\">de futuro compartilhado\u00a0China-Brasil<\/span><span dir=\"LTR\">,\u00a0<\/span><span dir=\"LTR\">escrevendo<\/span><span dir=\"LTR\">\u00a0um novo cap<\/span><span dir=\"LTR\">\u00ed<\/span><span dir=\"LTR\">tulo de parceria entre grandes na<\/span><span dir=\"LTR\">\u00e7\u00f5<\/span><span dir=\"LTR\">es em desenvolvimento.<\/span><\/p>\n<p><span dir=\"LTR\">Segundo Yu Peng,\u00a0<\/span><span dir=\"LTR\">2026\u00a0<\/span><span dir=\"LTR\">ser<\/span><span dir=\"LTR\">\u00e1\u00a0<\/span><span dir=\"LTR\">o\u00a0<\/span><span dir=\"LTR\">Ano da Cultura China-Brasil, o que\u00a0<\/span><span dir=\"LTR\">criar<\/span><span dir=\"LTR\">\u00e1\u00a0<\/span><span dir=\"LTR\">uma\u00a0<\/span><span dir=\"LTR\">plataforma\u00a0<\/span><span dir=\"LTR\">mais ampla\u00a0<\/span><span dir=\"LTR\">para fortalecer a compreens<\/span><span dir=\"LTR\">\u00e3<\/span><span dir=\"LTR\">o m<\/span><span dir=\"LTR\">\u00fa<\/span><span dir=\"LTR\">tua e aprofundar a amizade tradicional entre os povos dos dois pa<\/span><span dir=\"LTR\">\u00ed<\/span><span dir=\"LTR\">ses.<\/span><\/p>\n<p><img decoding=\"async\" src=\"https:\/\/38picres.cgtn.com\/photoAlbum\/page\/performance\/img\/2026\/2\/9\/1770627610229_525.png\" \/><\/p>\n<p><span dir=\"LTR\">Na ocasi<\/span><span dir=\"LTR\">\u00e3<\/span><span dir=\"LTR\">o, foi apresentado o v<\/span><span dir=\"LTR\">\u00ed<\/span><span dir=\"LTR\">deo promocional da Gala do Festival da Primavera de 2026, produzido pelo Grupo de M<\/span><span dir=\"LTR\">\u00ed<\/span><span dir=\"LTR\">dia da China\u00a0<\/span><span dir=\"LTR\">(CMG, na sigla em ingl<\/span><span dir=\"LTR\">\u00ea<\/span><span dir=\"LTR\">s),\u00a0<\/span><span dir=\"LTR\">que apresenta\u00a0<\/span><span dir=\"LTR\">programas espe<\/span><span dir=\"LTR\">taculares,\u00a0<\/span><span dir=\"LTR\">combina<\/span><span dir=\"LTR\">ndo\u00a0<\/span><span dir=\"LTR\">elementos art<\/span><span dir=\"LTR\">\u00ed<\/span><span dir=\"LTR\">sticos e tecnol<\/span><span dir=\"LTR\">\u00f3<\/span><span dir=\"LTR\">gicos<\/span><span dir=\"LTR\">\u00a0<\/span><span dir=\"LTR\">e\u00a0<\/span><span dir=\"LTR\">transmitindo\u00a0<\/span><span dir=\"LTR\">uma\u00a0<\/span><span dir=\"LTR\">forte<\/span><span dir=\"LTR\">\u00a0atmosfera<\/span><span dir=\"LTR\">\u00a0da festividade tradicional chinesa.<\/span><\/p>\n","protected":false},"excerpt":{"rendered":"<p>Na noite da\u00a0\u00faltima quinta-feira\u00a0(5), o Consulado\u00a0Geral\u00a0da China em S\u00e3o Paulo realizou uma recep\u00e7\u00e3o de Ano Novo Chin\u00eas de 2026.\u00a0O\u00a0C\u00f4nsul-Geral da China em S\u00e3o Paulo, Yu Peng,\u00a0compareceu ao evento. Yu Peng enviou seus votos de Ano Novo Chin\u00eas aos convidados\u00a0presentes. Ele&#8230;<\/p>\n","protected":false},"author":5,"featured_media":0,"comment_status":"open","ping_status":"open","sticky":false,"template":"","format":"standard","meta":{"footnotes":""},"categories":[3],"tags":[],"class_list":["post-10683","post","type-post","status-publish","format-standard","hentry","category-china"],"yoast_head":"<!-- This site is optimized with the Yoast SEO plugin v27.4 - https:\/\/yoast.com\/product\/yoast-seo-wordpress\/ -->\n<title>Divulgado v\u00eddeo promocional da Gala do Festival da Primavera na recep\u00e7\u00e3o de Ano Novo Chin\u00eas em S\u00e3o Paulo - CRI e Diario de Pernambuco<\/title>\n<meta name=\"robots\" content=\"index, follow, max-snippet:-1, max-image-preview:large, max-video-preview:-1\" \/>\n<link rel=\"canonical\" href=\"https:\/\/diariodepe.com.br\/cri\/2026\/02\/24\/divulgado-video-promocional-da-gala-do-festival-da-primavera-na-recepcao-de-ano-novo-chines-em-sao-paulo\/\" \/>\n<meta property=\"og:locale\" content=\"pt_BR\" \/>\n<meta property=\"og:type\" content=\"article\" \/>\n<meta property=\"og:title\" content=\"Divulgado v\u00eddeo promocional da Gala do Festival da Primavera na recep\u00e7\u00e3o de Ano Novo Chin\u00eas em S\u00e3o Paulo - CRI e Diario de Pernambuco\" \/>\n<meta property=\"og:description\" content=\"Na noite da\u00a0\u00faltima quinta-feira\u00a0(5), o Consulado\u00a0Geral\u00a0da China em S\u00e3o Paulo realizou uma recep\u00e7\u00e3o de Ano Novo Chin\u00eas de 2026.\u00a0O\u00a0C\u00f4nsul-Geral da China em S\u00e3o Paulo, Yu Peng,\u00a0compareceu ao evento. Yu Peng enviou seus votos de Ano Novo Chin\u00eas aos convidados\u00a0presentes. Ele...\" \/>\n<meta property=\"og:url\" content=\"https:\/\/diariodepe.com.br\/cri\/2026\/02\/24\/divulgado-video-promocional-da-gala-do-festival-da-primavera-na-recepcao-de-ano-novo-chines-em-sao-paulo\/\" \/>\n<meta property=\"og:site_name\" content=\"CRI e Diario de Pernambuco\" \/>\n<meta property=\"article:published_time\" content=\"2026-02-24T07:40:47+00:00\" \/>\n<meta property=\"og:image\" content=\"https:\/\/38picres.cgtn.com\/photoAlbum\/page\/performance\/img\/2026\/2\/9\/1770627627515_492.png\" \/>\n<meta name=\"author\" content=\"CRI Portugu\u00eas\" \/>\n<meta name=\"twitter:card\" content=\"summary_large_image\" \/>\n<meta name=\"twitter:label1\" content=\"Escrito por\" \/>\n\t<meta name=\"twitter:data1\" content=\"CRI Portugu\u00eas\" \/>\n<script type=\"application\/ld+json\" class=\"yoast-schema-graph\">{\"@context\":\"https:\\\/\\\/schema.org\",\"@graph\":[{\"@type\":\"Article\",\"@id\":\"https:\\\/\\\/diariodepe.com.br\\\/cri\\\/2026\\\/02\\\/24\\\/divulgado-video-promocional-da-gala-do-festival-da-primavera-na-recepcao-de-ano-novo-chines-em-sao-paulo\\\/#article\",\"isPartOf\":{\"@id\":\"https:\\\/\\\/diariodepe.com.br\\\/cri\\\/2026\\\/02\\\/24\\\/divulgado-video-promocional-da-gala-do-festival-da-primavera-na-recepcao-de-ano-novo-chines-em-sao-paulo\\\/\"},\"author\":{\"name\":\"CRI Portugu\u00eas\",\"@id\":\"https:\\\/\\\/diariodepe.com.br\\\/cri\\\/#\\\/schema\\\/person\\\/e474aead631cd4098632e11d3fbce118\"},\"headline\":\"Divulgado v\u00eddeo promocional da Gala do Festival da Primavera na recep\u00e7\u00e3o de Ano Novo Chin\u00eas em S\u00e3o Paulo\",\"datePublished\":\"2026-02-24T07:40:47+00:00\",\"mainEntityOfPage\":{\"@id\":\"https:\\\/\\\/diariodepe.com.br\\\/cri\\\/2026\\\/02\\\/24\\\/divulgado-video-promocional-da-gala-do-festival-da-primavera-na-recepcao-de-ano-novo-chines-em-sao-paulo\\\/\"},\"wordCount\":210,\"commentCount\":0,\"publisher\":{\"@id\":\"https:\\\/\\\/diariodepe.com.br\\\/cri\\\/#organization\"},\"image\":{\"@id\":\"https:\\\/\\\/diariodepe.com.br\\\/cri\\\/2026\\\/02\\\/24\\\/divulgado-video-promocional-da-gala-do-festival-da-primavera-na-recepcao-de-ano-novo-chines-em-sao-paulo\\\/#primaryimage\"},\"thumbnailUrl\":\"https:\\\/\\\/38picres.cgtn.com\\\/photoAlbum\\\/page\\\/performance\\\/img\\\/2026\\\/2\\\/9\\\/1770627627515_492.png\",\"articleSection\":[\"China\"],\"inLanguage\":\"pt-BR\",\"potentialAction\":[{\"@type\":\"CommentAction\",\"name\":\"Comment\",\"target\":[\"https:\\\/\\\/diariodepe.com.br\\\/cri\\\/2026\\\/02\\\/24\\\/divulgado-video-promocional-da-gala-do-festival-da-primavera-na-recepcao-de-ano-novo-chines-em-sao-paulo\\\/#respond\"]}]},{\"@type\":\"WebPage\",\"@id\":\"https:\\\/\\\/diariodepe.com.br\\\/cri\\\/2026\\\/02\\\/24\\\/divulgado-video-promocional-da-gala-do-festival-da-primavera-na-recepcao-de-ano-novo-chines-em-sao-paulo\\\/\",\"url\":\"https:\\\/\\\/diariodepe.com.br\\\/cri\\\/2026\\\/02\\\/24\\\/divulgado-video-promocional-da-gala-do-festival-da-primavera-na-recepcao-de-ano-novo-chines-em-sao-paulo\\\/\",\"name\":\"Divulgado v\u00eddeo promocional da Gala do Festival da Primavera na recep\u00e7\u00e3o de Ano Novo Chin\u00eas em S\u00e3o Paulo - CRI e Diario de Pernambuco\",\"isPartOf\":{\"@id\":\"https:\\\/\\\/diariodepe.com.br\\\/cri\\\/#website\"},\"primaryImageOfPage\":{\"@id\":\"https:\\\/\\\/diariodepe.com.br\\\/cri\\\/2026\\\/02\\\/24\\\/divulgado-video-promocional-da-gala-do-festival-da-primavera-na-recepcao-de-ano-novo-chines-em-sao-paulo\\\/#primaryimage\"},\"image\":{\"@id\":\"https:\\\/\\\/diariodepe.com.br\\\/cri\\\/2026\\\/02\\\/24\\\/divulgado-video-promocional-da-gala-do-festival-da-primavera-na-recepcao-de-ano-novo-chines-em-sao-paulo\\\/#primaryimage\"},\"thumbnailUrl\":\"https:\\\/\\\/38picres.cgtn.com\\\/photoAlbum\\\/page\\\/performance\\\/img\\\/2026\\\/2\\\/9\\\/1770627627515_492.png\",\"datePublished\":\"2026-02-24T07:40:47+00:00\",\"breadcrumb\":{\"@id\":\"https:\\\/\\\/diariodepe.com.br\\\/cri\\\/2026\\\/02\\\/24\\\/divulgado-video-promocional-da-gala-do-festival-da-primavera-na-recepcao-de-ano-novo-chines-em-sao-paulo\\\/#breadcrumb\"},\"inLanguage\":\"pt-BR\",\"potentialAction\":[{\"@type\":\"ReadAction\",\"target\":[\"https:\\\/\\\/diariodepe.com.br\\\/cri\\\/2026\\\/02\\\/24\\\/divulgado-video-promocional-da-gala-do-festival-da-primavera-na-recepcao-de-ano-novo-chines-em-sao-paulo\\\/\"]}]},{\"@type\":\"ImageObject\",\"inLanguage\":\"pt-BR\",\"@id\":\"https:\\\/\\\/diariodepe.com.br\\\/cri\\\/2026\\\/02\\\/24\\\/divulgado-video-promocional-da-gala-do-festival-da-primavera-na-recepcao-de-ano-novo-chines-em-sao-paulo\\\/#primaryimage\",\"url\":\"https:\\\/\\\/38picres.cgtn.com\\\/photoAlbum\\\/page\\\/performance\\\/img\\\/2026\\\/2\\\/9\\\/1770627627515_492.png\",\"contentUrl\":\"https:\\\/\\\/38picres.cgtn.com\\\/photoAlbum\\\/page\\\/performance\\\/img\\\/2026\\\/2\\\/9\\\/1770627627515_492.png\"},{\"@type\":\"BreadcrumbList\",\"@id\":\"https:\\\/\\\/diariodepe.com.br\\\/cri\\\/2026\\\/02\\\/24\\\/divulgado-video-promocional-da-gala-do-festival-da-primavera-na-recepcao-de-ano-novo-chines-em-sao-paulo\\\/#breadcrumb\",\"itemListElement\":[{\"@type\":\"ListItem\",\"position\":1,\"name\":\"In\u00edcio\",\"item\":\"https:\\\/\\\/diariodepe.com.br\\\/cri\\\/\"},{\"@type\":\"ListItem\",\"position\":2,\"name\":\"Divulgado v\u00eddeo promocional da Gala do Festival da Primavera na recep\u00e7\u00e3o de Ano Novo Chin\u00eas em S\u00e3o Paulo\"}]},{\"@type\":\"WebSite\",\"@id\":\"https:\\\/\\\/diariodepe.com.br\\\/cri\\\/#website\",\"url\":\"https:\\\/\\\/diariodepe.com.br\\\/cri\\\/\",\"name\":\"CRI e Diario de Pernambuco\",\"description\":\"R\u00e1dio Internacional da China\",\"publisher\":{\"@id\":\"https:\\\/\\\/diariodepe.com.br\\\/cri\\\/#organization\"},\"potentialAction\":[{\"@type\":\"SearchAction\",\"target\":{\"@type\":\"EntryPoint\",\"urlTemplate\":\"https:\\\/\\\/diariodepe.com.br\\\/cri\\\/?s={search_term_string}\"},\"query-input\":{\"@type\":\"PropertyValueSpecification\",\"valueRequired\":true,\"valueName\":\"search_term_string\"}}],\"inLanguage\":\"pt-BR\"},{\"@type\":\"Organization\",\"@id\":\"https:\\\/\\\/diariodepe.com.br\\\/cri\\\/#organization\",\"name\":\"CRI e Diario de Pernambuco\",\"url\":\"https:\\\/\\\/diariodepe.com.br\\\/cri\\\/\",\"logo\":{\"@type\":\"ImageObject\",\"inLanguage\":\"pt-BR\",\"@id\":\"https:\\\/\\\/diariodepe.com.br\\\/cri\\\/#\\\/schema\\\/logo\\\/image\\\/\",\"url\":\"https:\\\/\\\/diariodepe.com.br\\\/cri\\\/wp-content\\\/uploads\\\/sites\\\/2\\\/2022\\\/12\\\/cropped-Logo.jpg\",\"contentUrl\":\"https:\\\/\\\/diariodepe.com.br\\\/cri\\\/wp-content\\\/uploads\\\/sites\\\/2\\\/2022\\\/12\\\/cropped-Logo.jpg\",\"width\":700,\"height\":59,\"caption\":\"CRI e Diario de Pernambuco\"},\"image\":{\"@id\":\"https:\\\/\\\/diariodepe.com.br\\\/cri\\\/#\\\/schema\\\/logo\\\/image\\\/\"}},{\"@type\":\"Person\",\"@id\":\"https:\\\/\\\/diariodepe.com.br\\\/cri\\\/#\\\/schema\\\/person\\\/e474aead631cd4098632e11d3fbce118\",\"name\":\"CRI Portugu\u00eas\",\"image\":{\"@type\":\"ImageObject\",\"inLanguage\":\"pt-BR\",\"@id\":\"https:\\\/\\\/secure.gravatar.com\\\/avatar\\\/e2ac889ef882d4dc53091b610766dce49106cf9fe98c76e06745abb0993b2763?s=96&d=mm&r=g\",\"url\":\"https:\\\/\\\/secure.gravatar.com\\\/avatar\\\/e2ac889ef882d4dc53091b610766dce49106cf9fe98c76e06745abb0993b2763?s=96&d=mm&r=g\",\"contentUrl\":\"https:\\\/\\\/secure.gravatar.com\\\/avatar\\\/e2ac889ef882d4dc53091b610766dce49106cf9fe98c76e06745abb0993b2763?s=96&d=mm&r=g\",\"caption\":\"CRI Portugu\u00eas\"},\"sameAs\":[\"https:\\\/\\\/www.diariodepernambuco.com.br\\\/\"],\"url\":\"https:\\\/\\\/diariodepe.com.br\\\/cri\\\/author\\\/agencia-cri\\\/\"}]}<\/script>\n<!-- \/ Yoast SEO plugin. -->","yoast_head_json":{"title":"Divulgado v\u00eddeo promocional da Gala do Festival da Primavera na recep\u00e7\u00e3o de Ano Novo Chin\u00eas em S\u00e3o Paulo - CRI e Diario de Pernambuco","robots":{"index":"index","follow":"follow","max-snippet":"max-snippet:-1","max-image-preview":"max-image-preview:large","max-video-preview":"max-video-preview:-1"},"canonical":"https:\/\/diariodepe.com.br\/cri\/2026\/02\/24\/divulgado-video-promocional-da-gala-do-festival-da-primavera-na-recepcao-de-ano-novo-chines-em-sao-paulo\/","og_locale":"pt_BR","og_type":"article","og_title":"Divulgado v\u00eddeo promocional da Gala do Festival da Primavera na recep\u00e7\u00e3o de Ano Novo Chin\u00eas em S\u00e3o Paulo - CRI e Diario de Pernambuco","og_description":"Na noite da\u00a0\u00faltima quinta-feira\u00a0(5), o Consulado\u00a0Geral\u00a0da China em S\u00e3o Paulo realizou uma recep\u00e7\u00e3o de Ano Novo Chin\u00eas de 2026.\u00a0O\u00a0C\u00f4nsul-Geral da China em S\u00e3o Paulo, Yu Peng,\u00a0compareceu ao evento. Yu Peng enviou seus votos de Ano Novo Chin\u00eas aos convidados\u00a0presentes. Ele...","og_url":"https:\/\/diariodepe.com.br\/cri\/2026\/02\/24\/divulgado-video-promocional-da-gala-do-festival-da-primavera-na-recepcao-de-ano-novo-chines-em-sao-paulo\/","og_site_name":"CRI e Diario de Pernambuco","article_published_time":"2026-02-24T07:40:47+00:00","og_image":[{"url":"https:\/\/38picres.cgtn.com\/photoAlbum\/page\/performance\/img\/2026\/2\/9\/1770627627515_492.png","type":"","width":"","height":""}],"author":"CRI Portugu\u00eas","twitter_card":"summary_large_image","twitter_misc":{"Escrito por":"CRI Portugu\u00eas"},"schema":{"@context":"https:\/\/schema.org","@graph":[{"@type":"Article","@id":"https:\/\/diariodepe.com.br\/cri\/2026\/02\/24\/divulgado-video-promocional-da-gala-do-festival-da-primavera-na-recepcao-de-ano-novo-chines-em-sao-paulo\/#article","isPartOf":{"@id":"https:\/\/diariodepe.com.br\/cri\/2026\/02\/24\/divulgado-video-promocional-da-gala-do-festival-da-primavera-na-recepcao-de-ano-novo-chines-em-sao-paulo\/"},"author":{"name":"CRI Portugu\u00eas","@id":"https:\/\/diariodepe.com.br\/cri\/#\/schema\/person\/e474aead631cd4098632e11d3fbce118"},"headline":"Divulgado v\u00eddeo promocional da Gala do Festival da Primavera na recep\u00e7\u00e3o de Ano Novo Chin\u00eas em S\u00e3o Paulo","datePublished":"2026-02-24T07:40:47+00:00","mainEntityOfPage":{"@id":"https:\/\/diariodepe.com.br\/cri\/2026\/02\/24\/divulgado-video-promocional-da-gala-do-festival-da-primavera-na-recepcao-de-ano-novo-chines-em-sao-paulo\/"},"wordCount":210,"commentCount":0,"publisher":{"@id":"https:\/\/diariodepe.com.br\/cri\/#organization"},"image":{"@id":"https:\/\/diariodepe.com.br\/cri\/2026\/02\/24\/divulgado-video-promocional-da-gala-do-festival-da-primavera-na-recepcao-de-ano-novo-chines-em-sao-paulo\/#primaryimage"},"thumbnailUrl":"https:\/\/38picres.cgtn.com\/photoAlbum\/page\/performance\/img\/2026\/2\/9\/1770627627515_492.png","articleSection":["China"],"inLanguage":"pt-BR","potentialAction":[{"@type":"CommentAction","name":"Comment","target":["https:\/\/diariodepe.com.br\/cri\/2026\/02\/24\/divulgado-video-promocional-da-gala-do-festival-da-primavera-na-recepcao-de-ano-novo-chines-em-sao-paulo\/#respond"]}]},{"@type":"WebPage","@id":"https:\/\/diariodepe.com.br\/cri\/2026\/02\/24\/divulgado-video-promocional-da-gala-do-festival-da-primavera-na-recepcao-de-ano-novo-chines-em-sao-paulo\/","url":"https:\/\/diariodepe.com.br\/cri\/2026\/02\/24\/divulgado-video-promocional-da-gala-do-festival-da-primavera-na-recepcao-de-ano-novo-chines-em-sao-paulo\/","name":"Divulgado v\u00eddeo promocional da Gala do Festival da Primavera na recep\u00e7\u00e3o de Ano Novo Chin\u00eas em S\u00e3o Paulo - CRI e Diario de Pernambuco","isPartOf":{"@id":"https:\/\/diariodepe.com.br\/cri\/#website"},"primaryImageOfPage":{"@id":"https:\/\/diariodepe.com.br\/cri\/2026\/02\/24\/divulgado-video-promocional-da-gala-do-festival-da-primavera-na-recepcao-de-ano-novo-chines-em-sao-paulo\/#primaryimage"},"image":{"@id":"https:\/\/diariodepe.com.br\/cri\/2026\/02\/24\/divulgado-video-promocional-da-gala-do-festival-da-primavera-na-recepcao-de-ano-novo-chines-em-sao-paulo\/#primaryimage"},"thumbnailUrl":"https:\/\/38picres.cgtn.com\/photoAlbum\/page\/performance\/img\/2026\/2\/9\/1770627627515_492.png","datePublished":"2026-02-24T07:40:47+00:00","breadcrumb":{"@id":"https:\/\/diariodepe.com.br\/cri\/2026\/02\/24\/divulgado-video-promocional-da-gala-do-festival-da-primavera-na-recepcao-de-ano-novo-chines-em-sao-paulo\/#breadcrumb"},"inLanguage":"pt-BR","potentialAction":[{"@type":"ReadAction","target":["https:\/\/diariodepe.com.br\/cri\/2026\/02\/24\/divulgado-video-promocional-da-gala-do-festival-da-primavera-na-recepcao-de-ano-novo-chines-em-sao-paulo\/"]}]},{"@type":"ImageObject","inLanguage":"pt-BR","@id":"https:\/\/diariodepe.com.br\/cri\/2026\/02\/24\/divulgado-video-promocional-da-gala-do-festival-da-primavera-na-recepcao-de-ano-novo-chines-em-sao-paulo\/#primaryimage","url":"https:\/\/38picres.cgtn.com\/photoAlbum\/page\/performance\/img\/2026\/2\/9\/1770627627515_492.png","contentUrl":"https:\/\/38picres.cgtn.com\/photoAlbum\/page\/performance\/img\/2026\/2\/9\/1770627627515_492.png"},{"@type":"BreadcrumbList","@id":"https:\/\/diariodepe.com.br\/cri\/2026\/02\/24\/divulgado-video-promocional-da-gala-do-festival-da-primavera-na-recepcao-de-ano-novo-chines-em-sao-paulo\/#breadcrumb","itemListElement":[{"@type":"ListItem","position":1,"name":"In\u00edcio","item":"https:\/\/diariodepe.com.br\/cri\/"},{"@type":"ListItem","position":2,"name":"Divulgado v\u00eddeo promocional da Gala do Festival da Primavera na recep\u00e7\u00e3o de Ano Novo Chin\u00eas em S\u00e3o Paulo"}]},{"@type":"WebSite","@id":"https:\/\/diariodepe.com.br\/cri\/#website","url":"https:\/\/diariodepe.com.br\/cri\/","name":"CRI e Diario de Pernambuco","description":"R\u00e1dio Internacional da China","publisher":{"@id":"https:\/\/diariodepe.com.br\/cri\/#organization"},"potentialAction":[{"@type":"SearchAction","target":{"@type":"EntryPoint","urlTemplate":"https:\/\/diariodepe.com.br\/cri\/?s={search_term_string}"},"query-input":{"@type":"PropertyValueSpecification","valueRequired":true,"valueName":"search_term_string"}}],"inLanguage":"pt-BR"},{"@type":"Organization","@id":"https:\/\/diariodepe.com.br\/cri\/#organization","name":"CRI e Diario de Pernambuco","url":"https:\/\/diariodepe.com.br\/cri\/","logo":{"@type":"ImageObject","inLanguage":"pt-BR","@id":"https:\/\/diariodepe.com.br\/cri\/#\/schema\/logo\/image\/","url":"https:\/\/diariodepe.com.br\/cri\/wp-content\/uploads\/sites\/2\/2022\/12\/cropped-Logo.jpg","contentUrl":"https:\/\/diariodepe.com.br\/cri\/wp-content\/uploads\/sites\/2\/2022\/12\/cropped-Logo.jpg","width":700,"height":59,"caption":"CRI e Diario de Pernambuco"},"image":{"@id":"https:\/\/diariodepe.com.br\/cri\/#\/schema\/logo\/image\/"}},{"@type":"Person","@id":"https:\/\/diariodepe.com.br\/cri\/#\/schema\/person\/e474aead631cd4098632e11d3fbce118","name":"CRI Portugu\u00eas","image":{"@type":"ImageObject","inLanguage":"pt-BR","@id":"https:\/\/secure.gravatar.com\/avatar\/e2ac889ef882d4dc53091b610766dce49106cf9fe98c76e06745abb0993b2763?s=96&d=mm&r=g","url":"https:\/\/secure.gravatar.com\/avatar\/e2ac889ef882d4dc53091b610766dce49106cf9fe98c76e06745abb0993b2763?s=96&d=mm&r=g","contentUrl":"https:\/\/secure.gravatar.com\/avatar\/e2ac889ef882d4dc53091b610766dce49106cf9fe98c76e06745abb0993b2763?s=96&d=mm&r=g","caption":"CRI Portugu\u00eas"},"sameAs":["https:\/\/www.diariodepernambuco.com.br\/"],"url":"https:\/\/diariodepe.com.br\/cri\/author\/agencia-cri\/"}]}},"cc_featured_image_caption":{"caption_text":"","source_text":"","source_url":""},"amp_enabled":true,"_links":{"self":[{"href":"https:\/\/diariodepe.com.br\/cri\/wp-json\/wp\/v2\/posts\/10683","targetHints":{"allow":["GET"]}}],"collection":[{"href":"https:\/\/diariodepe.com.br\/cri\/wp-json\/wp\/v2\/posts"}],"about":[{"href":"https:\/\/diariodepe.com.br\/cri\/wp-json\/wp\/v2\/types\/post"}],"author":[{"embeddable":true,"href":"https:\/\/diariodepe.com.br\/cri\/wp-json\/wp\/v2\/users\/5"}],"replies":[{"embeddable":true,"href":"https:\/\/diariodepe.com.br\/cri\/wp-json\/wp\/v2\/comments?post=10683"}],"version-history":[{"count":1,"href":"https:\/\/diariodepe.com.br\/cri\/wp-json\/wp\/v2\/posts\/10683\/revisions"}],"predecessor-version":[{"id":10684,"href":"https:\/\/diariodepe.com.br\/cri\/wp-json\/wp\/v2\/posts\/10683\/revisions\/10684"}],"wp:attachment":[{"href":"https:\/\/diariodepe.com.br\/cri\/wp-json\/wp\/v2\/media?parent=10683"}],"wp:term":[{"taxonomy":"category","embeddable":true,"href":"https:\/\/diariodepe.com.br\/cri\/wp-json\/wp\/v2\/categories?post=10683"},{"taxonomy":"post_tag","embeddable":true,"href":"https:\/\/diariodepe.com.br\/cri\/wp-json\/wp\/v2\/tags?post=10683"}],"curies":[{"name":"wp","href":"https:\/\/api.w.org\/{rel}","templated":true}]}}