{"id":10681,"date":"2026-02-24T04:39:53","date_gmt":"2026-02-24T07:39:53","guid":{"rendered":"https:\/\/diariodepe.com.br\/cri\/?p=10681"},"modified":"2026-02-24T04:39:53","modified_gmt":"2026-02-24T07:39:53","slug":"gala-do-festival-da-primavera-do-cmg-2026-conclui-quarto-ensaio","status":"publish","type":"post","link":"https:\/\/diariodepe.com.br\/cri\/2026\/02\/24\/gala-do-festival-da-primavera-do-cmg-2026-conclui-quarto-ensaio\/","title":{"rendered":"Gala do Festival da Primavera do CMG 2026 conclui quarto ensaio"},"content":{"rendered":"<p><img decoding=\"async\" src=\"https:\/\/38picres.cgtn.com\/photoAlbum\/page\/performance\/img\/2026\/2\/8\/1770557568826_415.jpg\" \/><\/p>\n<p>A Gala do Festival da Primavera 2026, produzida pelo Grupo de M\u00eddia da China (CMG, na sigla em ingl\u00eas),\u00a0concluiu neste domingo (8) o quarto ensaio.<\/p>\n<p>Ap\u00f3s repetidas\u00a0sess\u00f5es preparat\u00f3rias, os diversos programas\u00a0foram\u00a0aprimorados, as performances dos atores ficavam mais vibrantes e as transi\u00e7\u00f5es entre os segmentos\u00a0se\u00a0tornaram mais fluidas.<\/p>\n<p><img decoding=\"async\" src=\"https:\/\/38picres.cgtn.com\/photoAlbum\/page\/performance\/img\/2026\/2\/8\/1770557569075_948.jpg\" \/>Desde que foi inclu\u00eddo na lista do Patrim\u00f4nio Cultural Imaterial da Unesco, o Festival da Primavera se consolidou como um importante elo cultural entre a China e o mundo, com aproximadamente um quinto da popula\u00e7\u00e3o mundial celebrando o festival de diferentes maneiras.<\/p>\n<p><img decoding=\"async\" src=\"https:\/\/38picres.cgtn.com\/photoAlbum\/page\/performance\/img\/2026\/2\/8\/1770557568973_612.jpg\" \/>Este ano, o evento &#8220;Prel\u00fadio da Gala do Festival da Primavera&#8221;, do CMG, foi realizado sucessivamente nos Estados Unidos, R\u00fassia, Fran\u00e7a, It\u00e1lia e em diversos pa\u00edses africanos. Como uma &#8220;festa cultural de Ano Novo&#8221;, que conecta as emo\u00e7\u00f5es de pessoas ao redor do mundo, a Gala convida amigos chineses e estrangeiros a celebrarem juntos um feliz e auspicioso Ano do Cavalo!<\/p>\n","protected":false},"excerpt":{"rendered":"<p>A Gala do Festival da Primavera 2026, produzida pelo Grupo de M\u00eddia da China (CMG, na sigla em ingl\u00eas),\u00a0concluiu neste domingo (8) o quarto ensaio. Ap\u00f3s repetidas\u00a0sess\u00f5es preparat\u00f3rias, os diversos programas\u00a0foram\u00a0aprimorados, as performances dos atores ficavam mais vibrantes e as&#8230;<\/p>\n","protected":false},"author":5,"featured_media":0,"comment_status":"open","ping_status":"open","sticky":false,"template":"","format":"standard","meta":{"footnotes":""},"categories":[3],"tags":[],"class_list":["post-10681","post","type-post","status-publish","format-standard","hentry","category-china"],"yoast_head":"<!-- This site is optimized with the Yoast SEO plugin v27.4 - https:\/\/yoast.com\/product\/yoast-seo-wordpress\/ -->\n<title>Gala do Festival da Primavera do CMG 2026 conclui quarto ensaio - CRI e Diario de Pernambuco<\/title>\n<meta name=\"robots\" content=\"index, follow, max-snippet:-1, max-image-preview:large, max-video-preview:-1\" \/>\n<link rel=\"canonical\" href=\"https:\/\/diariodepe.com.br\/cri\/2026\/02\/24\/gala-do-festival-da-primavera-do-cmg-2026-conclui-quarto-ensaio\/\" \/>\n<meta property=\"og:locale\" content=\"pt_BR\" \/>\n<meta property=\"og:type\" content=\"article\" \/>\n<meta property=\"og:title\" content=\"Gala do Festival da Primavera do CMG 2026 conclui quarto ensaio - CRI e Diario de Pernambuco\" \/>\n<meta property=\"og:description\" content=\"A Gala do Festival da Primavera 2026, produzida pelo Grupo de M\u00eddia da China (CMG, na sigla em ingl\u00eas),\u00a0concluiu neste domingo (8) o quarto ensaio. Ap\u00f3s repetidas\u00a0sess\u00f5es preparat\u00f3rias, os diversos programas\u00a0foram\u00a0aprimorados, as performances dos atores ficavam mais vibrantes e as...\" \/>\n<meta property=\"og:url\" content=\"https:\/\/diariodepe.com.br\/cri\/2026\/02\/24\/gala-do-festival-da-primavera-do-cmg-2026-conclui-quarto-ensaio\/\" \/>\n<meta property=\"og:site_name\" content=\"CRI e Diario de Pernambuco\" \/>\n<meta property=\"article:published_time\" content=\"2026-02-24T07:39:53+00:00\" \/>\n<meta property=\"og:image\" content=\"https:\/\/38picres.cgtn.com\/photoAlbum\/page\/performance\/img\/2026\/2\/8\/1770557568826_415.jpg\" \/>\n<meta name=\"author\" content=\"CRI Portugu\u00eas\" \/>\n<meta name=\"twitter:card\" content=\"summary_large_image\" \/>\n<meta name=\"twitter:label1\" content=\"Escrito por\" \/>\n\t<meta name=\"twitter:data1\" content=\"CRI Portugu\u00eas\" \/>\n<script type=\"application\/ld+json\" class=\"yoast-schema-graph\">{\"@context\":\"https:\\\/\\\/schema.org\",\"@graph\":[{\"@type\":\"Article\",\"@id\":\"https:\\\/\\\/diariodepe.com.br\\\/cri\\\/2026\\\/02\\\/24\\\/gala-do-festival-da-primavera-do-cmg-2026-conclui-quarto-ensaio\\\/#article\",\"isPartOf\":{\"@id\":\"https:\\\/\\\/diariodepe.com.br\\\/cri\\\/2026\\\/02\\\/24\\\/gala-do-festival-da-primavera-do-cmg-2026-conclui-quarto-ensaio\\\/\"},\"author\":{\"name\":\"CRI Portugu\u00eas\",\"@id\":\"https:\\\/\\\/diariodepe.com.br\\\/cri\\\/#\\\/schema\\\/person\\\/e474aead631cd4098632e11d3fbce118\"},\"headline\":\"Gala do Festival da Primavera do CMG 2026 conclui quarto ensaio\",\"datePublished\":\"2026-02-24T07:39:53+00:00\",\"mainEntityOfPage\":{\"@id\":\"https:\\\/\\\/diariodepe.com.br\\\/cri\\\/2026\\\/02\\\/24\\\/gala-do-festival-da-primavera-do-cmg-2026-conclui-quarto-ensaio\\\/\"},\"wordCount\":178,\"commentCount\":0,\"publisher\":{\"@id\":\"https:\\\/\\\/diariodepe.com.br\\\/cri\\\/#organization\"},\"image\":{\"@id\":\"https:\\\/\\\/diariodepe.com.br\\\/cri\\\/2026\\\/02\\\/24\\\/gala-do-festival-da-primavera-do-cmg-2026-conclui-quarto-ensaio\\\/#primaryimage\"},\"thumbnailUrl\":\"https:\\\/\\\/38picres.cgtn.com\\\/photoAlbum\\\/page\\\/performance\\\/img\\\/2026\\\/2\\\/8\\\/1770557568826_415.jpg\",\"articleSection\":[\"China\"],\"inLanguage\":\"pt-BR\",\"potentialAction\":[{\"@type\":\"CommentAction\",\"name\":\"Comment\",\"target\":[\"https:\\\/\\\/diariodepe.com.br\\\/cri\\\/2026\\\/02\\\/24\\\/gala-do-festival-da-primavera-do-cmg-2026-conclui-quarto-ensaio\\\/#respond\"]}]},{\"@type\":\"WebPage\",\"@id\":\"https:\\\/\\\/diariodepe.com.br\\\/cri\\\/2026\\\/02\\\/24\\\/gala-do-festival-da-primavera-do-cmg-2026-conclui-quarto-ensaio\\\/\",\"url\":\"https:\\\/\\\/diariodepe.com.br\\\/cri\\\/2026\\\/02\\\/24\\\/gala-do-festival-da-primavera-do-cmg-2026-conclui-quarto-ensaio\\\/\",\"name\":\"Gala do Festival da Primavera do CMG 2026 conclui quarto ensaio - CRI e Diario de Pernambuco\",\"isPartOf\":{\"@id\":\"https:\\\/\\\/diariodepe.com.br\\\/cri\\\/#website\"},\"primaryImageOfPage\":{\"@id\":\"https:\\\/\\\/diariodepe.com.br\\\/cri\\\/2026\\\/02\\\/24\\\/gala-do-festival-da-primavera-do-cmg-2026-conclui-quarto-ensaio\\\/#primaryimage\"},\"image\":{\"@id\":\"https:\\\/\\\/diariodepe.com.br\\\/cri\\\/2026\\\/02\\\/24\\\/gala-do-festival-da-primavera-do-cmg-2026-conclui-quarto-ensaio\\\/#primaryimage\"},\"thumbnailUrl\":\"https:\\\/\\\/38picres.cgtn.com\\\/photoAlbum\\\/page\\\/performance\\\/img\\\/2026\\\/2\\\/8\\\/1770557568826_415.jpg\",\"datePublished\":\"2026-02-24T07:39:53+00:00\",\"breadcrumb\":{\"@id\":\"https:\\\/\\\/diariodepe.com.br\\\/cri\\\/2026\\\/02\\\/24\\\/gala-do-festival-da-primavera-do-cmg-2026-conclui-quarto-ensaio\\\/#breadcrumb\"},\"inLanguage\":\"pt-BR\",\"potentialAction\":[{\"@type\":\"ReadAction\",\"target\":[\"https:\\\/\\\/diariodepe.com.br\\\/cri\\\/2026\\\/02\\\/24\\\/gala-do-festival-da-primavera-do-cmg-2026-conclui-quarto-ensaio\\\/\"]}]},{\"@type\":\"ImageObject\",\"inLanguage\":\"pt-BR\",\"@id\":\"https:\\\/\\\/diariodepe.com.br\\\/cri\\\/2026\\\/02\\\/24\\\/gala-do-festival-da-primavera-do-cmg-2026-conclui-quarto-ensaio\\\/#primaryimage\",\"url\":\"https:\\\/\\\/38picres.cgtn.com\\\/photoAlbum\\\/page\\\/performance\\\/img\\\/2026\\\/2\\\/8\\\/1770557568826_415.jpg\",\"contentUrl\":\"https:\\\/\\\/38picres.cgtn.com\\\/photoAlbum\\\/page\\\/performance\\\/img\\\/2026\\\/2\\\/8\\\/1770557568826_415.jpg\"},{\"@type\":\"BreadcrumbList\",\"@id\":\"https:\\\/\\\/diariodepe.com.br\\\/cri\\\/2026\\\/02\\\/24\\\/gala-do-festival-da-primavera-do-cmg-2026-conclui-quarto-ensaio\\\/#breadcrumb\",\"itemListElement\":[{\"@type\":\"ListItem\",\"position\":1,\"name\":\"In\u00edcio\",\"item\":\"https:\\\/\\\/diariodepe.com.br\\\/cri\\\/\"},{\"@type\":\"ListItem\",\"position\":2,\"name\":\"Gala do Festival da Primavera do CMG 2026 conclui quarto ensaio\"}]},{\"@type\":\"WebSite\",\"@id\":\"https:\\\/\\\/diariodepe.com.br\\\/cri\\\/#website\",\"url\":\"https:\\\/\\\/diariodepe.com.br\\\/cri\\\/\",\"name\":\"CRI e Diario de Pernambuco\",\"description\":\"R\u00e1dio Internacional da China\",\"publisher\":{\"@id\":\"https:\\\/\\\/diariodepe.com.br\\\/cri\\\/#organization\"},\"potentialAction\":[{\"@type\":\"SearchAction\",\"target\":{\"@type\":\"EntryPoint\",\"urlTemplate\":\"https:\\\/\\\/diariodepe.com.br\\\/cri\\\/?s={search_term_string}\"},\"query-input\":{\"@type\":\"PropertyValueSpecification\",\"valueRequired\":true,\"valueName\":\"search_term_string\"}}],\"inLanguage\":\"pt-BR\"},{\"@type\":\"Organization\",\"@id\":\"https:\\\/\\\/diariodepe.com.br\\\/cri\\\/#organization\",\"name\":\"CRI e Diario de Pernambuco\",\"url\":\"https:\\\/\\\/diariodepe.com.br\\\/cri\\\/\",\"logo\":{\"@type\":\"ImageObject\",\"inLanguage\":\"pt-BR\",\"@id\":\"https:\\\/\\\/diariodepe.com.br\\\/cri\\\/#\\\/schema\\\/logo\\\/image\\\/\",\"url\":\"https:\\\/\\\/diariodepe.com.br\\\/cri\\\/wp-content\\\/uploads\\\/sites\\\/2\\\/2022\\\/12\\\/cropped-Logo.jpg\",\"contentUrl\":\"https:\\\/\\\/diariodepe.com.br\\\/cri\\\/wp-content\\\/uploads\\\/sites\\\/2\\\/2022\\\/12\\\/cropped-Logo.jpg\",\"width\":700,\"height\":59,\"caption\":\"CRI e Diario de Pernambuco\"},\"image\":{\"@id\":\"https:\\\/\\\/diariodepe.com.br\\\/cri\\\/#\\\/schema\\\/logo\\\/image\\\/\"}},{\"@type\":\"Person\",\"@id\":\"https:\\\/\\\/diariodepe.com.br\\\/cri\\\/#\\\/schema\\\/person\\\/e474aead631cd4098632e11d3fbce118\",\"name\":\"CRI Portugu\u00eas\",\"image\":{\"@type\":\"ImageObject\",\"inLanguage\":\"pt-BR\",\"@id\":\"https:\\\/\\\/secure.gravatar.com\\\/avatar\\\/e2ac889ef882d4dc53091b610766dce49106cf9fe98c76e06745abb0993b2763?s=96&d=mm&r=g\",\"url\":\"https:\\\/\\\/secure.gravatar.com\\\/avatar\\\/e2ac889ef882d4dc53091b610766dce49106cf9fe98c76e06745abb0993b2763?s=96&d=mm&r=g\",\"contentUrl\":\"https:\\\/\\\/secure.gravatar.com\\\/avatar\\\/e2ac889ef882d4dc53091b610766dce49106cf9fe98c76e06745abb0993b2763?s=96&d=mm&r=g\",\"caption\":\"CRI Portugu\u00eas\"},\"sameAs\":[\"https:\\\/\\\/www.diariodepernambuco.com.br\\\/\"],\"url\":\"https:\\\/\\\/diariodepe.com.br\\\/cri\\\/author\\\/agencia-cri\\\/\"}]}<\/script>\n<!-- \/ Yoast SEO plugin. -->","yoast_head_json":{"title":"Gala do Festival da Primavera do CMG 2026 conclui quarto ensaio - CRI e Diario de Pernambuco","robots":{"index":"index","follow":"follow","max-snippet":"max-snippet:-1","max-image-preview":"max-image-preview:large","max-video-preview":"max-video-preview:-1"},"canonical":"https:\/\/diariodepe.com.br\/cri\/2026\/02\/24\/gala-do-festival-da-primavera-do-cmg-2026-conclui-quarto-ensaio\/","og_locale":"pt_BR","og_type":"article","og_title":"Gala do Festival da Primavera do CMG 2026 conclui quarto ensaio - CRI e Diario de Pernambuco","og_description":"A Gala do Festival da Primavera 2026, produzida pelo Grupo de M\u00eddia da China (CMG, na sigla em ingl\u00eas),\u00a0concluiu neste domingo (8) o quarto ensaio. Ap\u00f3s repetidas\u00a0sess\u00f5es preparat\u00f3rias, os diversos programas\u00a0foram\u00a0aprimorados, as performances dos atores ficavam mais vibrantes e as...","og_url":"https:\/\/diariodepe.com.br\/cri\/2026\/02\/24\/gala-do-festival-da-primavera-do-cmg-2026-conclui-quarto-ensaio\/","og_site_name":"CRI e Diario de Pernambuco","article_published_time":"2026-02-24T07:39:53+00:00","og_image":[{"url":"https:\/\/38picres.cgtn.com\/photoAlbum\/page\/performance\/img\/2026\/2\/8\/1770557568826_415.jpg","type":"","width":"","height":""}],"author":"CRI Portugu\u00eas","twitter_card":"summary_large_image","twitter_misc":{"Escrito por":"CRI Portugu\u00eas"},"schema":{"@context":"https:\/\/schema.org","@graph":[{"@type":"Article","@id":"https:\/\/diariodepe.com.br\/cri\/2026\/02\/24\/gala-do-festival-da-primavera-do-cmg-2026-conclui-quarto-ensaio\/#article","isPartOf":{"@id":"https:\/\/diariodepe.com.br\/cri\/2026\/02\/24\/gala-do-festival-da-primavera-do-cmg-2026-conclui-quarto-ensaio\/"},"author":{"name":"CRI Portugu\u00eas","@id":"https:\/\/diariodepe.com.br\/cri\/#\/schema\/person\/e474aead631cd4098632e11d3fbce118"},"headline":"Gala do Festival da Primavera do CMG 2026 conclui quarto ensaio","datePublished":"2026-02-24T07:39:53+00:00","mainEntityOfPage":{"@id":"https:\/\/diariodepe.com.br\/cri\/2026\/02\/24\/gala-do-festival-da-primavera-do-cmg-2026-conclui-quarto-ensaio\/"},"wordCount":178,"commentCount":0,"publisher":{"@id":"https:\/\/diariodepe.com.br\/cri\/#organization"},"image":{"@id":"https:\/\/diariodepe.com.br\/cri\/2026\/02\/24\/gala-do-festival-da-primavera-do-cmg-2026-conclui-quarto-ensaio\/#primaryimage"},"thumbnailUrl":"https:\/\/38picres.cgtn.com\/photoAlbum\/page\/performance\/img\/2026\/2\/8\/1770557568826_415.jpg","articleSection":["China"],"inLanguage":"pt-BR","potentialAction":[{"@type":"CommentAction","name":"Comment","target":["https:\/\/diariodepe.com.br\/cri\/2026\/02\/24\/gala-do-festival-da-primavera-do-cmg-2026-conclui-quarto-ensaio\/#respond"]}]},{"@type":"WebPage","@id":"https:\/\/diariodepe.com.br\/cri\/2026\/02\/24\/gala-do-festival-da-primavera-do-cmg-2026-conclui-quarto-ensaio\/","url":"https:\/\/diariodepe.com.br\/cri\/2026\/02\/24\/gala-do-festival-da-primavera-do-cmg-2026-conclui-quarto-ensaio\/","name":"Gala do Festival da Primavera do CMG 2026 conclui quarto ensaio - CRI e Diario de Pernambuco","isPartOf":{"@id":"https:\/\/diariodepe.com.br\/cri\/#website"},"primaryImageOfPage":{"@id":"https:\/\/diariodepe.com.br\/cri\/2026\/02\/24\/gala-do-festival-da-primavera-do-cmg-2026-conclui-quarto-ensaio\/#primaryimage"},"image":{"@id":"https:\/\/diariodepe.com.br\/cri\/2026\/02\/24\/gala-do-festival-da-primavera-do-cmg-2026-conclui-quarto-ensaio\/#primaryimage"},"thumbnailUrl":"https:\/\/38picres.cgtn.com\/photoAlbum\/page\/performance\/img\/2026\/2\/8\/1770557568826_415.jpg","datePublished":"2026-02-24T07:39:53+00:00","breadcrumb":{"@id":"https:\/\/diariodepe.com.br\/cri\/2026\/02\/24\/gala-do-festival-da-primavera-do-cmg-2026-conclui-quarto-ensaio\/#breadcrumb"},"inLanguage":"pt-BR","potentialAction":[{"@type":"ReadAction","target":["https:\/\/diariodepe.com.br\/cri\/2026\/02\/24\/gala-do-festival-da-primavera-do-cmg-2026-conclui-quarto-ensaio\/"]}]},{"@type":"ImageObject","inLanguage":"pt-BR","@id":"https:\/\/diariodepe.com.br\/cri\/2026\/02\/24\/gala-do-festival-da-primavera-do-cmg-2026-conclui-quarto-ensaio\/#primaryimage","url":"https:\/\/38picres.cgtn.com\/photoAlbum\/page\/performance\/img\/2026\/2\/8\/1770557568826_415.jpg","contentUrl":"https:\/\/38picres.cgtn.com\/photoAlbum\/page\/performance\/img\/2026\/2\/8\/1770557568826_415.jpg"},{"@type":"BreadcrumbList","@id":"https:\/\/diariodepe.com.br\/cri\/2026\/02\/24\/gala-do-festival-da-primavera-do-cmg-2026-conclui-quarto-ensaio\/#breadcrumb","itemListElement":[{"@type":"ListItem","position":1,"name":"In\u00edcio","item":"https:\/\/diariodepe.com.br\/cri\/"},{"@type":"ListItem","position":2,"name":"Gala do Festival da Primavera do CMG 2026 conclui quarto ensaio"}]},{"@type":"WebSite","@id":"https:\/\/diariodepe.com.br\/cri\/#website","url":"https:\/\/diariodepe.com.br\/cri\/","name":"CRI e Diario de Pernambuco","description":"R\u00e1dio Internacional da China","publisher":{"@id":"https:\/\/diariodepe.com.br\/cri\/#organization"},"potentialAction":[{"@type":"SearchAction","target":{"@type":"EntryPoint","urlTemplate":"https:\/\/diariodepe.com.br\/cri\/?s={search_term_string}"},"query-input":{"@type":"PropertyValueSpecification","valueRequired":true,"valueName":"search_term_string"}}],"inLanguage":"pt-BR"},{"@type":"Organization","@id":"https:\/\/diariodepe.com.br\/cri\/#organization","name":"CRI e Diario de Pernambuco","url":"https:\/\/diariodepe.com.br\/cri\/","logo":{"@type":"ImageObject","inLanguage":"pt-BR","@id":"https:\/\/diariodepe.com.br\/cri\/#\/schema\/logo\/image\/","url":"https:\/\/diariodepe.com.br\/cri\/wp-content\/uploads\/sites\/2\/2022\/12\/cropped-Logo.jpg","contentUrl":"https:\/\/diariodepe.com.br\/cri\/wp-content\/uploads\/sites\/2\/2022\/12\/cropped-Logo.jpg","width":700,"height":59,"caption":"CRI e Diario de Pernambuco"},"image":{"@id":"https:\/\/diariodepe.com.br\/cri\/#\/schema\/logo\/image\/"}},{"@type":"Person","@id":"https:\/\/diariodepe.com.br\/cri\/#\/schema\/person\/e474aead631cd4098632e11d3fbce118","name":"CRI Portugu\u00eas","image":{"@type":"ImageObject","inLanguage":"pt-BR","@id":"https:\/\/secure.gravatar.com\/avatar\/e2ac889ef882d4dc53091b610766dce49106cf9fe98c76e06745abb0993b2763?s=96&d=mm&r=g","url":"https:\/\/secure.gravatar.com\/avatar\/e2ac889ef882d4dc53091b610766dce49106cf9fe98c76e06745abb0993b2763?s=96&d=mm&r=g","contentUrl":"https:\/\/secure.gravatar.com\/avatar\/e2ac889ef882d4dc53091b610766dce49106cf9fe98c76e06745abb0993b2763?s=96&d=mm&r=g","caption":"CRI Portugu\u00eas"},"sameAs":["https:\/\/www.diariodepernambuco.com.br\/"],"url":"https:\/\/diariodepe.com.br\/cri\/author\/agencia-cri\/"}]}},"cc_featured_image_caption":{"caption_text":"","source_text":"","source_url":""},"amp_enabled":true,"_links":{"self":[{"href":"https:\/\/diariodepe.com.br\/cri\/wp-json\/wp\/v2\/posts\/10681","targetHints":{"allow":["GET"]}}],"collection":[{"href":"https:\/\/diariodepe.com.br\/cri\/wp-json\/wp\/v2\/posts"}],"about":[{"href":"https:\/\/diariodepe.com.br\/cri\/wp-json\/wp\/v2\/types\/post"}],"author":[{"embeddable":true,"href":"https:\/\/diariodepe.com.br\/cri\/wp-json\/wp\/v2\/users\/5"}],"replies":[{"embeddable":true,"href":"https:\/\/diariodepe.com.br\/cri\/wp-json\/wp\/v2\/comments?post=10681"}],"version-history":[{"count":1,"href":"https:\/\/diariodepe.com.br\/cri\/wp-json\/wp\/v2\/posts\/10681\/revisions"}],"predecessor-version":[{"id":10682,"href":"https:\/\/diariodepe.com.br\/cri\/wp-json\/wp\/v2\/posts\/10681\/revisions\/10682"}],"wp:attachment":[{"href":"https:\/\/diariodepe.com.br\/cri\/wp-json\/wp\/v2\/media?parent=10681"}],"wp:term":[{"taxonomy":"category","embeddable":true,"href":"https:\/\/diariodepe.com.br\/cri\/wp-json\/wp\/v2\/categories?post=10681"},{"taxonomy":"post_tag","embeddable":true,"href":"https:\/\/diariodepe.com.br\/cri\/wp-json\/wp\/v2\/tags?post=10681"}],"curies":[{"name":"wp","href":"https:\/\/api.w.org\/{rel}","templated":true}]}}