{"id":10675,"date":"2026-02-24T04:38:38","date_gmt":"2026-02-24T07:38:38","guid":{"rendered":"https:\/\/diariodepe.com.br\/cri\/?p=10675"},"modified":"2026-02-24T04:38:38","modified_gmt":"2026-02-24T07:38:38","slug":"xi-jinping-envia-saudacoes-da-festa-da-primavera-a-veteranos-militares-2","status":"publish","type":"post","link":"https:\/\/diariodepe.com.br\/cri\/2026\/02\/24\/xi-jinping-envia-saudacoes-da-festa-da-primavera-a-veteranos-militares-2\/","title":{"rendered":"Xi Jinping envia sauda\u00e7\u00f5es da Festa da Primavera a veteranos militares"},"content":{"rendered":"<p><img decoding=\"async\" src=\"https:\/\/38picres.cgtn.com\/photoAlbum\/page\/performance\/img\/2026\/2\/7\/1770459099593_398.jpg\" \/><\/p>\n<p>O presidente chin\u00eas Xi Jinping enviou sauda\u00e7\u00f5es da Festa da Primavera aos veteranos militares do pa\u00eds.<\/p>\n<p>Xi, tamb\u00e9m secret\u00e1rio-geral do Comit\u00ea Central do Partido Comunista da China e presidente da Comiss\u00e3o Militar Central (CMC), estendeu as sauda\u00e7\u00f5es enquanto participava de uma gala promovida pela CMC para oficiais militares aposentados das tropas sediadas em Beijing na sexta-feira.<\/p>\n<p>Recebido com calorosos aplausos, Xi conversou com os veteranos, perguntando sobre sua sa\u00fade e condi\u00e7\u00f5es de vida. Juntos, revisaram a jornada extraordin\u00e1ria do Partido, do pa\u00eds e das for\u00e7as armadas ao longo do \u00faltimo ano.<\/p>\n<p>Os veteranos prometeram se unir mais estreitamente em torno do Comit\u00ea Central do PCCh com o camarada Xi Jinping em seu n\u00facleo e agir segundo o Pensamento de Xi Jinping sobre o Fortalecimento das For\u00e7as Militares.<\/p>\n<p>Comprometeram-se a compreender profundamente o significado decisivo de estabelecer a posi\u00e7\u00e3o central do camarada Xi Jinping no Comit\u00ea Central do Partido e no Partido como um todo, bem como de estabelecer o papel orientador do Pensamento de Xi Jinping sobre o Socialismo com Caracter\u00edsticas Chinesas para uma Nova Era. Tamb\u00e9m prometeram sustentar conscientemente a posi\u00e7\u00e3o central do camarada Xi Jinping no Comit\u00ea Central do Partido e no Partido como um todo e manter a autoridade do Comit\u00ea Central e sua lideran\u00e7a centralizada e unificada.<\/p>\n<p>Al\u00e9m disso, os veteranos se comprometeram a implementar o sistema de responsabilidade \u00faltima sob o presidente da CMC.<\/p>\n<p>Os veteranos prometeram dar sua contribui\u00e7\u00e3o para alcan\u00e7ar as metas centen\u00e1rias do Ex\u00e9rcito de Liberta\u00e7\u00e3o Popular at\u00e9 2027 e para promover a moderniza\u00e7\u00e3o da defesa nacional e das for\u00e7as armadas em alto padr\u00e3o.<\/p>\n","protected":false},"excerpt":{"rendered":"<p>O presidente chin\u00eas Xi Jinping enviou sauda\u00e7\u00f5es da Festa da Primavera aos veteranos militares do pa\u00eds. Xi, tamb\u00e9m secret\u00e1rio-geral do Comit\u00ea Central do Partido Comunista da China e presidente da Comiss\u00e3o Militar Central (CMC), estendeu as sauda\u00e7\u00f5es enquanto participava de&#8230;<\/p>\n","protected":false},"author":5,"featured_media":0,"comment_status":"open","ping_status":"open","sticky":false,"template":"","format":"standard","meta":{"footnotes":""},"categories":[3],"tags":[],"class_list":["post-10675","post","type-post","status-publish","format-standard","hentry","category-china"],"yoast_head":"<!-- This site is optimized with the Yoast SEO plugin v27.4 - https:\/\/yoast.com\/product\/yoast-seo-wordpress\/ -->\n<title>Xi Jinping envia sauda\u00e7\u00f5es da Festa da Primavera a veteranos militares - CRI e Diario de Pernambuco<\/title>\n<meta name=\"robots\" content=\"index, follow, max-snippet:-1, max-image-preview:large, max-video-preview:-1\" \/>\n<link rel=\"canonical\" href=\"https:\/\/diariodepe.com.br\/cri\/2026\/02\/24\/xi-jinping-envia-saudacoes-da-festa-da-primavera-a-veteranos-militares-2\/\" \/>\n<meta property=\"og:locale\" content=\"pt_BR\" \/>\n<meta property=\"og:type\" content=\"article\" \/>\n<meta property=\"og:title\" content=\"Xi Jinping envia sauda\u00e7\u00f5es da Festa da Primavera a veteranos militares - CRI e Diario de Pernambuco\" \/>\n<meta property=\"og:description\" content=\"O presidente chin\u00eas Xi Jinping enviou sauda\u00e7\u00f5es da Festa da Primavera aos veteranos militares do pa\u00eds. Xi, tamb\u00e9m secret\u00e1rio-geral do Comit\u00ea Central do Partido Comunista da China e presidente da Comiss\u00e3o Militar Central (CMC), estendeu as sauda\u00e7\u00f5es enquanto participava de...\" \/>\n<meta property=\"og:url\" content=\"https:\/\/diariodepe.com.br\/cri\/2026\/02\/24\/xi-jinping-envia-saudacoes-da-festa-da-primavera-a-veteranos-militares-2\/\" \/>\n<meta property=\"og:site_name\" content=\"CRI e Diario de Pernambuco\" \/>\n<meta property=\"article:published_time\" content=\"2026-02-24T07:38:38+00:00\" \/>\n<meta property=\"og:image\" content=\"https:\/\/38picres.cgtn.com\/photoAlbum\/page\/performance\/img\/2026\/2\/7\/1770459099593_398.jpg\" \/>\n<meta name=\"author\" content=\"CRI Portugu\u00eas\" \/>\n<meta name=\"twitter:card\" content=\"summary_large_image\" \/>\n<meta name=\"twitter:label1\" content=\"Escrito por\" \/>\n\t<meta name=\"twitter:data1\" content=\"CRI Portugu\u00eas\" \/>\n\t<meta name=\"twitter:label2\" content=\"Est. tempo de leitura\" \/>\n\t<meta name=\"twitter:data2\" content=\"2 minutos\" \/>\n<script type=\"application\/ld+json\" class=\"yoast-schema-graph\">{\"@context\":\"https:\\\/\\\/schema.org\",\"@graph\":[{\"@type\":\"Article\",\"@id\":\"https:\\\/\\\/diariodepe.com.br\\\/cri\\\/2026\\\/02\\\/24\\\/xi-jinping-envia-saudacoes-da-festa-da-primavera-a-veteranos-militares-2\\\/#article\",\"isPartOf\":{\"@id\":\"https:\\\/\\\/diariodepe.com.br\\\/cri\\\/2026\\\/02\\\/24\\\/xi-jinping-envia-saudacoes-da-festa-da-primavera-a-veteranos-militares-2\\\/\"},\"author\":{\"name\":\"CRI Portugu\u00eas\",\"@id\":\"https:\\\/\\\/diariodepe.com.br\\\/cri\\\/#\\\/schema\\\/person\\\/e474aead631cd4098632e11d3fbce118\"},\"headline\":\"Xi Jinping envia sauda\u00e7\u00f5es da Festa da Primavera a veteranos militares\",\"datePublished\":\"2026-02-24T07:38:38+00:00\",\"mainEntityOfPage\":{\"@id\":\"https:\\\/\\\/diariodepe.com.br\\\/cri\\\/2026\\\/02\\\/24\\\/xi-jinping-envia-saudacoes-da-festa-da-primavera-a-veteranos-militares-2\\\/\"},\"wordCount\":301,\"commentCount\":0,\"publisher\":{\"@id\":\"https:\\\/\\\/diariodepe.com.br\\\/cri\\\/#organization\"},\"image\":{\"@id\":\"https:\\\/\\\/diariodepe.com.br\\\/cri\\\/2026\\\/02\\\/24\\\/xi-jinping-envia-saudacoes-da-festa-da-primavera-a-veteranos-militares-2\\\/#primaryimage\"},\"thumbnailUrl\":\"https:\\\/\\\/38picres.cgtn.com\\\/photoAlbum\\\/page\\\/performance\\\/img\\\/2026\\\/2\\\/7\\\/1770459099593_398.jpg\",\"articleSection\":[\"China\"],\"inLanguage\":\"pt-BR\",\"potentialAction\":[{\"@type\":\"CommentAction\",\"name\":\"Comment\",\"target\":[\"https:\\\/\\\/diariodepe.com.br\\\/cri\\\/2026\\\/02\\\/24\\\/xi-jinping-envia-saudacoes-da-festa-da-primavera-a-veteranos-militares-2\\\/#respond\"]}]},{\"@type\":\"WebPage\",\"@id\":\"https:\\\/\\\/diariodepe.com.br\\\/cri\\\/2026\\\/02\\\/24\\\/xi-jinping-envia-saudacoes-da-festa-da-primavera-a-veteranos-militares-2\\\/\",\"url\":\"https:\\\/\\\/diariodepe.com.br\\\/cri\\\/2026\\\/02\\\/24\\\/xi-jinping-envia-saudacoes-da-festa-da-primavera-a-veteranos-militares-2\\\/\",\"name\":\"Xi Jinping envia sauda\u00e7\u00f5es da Festa da Primavera a veteranos militares - CRI e Diario de Pernambuco\",\"isPartOf\":{\"@id\":\"https:\\\/\\\/diariodepe.com.br\\\/cri\\\/#website\"},\"primaryImageOfPage\":{\"@id\":\"https:\\\/\\\/diariodepe.com.br\\\/cri\\\/2026\\\/02\\\/24\\\/xi-jinping-envia-saudacoes-da-festa-da-primavera-a-veteranos-militares-2\\\/#primaryimage\"},\"image\":{\"@id\":\"https:\\\/\\\/diariodepe.com.br\\\/cri\\\/2026\\\/02\\\/24\\\/xi-jinping-envia-saudacoes-da-festa-da-primavera-a-veteranos-militares-2\\\/#primaryimage\"},\"thumbnailUrl\":\"https:\\\/\\\/38picres.cgtn.com\\\/photoAlbum\\\/page\\\/performance\\\/img\\\/2026\\\/2\\\/7\\\/1770459099593_398.jpg\",\"datePublished\":\"2026-02-24T07:38:38+00:00\",\"breadcrumb\":{\"@id\":\"https:\\\/\\\/diariodepe.com.br\\\/cri\\\/2026\\\/02\\\/24\\\/xi-jinping-envia-saudacoes-da-festa-da-primavera-a-veteranos-militares-2\\\/#breadcrumb\"},\"inLanguage\":\"pt-BR\",\"potentialAction\":[{\"@type\":\"ReadAction\",\"target\":[\"https:\\\/\\\/diariodepe.com.br\\\/cri\\\/2026\\\/02\\\/24\\\/xi-jinping-envia-saudacoes-da-festa-da-primavera-a-veteranos-militares-2\\\/\"]}]},{\"@type\":\"ImageObject\",\"inLanguage\":\"pt-BR\",\"@id\":\"https:\\\/\\\/diariodepe.com.br\\\/cri\\\/2026\\\/02\\\/24\\\/xi-jinping-envia-saudacoes-da-festa-da-primavera-a-veteranos-militares-2\\\/#primaryimage\",\"url\":\"https:\\\/\\\/38picres.cgtn.com\\\/photoAlbum\\\/page\\\/performance\\\/img\\\/2026\\\/2\\\/7\\\/1770459099593_398.jpg\",\"contentUrl\":\"https:\\\/\\\/38picres.cgtn.com\\\/photoAlbum\\\/page\\\/performance\\\/img\\\/2026\\\/2\\\/7\\\/1770459099593_398.jpg\"},{\"@type\":\"BreadcrumbList\",\"@id\":\"https:\\\/\\\/diariodepe.com.br\\\/cri\\\/2026\\\/02\\\/24\\\/xi-jinping-envia-saudacoes-da-festa-da-primavera-a-veteranos-militares-2\\\/#breadcrumb\",\"itemListElement\":[{\"@type\":\"ListItem\",\"position\":1,\"name\":\"In\u00edcio\",\"item\":\"https:\\\/\\\/diariodepe.com.br\\\/cri\\\/\"},{\"@type\":\"ListItem\",\"position\":2,\"name\":\"Xi Jinping envia sauda\u00e7\u00f5es da Festa da Primavera a veteranos militares\"}]},{\"@type\":\"WebSite\",\"@id\":\"https:\\\/\\\/diariodepe.com.br\\\/cri\\\/#website\",\"url\":\"https:\\\/\\\/diariodepe.com.br\\\/cri\\\/\",\"name\":\"CRI e Diario de Pernambuco\",\"description\":\"R\u00e1dio Internacional da China\",\"publisher\":{\"@id\":\"https:\\\/\\\/diariodepe.com.br\\\/cri\\\/#organization\"},\"potentialAction\":[{\"@type\":\"SearchAction\",\"target\":{\"@type\":\"EntryPoint\",\"urlTemplate\":\"https:\\\/\\\/diariodepe.com.br\\\/cri\\\/?s={search_term_string}\"},\"query-input\":{\"@type\":\"PropertyValueSpecification\",\"valueRequired\":true,\"valueName\":\"search_term_string\"}}],\"inLanguage\":\"pt-BR\"},{\"@type\":\"Organization\",\"@id\":\"https:\\\/\\\/diariodepe.com.br\\\/cri\\\/#organization\",\"name\":\"CRI e Diario de Pernambuco\",\"url\":\"https:\\\/\\\/diariodepe.com.br\\\/cri\\\/\",\"logo\":{\"@type\":\"ImageObject\",\"inLanguage\":\"pt-BR\",\"@id\":\"https:\\\/\\\/diariodepe.com.br\\\/cri\\\/#\\\/schema\\\/logo\\\/image\\\/\",\"url\":\"https:\\\/\\\/diariodepe.com.br\\\/cri\\\/wp-content\\\/uploads\\\/sites\\\/2\\\/2022\\\/12\\\/cropped-Logo.jpg\",\"contentUrl\":\"https:\\\/\\\/diariodepe.com.br\\\/cri\\\/wp-content\\\/uploads\\\/sites\\\/2\\\/2022\\\/12\\\/cropped-Logo.jpg\",\"width\":700,\"height\":59,\"caption\":\"CRI e Diario de Pernambuco\"},\"image\":{\"@id\":\"https:\\\/\\\/diariodepe.com.br\\\/cri\\\/#\\\/schema\\\/logo\\\/image\\\/\"}},{\"@type\":\"Person\",\"@id\":\"https:\\\/\\\/diariodepe.com.br\\\/cri\\\/#\\\/schema\\\/person\\\/e474aead631cd4098632e11d3fbce118\",\"name\":\"CRI Portugu\u00eas\",\"image\":{\"@type\":\"ImageObject\",\"inLanguage\":\"pt-BR\",\"@id\":\"https:\\\/\\\/secure.gravatar.com\\\/avatar\\\/e2ac889ef882d4dc53091b610766dce49106cf9fe98c76e06745abb0993b2763?s=96&d=mm&r=g\",\"url\":\"https:\\\/\\\/secure.gravatar.com\\\/avatar\\\/e2ac889ef882d4dc53091b610766dce49106cf9fe98c76e06745abb0993b2763?s=96&d=mm&r=g\",\"contentUrl\":\"https:\\\/\\\/secure.gravatar.com\\\/avatar\\\/e2ac889ef882d4dc53091b610766dce49106cf9fe98c76e06745abb0993b2763?s=96&d=mm&r=g\",\"caption\":\"CRI Portugu\u00eas\"},\"sameAs\":[\"https:\\\/\\\/www.diariodepernambuco.com.br\\\/\"],\"url\":\"https:\\\/\\\/diariodepe.com.br\\\/cri\\\/author\\\/agencia-cri\\\/\"}]}<\/script>\n<!-- \/ Yoast SEO plugin. -->","yoast_head_json":{"title":"Xi Jinping envia sauda\u00e7\u00f5es da Festa da Primavera a veteranos militares - CRI e Diario de Pernambuco","robots":{"index":"index","follow":"follow","max-snippet":"max-snippet:-1","max-image-preview":"max-image-preview:large","max-video-preview":"max-video-preview:-1"},"canonical":"https:\/\/diariodepe.com.br\/cri\/2026\/02\/24\/xi-jinping-envia-saudacoes-da-festa-da-primavera-a-veteranos-militares-2\/","og_locale":"pt_BR","og_type":"article","og_title":"Xi Jinping envia sauda\u00e7\u00f5es da Festa da Primavera a veteranos militares - CRI e Diario de Pernambuco","og_description":"O presidente chin\u00eas Xi Jinping enviou sauda\u00e7\u00f5es da Festa da Primavera aos veteranos militares do pa\u00eds. Xi, tamb\u00e9m secret\u00e1rio-geral do Comit\u00ea Central do Partido Comunista da China e presidente da Comiss\u00e3o Militar Central (CMC), estendeu as sauda\u00e7\u00f5es enquanto participava de...","og_url":"https:\/\/diariodepe.com.br\/cri\/2026\/02\/24\/xi-jinping-envia-saudacoes-da-festa-da-primavera-a-veteranos-militares-2\/","og_site_name":"CRI e Diario de Pernambuco","article_published_time":"2026-02-24T07:38:38+00:00","og_image":[{"url":"https:\/\/38picres.cgtn.com\/photoAlbum\/page\/performance\/img\/2026\/2\/7\/1770459099593_398.jpg","type":"","width":"","height":""}],"author":"CRI Portugu\u00eas","twitter_card":"summary_large_image","twitter_misc":{"Escrito por":"CRI Portugu\u00eas","Est. tempo de leitura":"2 minutos"},"schema":{"@context":"https:\/\/schema.org","@graph":[{"@type":"Article","@id":"https:\/\/diariodepe.com.br\/cri\/2026\/02\/24\/xi-jinping-envia-saudacoes-da-festa-da-primavera-a-veteranos-militares-2\/#article","isPartOf":{"@id":"https:\/\/diariodepe.com.br\/cri\/2026\/02\/24\/xi-jinping-envia-saudacoes-da-festa-da-primavera-a-veteranos-militares-2\/"},"author":{"name":"CRI Portugu\u00eas","@id":"https:\/\/diariodepe.com.br\/cri\/#\/schema\/person\/e474aead631cd4098632e11d3fbce118"},"headline":"Xi Jinping envia sauda\u00e7\u00f5es da Festa da Primavera a veteranos militares","datePublished":"2026-02-24T07:38:38+00:00","mainEntityOfPage":{"@id":"https:\/\/diariodepe.com.br\/cri\/2026\/02\/24\/xi-jinping-envia-saudacoes-da-festa-da-primavera-a-veteranos-militares-2\/"},"wordCount":301,"commentCount":0,"publisher":{"@id":"https:\/\/diariodepe.com.br\/cri\/#organization"},"image":{"@id":"https:\/\/diariodepe.com.br\/cri\/2026\/02\/24\/xi-jinping-envia-saudacoes-da-festa-da-primavera-a-veteranos-militares-2\/#primaryimage"},"thumbnailUrl":"https:\/\/38picres.cgtn.com\/photoAlbum\/page\/performance\/img\/2026\/2\/7\/1770459099593_398.jpg","articleSection":["China"],"inLanguage":"pt-BR","potentialAction":[{"@type":"CommentAction","name":"Comment","target":["https:\/\/diariodepe.com.br\/cri\/2026\/02\/24\/xi-jinping-envia-saudacoes-da-festa-da-primavera-a-veteranos-militares-2\/#respond"]}]},{"@type":"WebPage","@id":"https:\/\/diariodepe.com.br\/cri\/2026\/02\/24\/xi-jinping-envia-saudacoes-da-festa-da-primavera-a-veteranos-militares-2\/","url":"https:\/\/diariodepe.com.br\/cri\/2026\/02\/24\/xi-jinping-envia-saudacoes-da-festa-da-primavera-a-veteranos-militares-2\/","name":"Xi Jinping envia sauda\u00e7\u00f5es da Festa da Primavera a veteranos militares - CRI e Diario de Pernambuco","isPartOf":{"@id":"https:\/\/diariodepe.com.br\/cri\/#website"},"primaryImageOfPage":{"@id":"https:\/\/diariodepe.com.br\/cri\/2026\/02\/24\/xi-jinping-envia-saudacoes-da-festa-da-primavera-a-veteranos-militares-2\/#primaryimage"},"image":{"@id":"https:\/\/diariodepe.com.br\/cri\/2026\/02\/24\/xi-jinping-envia-saudacoes-da-festa-da-primavera-a-veteranos-militares-2\/#primaryimage"},"thumbnailUrl":"https:\/\/38picres.cgtn.com\/photoAlbum\/page\/performance\/img\/2026\/2\/7\/1770459099593_398.jpg","datePublished":"2026-02-24T07:38:38+00:00","breadcrumb":{"@id":"https:\/\/diariodepe.com.br\/cri\/2026\/02\/24\/xi-jinping-envia-saudacoes-da-festa-da-primavera-a-veteranos-militares-2\/#breadcrumb"},"inLanguage":"pt-BR","potentialAction":[{"@type":"ReadAction","target":["https:\/\/diariodepe.com.br\/cri\/2026\/02\/24\/xi-jinping-envia-saudacoes-da-festa-da-primavera-a-veteranos-militares-2\/"]}]},{"@type":"ImageObject","inLanguage":"pt-BR","@id":"https:\/\/diariodepe.com.br\/cri\/2026\/02\/24\/xi-jinping-envia-saudacoes-da-festa-da-primavera-a-veteranos-militares-2\/#primaryimage","url":"https:\/\/38picres.cgtn.com\/photoAlbum\/page\/performance\/img\/2026\/2\/7\/1770459099593_398.jpg","contentUrl":"https:\/\/38picres.cgtn.com\/photoAlbum\/page\/performance\/img\/2026\/2\/7\/1770459099593_398.jpg"},{"@type":"BreadcrumbList","@id":"https:\/\/diariodepe.com.br\/cri\/2026\/02\/24\/xi-jinping-envia-saudacoes-da-festa-da-primavera-a-veteranos-militares-2\/#breadcrumb","itemListElement":[{"@type":"ListItem","position":1,"name":"In\u00edcio","item":"https:\/\/diariodepe.com.br\/cri\/"},{"@type":"ListItem","position":2,"name":"Xi Jinping envia sauda\u00e7\u00f5es da Festa da Primavera a veteranos militares"}]},{"@type":"WebSite","@id":"https:\/\/diariodepe.com.br\/cri\/#website","url":"https:\/\/diariodepe.com.br\/cri\/","name":"CRI e Diario de Pernambuco","description":"R\u00e1dio Internacional da China","publisher":{"@id":"https:\/\/diariodepe.com.br\/cri\/#organization"},"potentialAction":[{"@type":"SearchAction","target":{"@type":"EntryPoint","urlTemplate":"https:\/\/diariodepe.com.br\/cri\/?s={search_term_string}"},"query-input":{"@type":"PropertyValueSpecification","valueRequired":true,"valueName":"search_term_string"}}],"inLanguage":"pt-BR"},{"@type":"Organization","@id":"https:\/\/diariodepe.com.br\/cri\/#organization","name":"CRI e Diario de Pernambuco","url":"https:\/\/diariodepe.com.br\/cri\/","logo":{"@type":"ImageObject","inLanguage":"pt-BR","@id":"https:\/\/diariodepe.com.br\/cri\/#\/schema\/logo\/image\/","url":"https:\/\/diariodepe.com.br\/cri\/wp-content\/uploads\/sites\/2\/2022\/12\/cropped-Logo.jpg","contentUrl":"https:\/\/diariodepe.com.br\/cri\/wp-content\/uploads\/sites\/2\/2022\/12\/cropped-Logo.jpg","width":700,"height":59,"caption":"CRI e Diario de Pernambuco"},"image":{"@id":"https:\/\/diariodepe.com.br\/cri\/#\/schema\/logo\/image\/"}},{"@type":"Person","@id":"https:\/\/diariodepe.com.br\/cri\/#\/schema\/person\/e474aead631cd4098632e11d3fbce118","name":"CRI Portugu\u00eas","image":{"@type":"ImageObject","inLanguage":"pt-BR","@id":"https:\/\/secure.gravatar.com\/avatar\/e2ac889ef882d4dc53091b610766dce49106cf9fe98c76e06745abb0993b2763?s=96&d=mm&r=g","url":"https:\/\/secure.gravatar.com\/avatar\/e2ac889ef882d4dc53091b610766dce49106cf9fe98c76e06745abb0993b2763?s=96&d=mm&r=g","contentUrl":"https:\/\/secure.gravatar.com\/avatar\/e2ac889ef882d4dc53091b610766dce49106cf9fe98c76e06745abb0993b2763?s=96&d=mm&r=g","caption":"CRI Portugu\u00eas"},"sameAs":["https:\/\/www.diariodepernambuco.com.br\/"],"url":"https:\/\/diariodepe.com.br\/cri\/author\/agencia-cri\/"}]}},"cc_featured_image_caption":{"caption_text":"","source_text":"","source_url":""},"amp_enabled":true,"_links":{"self":[{"href":"https:\/\/diariodepe.com.br\/cri\/wp-json\/wp\/v2\/posts\/10675","targetHints":{"allow":["GET"]}}],"collection":[{"href":"https:\/\/diariodepe.com.br\/cri\/wp-json\/wp\/v2\/posts"}],"about":[{"href":"https:\/\/diariodepe.com.br\/cri\/wp-json\/wp\/v2\/types\/post"}],"author":[{"embeddable":true,"href":"https:\/\/diariodepe.com.br\/cri\/wp-json\/wp\/v2\/users\/5"}],"replies":[{"embeddable":true,"href":"https:\/\/diariodepe.com.br\/cri\/wp-json\/wp\/v2\/comments?post=10675"}],"version-history":[{"count":1,"href":"https:\/\/diariodepe.com.br\/cri\/wp-json\/wp\/v2\/posts\/10675\/revisions"}],"predecessor-version":[{"id":10676,"href":"https:\/\/diariodepe.com.br\/cri\/wp-json\/wp\/v2\/posts\/10675\/revisions\/10676"}],"wp:attachment":[{"href":"https:\/\/diariodepe.com.br\/cri\/wp-json\/wp\/v2\/media?parent=10675"}],"wp:term":[{"taxonomy":"category","embeddable":true,"href":"https:\/\/diariodepe.com.br\/cri\/wp-json\/wp\/v2\/categories?post=10675"},{"taxonomy":"post_tag","embeddable":true,"href":"https:\/\/diariodepe.com.br\/cri\/wp-json\/wp\/v2\/tags?post=10675"}],"curies":[{"name":"wp","href":"https:\/\/api.w.org\/{rel}","templated":true}]}}