{"id":10673,"date":"2026-02-24T04:38:14","date_gmt":"2026-02-24T07:38:14","guid":{"rendered":"https:\/\/diariodepe.com.br\/cri\/?p=10673"},"modified":"2026-02-24T04:38:14","modified_gmt":"2026-02-24T07:38:14","slug":"cooperacao-que-atravessa-o-planeta-testemunhando-solidariedade-e-autofortalecimento-do-sul-global-2","status":"publish","type":"post","link":"https:\/\/diariodepe.com.br\/cri\/2026\/02\/24\/cooperacao-que-atravessa-o-planeta-testemunhando-solidariedade-e-autofortalecimento-do-sul-global-2\/","title":{"rendered":"Coopera\u00e7\u00e3o que atravessa o planeta, testemunhando solidariedade e autofortalecimento do Sul Global"},"content":{"rendered":"<p><img decoding=\"async\" src=\"https:\/\/38picres.cgtn.com\/photoAlbum\/page\/performance\/img\/2026\/2\/6\/1770383952299_987.png\" \/><\/p>\n<p>O presidente do Uruguai, Yamand\u00fa Orsi,\u00a0fez uma visita de Estado \u00e0 China entre os dias 1 e 7 de fevereiro, a qual tem atra\u00eddo a aten\u00e7\u00e3o da m\u00eddia internacional.<\/p>\n<p>Isso se deve, por um lado, ao fato de que Orsi \u00e9 o primeiro l\u00edder latino-americano a visitar a China ap\u00f3s o Ano Novo, e por outro, Uruguai assume este ano a presid\u00eancia rotativa do Grupo dos 77 mais China, da Comunidade dos Estados Latino-Americanos e Caribenhos (CELAC) e do Mercosul (Mercado Comum do Sul).<\/p>\n<p>Por isso, a visita do presidente Orsi n\u00e3o\u00a0se limitou somente \u00e0s\u00a0rela\u00e7\u00f5es bilaterais, mas tamb\u00e9m incluiu\u00a0a\u00a0coopera\u00e7\u00e3o entre a Am\u00e9rica Latina e\u00a0a China e a\u00a0solidariedade do Sul Global.<\/p>\n<p>Durante o encontro com\u00a0o\u00a0presidente Orsi, o presidente chin\u00eas,\u00a0Xi Jinping,\u00a0destacou que, apesar da dist\u00e2ncia geogr\u00e1fica, a China e o Uruguai compartilham ideais semelhantes e mant\u00eam uma amizade profunda.<\/p>\n<p>O l\u00edder chin\u00eas ressaltou que a China e o Uruguai devem continuar apoiando os interesses centrais e as principais preocupa\u00e7\u00f5es de cada parte, intensificar os interc\u00e2mbios amistosos em\u00a0todos os n\u00edveis e \u00e1reas, promover a troca de experi\u00eancias em governan\u00e7a e aprofundar continuamente a confian\u00e7a pol\u00edtica m\u00fatua.<\/p>\n<p>Por sua vez, Orsi enfatizou que o Uruguai valoriza altamente o conceito de comunidade com futuro compartilhado para a humanidade, proposto pelo presidente Xi Jinping, e manifestou a disposi\u00e7\u00e3o de trabalhar junto com a China no respeito aos prop\u00f3sitos e princ\u00edpios da Carta da ONU, na defesa do multilateralismo, na preserva\u00e7\u00e3o do sistema comercial internacional, no fortalecimento das rela\u00e7\u00f5es entre a Am\u00e9rica Latina e a China e na salvaguarda dos interesses comuns do Sul Global.<\/p>\n<p>Este ano marca o in\u00edcio do 15\u00ba\u00a0Plano Quinquenal da China. A China continua promovendo sua abertura\u00a0e a qualidade de consumo do p\u00fablico, o que trar\u00e1\u00a0grandes oportunidades para todos os pa\u00edses.<\/p>\n<p>Atualmente, a China \u00e9 o maior mercado de exporta\u00e7\u00e3o e a principal fonte de importa\u00e7\u00e3o do Uruguai. O lado chin\u00eas afirmou que ambos os pa\u00edses devem fortalecer a articula\u00e7\u00e3o de suas estrat\u00e9gias de desenvolvimento, aprofundar a coopera\u00e7\u00e3o em \u00e1reas como com\u00e9rcio, finan\u00e7as, agropecu\u00e1ria, infraestrutura, telecomunica\u00e7\u00f5es, e explorar o potencial de colabora\u00e7\u00e3o em campos emergentes como desenvolvimento sustent\u00e1vel, economia digital, intelig\u00eancia artificial e energia limpa. A China tamb\u00e9m manifestou disposi\u00e7\u00e3o para importar mais produtos de alta qualidade do Uruguai e incentivar empresas chinesas qualificadas a investir no pa\u00eds.<\/p>\n<p>Localizado na Am\u00e9rica do Sul, o Uruguai mant\u00e9m\u00a0rela\u00e7\u00f5es amistosas com a China n\u00e3o apenas como um exemplo v\u00edvido dos la\u00e7os sino-latino-americanos, mas tamb\u00e9m como um s\u00edmbolo da coopera\u00e7\u00e3o solid\u00e1ria entre os pa\u00edses do Sul Global. Atualmente, as na\u00e7\u00f5es do Sul Global precisam fortalecer a colabora\u00e7\u00e3o m\u00fatua, alcan\u00e7ar o desenvolvimento comum e, assim, contribuir para\u00a0a estabilidade e previsibilidade do\u00a0mundo.<\/p>\n","protected":false},"excerpt":{"rendered":"<p>O presidente do Uruguai, Yamand\u00fa Orsi,\u00a0fez uma visita de Estado \u00e0 China entre os dias 1 e 7 de fevereiro, a qual tem atra\u00eddo a aten\u00e7\u00e3o da m\u00eddia internacional. Isso se deve, por um lado, ao fato de que Orsi&#8230;<\/p>\n","protected":false},"author":5,"featured_media":0,"comment_status":"open","ping_status":"open","sticky":false,"template":"","format":"standard","meta":{"footnotes":""},"categories":[7],"tags":[],"class_list":["post-10673","post","type-post","status-publish","format-standard","hentry","category-visao"],"yoast_head":"<!-- This site is optimized with the Yoast SEO plugin v27.4 - https:\/\/yoast.com\/product\/yoast-seo-wordpress\/ -->\n<title>Coopera\u00e7\u00e3o que atravessa o planeta, testemunhando solidariedade e autofortalecimento do Sul Global - CRI e Diario de Pernambuco<\/title>\n<meta name=\"robots\" content=\"index, follow, max-snippet:-1, max-image-preview:large, max-video-preview:-1\" \/>\n<link rel=\"canonical\" href=\"https:\/\/diariodepe.com.br\/cri\/2026\/02\/24\/cooperacao-que-atravessa-o-planeta-testemunhando-solidariedade-e-autofortalecimento-do-sul-global-2\/\" \/>\n<meta property=\"og:locale\" content=\"pt_BR\" \/>\n<meta property=\"og:type\" content=\"article\" \/>\n<meta property=\"og:title\" content=\"Coopera\u00e7\u00e3o que atravessa o planeta, testemunhando solidariedade e autofortalecimento do Sul Global - CRI e Diario de Pernambuco\" \/>\n<meta property=\"og:description\" content=\"O presidente do Uruguai, Yamand\u00fa Orsi,\u00a0fez uma visita de Estado \u00e0 China entre os dias 1 e 7 de fevereiro, a qual tem atra\u00eddo a aten\u00e7\u00e3o da m\u00eddia internacional. Isso se deve, por um lado, ao fato de que Orsi...\" \/>\n<meta property=\"og:url\" content=\"https:\/\/diariodepe.com.br\/cri\/2026\/02\/24\/cooperacao-que-atravessa-o-planeta-testemunhando-solidariedade-e-autofortalecimento-do-sul-global-2\/\" \/>\n<meta property=\"og:site_name\" content=\"CRI e Diario de Pernambuco\" \/>\n<meta property=\"article:published_time\" content=\"2026-02-24T07:38:14+00:00\" \/>\n<meta property=\"og:image\" content=\"https:\/\/38picres.cgtn.com\/photoAlbum\/page\/performance\/img\/2026\/2\/6\/1770383952299_987.png\" \/>\n<meta name=\"author\" content=\"CRI Portugu\u00eas\" \/>\n<meta name=\"twitter:card\" content=\"summary_large_image\" \/>\n<meta name=\"twitter:label1\" content=\"Escrito por\" \/>\n\t<meta name=\"twitter:data1\" content=\"CRI Portugu\u00eas\" \/>\n\t<meta name=\"twitter:label2\" content=\"Est. tempo de leitura\" \/>\n\t<meta name=\"twitter:data2\" content=\"3 minutos\" \/>\n<script type=\"application\/ld+json\" class=\"yoast-schema-graph\">{\"@context\":\"https:\\\/\\\/schema.org\",\"@graph\":[{\"@type\":\"Article\",\"@id\":\"https:\\\/\\\/diariodepe.com.br\\\/cri\\\/2026\\\/02\\\/24\\\/cooperacao-que-atravessa-o-planeta-testemunhando-solidariedade-e-autofortalecimento-do-sul-global-2\\\/#article\",\"isPartOf\":{\"@id\":\"https:\\\/\\\/diariodepe.com.br\\\/cri\\\/2026\\\/02\\\/24\\\/cooperacao-que-atravessa-o-planeta-testemunhando-solidariedade-e-autofortalecimento-do-sul-global-2\\\/\"},\"author\":{\"name\":\"CRI Portugu\u00eas\",\"@id\":\"https:\\\/\\\/diariodepe.com.br\\\/cri\\\/#\\\/schema\\\/person\\\/e474aead631cd4098632e11d3fbce118\"},\"headline\":\"Coopera\u00e7\u00e3o que atravessa o planeta, testemunhando solidariedade e autofortalecimento do Sul Global\",\"datePublished\":\"2026-02-24T07:38:14+00:00\",\"mainEntityOfPage\":{\"@id\":\"https:\\\/\\\/diariodepe.com.br\\\/cri\\\/2026\\\/02\\\/24\\\/cooperacao-que-atravessa-o-planeta-testemunhando-solidariedade-e-autofortalecimento-do-sul-global-2\\\/\"},\"wordCount\":523,\"commentCount\":0,\"publisher\":{\"@id\":\"https:\\\/\\\/diariodepe.com.br\\\/cri\\\/#organization\"},\"image\":{\"@id\":\"https:\\\/\\\/diariodepe.com.br\\\/cri\\\/2026\\\/02\\\/24\\\/cooperacao-que-atravessa-o-planeta-testemunhando-solidariedade-e-autofortalecimento-do-sul-global-2\\\/#primaryimage\"},\"thumbnailUrl\":\"https:\\\/\\\/38picres.cgtn.com\\\/photoAlbum\\\/page\\\/performance\\\/img\\\/2026\\\/2\\\/6\\\/1770383952299_987.png\",\"articleSection\":[\"Vis\u00e3o\"],\"inLanguage\":\"pt-BR\",\"potentialAction\":[{\"@type\":\"CommentAction\",\"name\":\"Comment\",\"target\":[\"https:\\\/\\\/diariodepe.com.br\\\/cri\\\/2026\\\/02\\\/24\\\/cooperacao-que-atravessa-o-planeta-testemunhando-solidariedade-e-autofortalecimento-do-sul-global-2\\\/#respond\"]}]},{\"@type\":\"WebPage\",\"@id\":\"https:\\\/\\\/diariodepe.com.br\\\/cri\\\/2026\\\/02\\\/24\\\/cooperacao-que-atravessa-o-planeta-testemunhando-solidariedade-e-autofortalecimento-do-sul-global-2\\\/\",\"url\":\"https:\\\/\\\/diariodepe.com.br\\\/cri\\\/2026\\\/02\\\/24\\\/cooperacao-que-atravessa-o-planeta-testemunhando-solidariedade-e-autofortalecimento-do-sul-global-2\\\/\",\"name\":\"Coopera\u00e7\u00e3o que atravessa o planeta, testemunhando solidariedade e autofortalecimento do Sul Global - CRI e Diario de Pernambuco\",\"isPartOf\":{\"@id\":\"https:\\\/\\\/diariodepe.com.br\\\/cri\\\/#website\"},\"primaryImageOfPage\":{\"@id\":\"https:\\\/\\\/diariodepe.com.br\\\/cri\\\/2026\\\/02\\\/24\\\/cooperacao-que-atravessa-o-planeta-testemunhando-solidariedade-e-autofortalecimento-do-sul-global-2\\\/#primaryimage\"},\"image\":{\"@id\":\"https:\\\/\\\/diariodepe.com.br\\\/cri\\\/2026\\\/02\\\/24\\\/cooperacao-que-atravessa-o-planeta-testemunhando-solidariedade-e-autofortalecimento-do-sul-global-2\\\/#primaryimage\"},\"thumbnailUrl\":\"https:\\\/\\\/38picres.cgtn.com\\\/photoAlbum\\\/page\\\/performance\\\/img\\\/2026\\\/2\\\/6\\\/1770383952299_987.png\",\"datePublished\":\"2026-02-24T07:38:14+00:00\",\"breadcrumb\":{\"@id\":\"https:\\\/\\\/diariodepe.com.br\\\/cri\\\/2026\\\/02\\\/24\\\/cooperacao-que-atravessa-o-planeta-testemunhando-solidariedade-e-autofortalecimento-do-sul-global-2\\\/#breadcrumb\"},\"inLanguage\":\"pt-BR\",\"potentialAction\":[{\"@type\":\"ReadAction\",\"target\":[\"https:\\\/\\\/diariodepe.com.br\\\/cri\\\/2026\\\/02\\\/24\\\/cooperacao-que-atravessa-o-planeta-testemunhando-solidariedade-e-autofortalecimento-do-sul-global-2\\\/\"]}]},{\"@type\":\"ImageObject\",\"inLanguage\":\"pt-BR\",\"@id\":\"https:\\\/\\\/diariodepe.com.br\\\/cri\\\/2026\\\/02\\\/24\\\/cooperacao-que-atravessa-o-planeta-testemunhando-solidariedade-e-autofortalecimento-do-sul-global-2\\\/#primaryimage\",\"url\":\"https:\\\/\\\/38picres.cgtn.com\\\/photoAlbum\\\/page\\\/performance\\\/img\\\/2026\\\/2\\\/6\\\/1770383952299_987.png\",\"contentUrl\":\"https:\\\/\\\/38picres.cgtn.com\\\/photoAlbum\\\/page\\\/performance\\\/img\\\/2026\\\/2\\\/6\\\/1770383952299_987.png\"},{\"@type\":\"BreadcrumbList\",\"@id\":\"https:\\\/\\\/diariodepe.com.br\\\/cri\\\/2026\\\/02\\\/24\\\/cooperacao-que-atravessa-o-planeta-testemunhando-solidariedade-e-autofortalecimento-do-sul-global-2\\\/#breadcrumb\",\"itemListElement\":[{\"@type\":\"ListItem\",\"position\":1,\"name\":\"In\u00edcio\",\"item\":\"https:\\\/\\\/diariodepe.com.br\\\/cri\\\/\"},{\"@type\":\"ListItem\",\"position\":2,\"name\":\"Coopera\u00e7\u00e3o que atravessa o planeta, testemunhando solidariedade e autofortalecimento do Sul Global\"}]},{\"@type\":\"WebSite\",\"@id\":\"https:\\\/\\\/diariodepe.com.br\\\/cri\\\/#website\",\"url\":\"https:\\\/\\\/diariodepe.com.br\\\/cri\\\/\",\"name\":\"CRI e Diario de Pernambuco\",\"description\":\"R\u00e1dio Internacional da China\",\"publisher\":{\"@id\":\"https:\\\/\\\/diariodepe.com.br\\\/cri\\\/#organization\"},\"potentialAction\":[{\"@type\":\"SearchAction\",\"target\":{\"@type\":\"EntryPoint\",\"urlTemplate\":\"https:\\\/\\\/diariodepe.com.br\\\/cri\\\/?s={search_term_string}\"},\"query-input\":{\"@type\":\"PropertyValueSpecification\",\"valueRequired\":true,\"valueName\":\"search_term_string\"}}],\"inLanguage\":\"pt-BR\"},{\"@type\":\"Organization\",\"@id\":\"https:\\\/\\\/diariodepe.com.br\\\/cri\\\/#organization\",\"name\":\"CRI e Diario de Pernambuco\",\"url\":\"https:\\\/\\\/diariodepe.com.br\\\/cri\\\/\",\"logo\":{\"@type\":\"ImageObject\",\"inLanguage\":\"pt-BR\",\"@id\":\"https:\\\/\\\/diariodepe.com.br\\\/cri\\\/#\\\/schema\\\/logo\\\/image\\\/\",\"url\":\"https:\\\/\\\/diariodepe.com.br\\\/cri\\\/wp-content\\\/uploads\\\/sites\\\/2\\\/2022\\\/12\\\/cropped-Logo.jpg\",\"contentUrl\":\"https:\\\/\\\/diariodepe.com.br\\\/cri\\\/wp-content\\\/uploads\\\/sites\\\/2\\\/2022\\\/12\\\/cropped-Logo.jpg\",\"width\":700,\"height\":59,\"caption\":\"CRI e Diario de Pernambuco\"},\"image\":{\"@id\":\"https:\\\/\\\/diariodepe.com.br\\\/cri\\\/#\\\/schema\\\/logo\\\/image\\\/\"}},{\"@type\":\"Person\",\"@id\":\"https:\\\/\\\/diariodepe.com.br\\\/cri\\\/#\\\/schema\\\/person\\\/e474aead631cd4098632e11d3fbce118\",\"name\":\"CRI Portugu\u00eas\",\"image\":{\"@type\":\"ImageObject\",\"inLanguage\":\"pt-BR\",\"@id\":\"https:\\\/\\\/secure.gravatar.com\\\/avatar\\\/e2ac889ef882d4dc53091b610766dce49106cf9fe98c76e06745abb0993b2763?s=96&d=mm&r=g\",\"url\":\"https:\\\/\\\/secure.gravatar.com\\\/avatar\\\/e2ac889ef882d4dc53091b610766dce49106cf9fe98c76e06745abb0993b2763?s=96&d=mm&r=g\",\"contentUrl\":\"https:\\\/\\\/secure.gravatar.com\\\/avatar\\\/e2ac889ef882d4dc53091b610766dce49106cf9fe98c76e06745abb0993b2763?s=96&d=mm&r=g\",\"caption\":\"CRI Portugu\u00eas\"},\"sameAs\":[\"https:\\\/\\\/www.diariodepernambuco.com.br\\\/\"],\"url\":\"https:\\\/\\\/diariodepe.com.br\\\/cri\\\/author\\\/agencia-cri\\\/\"}]}<\/script>\n<!-- \/ Yoast SEO plugin. -->","yoast_head_json":{"title":"Coopera\u00e7\u00e3o que atravessa o planeta, testemunhando solidariedade e autofortalecimento do Sul Global - CRI e Diario de Pernambuco","robots":{"index":"index","follow":"follow","max-snippet":"max-snippet:-1","max-image-preview":"max-image-preview:large","max-video-preview":"max-video-preview:-1"},"canonical":"https:\/\/diariodepe.com.br\/cri\/2026\/02\/24\/cooperacao-que-atravessa-o-planeta-testemunhando-solidariedade-e-autofortalecimento-do-sul-global-2\/","og_locale":"pt_BR","og_type":"article","og_title":"Coopera\u00e7\u00e3o que atravessa o planeta, testemunhando solidariedade e autofortalecimento do Sul Global - CRI e Diario de Pernambuco","og_description":"O presidente do Uruguai, Yamand\u00fa Orsi,\u00a0fez uma visita de Estado \u00e0 China entre os dias 1 e 7 de fevereiro, a qual tem atra\u00eddo a aten\u00e7\u00e3o da m\u00eddia internacional. Isso se deve, por um lado, ao fato de que Orsi...","og_url":"https:\/\/diariodepe.com.br\/cri\/2026\/02\/24\/cooperacao-que-atravessa-o-planeta-testemunhando-solidariedade-e-autofortalecimento-do-sul-global-2\/","og_site_name":"CRI e Diario de Pernambuco","article_published_time":"2026-02-24T07:38:14+00:00","og_image":[{"url":"https:\/\/38picres.cgtn.com\/photoAlbum\/page\/performance\/img\/2026\/2\/6\/1770383952299_987.png","type":"","width":"","height":""}],"author":"CRI Portugu\u00eas","twitter_card":"summary_large_image","twitter_misc":{"Escrito por":"CRI Portugu\u00eas","Est. tempo de leitura":"3 minutos"},"schema":{"@context":"https:\/\/schema.org","@graph":[{"@type":"Article","@id":"https:\/\/diariodepe.com.br\/cri\/2026\/02\/24\/cooperacao-que-atravessa-o-planeta-testemunhando-solidariedade-e-autofortalecimento-do-sul-global-2\/#article","isPartOf":{"@id":"https:\/\/diariodepe.com.br\/cri\/2026\/02\/24\/cooperacao-que-atravessa-o-planeta-testemunhando-solidariedade-e-autofortalecimento-do-sul-global-2\/"},"author":{"name":"CRI Portugu\u00eas","@id":"https:\/\/diariodepe.com.br\/cri\/#\/schema\/person\/e474aead631cd4098632e11d3fbce118"},"headline":"Coopera\u00e7\u00e3o que atravessa o planeta, testemunhando solidariedade e autofortalecimento do Sul Global","datePublished":"2026-02-24T07:38:14+00:00","mainEntityOfPage":{"@id":"https:\/\/diariodepe.com.br\/cri\/2026\/02\/24\/cooperacao-que-atravessa-o-planeta-testemunhando-solidariedade-e-autofortalecimento-do-sul-global-2\/"},"wordCount":523,"commentCount":0,"publisher":{"@id":"https:\/\/diariodepe.com.br\/cri\/#organization"},"image":{"@id":"https:\/\/diariodepe.com.br\/cri\/2026\/02\/24\/cooperacao-que-atravessa-o-planeta-testemunhando-solidariedade-e-autofortalecimento-do-sul-global-2\/#primaryimage"},"thumbnailUrl":"https:\/\/38picres.cgtn.com\/photoAlbum\/page\/performance\/img\/2026\/2\/6\/1770383952299_987.png","articleSection":["Vis\u00e3o"],"inLanguage":"pt-BR","potentialAction":[{"@type":"CommentAction","name":"Comment","target":["https:\/\/diariodepe.com.br\/cri\/2026\/02\/24\/cooperacao-que-atravessa-o-planeta-testemunhando-solidariedade-e-autofortalecimento-do-sul-global-2\/#respond"]}]},{"@type":"WebPage","@id":"https:\/\/diariodepe.com.br\/cri\/2026\/02\/24\/cooperacao-que-atravessa-o-planeta-testemunhando-solidariedade-e-autofortalecimento-do-sul-global-2\/","url":"https:\/\/diariodepe.com.br\/cri\/2026\/02\/24\/cooperacao-que-atravessa-o-planeta-testemunhando-solidariedade-e-autofortalecimento-do-sul-global-2\/","name":"Coopera\u00e7\u00e3o que atravessa o planeta, testemunhando solidariedade e autofortalecimento do Sul Global - CRI e Diario de Pernambuco","isPartOf":{"@id":"https:\/\/diariodepe.com.br\/cri\/#website"},"primaryImageOfPage":{"@id":"https:\/\/diariodepe.com.br\/cri\/2026\/02\/24\/cooperacao-que-atravessa-o-planeta-testemunhando-solidariedade-e-autofortalecimento-do-sul-global-2\/#primaryimage"},"image":{"@id":"https:\/\/diariodepe.com.br\/cri\/2026\/02\/24\/cooperacao-que-atravessa-o-planeta-testemunhando-solidariedade-e-autofortalecimento-do-sul-global-2\/#primaryimage"},"thumbnailUrl":"https:\/\/38picres.cgtn.com\/photoAlbum\/page\/performance\/img\/2026\/2\/6\/1770383952299_987.png","datePublished":"2026-02-24T07:38:14+00:00","breadcrumb":{"@id":"https:\/\/diariodepe.com.br\/cri\/2026\/02\/24\/cooperacao-que-atravessa-o-planeta-testemunhando-solidariedade-e-autofortalecimento-do-sul-global-2\/#breadcrumb"},"inLanguage":"pt-BR","potentialAction":[{"@type":"ReadAction","target":["https:\/\/diariodepe.com.br\/cri\/2026\/02\/24\/cooperacao-que-atravessa-o-planeta-testemunhando-solidariedade-e-autofortalecimento-do-sul-global-2\/"]}]},{"@type":"ImageObject","inLanguage":"pt-BR","@id":"https:\/\/diariodepe.com.br\/cri\/2026\/02\/24\/cooperacao-que-atravessa-o-planeta-testemunhando-solidariedade-e-autofortalecimento-do-sul-global-2\/#primaryimage","url":"https:\/\/38picres.cgtn.com\/photoAlbum\/page\/performance\/img\/2026\/2\/6\/1770383952299_987.png","contentUrl":"https:\/\/38picres.cgtn.com\/photoAlbum\/page\/performance\/img\/2026\/2\/6\/1770383952299_987.png"},{"@type":"BreadcrumbList","@id":"https:\/\/diariodepe.com.br\/cri\/2026\/02\/24\/cooperacao-que-atravessa-o-planeta-testemunhando-solidariedade-e-autofortalecimento-do-sul-global-2\/#breadcrumb","itemListElement":[{"@type":"ListItem","position":1,"name":"In\u00edcio","item":"https:\/\/diariodepe.com.br\/cri\/"},{"@type":"ListItem","position":2,"name":"Coopera\u00e7\u00e3o que atravessa o planeta, testemunhando solidariedade e autofortalecimento do Sul Global"}]},{"@type":"WebSite","@id":"https:\/\/diariodepe.com.br\/cri\/#website","url":"https:\/\/diariodepe.com.br\/cri\/","name":"CRI e Diario de Pernambuco","description":"R\u00e1dio Internacional da China","publisher":{"@id":"https:\/\/diariodepe.com.br\/cri\/#organization"},"potentialAction":[{"@type":"SearchAction","target":{"@type":"EntryPoint","urlTemplate":"https:\/\/diariodepe.com.br\/cri\/?s={search_term_string}"},"query-input":{"@type":"PropertyValueSpecification","valueRequired":true,"valueName":"search_term_string"}}],"inLanguage":"pt-BR"},{"@type":"Organization","@id":"https:\/\/diariodepe.com.br\/cri\/#organization","name":"CRI e Diario de Pernambuco","url":"https:\/\/diariodepe.com.br\/cri\/","logo":{"@type":"ImageObject","inLanguage":"pt-BR","@id":"https:\/\/diariodepe.com.br\/cri\/#\/schema\/logo\/image\/","url":"https:\/\/diariodepe.com.br\/cri\/wp-content\/uploads\/sites\/2\/2022\/12\/cropped-Logo.jpg","contentUrl":"https:\/\/diariodepe.com.br\/cri\/wp-content\/uploads\/sites\/2\/2022\/12\/cropped-Logo.jpg","width":700,"height":59,"caption":"CRI e Diario de Pernambuco"},"image":{"@id":"https:\/\/diariodepe.com.br\/cri\/#\/schema\/logo\/image\/"}},{"@type":"Person","@id":"https:\/\/diariodepe.com.br\/cri\/#\/schema\/person\/e474aead631cd4098632e11d3fbce118","name":"CRI Portugu\u00eas","image":{"@type":"ImageObject","inLanguage":"pt-BR","@id":"https:\/\/secure.gravatar.com\/avatar\/e2ac889ef882d4dc53091b610766dce49106cf9fe98c76e06745abb0993b2763?s=96&d=mm&r=g","url":"https:\/\/secure.gravatar.com\/avatar\/e2ac889ef882d4dc53091b610766dce49106cf9fe98c76e06745abb0993b2763?s=96&d=mm&r=g","contentUrl":"https:\/\/secure.gravatar.com\/avatar\/e2ac889ef882d4dc53091b610766dce49106cf9fe98c76e06745abb0993b2763?s=96&d=mm&r=g","caption":"CRI Portugu\u00eas"},"sameAs":["https:\/\/www.diariodepernambuco.com.br\/"],"url":"https:\/\/diariodepe.com.br\/cri\/author\/agencia-cri\/"}]}},"cc_featured_image_caption":{"caption_text":"","source_text":"","source_url":""},"amp_enabled":true,"_links":{"self":[{"href":"https:\/\/diariodepe.com.br\/cri\/wp-json\/wp\/v2\/posts\/10673","targetHints":{"allow":["GET"]}}],"collection":[{"href":"https:\/\/diariodepe.com.br\/cri\/wp-json\/wp\/v2\/posts"}],"about":[{"href":"https:\/\/diariodepe.com.br\/cri\/wp-json\/wp\/v2\/types\/post"}],"author":[{"embeddable":true,"href":"https:\/\/diariodepe.com.br\/cri\/wp-json\/wp\/v2\/users\/5"}],"replies":[{"embeddable":true,"href":"https:\/\/diariodepe.com.br\/cri\/wp-json\/wp\/v2\/comments?post=10673"}],"version-history":[{"count":1,"href":"https:\/\/diariodepe.com.br\/cri\/wp-json\/wp\/v2\/posts\/10673\/revisions"}],"predecessor-version":[{"id":10674,"href":"https:\/\/diariodepe.com.br\/cri\/wp-json\/wp\/v2\/posts\/10673\/revisions\/10674"}],"wp:attachment":[{"href":"https:\/\/diariodepe.com.br\/cri\/wp-json\/wp\/v2\/media?parent=10673"}],"wp:term":[{"taxonomy":"category","embeddable":true,"href":"https:\/\/diariodepe.com.br\/cri\/wp-json\/wp\/v2\/categories?post=10673"},{"taxonomy":"post_tag","embeddable":true,"href":"https:\/\/diariodepe.com.br\/cri\/wp-json\/wp\/v2\/tags?post=10673"}],"curies":[{"name":"wp","href":"https:\/\/api.w.org\/{rel}","templated":true}]}}