{"id":10671,"date":"2026-02-24T04:37:39","date_gmt":"2026-02-24T07:37:39","guid":{"rendered":"https:\/\/diariodepe.com.br\/cri\/?p=10671"},"modified":"2026-02-24T04:37:39","modified_gmt":"2026-02-24T07:37:39","slug":"video-promocional-da-gala-do-festival-da-primavera-do-cmg-estreia-na-embaixada-chinesa-em-marrocos","status":"publish","type":"post","link":"https:\/\/diariodepe.com.br\/cri\/2026\/02\/24\/video-promocional-da-gala-do-festival-da-primavera-do-cmg-estreia-na-embaixada-chinesa-em-marrocos\/","title":{"rendered":"V\u00eddeo promocional da Gala do Festival da Primavera do CMG estreia na Embaixada chinesa em Marrocos"},"content":{"rendered":"<p><img decoding=\"async\" src=\"https:\/\/38picres.cgtn.com\/photoAlbum\/page\/performance\/img\/2026\/2\/6\/1770381787582_586.png\" \/><\/p>\n<p>A Embaixada da China em Marrocos promoveu, na quarta-feira (4), sua recep\u00e7\u00e3o de Ano Novo Chin\u00eas no Teatro Nacional Mohammed V, na capital marroquina Rabat. O evento reuniu cerca de 1,5 mil pessoas, incluindo a embaixadora Yu Jinsong, personalidades amigas de diversos setores marroquinos e residentes da comunidade chinesa local, todos em clima de confraterniza\u00e7\u00e3o para celebrar a chegada do Ano do Cavalo.<\/p>\n<p>O v\u00eddeo promocional da Gala do Festival da Primavera para o Ano do Cavalo, produzido pelo Grupo de M\u00eddia da China (CMG, na sigla em ingl\u00eas), foi exibido, aquecendo o ambiente com imagens que fundem s\u00edmbolos tradicionais das celebra\u00e7\u00f5es e uma linguagem visual moderna.<\/p>\n<p><img decoding=\"async\" src=\"https:\/\/38picres.cgtn.com\/photoAlbum\/page\/performance\/img\/2026\/2\/6\/1770381794790_432.png\" \/><\/p>\n<p>O material retratou de forma v\u00edvida a ess\u00eancia cultural do Festival da Primavera, enriquecendo a atmosfera festiva e, ao mesmo tempo, encurtando a dist\u00e2ncia entre o p\u00fablico marroquino e a tradi\u00e7\u00e3o cultural chinesa.<\/p>\n","protected":false},"excerpt":{"rendered":"<p>A Embaixada da China em Marrocos promoveu, na quarta-feira (4), sua recep\u00e7\u00e3o de Ano Novo Chin\u00eas no Teatro Nacional Mohammed V, na capital marroquina Rabat. O evento reuniu cerca de 1,5 mil pessoas, incluindo a embaixadora Yu Jinsong, personalidades amigas&#8230;<\/p>\n","protected":false},"author":5,"featured_media":0,"comment_status":"open","ping_status":"open","sticky":false,"template":"","format":"standard","meta":{"footnotes":""},"categories":[3],"tags":[],"class_list":["post-10671","post","type-post","status-publish","format-standard","hentry","category-china"],"yoast_head":"<!-- This site is optimized with the Yoast SEO plugin v27.4 - https:\/\/yoast.com\/product\/yoast-seo-wordpress\/ -->\n<title>V\u00eddeo promocional da Gala do Festival da Primavera do CMG estreia na Embaixada chinesa em Marrocos - CRI e Diario de Pernambuco<\/title>\n<meta name=\"robots\" content=\"index, follow, max-snippet:-1, max-image-preview:large, max-video-preview:-1\" \/>\n<link rel=\"canonical\" href=\"https:\/\/diariodepe.com.br\/cri\/2026\/02\/24\/video-promocional-da-gala-do-festival-da-primavera-do-cmg-estreia-na-embaixada-chinesa-em-marrocos\/\" \/>\n<meta property=\"og:locale\" content=\"pt_BR\" \/>\n<meta property=\"og:type\" content=\"article\" \/>\n<meta property=\"og:title\" content=\"V\u00eddeo promocional da Gala do Festival da Primavera do CMG estreia na Embaixada chinesa em Marrocos - CRI e Diario de Pernambuco\" \/>\n<meta property=\"og:description\" content=\"A Embaixada da China em Marrocos promoveu, na quarta-feira (4), sua recep\u00e7\u00e3o de Ano Novo Chin\u00eas no Teatro Nacional Mohammed V, na capital marroquina Rabat. O evento reuniu cerca de 1,5 mil pessoas, incluindo a embaixadora Yu Jinsong, personalidades amigas...\" \/>\n<meta property=\"og:url\" content=\"https:\/\/diariodepe.com.br\/cri\/2026\/02\/24\/video-promocional-da-gala-do-festival-da-primavera-do-cmg-estreia-na-embaixada-chinesa-em-marrocos\/\" \/>\n<meta property=\"og:site_name\" content=\"CRI e Diario de Pernambuco\" \/>\n<meta property=\"article:published_time\" content=\"2026-02-24T07:37:39+00:00\" \/>\n<meta property=\"og:image\" content=\"https:\/\/38picres.cgtn.com\/photoAlbum\/page\/performance\/img\/2026\/2\/6\/1770381787582_586.png\" \/>\n<meta name=\"author\" content=\"CRI Portugu\u00eas\" \/>\n<meta name=\"twitter:card\" content=\"summary_large_image\" \/>\n<meta name=\"twitter:label1\" content=\"Escrito por\" \/>\n\t<meta name=\"twitter:data1\" content=\"CRI Portugu\u00eas\" \/>\n\t<meta name=\"twitter:label2\" content=\"Est. tempo de leitura\" \/>\n\t<meta name=\"twitter:data2\" content=\"2 minutos\" \/>\n<script type=\"application\/ld+json\" class=\"yoast-schema-graph\">{\"@context\":\"https:\\\/\\\/schema.org\",\"@graph\":[{\"@type\":\"Article\",\"@id\":\"https:\\\/\\\/diariodepe.com.br\\\/cri\\\/2026\\\/02\\\/24\\\/video-promocional-da-gala-do-festival-da-primavera-do-cmg-estreia-na-embaixada-chinesa-em-marrocos\\\/#article\",\"isPartOf\":{\"@id\":\"https:\\\/\\\/diariodepe.com.br\\\/cri\\\/2026\\\/02\\\/24\\\/video-promocional-da-gala-do-festival-da-primavera-do-cmg-estreia-na-embaixada-chinesa-em-marrocos\\\/\"},\"author\":{\"name\":\"CRI Portugu\u00eas\",\"@id\":\"https:\\\/\\\/diariodepe.com.br\\\/cri\\\/#\\\/schema\\\/person\\\/e474aead631cd4098632e11d3fbce118\"},\"headline\":\"V\u00eddeo promocional da Gala do Festival da Primavera do CMG estreia na Embaixada chinesa em Marrocos\",\"datePublished\":\"2026-02-24T07:37:39+00:00\",\"mainEntityOfPage\":{\"@id\":\"https:\\\/\\\/diariodepe.com.br\\\/cri\\\/2026\\\/02\\\/24\\\/video-promocional-da-gala-do-festival-da-primavera-do-cmg-estreia-na-embaixada-chinesa-em-marrocos\\\/\"},\"wordCount\":168,\"commentCount\":0,\"publisher\":{\"@id\":\"https:\\\/\\\/diariodepe.com.br\\\/cri\\\/#organization\"},\"image\":{\"@id\":\"https:\\\/\\\/diariodepe.com.br\\\/cri\\\/2026\\\/02\\\/24\\\/video-promocional-da-gala-do-festival-da-primavera-do-cmg-estreia-na-embaixada-chinesa-em-marrocos\\\/#primaryimage\"},\"thumbnailUrl\":\"https:\\\/\\\/38picres.cgtn.com\\\/photoAlbum\\\/page\\\/performance\\\/img\\\/2026\\\/2\\\/6\\\/1770381787582_586.png\",\"articleSection\":[\"China\"],\"inLanguage\":\"pt-BR\",\"potentialAction\":[{\"@type\":\"CommentAction\",\"name\":\"Comment\",\"target\":[\"https:\\\/\\\/diariodepe.com.br\\\/cri\\\/2026\\\/02\\\/24\\\/video-promocional-da-gala-do-festival-da-primavera-do-cmg-estreia-na-embaixada-chinesa-em-marrocos\\\/#respond\"]}]},{\"@type\":\"WebPage\",\"@id\":\"https:\\\/\\\/diariodepe.com.br\\\/cri\\\/2026\\\/02\\\/24\\\/video-promocional-da-gala-do-festival-da-primavera-do-cmg-estreia-na-embaixada-chinesa-em-marrocos\\\/\",\"url\":\"https:\\\/\\\/diariodepe.com.br\\\/cri\\\/2026\\\/02\\\/24\\\/video-promocional-da-gala-do-festival-da-primavera-do-cmg-estreia-na-embaixada-chinesa-em-marrocos\\\/\",\"name\":\"V\u00eddeo promocional da Gala do Festival da Primavera do CMG estreia na Embaixada chinesa em Marrocos - CRI e Diario de Pernambuco\",\"isPartOf\":{\"@id\":\"https:\\\/\\\/diariodepe.com.br\\\/cri\\\/#website\"},\"primaryImageOfPage\":{\"@id\":\"https:\\\/\\\/diariodepe.com.br\\\/cri\\\/2026\\\/02\\\/24\\\/video-promocional-da-gala-do-festival-da-primavera-do-cmg-estreia-na-embaixada-chinesa-em-marrocos\\\/#primaryimage\"},\"image\":{\"@id\":\"https:\\\/\\\/diariodepe.com.br\\\/cri\\\/2026\\\/02\\\/24\\\/video-promocional-da-gala-do-festival-da-primavera-do-cmg-estreia-na-embaixada-chinesa-em-marrocos\\\/#primaryimage\"},\"thumbnailUrl\":\"https:\\\/\\\/38picres.cgtn.com\\\/photoAlbum\\\/page\\\/performance\\\/img\\\/2026\\\/2\\\/6\\\/1770381787582_586.png\",\"datePublished\":\"2026-02-24T07:37:39+00:00\",\"breadcrumb\":{\"@id\":\"https:\\\/\\\/diariodepe.com.br\\\/cri\\\/2026\\\/02\\\/24\\\/video-promocional-da-gala-do-festival-da-primavera-do-cmg-estreia-na-embaixada-chinesa-em-marrocos\\\/#breadcrumb\"},\"inLanguage\":\"pt-BR\",\"potentialAction\":[{\"@type\":\"ReadAction\",\"target\":[\"https:\\\/\\\/diariodepe.com.br\\\/cri\\\/2026\\\/02\\\/24\\\/video-promocional-da-gala-do-festival-da-primavera-do-cmg-estreia-na-embaixada-chinesa-em-marrocos\\\/\"]}]},{\"@type\":\"ImageObject\",\"inLanguage\":\"pt-BR\",\"@id\":\"https:\\\/\\\/diariodepe.com.br\\\/cri\\\/2026\\\/02\\\/24\\\/video-promocional-da-gala-do-festival-da-primavera-do-cmg-estreia-na-embaixada-chinesa-em-marrocos\\\/#primaryimage\",\"url\":\"https:\\\/\\\/38picres.cgtn.com\\\/photoAlbum\\\/page\\\/performance\\\/img\\\/2026\\\/2\\\/6\\\/1770381787582_586.png\",\"contentUrl\":\"https:\\\/\\\/38picres.cgtn.com\\\/photoAlbum\\\/page\\\/performance\\\/img\\\/2026\\\/2\\\/6\\\/1770381787582_586.png\"},{\"@type\":\"BreadcrumbList\",\"@id\":\"https:\\\/\\\/diariodepe.com.br\\\/cri\\\/2026\\\/02\\\/24\\\/video-promocional-da-gala-do-festival-da-primavera-do-cmg-estreia-na-embaixada-chinesa-em-marrocos\\\/#breadcrumb\",\"itemListElement\":[{\"@type\":\"ListItem\",\"position\":1,\"name\":\"In\u00edcio\",\"item\":\"https:\\\/\\\/diariodepe.com.br\\\/cri\\\/\"},{\"@type\":\"ListItem\",\"position\":2,\"name\":\"V\u00eddeo promocional da Gala do Festival da Primavera do CMG estreia na Embaixada chinesa em Marrocos\"}]},{\"@type\":\"WebSite\",\"@id\":\"https:\\\/\\\/diariodepe.com.br\\\/cri\\\/#website\",\"url\":\"https:\\\/\\\/diariodepe.com.br\\\/cri\\\/\",\"name\":\"CRI e Diario de Pernambuco\",\"description\":\"R\u00e1dio Internacional da China\",\"publisher\":{\"@id\":\"https:\\\/\\\/diariodepe.com.br\\\/cri\\\/#organization\"},\"potentialAction\":[{\"@type\":\"SearchAction\",\"target\":{\"@type\":\"EntryPoint\",\"urlTemplate\":\"https:\\\/\\\/diariodepe.com.br\\\/cri\\\/?s={search_term_string}\"},\"query-input\":{\"@type\":\"PropertyValueSpecification\",\"valueRequired\":true,\"valueName\":\"search_term_string\"}}],\"inLanguage\":\"pt-BR\"},{\"@type\":\"Organization\",\"@id\":\"https:\\\/\\\/diariodepe.com.br\\\/cri\\\/#organization\",\"name\":\"CRI e Diario de Pernambuco\",\"url\":\"https:\\\/\\\/diariodepe.com.br\\\/cri\\\/\",\"logo\":{\"@type\":\"ImageObject\",\"inLanguage\":\"pt-BR\",\"@id\":\"https:\\\/\\\/diariodepe.com.br\\\/cri\\\/#\\\/schema\\\/logo\\\/image\\\/\",\"url\":\"https:\\\/\\\/diariodepe.com.br\\\/cri\\\/wp-content\\\/uploads\\\/sites\\\/2\\\/2022\\\/12\\\/cropped-Logo.jpg\",\"contentUrl\":\"https:\\\/\\\/diariodepe.com.br\\\/cri\\\/wp-content\\\/uploads\\\/sites\\\/2\\\/2022\\\/12\\\/cropped-Logo.jpg\",\"width\":700,\"height\":59,\"caption\":\"CRI e Diario de Pernambuco\"},\"image\":{\"@id\":\"https:\\\/\\\/diariodepe.com.br\\\/cri\\\/#\\\/schema\\\/logo\\\/image\\\/\"}},{\"@type\":\"Person\",\"@id\":\"https:\\\/\\\/diariodepe.com.br\\\/cri\\\/#\\\/schema\\\/person\\\/e474aead631cd4098632e11d3fbce118\",\"name\":\"CRI Portugu\u00eas\",\"image\":{\"@type\":\"ImageObject\",\"inLanguage\":\"pt-BR\",\"@id\":\"https:\\\/\\\/secure.gravatar.com\\\/avatar\\\/e2ac889ef882d4dc53091b610766dce49106cf9fe98c76e06745abb0993b2763?s=96&d=mm&r=g\",\"url\":\"https:\\\/\\\/secure.gravatar.com\\\/avatar\\\/e2ac889ef882d4dc53091b610766dce49106cf9fe98c76e06745abb0993b2763?s=96&d=mm&r=g\",\"contentUrl\":\"https:\\\/\\\/secure.gravatar.com\\\/avatar\\\/e2ac889ef882d4dc53091b610766dce49106cf9fe98c76e06745abb0993b2763?s=96&d=mm&r=g\",\"caption\":\"CRI Portugu\u00eas\"},\"sameAs\":[\"https:\\\/\\\/www.diariodepernambuco.com.br\\\/\"],\"url\":\"https:\\\/\\\/diariodepe.com.br\\\/cri\\\/author\\\/agencia-cri\\\/\"}]}<\/script>\n<!-- \/ Yoast SEO plugin. -->","yoast_head_json":{"title":"V\u00eddeo promocional da Gala do Festival da Primavera do CMG estreia na Embaixada chinesa em Marrocos - CRI e Diario de Pernambuco","robots":{"index":"index","follow":"follow","max-snippet":"max-snippet:-1","max-image-preview":"max-image-preview:large","max-video-preview":"max-video-preview:-1"},"canonical":"https:\/\/diariodepe.com.br\/cri\/2026\/02\/24\/video-promocional-da-gala-do-festival-da-primavera-do-cmg-estreia-na-embaixada-chinesa-em-marrocos\/","og_locale":"pt_BR","og_type":"article","og_title":"V\u00eddeo promocional da Gala do Festival da Primavera do CMG estreia na Embaixada chinesa em Marrocos - CRI e Diario de Pernambuco","og_description":"A Embaixada da China em Marrocos promoveu, na quarta-feira (4), sua recep\u00e7\u00e3o de Ano Novo Chin\u00eas no Teatro Nacional Mohammed V, na capital marroquina Rabat. O evento reuniu cerca de 1,5 mil pessoas, incluindo a embaixadora Yu Jinsong, personalidades amigas...","og_url":"https:\/\/diariodepe.com.br\/cri\/2026\/02\/24\/video-promocional-da-gala-do-festival-da-primavera-do-cmg-estreia-na-embaixada-chinesa-em-marrocos\/","og_site_name":"CRI e Diario de Pernambuco","article_published_time":"2026-02-24T07:37:39+00:00","og_image":[{"url":"https:\/\/38picres.cgtn.com\/photoAlbum\/page\/performance\/img\/2026\/2\/6\/1770381787582_586.png","type":"","width":"","height":""}],"author":"CRI Portugu\u00eas","twitter_card":"summary_large_image","twitter_misc":{"Escrito por":"CRI Portugu\u00eas","Est. tempo de leitura":"2 minutos"},"schema":{"@context":"https:\/\/schema.org","@graph":[{"@type":"Article","@id":"https:\/\/diariodepe.com.br\/cri\/2026\/02\/24\/video-promocional-da-gala-do-festival-da-primavera-do-cmg-estreia-na-embaixada-chinesa-em-marrocos\/#article","isPartOf":{"@id":"https:\/\/diariodepe.com.br\/cri\/2026\/02\/24\/video-promocional-da-gala-do-festival-da-primavera-do-cmg-estreia-na-embaixada-chinesa-em-marrocos\/"},"author":{"name":"CRI Portugu\u00eas","@id":"https:\/\/diariodepe.com.br\/cri\/#\/schema\/person\/e474aead631cd4098632e11d3fbce118"},"headline":"V\u00eddeo promocional da Gala do Festival da Primavera do CMG estreia na Embaixada chinesa em Marrocos","datePublished":"2026-02-24T07:37:39+00:00","mainEntityOfPage":{"@id":"https:\/\/diariodepe.com.br\/cri\/2026\/02\/24\/video-promocional-da-gala-do-festival-da-primavera-do-cmg-estreia-na-embaixada-chinesa-em-marrocos\/"},"wordCount":168,"commentCount":0,"publisher":{"@id":"https:\/\/diariodepe.com.br\/cri\/#organization"},"image":{"@id":"https:\/\/diariodepe.com.br\/cri\/2026\/02\/24\/video-promocional-da-gala-do-festival-da-primavera-do-cmg-estreia-na-embaixada-chinesa-em-marrocos\/#primaryimage"},"thumbnailUrl":"https:\/\/38picres.cgtn.com\/photoAlbum\/page\/performance\/img\/2026\/2\/6\/1770381787582_586.png","articleSection":["China"],"inLanguage":"pt-BR","potentialAction":[{"@type":"CommentAction","name":"Comment","target":["https:\/\/diariodepe.com.br\/cri\/2026\/02\/24\/video-promocional-da-gala-do-festival-da-primavera-do-cmg-estreia-na-embaixada-chinesa-em-marrocos\/#respond"]}]},{"@type":"WebPage","@id":"https:\/\/diariodepe.com.br\/cri\/2026\/02\/24\/video-promocional-da-gala-do-festival-da-primavera-do-cmg-estreia-na-embaixada-chinesa-em-marrocos\/","url":"https:\/\/diariodepe.com.br\/cri\/2026\/02\/24\/video-promocional-da-gala-do-festival-da-primavera-do-cmg-estreia-na-embaixada-chinesa-em-marrocos\/","name":"V\u00eddeo promocional da Gala do Festival da Primavera do CMG estreia na Embaixada chinesa em Marrocos - CRI e Diario de Pernambuco","isPartOf":{"@id":"https:\/\/diariodepe.com.br\/cri\/#website"},"primaryImageOfPage":{"@id":"https:\/\/diariodepe.com.br\/cri\/2026\/02\/24\/video-promocional-da-gala-do-festival-da-primavera-do-cmg-estreia-na-embaixada-chinesa-em-marrocos\/#primaryimage"},"image":{"@id":"https:\/\/diariodepe.com.br\/cri\/2026\/02\/24\/video-promocional-da-gala-do-festival-da-primavera-do-cmg-estreia-na-embaixada-chinesa-em-marrocos\/#primaryimage"},"thumbnailUrl":"https:\/\/38picres.cgtn.com\/photoAlbum\/page\/performance\/img\/2026\/2\/6\/1770381787582_586.png","datePublished":"2026-02-24T07:37:39+00:00","breadcrumb":{"@id":"https:\/\/diariodepe.com.br\/cri\/2026\/02\/24\/video-promocional-da-gala-do-festival-da-primavera-do-cmg-estreia-na-embaixada-chinesa-em-marrocos\/#breadcrumb"},"inLanguage":"pt-BR","potentialAction":[{"@type":"ReadAction","target":["https:\/\/diariodepe.com.br\/cri\/2026\/02\/24\/video-promocional-da-gala-do-festival-da-primavera-do-cmg-estreia-na-embaixada-chinesa-em-marrocos\/"]}]},{"@type":"ImageObject","inLanguage":"pt-BR","@id":"https:\/\/diariodepe.com.br\/cri\/2026\/02\/24\/video-promocional-da-gala-do-festival-da-primavera-do-cmg-estreia-na-embaixada-chinesa-em-marrocos\/#primaryimage","url":"https:\/\/38picres.cgtn.com\/photoAlbum\/page\/performance\/img\/2026\/2\/6\/1770381787582_586.png","contentUrl":"https:\/\/38picres.cgtn.com\/photoAlbum\/page\/performance\/img\/2026\/2\/6\/1770381787582_586.png"},{"@type":"BreadcrumbList","@id":"https:\/\/diariodepe.com.br\/cri\/2026\/02\/24\/video-promocional-da-gala-do-festival-da-primavera-do-cmg-estreia-na-embaixada-chinesa-em-marrocos\/#breadcrumb","itemListElement":[{"@type":"ListItem","position":1,"name":"In\u00edcio","item":"https:\/\/diariodepe.com.br\/cri\/"},{"@type":"ListItem","position":2,"name":"V\u00eddeo promocional da Gala do Festival da Primavera do CMG estreia na Embaixada chinesa em Marrocos"}]},{"@type":"WebSite","@id":"https:\/\/diariodepe.com.br\/cri\/#website","url":"https:\/\/diariodepe.com.br\/cri\/","name":"CRI e Diario de Pernambuco","description":"R\u00e1dio Internacional da China","publisher":{"@id":"https:\/\/diariodepe.com.br\/cri\/#organization"},"potentialAction":[{"@type":"SearchAction","target":{"@type":"EntryPoint","urlTemplate":"https:\/\/diariodepe.com.br\/cri\/?s={search_term_string}"},"query-input":{"@type":"PropertyValueSpecification","valueRequired":true,"valueName":"search_term_string"}}],"inLanguage":"pt-BR"},{"@type":"Organization","@id":"https:\/\/diariodepe.com.br\/cri\/#organization","name":"CRI e Diario de Pernambuco","url":"https:\/\/diariodepe.com.br\/cri\/","logo":{"@type":"ImageObject","inLanguage":"pt-BR","@id":"https:\/\/diariodepe.com.br\/cri\/#\/schema\/logo\/image\/","url":"https:\/\/diariodepe.com.br\/cri\/wp-content\/uploads\/sites\/2\/2022\/12\/cropped-Logo.jpg","contentUrl":"https:\/\/diariodepe.com.br\/cri\/wp-content\/uploads\/sites\/2\/2022\/12\/cropped-Logo.jpg","width":700,"height":59,"caption":"CRI e Diario de Pernambuco"},"image":{"@id":"https:\/\/diariodepe.com.br\/cri\/#\/schema\/logo\/image\/"}},{"@type":"Person","@id":"https:\/\/diariodepe.com.br\/cri\/#\/schema\/person\/e474aead631cd4098632e11d3fbce118","name":"CRI Portugu\u00eas","image":{"@type":"ImageObject","inLanguage":"pt-BR","@id":"https:\/\/secure.gravatar.com\/avatar\/e2ac889ef882d4dc53091b610766dce49106cf9fe98c76e06745abb0993b2763?s=96&d=mm&r=g","url":"https:\/\/secure.gravatar.com\/avatar\/e2ac889ef882d4dc53091b610766dce49106cf9fe98c76e06745abb0993b2763?s=96&d=mm&r=g","contentUrl":"https:\/\/secure.gravatar.com\/avatar\/e2ac889ef882d4dc53091b610766dce49106cf9fe98c76e06745abb0993b2763?s=96&d=mm&r=g","caption":"CRI Portugu\u00eas"},"sameAs":["https:\/\/www.diariodepernambuco.com.br\/"],"url":"https:\/\/diariodepe.com.br\/cri\/author\/agencia-cri\/"}]}},"cc_featured_image_caption":{"caption_text":"","source_text":"","source_url":""},"amp_enabled":true,"_links":{"self":[{"href":"https:\/\/diariodepe.com.br\/cri\/wp-json\/wp\/v2\/posts\/10671","targetHints":{"allow":["GET"]}}],"collection":[{"href":"https:\/\/diariodepe.com.br\/cri\/wp-json\/wp\/v2\/posts"}],"about":[{"href":"https:\/\/diariodepe.com.br\/cri\/wp-json\/wp\/v2\/types\/post"}],"author":[{"embeddable":true,"href":"https:\/\/diariodepe.com.br\/cri\/wp-json\/wp\/v2\/users\/5"}],"replies":[{"embeddable":true,"href":"https:\/\/diariodepe.com.br\/cri\/wp-json\/wp\/v2\/comments?post=10671"}],"version-history":[{"count":1,"href":"https:\/\/diariodepe.com.br\/cri\/wp-json\/wp\/v2\/posts\/10671\/revisions"}],"predecessor-version":[{"id":10672,"href":"https:\/\/diariodepe.com.br\/cri\/wp-json\/wp\/v2\/posts\/10671\/revisions\/10672"}],"wp:attachment":[{"href":"https:\/\/diariodepe.com.br\/cri\/wp-json\/wp\/v2\/media?parent=10671"}],"wp:term":[{"taxonomy":"category","embeddable":true,"href":"https:\/\/diariodepe.com.br\/cri\/wp-json\/wp\/v2\/categories?post=10671"},{"taxonomy":"post_tag","embeddable":true,"href":"https:\/\/diariodepe.com.br\/cri\/wp-json\/wp\/v2\/tags?post=10671"}],"curies":[{"name":"wp","href":"https:\/\/api.w.org\/{rel}","templated":true}]}}