{"id":10669,"date":"2026-02-24T04:37:10","date_gmt":"2026-02-24T07:37:10","guid":{"rendered":"https:\/\/diariodepe.com.br\/cri\/?p=10669"},"modified":"2026-02-24T04:37:10","modified_gmt":"2026-02-24T07:37:10","slug":"video-promocional-da-gala-do-festival-da-primavera-do-cmg-e-exibido-na-recepcao-de-ano-novo-da-embaixada-da-china-no-brasil","status":"publish","type":"post","link":"https:\/\/diariodepe.com.br\/cri\/2026\/02\/24\/video-promocional-da-gala-do-festival-da-primavera-do-cmg-e-exibido-na-recepcao-de-ano-novo-da-embaixada-da-china-no-brasil\/","title":{"rendered":"V\u00eddeo promocional da Gala do Festival da Primavera do CMG \u00e9 exibido na recep\u00e7\u00e3o de Ano Novo da Embaixada da China no Brasil"},"content":{"rendered":"<p><img decoding=\"async\" src=\"https:\/\/38picres.cgtn.com\/photoAlbum\/page\/performance\/img\/2026\/2\/6\/1770367695831_990.png\" \/><\/p>\n<p>A Embaixada da China no Brasil realizou, no dia 4, uma grande recep\u00e7\u00e3o de Ano Novo Chin\u00eas em Bras\u00edlia. Durante o evento, o v\u00eddeo promocional da Gala do Festival da Primavera, produzido pelo Grupo de M\u00eddia da China (CMG), foi apresentado de forma cont\u00ednua em um grande tel\u00e3o, proporcionando uma aut\u00eantica atmosfera do Ano Novo Chin\u00eas aos representantes dos setores pol\u00edtico, empresarial e cultural do Brasil, assim como \u00e0 comunidade chinesa no pa\u00eds.<\/p>\n<p>A recep\u00e7\u00e3o deste ano teve dimens\u00f5es sem precedentes, com mais de 300 convidados presentes. O v\u00eddeo promocional da gala tornou-se um dos grandes destaques do evento, despertando rea\u00e7\u00f5es entusiasmadas entre os participantes.<\/p>\n<p><img decoding=\"async\" src=\"https:\/\/38picres.cgtn.com\/photoAlbum\/page\/performance\/img\/2026\/2\/6\/1770367713251_199.png\" \/><\/p>\n<p>A renomada atriz brasileira Luc\u00e9lia Santos comentou que, ap\u00f3s visitar a China, ficou profundamente fascinada pela cultura chinesa. A Gala do Festival da Primavera expressa o desejo do povo chin\u00eas por uma vida melhor, e ela espera que mais brasileiros possam conhecer o Ano Novo Chin\u00eas e apreciar esse espet\u00e1culo extraordin\u00e1rio.<\/p>\n<p><img decoding=\"async\" src=\"https:\/\/38picres.cgtn.com\/photoAlbum\/page\/performance\/img\/2026\/2\/6\/1770367722339_103.png\" \/><\/p>\n<p>Maria Gomes, ex-conselheira da Organiza\u00e7\u00e3o Mundial da Sa\u00fade e do Minist\u00e9rio da Sa\u00fade do Brasil, destacou que, por meio do v\u00eddeo, p\u00f4de sentir, pela primeira vez de forma t\u00e3o v\u00edvida, a grandiosidade e o calor humano das celebra\u00e7\u00f5es do Ano Novo Chin\u00eas.<\/p>\n","protected":false},"excerpt":{"rendered":"<p>A Embaixada da China no Brasil realizou, no dia 4, uma grande recep\u00e7\u00e3o de Ano Novo Chin\u00eas em Bras\u00edlia. Durante o evento, o v\u00eddeo promocional da Gala do Festival da Primavera, produzido pelo Grupo de M\u00eddia da China (CMG), foi&#8230;<\/p>\n","protected":false},"author":5,"featured_media":0,"comment_status":"open","ping_status":"open","sticky":false,"template":"","format":"standard","meta":{"footnotes":""},"categories":[8],"tags":[],"class_list":["post-10669","post","type-post","status-publish","format-standard","hentry","category-internacional"],"yoast_head":"<!-- This site is optimized with the Yoast SEO plugin v27.4 - https:\/\/yoast.com\/product\/yoast-seo-wordpress\/ -->\n<title>V\u00eddeo promocional da Gala do Festival da Primavera do CMG \u00e9 exibido na recep\u00e7\u00e3o de Ano Novo da Embaixada da China no Brasil - CRI e Diario de Pernambuco<\/title>\n<meta name=\"robots\" content=\"index, follow, max-snippet:-1, max-image-preview:large, max-video-preview:-1\" \/>\n<link rel=\"canonical\" href=\"https:\/\/diariodepe.com.br\/cri\/2026\/02\/24\/video-promocional-da-gala-do-festival-da-primavera-do-cmg-e-exibido-na-recepcao-de-ano-novo-da-embaixada-da-china-no-brasil\/\" \/>\n<meta property=\"og:locale\" content=\"pt_BR\" \/>\n<meta property=\"og:type\" content=\"article\" \/>\n<meta property=\"og:title\" content=\"V\u00eddeo promocional da Gala do Festival da Primavera do CMG \u00e9 exibido na recep\u00e7\u00e3o de Ano Novo da Embaixada da China no Brasil - CRI e Diario de Pernambuco\" \/>\n<meta property=\"og:description\" content=\"A Embaixada da China no Brasil realizou, no dia 4, uma grande recep\u00e7\u00e3o de Ano Novo Chin\u00eas em Bras\u00edlia. Durante o evento, o v\u00eddeo promocional da Gala do Festival da Primavera, produzido pelo Grupo de M\u00eddia da China (CMG), foi...\" \/>\n<meta property=\"og:url\" content=\"https:\/\/diariodepe.com.br\/cri\/2026\/02\/24\/video-promocional-da-gala-do-festival-da-primavera-do-cmg-e-exibido-na-recepcao-de-ano-novo-da-embaixada-da-china-no-brasil\/\" \/>\n<meta property=\"og:site_name\" content=\"CRI e Diario de Pernambuco\" \/>\n<meta property=\"article:published_time\" content=\"2026-02-24T07:37:10+00:00\" \/>\n<meta property=\"og:image\" content=\"https:\/\/38picres.cgtn.com\/photoAlbum\/page\/performance\/img\/2026\/2\/6\/1770367695831_990.png\" \/>\n<meta name=\"author\" content=\"CRI Portugu\u00eas\" \/>\n<meta name=\"twitter:card\" content=\"summary_large_image\" \/>\n<meta name=\"twitter:label1\" content=\"Escrito por\" \/>\n\t<meta name=\"twitter:data1\" content=\"CRI Portugu\u00eas\" \/>\n\t<meta name=\"twitter:label2\" content=\"Est. tempo de leitura\" \/>\n\t<meta name=\"twitter:data2\" content=\"2 minutos\" \/>\n<script type=\"application\/ld+json\" class=\"yoast-schema-graph\">{\"@context\":\"https:\\\/\\\/schema.org\",\"@graph\":[{\"@type\":\"Article\",\"@id\":\"https:\\\/\\\/diariodepe.com.br\\\/cri\\\/2026\\\/02\\\/24\\\/video-promocional-da-gala-do-festival-da-primavera-do-cmg-e-exibido-na-recepcao-de-ano-novo-da-embaixada-da-china-no-brasil\\\/#article\",\"isPartOf\":{\"@id\":\"https:\\\/\\\/diariodepe.com.br\\\/cri\\\/2026\\\/02\\\/24\\\/video-promocional-da-gala-do-festival-da-primavera-do-cmg-e-exibido-na-recepcao-de-ano-novo-da-embaixada-da-china-no-brasil\\\/\"},\"author\":{\"name\":\"CRI Portugu\u00eas\",\"@id\":\"https:\\\/\\\/diariodepe.com.br\\\/cri\\\/#\\\/schema\\\/person\\\/e474aead631cd4098632e11d3fbce118\"},\"headline\":\"V\u00eddeo promocional da Gala do Festival da Primavera do CMG \u00e9 exibido na recep\u00e7\u00e3o de Ano Novo da Embaixada da China no Brasil\",\"datePublished\":\"2026-02-24T07:37:10+00:00\",\"mainEntityOfPage\":{\"@id\":\"https:\\\/\\\/diariodepe.com.br\\\/cri\\\/2026\\\/02\\\/24\\\/video-promocional-da-gala-do-festival-da-primavera-do-cmg-e-exibido-na-recepcao-de-ano-novo-da-embaixada-da-china-no-brasil\\\/\"},\"wordCount\":250,\"commentCount\":0,\"publisher\":{\"@id\":\"https:\\\/\\\/diariodepe.com.br\\\/cri\\\/#organization\"},\"image\":{\"@id\":\"https:\\\/\\\/diariodepe.com.br\\\/cri\\\/2026\\\/02\\\/24\\\/video-promocional-da-gala-do-festival-da-primavera-do-cmg-e-exibido-na-recepcao-de-ano-novo-da-embaixada-da-china-no-brasil\\\/#primaryimage\"},\"thumbnailUrl\":\"https:\\\/\\\/38picres.cgtn.com\\\/photoAlbum\\\/page\\\/performance\\\/img\\\/2026\\\/2\\\/6\\\/1770367695831_990.png\",\"articleSection\":[\"Internacional\"],\"inLanguage\":\"pt-BR\",\"potentialAction\":[{\"@type\":\"CommentAction\",\"name\":\"Comment\",\"target\":[\"https:\\\/\\\/diariodepe.com.br\\\/cri\\\/2026\\\/02\\\/24\\\/video-promocional-da-gala-do-festival-da-primavera-do-cmg-e-exibido-na-recepcao-de-ano-novo-da-embaixada-da-china-no-brasil\\\/#respond\"]}]},{\"@type\":\"WebPage\",\"@id\":\"https:\\\/\\\/diariodepe.com.br\\\/cri\\\/2026\\\/02\\\/24\\\/video-promocional-da-gala-do-festival-da-primavera-do-cmg-e-exibido-na-recepcao-de-ano-novo-da-embaixada-da-china-no-brasil\\\/\",\"url\":\"https:\\\/\\\/diariodepe.com.br\\\/cri\\\/2026\\\/02\\\/24\\\/video-promocional-da-gala-do-festival-da-primavera-do-cmg-e-exibido-na-recepcao-de-ano-novo-da-embaixada-da-china-no-brasil\\\/\",\"name\":\"V\u00eddeo promocional da Gala do Festival da Primavera do CMG \u00e9 exibido na recep\u00e7\u00e3o de Ano Novo da Embaixada da China no Brasil - CRI e Diario de Pernambuco\",\"isPartOf\":{\"@id\":\"https:\\\/\\\/diariodepe.com.br\\\/cri\\\/#website\"},\"primaryImageOfPage\":{\"@id\":\"https:\\\/\\\/diariodepe.com.br\\\/cri\\\/2026\\\/02\\\/24\\\/video-promocional-da-gala-do-festival-da-primavera-do-cmg-e-exibido-na-recepcao-de-ano-novo-da-embaixada-da-china-no-brasil\\\/#primaryimage\"},\"image\":{\"@id\":\"https:\\\/\\\/diariodepe.com.br\\\/cri\\\/2026\\\/02\\\/24\\\/video-promocional-da-gala-do-festival-da-primavera-do-cmg-e-exibido-na-recepcao-de-ano-novo-da-embaixada-da-china-no-brasil\\\/#primaryimage\"},\"thumbnailUrl\":\"https:\\\/\\\/38picres.cgtn.com\\\/photoAlbum\\\/page\\\/performance\\\/img\\\/2026\\\/2\\\/6\\\/1770367695831_990.png\",\"datePublished\":\"2026-02-24T07:37:10+00:00\",\"breadcrumb\":{\"@id\":\"https:\\\/\\\/diariodepe.com.br\\\/cri\\\/2026\\\/02\\\/24\\\/video-promocional-da-gala-do-festival-da-primavera-do-cmg-e-exibido-na-recepcao-de-ano-novo-da-embaixada-da-china-no-brasil\\\/#breadcrumb\"},\"inLanguage\":\"pt-BR\",\"potentialAction\":[{\"@type\":\"ReadAction\",\"target\":[\"https:\\\/\\\/diariodepe.com.br\\\/cri\\\/2026\\\/02\\\/24\\\/video-promocional-da-gala-do-festival-da-primavera-do-cmg-e-exibido-na-recepcao-de-ano-novo-da-embaixada-da-china-no-brasil\\\/\"]}]},{\"@type\":\"ImageObject\",\"inLanguage\":\"pt-BR\",\"@id\":\"https:\\\/\\\/diariodepe.com.br\\\/cri\\\/2026\\\/02\\\/24\\\/video-promocional-da-gala-do-festival-da-primavera-do-cmg-e-exibido-na-recepcao-de-ano-novo-da-embaixada-da-china-no-brasil\\\/#primaryimage\",\"url\":\"https:\\\/\\\/38picres.cgtn.com\\\/photoAlbum\\\/page\\\/performance\\\/img\\\/2026\\\/2\\\/6\\\/1770367695831_990.png\",\"contentUrl\":\"https:\\\/\\\/38picres.cgtn.com\\\/photoAlbum\\\/page\\\/performance\\\/img\\\/2026\\\/2\\\/6\\\/1770367695831_990.png\"},{\"@type\":\"BreadcrumbList\",\"@id\":\"https:\\\/\\\/diariodepe.com.br\\\/cri\\\/2026\\\/02\\\/24\\\/video-promocional-da-gala-do-festival-da-primavera-do-cmg-e-exibido-na-recepcao-de-ano-novo-da-embaixada-da-china-no-brasil\\\/#breadcrumb\",\"itemListElement\":[{\"@type\":\"ListItem\",\"position\":1,\"name\":\"In\u00edcio\",\"item\":\"https:\\\/\\\/diariodepe.com.br\\\/cri\\\/\"},{\"@type\":\"ListItem\",\"position\":2,\"name\":\"V\u00eddeo promocional da Gala do Festival da Primavera do CMG \u00e9 exibido na recep\u00e7\u00e3o de Ano Novo da Embaixada da China no Brasil\"}]},{\"@type\":\"WebSite\",\"@id\":\"https:\\\/\\\/diariodepe.com.br\\\/cri\\\/#website\",\"url\":\"https:\\\/\\\/diariodepe.com.br\\\/cri\\\/\",\"name\":\"CRI e Diario de Pernambuco\",\"description\":\"R\u00e1dio Internacional da China\",\"publisher\":{\"@id\":\"https:\\\/\\\/diariodepe.com.br\\\/cri\\\/#organization\"},\"potentialAction\":[{\"@type\":\"SearchAction\",\"target\":{\"@type\":\"EntryPoint\",\"urlTemplate\":\"https:\\\/\\\/diariodepe.com.br\\\/cri\\\/?s={search_term_string}\"},\"query-input\":{\"@type\":\"PropertyValueSpecification\",\"valueRequired\":true,\"valueName\":\"search_term_string\"}}],\"inLanguage\":\"pt-BR\"},{\"@type\":\"Organization\",\"@id\":\"https:\\\/\\\/diariodepe.com.br\\\/cri\\\/#organization\",\"name\":\"CRI e Diario de Pernambuco\",\"url\":\"https:\\\/\\\/diariodepe.com.br\\\/cri\\\/\",\"logo\":{\"@type\":\"ImageObject\",\"inLanguage\":\"pt-BR\",\"@id\":\"https:\\\/\\\/diariodepe.com.br\\\/cri\\\/#\\\/schema\\\/logo\\\/image\\\/\",\"url\":\"https:\\\/\\\/diariodepe.com.br\\\/cri\\\/wp-content\\\/uploads\\\/sites\\\/2\\\/2022\\\/12\\\/cropped-Logo.jpg\",\"contentUrl\":\"https:\\\/\\\/diariodepe.com.br\\\/cri\\\/wp-content\\\/uploads\\\/sites\\\/2\\\/2022\\\/12\\\/cropped-Logo.jpg\",\"width\":700,\"height\":59,\"caption\":\"CRI e Diario de Pernambuco\"},\"image\":{\"@id\":\"https:\\\/\\\/diariodepe.com.br\\\/cri\\\/#\\\/schema\\\/logo\\\/image\\\/\"}},{\"@type\":\"Person\",\"@id\":\"https:\\\/\\\/diariodepe.com.br\\\/cri\\\/#\\\/schema\\\/person\\\/e474aead631cd4098632e11d3fbce118\",\"name\":\"CRI Portugu\u00eas\",\"image\":{\"@type\":\"ImageObject\",\"inLanguage\":\"pt-BR\",\"@id\":\"https:\\\/\\\/secure.gravatar.com\\\/avatar\\\/e2ac889ef882d4dc53091b610766dce49106cf9fe98c76e06745abb0993b2763?s=96&d=mm&r=g\",\"url\":\"https:\\\/\\\/secure.gravatar.com\\\/avatar\\\/e2ac889ef882d4dc53091b610766dce49106cf9fe98c76e06745abb0993b2763?s=96&d=mm&r=g\",\"contentUrl\":\"https:\\\/\\\/secure.gravatar.com\\\/avatar\\\/e2ac889ef882d4dc53091b610766dce49106cf9fe98c76e06745abb0993b2763?s=96&d=mm&r=g\",\"caption\":\"CRI Portugu\u00eas\"},\"sameAs\":[\"https:\\\/\\\/www.diariodepernambuco.com.br\\\/\"],\"url\":\"https:\\\/\\\/diariodepe.com.br\\\/cri\\\/author\\\/agencia-cri\\\/\"}]}<\/script>\n<!-- \/ Yoast SEO plugin. -->","yoast_head_json":{"title":"V\u00eddeo promocional da Gala do Festival da Primavera do CMG \u00e9 exibido na recep\u00e7\u00e3o de Ano Novo da Embaixada da China no Brasil - CRI e Diario de Pernambuco","robots":{"index":"index","follow":"follow","max-snippet":"max-snippet:-1","max-image-preview":"max-image-preview:large","max-video-preview":"max-video-preview:-1"},"canonical":"https:\/\/diariodepe.com.br\/cri\/2026\/02\/24\/video-promocional-da-gala-do-festival-da-primavera-do-cmg-e-exibido-na-recepcao-de-ano-novo-da-embaixada-da-china-no-brasil\/","og_locale":"pt_BR","og_type":"article","og_title":"V\u00eddeo promocional da Gala do Festival da Primavera do CMG \u00e9 exibido na recep\u00e7\u00e3o de Ano Novo da Embaixada da China no Brasil - CRI e Diario de Pernambuco","og_description":"A Embaixada da China no Brasil realizou, no dia 4, uma grande recep\u00e7\u00e3o de Ano Novo Chin\u00eas em Bras\u00edlia. Durante o evento, o v\u00eddeo promocional da Gala do Festival da Primavera, produzido pelo Grupo de M\u00eddia da China (CMG), foi...","og_url":"https:\/\/diariodepe.com.br\/cri\/2026\/02\/24\/video-promocional-da-gala-do-festival-da-primavera-do-cmg-e-exibido-na-recepcao-de-ano-novo-da-embaixada-da-china-no-brasil\/","og_site_name":"CRI e Diario de Pernambuco","article_published_time":"2026-02-24T07:37:10+00:00","og_image":[{"url":"https:\/\/38picres.cgtn.com\/photoAlbum\/page\/performance\/img\/2026\/2\/6\/1770367695831_990.png","type":"","width":"","height":""}],"author":"CRI Portugu\u00eas","twitter_card":"summary_large_image","twitter_misc":{"Escrito por":"CRI Portugu\u00eas","Est. tempo de leitura":"2 minutos"},"schema":{"@context":"https:\/\/schema.org","@graph":[{"@type":"Article","@id":"https:\/\/diariodepe.com.br\/cri\/2026\/02\/24\/video-promocional-da-gala-do-festival-da-primavera-do-cmg-e-exibido-na-recepcao-de-ano-novo-da-embaixada-da-china-no-brasil\/#article","isPartOf":{"@id":"https:\/\/diariodepe.com.br\/cri\/2026\/02\/24\/video-promocional-da-gala-do-festival-da-primavera-do-cmg-e-exibido-na-recepcao-de-ano-novo-da-embaixada-da-china-no-brasil\/"},"author":{"name":"CRI Portugu\u00eas","@id":"https:\/\/diariodepe.com.br\/cri\/#\/schema\/person\/e474aead631cd4098632e11d3fbce118"},"headline":"V\u00eddeo promocional da Gala do Festival da Primavera do CMG \u00e9 exibido na recep\u00e7\u00e3o de Ano Novo da Embaixada da China no Brasil","datePublished":"2026-02-24T07:37:10+00:00","mainEntityOfPage":{"@id":"https:\/\/diariodepe.com.br\/cri\/2026\/02\/24\/video-promocional-da-gala-do-festival-da-primavera-do-cmg-e-exibido-na-recepcao-de-ano-novo-da-embaixada-da-china-no-brasil\/"},"wordCount":250,"commentCount":0,"publisher":{"@id":"https:\/\/diariodepe.com.br\/cri\/#organization"},"image":{"@id":"https:\/\/diariodepe.com.br\/cri\/2026\/02\/24\/video-promocional-da-gala-do-festival-da-primavera-do-cmg-e-exibido-na-recepcao-de-ano-novo-da-embaixada-da-china-no-brasil\/#primaryimage"},"thumbnailUrl":"https:\/\/38picres.cgtn.com\/photoAlbum\/page\/performance\/img\/2026\/2\/6\/1770367695831_990.png","articleSection":["Internacional"],"inLanguage":"pt-BR","potentialAction":[{"@type":"CommentAction","name":"Comment","target":["https:\/\/diariodepe.com.br\/cri\/2026\/02\/24\/video-promocional-da-gala-do-festival-da-primavera-do-cmg-e-exibido-na-recepcao-de-ano-novo-da-embaixada-da-china-no-brasil\/#respond"]}]},{"@type":"WebPage","@id":"https:\/\/diariodepe.com.br\/cri\/2026\/02\/24\/video-promocional-da-gala-do-festival-da-primavera-do-cmg-e-exibido-na-recepcao-de-ano-novo-da-embaixada-da-china-no-brasil\/","url":"https:\/\/diariodepe.com.br\/cri\/2026\/02\/24\/video-promocional-da-gala-do-festival-da-primavera-do-cmg-e-exibido-na-recepcao-de-ano-novo-da-embaixada-da-china-no-brasil\/","name":"V\u00eddeo promocional da Gala do Festival da Primavera do CMG \u00e9 exibido na recep\u00e7\u00e3o de Ano Novo da Embaixada da China no Brasil - CRI e Diario de Pernambuco","isPartOf":{"@id":"https:\/\/diariodepe.com.br\/cri\/#website"},"primaryImageOfPage":{"@id":"https:\/\/diariodepe.com.br\/cri\/2026\/02\/24\/video-promocional-da-gala-do-festival-da-primavera-do-cmg-e-exibido-na-recepcao-de-ano-novo-da-embaixada-da-china-no-brasil\/#primaryimage"},"image":{"@id":"https:\/\/diariodepe.com.br\/cri\/2026\/02\/24\/video-promocional-da-gala-do-festival-da-primavera-do-cmg-e-exibido-na-recepcao-de-ano-novo-da-embaixada-da-china-no-brasil\/#primaryimage"},"thumbnailUrl":"https:\/\/38picres.cgtn.com\/photoAlbum\/page\/performance\/img\/2026\/2\/6\/1770367695831_990.png","datePublished":"2026-02-24T07:37:10+00:00","breadcrumb":{"@id":"https:\/\/diariodepe.com.br\/cri\/2026\/02\/24\/video-promocional-da-gala-do-festival-da-primavera-do-cmg-e-exibido-na-recepcao-de-ano-novo-da-embaixada-da-china-no-brasil\/#breadcrumb"},"inLanguage":"pt-BR","potentialAction":[{"@type":"ReadAction","target":["https:\/\/diariodepe.com.br\/cri\/2026\/02\/24\/video-promocional-da-gala-do-festival-da-primavera-do-cmg-e-exibido-na-recepcao-de-ano-novo-da-embaixada-da-china-no-brasil\/"]}]},{"@type":"ImageObject","inLanguage":"pt-BR","@id":"https:\/\/diariodepe.com.br\/cri\/2026\/02\/24\/video-promocional-da-gala-do-festival-da-primavera-do-cmg-e-exibido-na-recepcao-de-ano-novo-da-embaixada-da-china-no-brasil\/#primaryimage","url":"https:\/\/38picres.cgtn.com\/photoAlbum\/page\/performance\/img\/2026\/2\/6\/1770367695831_990.png","contentUrl":"https:\/\/38picres.cgtn.com\/photoAlbum\/page\/performance\/img\/2026\/2\/6\/1770367695831_990.png"},{"@type":"BreadcrumbList","@id":"https:\/\/diariodepe.com.br\/cri\/2026\/02\/24\/video-promocional-da-gala-do-festival-da-primavera-do-cmg-e-exibido-na-recepcao-de-ano-novo-da-embaixada-da-china-no-brasil\/#breadcrumb","itemListElement":[{"@type":"ListItem","position":1,"name":"In\u00edcio","item":"https:\/\/diariodepe.com.br\/cri\/"},{"@type":"ListItem","position":2,"name":"V\u00eddeo promocional da Gala do Festival da Primavera do CMG \u00e9 exibido na recep\u00e7\u00e3o de Ano Novo da Embaixada da China no Brasil"}]},{"@type":"WebSite","@id":"https:\/\/diariodepe.com.br\/cri\/#website","url":"https:\/\/diariodepe.com.br\/cri\/","name":"CRI e Diario de Pernambuco","description":"R\u00e1dio Internacional da China","publisher":{"@id":"https:\/\/diariodepe.com.br\/cri\/#organization"},"potentialAction":[{"@type":"SearchAction","target":{"@type":"EntryPoint","urlTemplate":"https:\/\/diariodepe.com.br\/cri\/?s={search_term_string}"},"query-input":{"@type":"PropertyValueSpecification","valueRequired":true,"valueName":"search_term_string"}}],"inLanguage":"pt-BR"},{"@type":"Organization","@id":"https:\/\/diariodepe.com.br\/cri\/#organization","name":"CRI e Diario de Pernambuco","url":"https:\/\/diariodepe.com.br\/cri\/","logo":{"@type":"ImageObject","inLanguage":"pt-BR","@id":"https:\/\/diariodepe.com.br\/cri\/#\/schema\/logo\/image\/","url":"https:\/\/diariodepe.com.br\/cri\/wp-content\/uploads\/sites\/2\/2022\/12\/cropped-Logo.jpg","contentUrl":"https:\/\/diariodepe.com.br\/cri\/wp-content\/uploads\/sites\/2\/2022\/12\/cropped-Logo.jpg","width":700,"height":59,"caption":"CRI e Diario de Pernambuco"},"image":{"@id":"https:\/\/diariodepe.com.br\/cri\/#\/schema\/logo\/image\/"}},{"@type":"Person","@id":"https:\/\/diariodepe.com.br\/cri\/#\/schema\/person\/e474aead631cd4098632e11d3fbce118","name":"CRI Portugu\u00eas","image":{"@type":"ImageObject","inLanguage":"pt-BR","@id":"https:\/\/secure.gravatar.com\/avatar\/e2ac889ef882d4dc53091b610766dce49106cf9fe98c76e06745abb0993b2763?s=96&d=mm&r=g","url":"https:\/\/secure.gravatar.com\/avatar\/e2ac889ef882d4dc53091b610766dce49106cf9fe98c76e06745abb0993b2763?s=96&d=mm&r=g","contentUrl":"https:\/\/secure.gravatar.com\/avatar\/e2ac889ef882d4dc53091b610766dce49106cf9fe98c76e06745abb0993b2763?s=96&d=mm&r=g","caption":"CRI Portugu\u00eas"},"sameAs":["https:\/\/www.diariodepernambuco.com.br\/"],"url":"https:\/\/diariodepe.com.br\/cri\/author\/agencia-cri\/"}]}},"cc_featured_image_caption":{"caption_text":"","source_text":"","source_url":""},"amp_enabled":true,"_links":{"self":[{"href":"https:\/\/diariodepe.com.br\/cri\/wp-json\/wp\/v2\/posts\/10669","targetHints":{"allow":["GET"]}}],"collection":[{"href":"https:\/\/diariodepe.com.br\/cri\/wp-json\/wp\/v2\/posts"}],"about":[{"href":"https:\/\/diariodepe.com.br\/cri\/wp-json\/wp\/v2\/types\/post"}],"author":[{"embeddable":true,"href":"https:\/\/diariodepe.com.br\/cri\/wp-json\/wp\/v2\/users\/5"}],"replies":[{"embeddable":true,"href":"https:\/\/diariodepe.com.br\/cri\/wp-json\/wp\/v2\/comments?post=10669"}],"version-history":[{"count":1,"href":"https:\/\/diariodepe.com.br\/cri\/wp-json\/wp\/v2\/posts\/10669\/revisions"}],"predecessor-version":[{"id":10670,"href":"https:\/\/diariodepe.com.br\/cri\/wp-json\/wp\/v2\/posts\/10669\/revisions\/10670"}],"wp:attachment":[{"href":"https:\/\/diariodepe.com.br\/cri\/wp-json\/wp\/v2\/media?parent=10669"}],"wp:term":[{"taxonomy":"category","embeddable":true,"href":"https:\/\/diariodepe.com.br\/cri\/wp-json\/wp\/v2\/categories?post=10669"},{"taxonomy":"post_tag","embeddable":true,"href":"https:\/\/diariodepe.com.br\/cri\/wp-json\/wp\/v2\/tags?post=10669"}],"curies":[{"name":"wp","href":"https:\/\/api.w.org\/{rel}","templated":true}]}}