{"id":10667,"date":"2026-02-24T04:36:44","date_gmt":"2026-02-24T07:36:44","guid":{"rendered":"https:\/\/diariodepe.com.br\/cri\/?p=10667"},"modified":"2026-02-24T04:36:44","modified_gmt":"2026-02-24T07:36:44","slug":"china-lanca-mais-uma-grande-inciativa-para-incentivar-importacoes","status":"publish","type":"post","link":"https:\/\/diariodepe.com.br\/cri\/2026\/02\/24\/china-lanca-mais-uma-grande-inciativa-para-incentivar-importacoes\/","title":{"rendered":"China lan\u00e7a mais uma grande inciativa para incentivar importa\u00e7\u00f5es"},"content":{"rendered":"<p>Foi lan\u00e7ada no dia 4, em Beijing, a inciativa \u201cGrande mercado para todos: exportar para a China\u201d. A vice-presidente da Tesla, Tao Lin, participou do evento e disse que a iniciativa n\u00e3o apenas sinaliza a amplia\u00e7\u00e3o da abertura de alto n\u00edvel da China, como tamb\u00e9m trar\u00e1 oportunidades sem precedentes para empresas transnacionais, como a Tesla.<\/p>\n<p>O Minist\u00e9rio do Com\u00e9rcio da China anunciou que, a partir de agora, ser\u00e3o realizadas mais de cem atividades da s\u00e9rie \u201cExportar para a China&#8217;\u201d em 2026, que ter\u00e3o Tail\u00e2ndia, Reino Unido, Cazaquist\u00e3o, Qu\u00eania, entre outros pa\u00edses, como temas centrais, com o objetivo de importar mais produtos e servi\u00e7os de alta qualidade para o mercado chin\u00eas.<\/p>\n<p><img decoding=\"async\" src=\"https:\/\/38picres.cgtn.com\/photoAlbum\/page\/performance\/img\/2026\/2\/6\/1770367817231_334.png\" \/><\/p>\n<p>Como o maior pa\u00eds de com\u00e9rcio de mercadorias do mundo, a China tem dado aten\u00e7\u00e3o constante ao aumento das importa\u00e7\u00f5es e j\u00e1 ocupa a posi\u00e7\u00e3o de segundo maior mercado importador global h\u00e1 17 anos consecutivos.<\/p>\n<p>H\u00e1 oito anos, foi criada a Exposi\u00e7\u00e3o Internacional de Importa\u00e7\u00e3o da China (CIIE, na sigla em ingl\u00eas), a \u00fanica exposi\u00e7\u00e3o de n\u00edvel nacional dedicada exclusivamente \u00e0s importa\u00e7\u00f5es. At\u00e9 o momento, o valor acumulado dos neg\u00f3cios alcan\u00e7ados na CIIE ultrapassou US$ 580 bilh\u00f5es.<\/p>\n<p>O ano de 2026 marca o in\u00edcio do 15\u00ba Plano Quinquenal da China. O pa\u00eds lan\u00e7ou agora a s\u00e9rie de atividades \u201cGrande mercado para todos: exportar para a China\u201d, com o objetivo de criar mais um canal para a entrada de produtos globais no mercado chin\u00eas.<\/p>\n<p>Na semana passada, durante a visita oficial do primeiro-ministro brit\u00e2nico, Keir Starmer, \u00e0 China, os dois pa\u00edses assinaram um Memorando de Entendimento sobre a Coopera\u00e7\u00e3o no \u00c2mbito da Iniciativa \u201cGrande mercado para todos: exportar para a China\u201d. O Reino Unido foi o primeiro pa\u00eds a firmar um acordo de coopera\u00e7\u00e3o com a China dentro dessa iniciativa.<\/p>\n<p>O embaixador do Reino Unido na China, Peter Wilson, afirmou que a realiza\u00e7\u00e3o das atividades de \u201cexportar para a China\u201d \u00e9 oportuna e representa um sinal importante da amplia\u00e7\u00e3o da abertura chinesa.<\/p>\n<p>Vale lembrar de que, em 2025, o PIB chin\u00eas ultrapassou 140 trilh\u00f5es de yuans, o valor total das vendas no varejo de bens de consumo atingiu 50 trilh\u00f5es de yuans e o total de importa\u00e7\u00f5es de mercadorias chegou a 18,48 trilh\u00f5es de yuans.<\/p>\n<p>Em um contexto de avan\u00e7o do protecionismo e do aumento das incertezas globais, a iniciativa \u201cexportar para a China\u201d contribuir\u00e1 para a constru\u00e7\u00e3o de uma economia mundial mais aberta e trar\u00e1 maior previsibilidade. A China \u00e9 hoje n\u00e3o apenas uma grande pot\u00eancia manufatureira, mas tamb\u00e9m um grande pa\u00eds consumidor.<\/p>\n","protected":false},"excerpt":{"rendered":"<p>Foi lan\u00e7ada no dia 4, em Beijing, a inciativa \u201cGrande mercado para todos: exportar para a China\u201d. A vice-presidente da Tesla, Tao Lin, participou do evento e disse que a iniciativa n\u00e3o apenas sinaliza a amplia\u00e7\u00e3o da abertura de alto&#8230;<\/p>\n","protected":false},"author":5,"featured_media":0,"comment_status":"open","ping_status":"open","sticky":false,"template":"","format":"standard","meta":{"footnotes":""},"categories":[3],"tags":[],"class_list":["post-10667","post","type-post","status-publish","format-standard","hentry","category-china"],"yoast_head":"<!-- This site is optimized with the Yoast SEO plugin v27.4 - https:\/\/yoast.com\/product\/yoast-seo-wordpress\/ -->\n<title>China lan\u00e7a mais uma grande inciativa para incentivar importa\u00e7\u00f5es - CRI e Diario de Pernambuco<\/title>\n<meta name=\"robots\" content=\"index, follow, max-snippet:-1, max-image-preview:large, max-video-preview:-1\" \/>\n<link rel=\"canonical\" href=\"https:\/\/diariodepe.com.br\/cri\/2026\/02\/24\/china-lanca-mais-uma-grande-inciativa-para-incentivar-importacoes\/\" \/>\n<meta property=\"og:locale\" content=\"pt_BR\" \/>\n<meta property=\"og:type\" content=\"article\" \/>\n<meta property=\"og:title\" content=\"China lan\u00e7a mais uma grande inciativa para incentivar importa\u00e7\u00f5es - CRI e Diario de Pernambuco\" \/>\n<meta property=\"og:description\" content=\"Foi lan\u00e7ada no dia 4, em Beijing, a inciativa \u201cGrande mercado para todos: exportar para a China\u201d. A vice-presidente da Tesla, Tao Lin, participou do evento e disse que a iniciativa n\u00e3o apenas sinaliza a amplia\u00e7\u00e3o da abertura de alto...\" \/>\n<meta property=\"og:url\" content=\"https:\/\/diariodepe.com.br\/cri\/2026\/02\/24\/china-lanca-mais-uma-grande-inciativa-para-incentivar-importacoes\/\" \/>\n<meta property=\"og:site_name\" content=\"CRI e Diario de Pernambuco\" \/>\n<meta property=\"article:published_time\" content=\"2026-02-24T07:36:44+00:00\" \/>\n<meta property=\"og:image\" content=\"https:\/\/38picres.cgtn.com\/photoAlbum\/page\/performance\/img\/2026\/2\/6\/1770367817231_334.png\" \/>\n<meta name=\"author\" content=\"CRI Portugu\u00eas\" \/>\n<meta name=\"twitter:card\" content=\"summary_large_image\" \/>\n<meta name=\"twitter:label1\" content=\"Escrito por\" \/>\n\t<meta name=\"twitter:data1\" content=\"CRI Portugu\u00eas\" \/>\n\t<meta name=\"twitter:label2\" content=\"Est. tempo de leitura\" \/>\n\t<meta name=\"twitter:data2\" content=\"3 minutos\" \/>\n<script type=\"application\/ld+json\" class=\"yoast-schema-graph\">{\"@context\":\"https:\\\/\\\/schema.org\",\"@graph\":[{\"@type\":\"Article\",\"@id\":\"https:\\\/\\\/diariodepe.com.br\\\/cri\\\/2026\\\/02\\\/24\\\/china-lanca-mais-uma-grande-inciativa-para-incentivar-importacoes\\\/#article\",\"isPartOf\":{\"@id\":\"https:\\\/\\\/diariodepe.com.br\\\/cri\\\/2026\\\/02\\\/24\\\/china-lanca-mais-uma-grande-inciativa-para-incentivar-importacoes\\\/\"},\"author\":{\"name\":\"CRI Portugu\u00eas\",\"@id\":\"https:\\\/\\\/diariodepe.com.br\\\/cri\\\/#\\\/schema\\\/person\\\/e474aead631cd4098632e11d3fbce118\"},\"headline\":\"China lan\u00e7a mais uma grande inciativa para incentivar importa\u00e7\u00f5es\",\"datePublished\":\"2026-02-24T07:36:44+00:00\",\"mainEntityOfPage\":{\"@id\":\"https:\\\/\\\/diariodepe.com.br\\\/cri\\\/2026\\\/02\\\/24\\\/china-lanca-mais-uma-grande-inciativa-para-incentivar-importacoes\\\/\"},\"wordCount\":464,\"commentCount\":0,\"publisher\":{\"@id\":\"https:\\\/\\\/diariodepe.com.br\\\/cri\\\/#organization\"},\"image\":{\"@id\":\"https:\\\/\\\/diariodepe.com.br\\\/cri\\\/2026\\\/02\\\/24\\\/china-lanca-mais-uma-grande-inciativa-para-incentivar-importacoes\\\/#primaryimage\"},\"thumbnailUrl\":\"https:\\\/\\\/38picres.cgtn.com\\\/photoAlbum\\\/page\\\/performance\\\/img\\\/2026\\\/2\\\/6\\\/1770367817231_334.png\",\"articleSection\":[\"China\"],\"inLanguage\":\"pt-BR\",\"potentialAction\":[{\"@type\":\"CommentAction\",\"name\":\"Comment\",\"target\":[\"https:\\\/\\\/diariodepe.com.br\\\/cri\\\/2026\\\/02\\\/24\\\/china-lanca-mais-uma-grande-inciativa-para-incentivar-importacoes\\\/#respond\"]}]},{\"@type\":\"WebPage\",\"@id\":\"https:\\\/\\\/diariodepe.com.br\\\/cri\\\/2026\\\/02\\\/24\\\/china-lanca-mais-uma-grande-inciativa-para-incentivar-importacoes\\\/\",\"url\":\"https:\\\/\\\/diariodepe.com.br\\\/cri\\\/2026\\\/02\\\/24\\\/china-lanca-mais-uma-grande-inciativa-para-incentivar-importacoes\\\/\",\"name\":\"China lan\u00e7a mais uma grande inciativa para incentivar importa\u00e7\u00f5es - CRI e Diario de Pernambuco\",\"isPartOf\":{\"@id\":\"https:\\\/\\\/diariodepe.com.br\\\/cri\\\/#website\"},\"primaryImageOfPage\":{\"@id\":\"https:\\\/\\\/diariodepe.com.br\\\/cri\\\/2026\\\/02\\\/24\\\/china-lanca-mais-uma-grande-inciativa-para-incentivar-importacoes\\\/#primaryimage\"},\"image\":{\"@id\":\"https:\\\/\\\/diariodepe.com.br\\\/cri\\\/2026\\\/02\\\/24\\\/china-lanca-mais-uma-grande-inciativa-para-incentivar-importacoes\\\/#primaryimage\"},\"thumbnailUrl\":\"https:\\\/\\\/38picres.cgtn.com\\\/photoAlbum\\\/page\\\/performance\\\/img\\\/2026\\\/2\\\/6\\\/1770367817231_334.png\",\"datePublished\":\"2026-02-24T07:36:44+00:00\",\"breadcrumb\":{\"@id\":\"https:\\\/\\\/diariodepe.com.br\\\/cri\\\/2026\\\/02\\\/24\\\/china-lanca-mais-uma-grande-inciativa-para-incentivar-importacoes\\\/#breadcrumb\"},\"inLanguage\":\"pt-BR\",\"potentialAction\":[{\"@type\":\"ReadAction\",\"target\":[\"https:\\\/\\\/diariodepe.com.br\\\/cri\\\/2026\\\/02\\\/24\\\/china-lanca-mais-uma-grande-inciativa-para-incentivar-importacoes\\\/\"]}]},{\"@type\":\"ImageObject\",\"inLanguage\":\"pt-BR\",\"@id\":\"https:\\\/\\\/diariodepe.com.br\\\/cri\\\/2026\\\/02\\\/24\\\/china-lanca-mais-uma-grande-inciativa-para-incentivar-importacoes\\\/#primaryimage\",\"url\":\"https:\\\/\\\/38picres.cgtn.com\\\/photoAlbum\\\/page\\\/performance\\\/img\\\/2026\\\/2\\\/6\\\/1770367817231_334.png\",\"contentUrl\":\"https:\\\/\\\/38picres.cgtn.com\\\/photoAlbum\\\/page\\\/performance\\\/img\\\/2026\\\/2\\\/6\\\/1770367817231_334.png\"},{\"@type\":\"BreadcrumbList\",\"@id\":\"https:\\\/\\\/diariodepe.com.br\\\/cri\\\/2026\\\/02\\\/24\\\/china-lanca-mais-uma-grande-inciativa-para-incentivar-importacoes\\\/#breadcrumb\",\"itemListElement\":[{\"@type\":\"ListItem\",\"position\":1,\"name\":\"In\u00edcio\",\"item\":\"https:\\\/\\\/diariodepe.com.br\\\/cri\\\/\"},{\"@type\":\"ListItem\",\"position\":2,\"name\":\"China lan\u00e7a mais uma grande inciativa para incentivar importa\u00e7\u00f5es\"}]},{\"@type\":\"WebSite\",\"@id\":\"https:\\\/\\\/diariodepe.com.br\\\/cri\\\/#website\",\"url\":\"https:\\\/\\\/diariodepe.com.br\\\/cri\\\/\",\"name\":\"CRI e Diario de Pernambuco\",\"description\":\"R\u00e1dio Internacional da China\",\"publisher\":{\"@id\":\"https:\\\/\\\/diariodepe.com.br\\\/cri\\\/#organization\"},\"potentialAction\":[{\"@type\":\"SearchAction\",\"target\":{\"@type\":\"EntryPoint\",\"urlTemplate\":\"https:\\\/\\\/diariodepe.com.br\\\/cri\\\/?s={search_term_string}\"},\"query-input\":{\"@type\":\"PropertyValueSpecification\",\"valueRequired\":true,\"valueName\":\"search_term_string\"}}],\"inLanguage\":\"pt-BR\"},{\"@type\":\"Organization\",\"@id\":\"https:\\\/\\\/diariodepe.com.br\\\/cri\\\/#organization\",\"name\":\"CRI e Diario de Pernambuco\",\"url\":\"https:\\\/\\\/diariodepe.com.br\\\/cri\\\/\",\"logo\":{\"@type\":\"ImageObject\",\"inLanguage\":\"pt-BR\",\"@id\":\"https:\\\/\\\/diariodepe.com.br\\\/cri\\\/#\\\/schema\\\/logo\\\/image\\\/\",\"url\":\"https:\\\/\\\/diariodepe.com.br\\\/cri\\\/wp-content\\\/uploads\\\/sites\\\/2\\\/2022\\\/12\\\/cropped-Logo.jpg\",\"contentUrl\":\"https:\\\/\\\/diariodepe.com.br\\\/cri\\\/wp-content\\\/uploads\\\/sites\\\/2\\\/2022\\\/12\\\/cropped-Logo.jpg\",\"width\":700,\"height\":59,\"caption\":\"CRI e Diario de Pernambuco\"},\"image\":{\"@id\":\"https:\\\/\\\/diariodepe.com.br\\\/cri\\\/#\\\/schema\\\/logo\\\/image\\\/\"}},{\"@type\":\"Person\",\"@id\":\"https:\\\/\\\/diariodepe.com.br\\\/cri\\\/#\\\/schema\\\/person\\\/e474aead631cd4098632e11d3fbce118\",\"name\":\"CRI Portugu\u00eas\",\"image\":{\"@type\":\"ImageObject\",\"inLanguage\":\"pt-BR\",\"@id\":\"https:\\\/\\\/secure.gravatar.com\\\/avatar\\\/e2ac889ef882d4dc53091b610766dce49106cf9fe98c76e06745abb0993b2763?s=96&d=mm&r=g\",\"url\":\"https:\\\/\\\/secure.gravatar.com\\\/avatar\\\/e2ac889ef882d4dc53091b610766dce49106cf9fe98c76e06745abb0993b2763?s=96&d=mm&r=g\",\"contentUrl\":\"https:\\\/\\\/secure.gravatar.com\\\/avatar\\\/e2ac889ef882d4dc53091b610766dce49106cf9fe98c76e06745abb0993b2763?s=96&d=mm&r=g\",\"caption\":\"CRI Portugu\u00eas\"},\"sameAs\":[\"https:\\\/\\\/www.diariodepernambuco.com.br\\\/\"],\"url\":\"https:\\\/\\\/diariodepe.com.br\\\/cri\\\/author\\\/agencia-cri\\\/\"}]}<\/script>\n<!-- \/ Yoast SEO plugin. -->","yoast_head_json":{"title":"China lan\u00e7a mais uma grande inciativa para incentivar importa\u00e7\u00f5es - CRI e Diario de Pernambuco","robots":{"index":"index","follow":"follow","max-snippet":"max-snippet:-1","max-image-preview":"max-image-preview:large","max-video-preview":"max-video-preview:-1"},"canonical":"https:\/\/diariodepe.com.br\/cri\/2026\/02\/24\/china-lanca-mais-uma-grande-inciativa-para-incentivar-importacoes\/","og_locale":"pt_BR","og_type":"article","og_title":"China lan\u00e7a mais uma grande inciativa para incentivar importa\u00e7\u00f5es - CRI e Diario de Pernambuco","og_description":"Foi lan\u00e7ada no dia 4, em Beijing, a inciativa \u201cGrande mercado para todos: exportar para a China\u201d. A vice-presidente da Tesla, Tao Lin, participou do evento e disse que a iniciativa n\u00e3o apenas sinaliza a amplia\u00e7\u00e3o da abertura de alto...","og_url":"https:\/\/diariodepe.com.br\/cri\/2026\/02\/24\/china-lanca-mais-uma-grande-inciativa-para-incentivar-importacoes\/","og_site_name":"CRI e Diario de Pernambuco","article_published_time":"2026-02-24T07:36:44+00:00","og_image":[{"url":"https:\/\/38picres.cgtn.com\/photoAlbum\/page\/performance\/img\/2026\/2\/6\/1770367817231_334.png","type":"","width":"","height":""}],"author":"CRI Portugu\u00eas","twitter_card":"summary_large_image","twitter_misc":{"Escrito por":"CRI Portugu\u00eas","Est. tempo de leitura":"3 minutos"},"schema":{"@context":"https:\/\/schema.org","@graph":[{"@type":"Article","@id":"https:\/\/diariodepe.com.br\/cri\/2026\/02\/24\/china-lanca-mais-uma-grande-inciativa-para-incentivar-importacoes\/#article","isPartOf":{"@id":"https:\/\/diariodepe.com.br\/cri\/2026\/02\/24\/china-lanca-mais-uma-grande-inciativa-para-incentivar-importacoes\/"},"author":{"name":"CRI Portugu\u00eas","@id":"https:\/\/diariodepe.com.br\/cri\/#\/schema\/person\/e474aead631cd4098632e11d3fbce118"},"headline":"China lan\u00e7a mais uma grande inciativa para incentivar importa\u00e7\u00f5es","datePublished":"2026-02-24T07:36:44+00:00","mainEntityOfPage":{"@id":"https:\/\/diariodepe.com.br\/cri\/2026\/02\/24\/china-lanca-mais-uma-grande-inciativa-para-incentivar-importacoes\/"},"wordCount":464,"commentCount":0,"publisher":{"@id":"https:\/\/diariodepe.com.br\/cri\/#organization"},"image":{"@id":"https:\/\/diariodepe.com.br\/cri\/2026\/02\/24\/china-lanca-mais-uma-grande-inciativa-para-incentivar-importacoes\/#primaryimage"},"thumbnailUrl":"https:\/\/38picres.cgtn.com\/photoAlbum\/page\/performance\/img\/2026\/2\/6\/1770367817231_334.png","articleSection":["China"],"inLanguage":"pt-BR","potentialAction":[{"@type":"CommentAction","name":"Comment","target":["https:\/\/diariodepe.com.br\/cri\/2026\/02\/24\/china-lanca-mais-uma-grande-inciativa-para-incentivar-importacoes\/#respond"]}]},{"@type":"WebPage","@id":"https:\/\/diariodepe.com.br\/cri\/2026\/02\/24\/china-lanca-mais-uma-grande-inciativa-para-incentivar-importacoes\/","url":"https:\/\/diariodepe.com.br\/cri\/2026\/02\/24\/china-lanca-mais-uma-grande-inciativa-para-incentivar-importacoes\/","name":"China lan\u00e7a mais uma grande inciativa para incentivar importa\u00e7\u00f5es - CRI e Diario de Pernambuco","isPartOf":{"@id":"https:\/\/diariodepe.com.br\/cri\/#website"},"primaryImageOfPage":{"@id":"https:\/\/diariodepe.com.br\/cri\/2026\/02\/24\/china-lanca-mais-uma-grande-inciativa-para-incentivar-importacoes\/#primaryimage"},"image":{"@id":"https:\/\/diariodepe.com.br\/cri\/2026\/02\/24\/china-lanca-mais-uma-grande-inciativa-para-incentivar-importacoes\/#primaryimage"},"thumbnailUrl":"https:\/\/38picres.cgtn.com\/photoAlbum\/page\/performance\/img\/2026\/2\/6\/1770367817231_334.png","datePublished":"2026-02-24T07:36:44+00:00","breadcrumb":{"@id":"https:\/\/diariodepe.com.br\/cri\/2026\/02\/24\/china-lanca-mais-uma-grande-inciativa-para-incentivar-importacoes\/#breadcrumb"},"inLanguage":"pt-BR","potentialAction":[{"@type":"ReadAction","target":["https:\/\/diariodepe.com.br\/cri\/2026\/02\/24\/china-lanca-mais-uma-grande-inciativa-para-incentivar-importacoes\/"]}]},{"@type":"ImageObject","inLanguage":"pt-BR","@id":"https:\/\/diariodepe.com.br\/cri\/2026\/02\/24\/china-lanca-mais-uma-grande-inciativa-para-incentivar-importacoes\/#primaryimage","url":"https:\/\/38picres.cgtn.com\/photoAlbum\/page\/performance\/img\/2026\/2\/6\/1770367817231_334.png","contentUrl":"https:\/\/38picres.cgtn.com\/photoAlbum\/page\/performance\/img\/2026\/2\/6\/1770367817231_334.png"},{"@type":"BreadcrumbList","@id":"https:\/\/diariodepe.com.br\/cri\/2026\/02\/24\/china-lanca-mais-uma-grande-inciativa-para-incentivar-importacoes\/#breadcrumb","itemListElement":[{"@type":"ListItem","position":1,"name":"In\u00edcio","item":"https:\/\/diariodepe.com.br\/cri\/"},{"@type":"ListItem","position":2,"name":"China lan\u00e7a mais uma grande inciativa para incentivar importa\u00e7\u00f5es"}]},{"@type":"WebSite","@id":"https:\/\/diariodepe.com.br\/cri\/#website","url":"https:\/\/diariodepe.com.br\/cri\/","name":"CRI e Diario de Pernambuco","description":"R\u00e1dio Internacional da China","publisher":{"@id":"https:\/\/diariodepe.com.br\/cri\/#organization"},"potentialAction":[{"@type":"SearchAction","target":{"@type":"EntryPoint","urlTemplate":"https:\/\/diariodepe.com.br\/cri\/?s={search_term_string}"},"query-input":{"@type":"PropertyValueSpecification","valueRequired":true,"valueName":"search_term_string"}}],"inLanguage":"pt-BR"},{"@type":"Organization","@id":"https:\/\/diariodepe.com.br\/cri\/#organization","name":"CRI e Diario de Pernambuco","url":"https:\/\/diariodepe.com.br\/cri\/","logo":{"@type":"ImageObject","inLanguage":"pt-BR","@id":"https:\/\/diariodepe.com.br\/cri\/#\/schema\/logo\/image\/","url":"https:\/\/diariodepe.com.br\/cri\/wp-content\/uploads\/sites\/2\/2022\/12\/cropped-Logo.jpg","contentUrl":"https:\/\/diariodepe.com.br\/cri\/wp-content\/uploads\/sites\/2\/2022\/12\/cropped-Logo.jpg","width":700,"height":59,"caption":"CRI e Diario de Pernambuco"},"image":{"@id":"https:\/\/diariodepe.com.br\/cri\/#\/schema\/logo\/image\/"}},{"@type":"Person","@id":"https:\/\/diariodepe.com.br\/cri\/#\/schema\/person\/e474aead631cd4098632e11d3fbce118","name":"CRI Portugu\u00eas","image":{"@type":"ImageObject","inLanguage":"pt-BR","@id":"https:\/\/secure.gravatar.com\/avatar\/e2ac889ef882d4dc53091b610766dce49106cf9fe98c76e06745abb0993b2763?s=96&d=mm&r=g","url":"https:\/\/secure.gravatar.com\/avatar\/e2ac889ef882d4dc53091b610766dce49106cf9fe98c76e06745abb0993b2763?s=96&d=mm&r=g","contentUrl":"https:\/\/secure.gravatar.com\/avatar\/e2ac889ef882d4dc53091b610766dce49106cf9fe98c76e06745abb0993b2763?s=96&d=mm&r=g","caption":"CRI Portugu\u00eas"},"sameAs":["https:\/\/www.diariodepernambuco.com.br\/"],"url":"https:\/\/diariodepe.com.br\/cri\/author\/agencia-cri\/"}]}},"cc_featured_image_caption":{"caption_text":"","source_text":"","source_url":""},"amp_enabled":true,"_links":{"self":[{"href":"https:\/\/diariodepe.com.br\/cri\/wp-json\/wp\/v2\/posts\/10667","targetHints":{"allow":["GET"]}}],"collection":[{"href":"https:\/\/diariodepe.com.br\/cri\/wp-json\/wp\/v2\/posts"}],"about":[{"href":"https:\/\/diariodepe.com.br\/cri\/wp-json\/wp\/v2\/types\/post"}],"author":[{"embeddable":true,"href":"https:\/\/diariodepe.com.br\/cri\/wp-json\/wp\/v2\/users\/5"}],"replies":[{"embeddable":true,"href":"https:\/\/diariodepe.com.br\/cri\/wp-json\/wp\/v2\/comments?post=10667"}],"version-history":[{"count":1,"href":"https:\/\/diariodepe.com.br\/cri\/wp-json\/wp\/v2\/posts\/10667\/revisions"}],"predecessor-version":[{"id":10668,"href":"https:\/\/diariodepe.com.br\/cri\/wp-json\/wp\/v2\/posts\/10667\/revisions\/10668"}],"wp:attachment":[{"href":"https:\/\/diariodepe.com.br\/cri\/wp-json\/wp\/v2\/media?parent=10667"}],"wp:term":[{"taxonomy":"category","embeddable":true,"href":"https:\/\/diariodepe.com.br\/cri\/wp-json\/wp\/v2\/categories?post=10667"},{"taxonomy":"post_tag","embeddable":true,"href":"https:\/\/diariodepe.com.br\/cri\/wp-json\/wp\/v2\/tags?post=10667"}],"curies":[{"name":"wp","href":"https:\/\/api.w.org\/{rel}","templated":true}]}}