{"id":10659,"date":"2026-02-24T04:34:16","date_gmt":"2026-02-24T07:34:16","guid":{"rendered":"https:\/\/diariodepe.com.br\/cri\/?p=10659"},"modified":"2026-02-24T04:34:16","modified_gmt":"2026-02-24T07:34:16","slug":"china-e-laos-anunciam-lancamento-do-ano-da-amizade-china-laos","status":"publish","type":"post","link":"https:\/\/diariodepe.com.br\/cri\/2026\/02\/24\/china-e-laos-anunciam-lancamento-do-ano-da-amizade-china-laos\/","title":{"rendered":"China e Laos anunciam lan\u00e7amento do \u201cAno da Amizade China-Laos\u201d"},"content":{"rendered":"<p>O secret\u00e1rio-geral do Comit\u00ea Central do Partido Comunista da China (PCCh) e presidente da China, Xi Jinping, respondeu nesta quinta-feira (5) a uma carta do presidente do Laos, Thongloun Sisoulith, anunciando conjuntamente que 2026 ser\u00e1 designado como o \u201cAno da Amizade China-Laos\u201d.<\/p>\n<p>Xi Jinping destacou que a China e o Laos s\u00e3o bons vizinhos, amigos, camaradas e parceiros que compartilham os mesmos ideais e um mesmo futuro. Nos \u00faltimos anos, os dois pa\u00edses t\u00eam buscado o desenvolvimento por meio do benef\u00edcio m\u00fatuo e da coopera\u00e7\u00e3o vantajosa para ambos, t\u00eam enfrentado desafios com solidariedade e colabora\u00e7\u00e3o e t\u00eam apoiado firmemente um ao outro em quest\u00f5es que envolvem os interesses fundamentais, produzindo benef\u00edcios tang\u00edveis para seus povos.<\/p>\n<p>Xi Jinping enfatizou que as rela\u00e7\u00f5es China-Laos est\u00e3o em seu melhor momento hist\u00f3rico e abrem amplas perspectivas de desenvolvimento. A China sempre v\u00ea as rela\u00e7\u00f5es China-Laos sob uma perspectiva estrat\u00e9gica e de longo prazo e est\u00e1 disposta a trabalhar com o Laos para aproveitar o 65\u00ba anivers\u00e1rio do estabelecimento das rela\u00e7\u00f5es diplom\u00e1ticas e o \u201cAno da Amizade China-Laos\u201d como uma oportunidade para dar continuidade \u00e0 amizade tradicional, aprofundar a coopera\u00e7\u00e3o pragm\u00e1tica, fortalecer a coordena\u00e7\u00e3o estrat\u00e9gica e promover a constru\u00e7\u00e3o de uma comunidade China-Laos com um futuro compartilhado.<\/p>\n","protected":false},"excerpt":{"rendered":"<p>O secret\u00e1rio-geral do Comit\u00ea Central do Partido Comunista da China (PCCh) e presidente da China, Xi Jinping, respondeu nesta quinta-feira (5) a uma carta do presidente do Laos, Thongloun Sisoulith, anunciando conjuntamente que 2026 ser\u00e1 designado como o \u201cAno da&#8230;<\/p>\n","protected":false},"author":5,"featured_media":0,"comment_status":"open","ping_status":"open","sticky":false,"template":"","format":"standard","meta":{"footnotes":""},"categories":[3],"tags":[],"class_list":["post-10659","post","type-post","status-publish","format-standard","hentry","category-china"],"yoast_head":"<!-- This site is optimized with the Yoast SEO plugin v27.4 - https:\/\/yoast.com\/product\/yoast-seo-wordpress\/ -->\n<title>China e Laos anunciam lan\u00e7amento do \u201cAno da Amizade China-Laos\u201d - CRI e Diario de Pernambuco<\/title>\n<meta name=\"robots\" content=\"index, follow, max-snippet:-1, max-image-preview:large, max-video-preview:-1\" \/>\n<link rel=\"canonical\" href=\"https:\/\/diariodepe.com.br\/cri\/2026\/02\/24\/china-e-laos-anunciam-lancamento-do-ano-da-amizade-china-laos\/\" \/>\n<meta property=\"og:locale\" content=\"pt_BR\" \/>\n<meta property=\"og:type\" content=\"article\" \/>\n<meta property=\"og:title\" content=\"China e Laos anunciam lan\u00e7amento do \u201cAno da Amizade China-Laos\u201d - CRI e Diario de Pernambuco\" \/>\n<meta property=\"og:description\" content=\"O secret\u00e1rio-geral do Comit\u00ea Central do Partido Comunista da China (PCCh) e presidente da China, Xi Jinping, respondeu nesta quinta-feira (5) a uma carta do presidente do Laos, Thongloun Sisoulith, anunciando conjuntamente que 2026 ser\u00e1 designado como o \u201cAno da...\" \/>\n<meta property=\"og:url\" content=\"https:\/\/diariodepe.com.br\/cri\/2026\/02\/24\/china-e-laos-anunciam-lancamento-do-ano-da-amizade-china-laos\/\" \/>\n<meta property=\"og:site_name\" content=\"CRI e Diario de Pernambuco\" \/>\n<meta property=\"article:published_time\" content=\"2026-02-24T07:34:16+00:00\" \/>\n<meta name=\"author\" content=\"CRI Portugu\u00eas\" \/>\n<meta name=\"twitter:card\" content=\"summary_large_image\" \/>\n<meta name=\"twitter:label1\" content=\"Escrito por\" \/>\n\t<meta name=\"twitter:data1\" content=\"CRI Portugu\u00eas\" \/>\n\t<meta name=\"twitter:label2\" content=\"Est. tempo de leitura\" \/>\n\t<meta name=\"twitter:data2\" content=\"2 minutos\" \/>\n<script type=\"application\/ld+json\" class=\"yoast-schema-graph\">{\"@context\":\"https:\\\/\\\/schema.org\",\"@graph\":[{\"@type\":\"Article\",\"@id\":\"https:\\\/\\\/diariodepe.com.br\\\/cri\\\/2026\\\/02\\\/24\\\/china-e-laos-anunciam-lancamento-do-ano-da-amizade-china-laos\\\/#article\",\"isPartOf\":{\"@id\":\"https:\\\/\\\/diariodepe.com.br\\\/cri\\\/2026\\\/02\\\/24\\\/china-e-laos-anunciam-lancamento-do-ano-da-amizade-china-laos\\\/\"},\"author\":{\"name\":\"CRI Portugu\u00eas\",\"@id\":\"https:\\\/\\\/diariodepe.com.br\\\/cri\\\/#\\\/schema\\\/person\\\/e474aead631cd4098632e11d3fbce118\"},\"headline\":\"China e Laos anunciam lan\u00e7amento do \u201cAno da Amizade China-Laos\u201d\",\"datePublished\":\"2026-02-24T07:34:16+00:00\",\"mainEntityOfPage\":{\"@id\":\"https:\\\/\\\/diariodepe.com.br\\\/cri\\\/2026\\\/02\\\/24\\\/china-e-laos-anunciam-lancamento-do-ano-da-amizade-china-laos\\\/\"},\"wordCount\":235,\"commentCount\":0,\"publisher\":{\"@id\":\"https:\\\/\\\/diariodepe.com.br\\\/cri\\\/#organization\"},\"articleSection\":[\"China\"],\"inLanguage\":\"pt-BR\",\"potentialAction\":[{\"@type\":\"CommentAction\",\"name\":\"Comment\",\"target\":[\"https:\\\/\\\/diariodepe.com.br\\\/cri\\\/2026\\\/02\\\/24\\\/china-e-laos-anunciam-lancamento-do-ano-da-amizade-china-laos\\\/#respond\"]}]},{\"@type\":\"WebPage\",\"@id\":\"https:\\\/\\\/diariodepe.com.br\\\/cri\\\/2026\\\/02\\\/24\\\/china-e-laos-anunciam-lancamento-do-ano-da-amizade-china-laos\\\/\",\"url\":\"https:\\\/\\\/diariodepe.com.br\\\/cri\\\/2026\\\/02\\\/24\\\/china-e-laos-anunciam-lancamento-do-ano-da-amizade-china-laos\\\/\",\"name\":\"China e Laos anunciam lan\u00e7amento do \u201cAno da Amizade China-Laos\u201d - CRI e Diario de Pernambuco\",\"isPartOf\":{\"@id\":\"https:\\\/\\\/diariodepe.com.br\\\/cri\\\/#website\"},\"datePublished\":\"2026-02-24T07:34:16+00:00\",\"breadcrumb\":{\"@id\":\"https:\\\/\\\/diariodepe.com.br\\\/cri\\\/2026\\\/02\\\/24\\\/china-e-laos-anunciam-lancamento-do-ano-da-amizade-china-laos\\\/#breadcrumb\"},\"inLanguage\":\"pt-BR\",\"potentialAction\":[{\"@type\":\"ReadAction\",\"target\":[\"https:\\\/\\\/diariodepe.com.br\\\/cri\\\/2026\\\/02\\\/24\\\/china-e-laos-anunciam-lancamento-do-ano-da-amizade-china-laos\\\/\"]}]},{\"@type\":\"BreadcrumbList\",\"@id\":\"https:\\\/\\\/diariodepe.com.br\\\/cri\\\/2026\\\/02\\\/24\\\/china-e-laos-anunciam-lancamento-do-ano-da-amizade-china-laos\\\/#breadcrumb\",\"itemListElement\":[{\"@type\":\"ListItem\",\"position\":1,\"name\":\"In\u00edcio\",\"item\":\"https:\\\/\\\/diariodepe.com.br\\\/cri\\\/\"},{\"@type\":\"ListItem\",\"position\":2,\"name\":\"China e Laos anunciam lan\u00e7amento do \u201cAno da Amizade China-Laos\u201d\"}]},{\"@type\":\"WebSite\",\"@id\":\"https:\\\/\\\/diariodepe.com.br\\\/cri\\\/#website\",\"url\":\"https:\\\/\\\/diariodepe.com.br\\\/cri\\\/\",\"name\":\"CRI e Diario de Pernambuco\",\"description\":\"R\u00e1dio Internacional da China\",\"publisher\":{\"@id\":\"https:\\\/\\\/diariodepe.com.br\\\/cri\\\/#organization\"},\"potentialAction\":[{\"@type\":\"SearchAction\",\"target\":{\"@type\":\"EntryPoint\",\"urlTemplate\":\"https:\\\/\\\/diariodepe.com.br\\\/cri\\\/?s={search_term_string}\"},\"query-input\":{\"@type\":\"PropertyValueSpecification\",\"valueRequired\":true,\"valueName\":\"search_term_string\"}}],\"inLanguage\":\"pt-BR\"},{\"@type\":\"Organization\",\"@id\":\"https:\\\/\\\/diariodepe.com.br\\\/cri\\\/#organization\",\"name\":\"CRI e Diario de Pernambuco\",\"url\":\"https:\\\/\\\/diariodepe.com.br\\\/cri\\\/\",\"logo\":{\"@type\":\"ImageObject\",\"inLanguage\":\"pt-BR\",\"@id\":\"https:\\\/\\\/diariodepe.com.br\\\/cri\\\/#\\\/schema\\\/logo\\\/image\\\/\",\"url\":\"https:\\\/\\\/diariodepe.com.br\\\/cri\\\/wp-content\\\/uploads\\\/sites\\\/2\\\/2022\\\/12\\\/cropped-Logo.jpg\",\"contentUrl\":\"https:\\\/\\\/diariodepe.com.br\\\/cri\\\/wp-content\\\/uploads\\\/sites\\\/2\\\/2022\\\/12\\\/cropped-Logo.jpg\",\"width\":700,\"height\":59,\"caption\":\"CRI e Diario de Pernambuco\"},\"image\":{\"@id\":\"https:\\\/\\\/diariodepe.com.br\\\/cri\\\/#\\\/schema\\\/logo\\\/image\\\/\"}},{\"@type\":\"Person\",\"@id\":\"https:\\\/\\\/diariodepe.com.br\\\/cri\\\/#\\\/schema\\\/person\\\/e474aead631cd4098632e11d3fbce118\",\"name\":\"CRI Portugu\u00eas\",\"image\":{\"@type\":\"ImageObject\",\"inLanguage\":\"pt-BR\",\"@id\":\"https:\\\/\\\/secure.gravatar.com\\\/avatar\\\/e2ac889ef882d4dc53091b610766dce49106cf9fe98c76e06745abb0993b2763?s=96&d=mm&r=g\",\"url\":\"https:\\\/\\\/secure.gravatar.com\\\/avatar\\\/e2ac889ef882d4dc53091b610766dce49106cf9fe98c76e06745abb0993b2763?s=96&d=mm&r=g\",\"contentUrl\":\"https:\\\/\\\/secure.gravatar.com\\\/avatar\\\/e2ac889ef882d4dc53091b610766dce49106cf9fe98c76e06745abb0993b2763?s=96&d=mm&r=g\",\"caption\":\"CRI Portugu\u00eas\"},\"sameAs\":[\"https:\\\/\\\/www.diariodepernambuco.com.br\\\/\"],\"url\":\"https:\\\/\\\/diariodepe.com.br\\\/cri\\\/author\\\/agencia-cri\\\/\"}]}<\/script>\n<!-- \/ Yoast SEO plugin. -->","yoast_head_json":{"title":"China e Laos anunciam lan\u00e7amento do \u201cAno da Amizade China-Laos\u201d - CRI e Diario de Pernambuco","robots":{"index":"index","follow":"follow","max-snippet":"max-snippet:-1","max-image-preview":"max-image-preview:large","max-video-preview":"max-video-preview:-1"},"canonical":"https:\/\/diariodepe.com.br\/cri\/2026\/02\/24\/china-e-laos-anunciam-lancamento-do-ano-da-amizade-china-laos\/","og_locale":"pt_BR","og_type":"article","og_title":"China e Laos anunciam lan\u00e7amento do \u201cAno da Amizade China-Laos\u201d - CRI e Diario de Pernambuco","og_description":"O secret\u00e1rio-geral do Comit\u00ea Central do Partido Comunista da China (PCCh) e presidente da China, Xi Jinping, respondeu nesta quinta-feira (5) a uma carta do presidente do Laos, Thongloun Sisoulith, anunciando conjuntamente que 2026 ser\u00e1 designado como o \u201cAno da...","og_url":"https:\/\/diariodepe.com.br\/cri\/2026\/02\/24\/china-e-laos-anunciam-lancamento-do-ano-da-amizade-china-laos\/","og_site_name":"CRI e Diario de Pernambuco","article_published_time":"2026-02-24T07:34:16+00:00","author":"CRI Portugu\u00eas","twitter_card":"summary_large_image","twitter_misc":{"Escrito por":"CRI Portugu\u00eas","Est. tempo de leitura":"2 minutos"},"schema":{"@context":"https:\/\/schema.org","@graph":[{"@type":"Article","@id":"https:\/\/diariodepe.com.br\/cri\/2026\/02\/24\/china-e-laos-anunciam-lancamento-do-ano-da-amizade-china-laos\/#article","isPartOf":{"@id":"https:\/\/diariodepe.com.br\/cri\/2026\/02\/24\/china-e-laos-anunciam-lancamento-do-ano-da-amizade-china-laos\/"},"author":{"name":"CRI Portugu\u00eas","@id":"https:\/\/diariodepe.com.br\/cri\/#\/schema\/person\/e474aead631cd4098632e11d3fbce118"},"headline":"China e Laos anunciam lan\u00e7amento do \u201cAno da Amizade China-Laos\u201d","datePublished":"2026-02-24T07:34:16+00:00","mainEntityOfPage":{"@id":"https:\/\/diariodepe.com.br\/cri\/2026\/02\/24\/china-e-laos-anunciam-lancamento-do-ano-da-amizade-china-laos\/"},"wordCount":235,"commentCount":0,"publisher":{"@id":"https:\/\/diariodepe.com.br\/cri\/#organization"},"articleSection":["China"],"inLanguage":"pt-BR","potentialAction":[{"@type":"CommentAction","name":"Comment","target":["https:\/\/diariodepe.com.br\/cri\/2026\/02\/24\/china-e-laos-anunciam-lancamento-do-ano-da-amizade-china-laos\/#respond"]}]},{"@type":"WebPage","@id":"https:\/\/diariodepe.com.br\/cri\/2026\/02\/24\/china-e-laos-anunciam-lancamento-do-ano-da-amizade-china-laos\/","url":"https:\/\/diariodepe.com.br\/cri\/2026\/02\/24\/china-e-laos-anunciam-lancamento-do-ano-da-amizade-china-laos\/","name":"China e Laos anunciam lan\u00e7amento do \u201cAno da Amizade China-Laos\u201d - CRI e Diario de Pernambuco","isPartOf":{"@id":"https:\/\/diariodepe.com.br\/cri\/#website"},"datePublished":"2026-02-24T07:34:16+00:00","breadcrumb":{"@id":"https:\/\/diariodepe.com.br\/cri\/2026\/02\/24\/china-e-laos-anunciam-lancamento-do-ano-da-amizade-china-laos\/#breadcrumb"},"inLanguage":"pt-BR","potentialAction":[{"@type":"ReadAction","target":["https:\/\/diariodepe.com.br\/cri\/2026\/02\/24\/china-e-laos-anunciam-lancamento-do-ano-da-amizade-china-laos\/"]}]},{"@type":"BreadcrumbList","@id":"https:\/\/diariodepe.com.br\/cri\/2026\/02\/24\/china-e-laos-anunciam-lancamento-do-ano-da-amizade-china-laos\/#breadcrumb","itemListElement":[{"@type":"ListItem","position":1,"name":"In\u00edcio","item":"https:\/\/diariodepe.com.br\/cri\/"},{"@type":"ListItem","position":2,"name":"China e Laos anunciam lan\u00e7amento do \u201cAno da Amizade China-Laos\u201d"}]},{"@type":"WebSite","@id":"https:\/\/diariodepe.com.br\/cri\/#website","url":"https:\/\/diariodepe.com.br\/cri\/","name":"CRI e Diario de Pernambuco","description":"R\u00e1dio Internacional da China","publisher":{"@id":"https:\/\/diariodepe.com.br\/cri\/#organization"},"potentialAction":[{"@type":"SearchAction","target":{"@type":"EntryPoint","urlTemplate":"https:\/\/diariodepe.com.br\/cri\/?s={search_term_string}"},"query-input":{"@type":"PropertyValueSpecification","valueRequired":true,"valueName":"search_term_string"}}],"inLanguage":"pt-BR"},{"@type":"Organization","@id":"https:\/\/diariodepe.com.br\/cri\/#organization","name":"CRI e Diario de Pernambuco","url":"https:\/\/diariodepe.com.br\/cri\/","logo":{"@type":"ImageObject","inLanguage":"pt-BR","@id":"https:\/\/diariodepe.com.br\/cri\/#\/schema\/logo\/image\/","url":"https:\/\/diariodepe.com.br\/cri\/wp-content\/uploads\/sites\/2\/2022\/12\/cropped-Logo.jpg","contentUrl":"https:\/\/diariodepe.com.br\/cri\/wp-content\/uploads\/sites\/2\/2022\/12\/cropped-Logo.jpg","width":700,"height":59,"caption":"CRI e Diario de Pernambuco"},"image":{"@id":"https:\/\/diariodepe.com.br\/cri\/#\/schema\/logo\/image\/"}},{"@type":"Person","@id":"https:\/\/diariodepe.com.br\/cri\/#\/schema\/person\/e474aead631cd4098632e11d3fbce118","name":"CRI Portugu\u00eas","image":{"@type":"ImageObject","inLanguage":"pt-BR","@id":"https:\/\/secure.gravatar.com\/avatar\/e2ac889ef882d4dc53091b610766dce49106cf9fe98c76e06745abb0993b2763?s=96&d=mm&r=g","url":"https:\/\/secure.gravatar.com\/avatar\/e2ac889ef882d4dc53091b610766dce49106cf9fe98c76e06745abb0993b2763?s=96&d=mm&r=g","contentUrl":"https:\/\/secure.gravatar.com\/avatar\/e2ac889ef882d4dc53091b610766dce49106cf9fe98c76e06745abb0993b2763?s=96&d=mm&r=g","caption":"CRI Portugu\u00eas"},"sameAs":["https:\/\/www.diariodepernambuco.com.br\/"],"url":"https:\/\/diariodepe.com.br\/cri\/author\/agencia-cri\/"}]}},"cc_featured_image_caption":{"caption_text":"","source_text":"","source_url":""},"amp_enabled":true,"_links":{"self":[{"href":"https:\/\/diariodepe.com.br\/cri\/wp-json\/wp\/v2\/posts\/10659","targetHints":{"allow":["GET"]}}],"collection":[{"href":"https:\/\/diariodepe.com.br\/cri\/wp-json\/wp\/v2\/posts"}],"about":[{"href":"https:\/\/diariodepe.com.br\/cri\/wp-json\/wp\/v2\/types\/post"}],"author":[{"embeddable":true,"href":"https:\/\/diariodepe.com.br\/cri\/wp-json\/wp\/v2\/users\/5"}],"replies":[{"embeddable":true,"href":"https:\/\/diariodepe.com.br\/cri\/wp-json\/wp\/v2\/comments?post=10659"}],"version-history":[{"count":1,"href":"https:\/\/diariodepe.com.br\/cri\/wp-json\/wp\/v2\/posts\/10659\/revisions"}],"predecessor-version":[{"id":10660,"href":"https:\/\/diariodepe.com.br\/cri\/wp-json\/wp\/v2\/posts\/10659\/revisions\/10660"}],"wp:attachment":[{"href":"https:\/\/diariodepe.com.br\/cri\/wp-json\/wp\/v2\/media?parent=10659"}],"wp:term":[{"taxonomy":"category","embeddable":true,"href":"https:\/\/diariodepe.com.br\/cri\/wp-json\/wp\/v2\/categories?post=10659"},{"taxonomy":"post_tag","embeddable":true,"href":"https:\/\/diariodepe.com.br\/cri\/wp-json\/wp\/v2\/tags?post=10659"}],"curies":[{"name":"wp","href":"https:\/\/api.w.org\/{rel}","templated":true}]}}