{"id":10653,"date":"2026-02-24T04:29:40","date_gmt":"2026-02-24T07:29:40","guid":{"rendered":"https:\/\/diariodepe.com.br\/cri\/?p=10653"},"modified":"2026-02-24T04:29:40","modified_gmt":"2026-02-24T07:29:40","slug":"xi-jinping-se-reune-com-enviado-especial-do-secretario-geral-do-partido-comunista-do-vietna-em-beijing","status":"publish","type":"post","link":"https:\/\/diariodepe.com.br\/cri\/2026\/02\/24\/xi-jinping-se-reune-com-enviado-especial-do-secretario-geral-do-partido-comunista-do-vietna-em-beijing\/","title":{"rendered":"Xi Jinping se re\u00fane com enviado especial do secret\u00e1rio-geral do Partido Comunista do Vietn\u00e3 em Beijing"},"content":{"rendered":"<p>Na tarde de 4 de fevereiro, o secret\u00e1rio-geral do Comit\u00ea Central do Partido Comunista da China (PCCh) e presidente chin\u00eas, Xi Jinping, recebeu em Beijing o membro do Bir\u00f4 Pol\u00edtico do Comit\u00ea Central do Partido Comunista do Vietn\u00e3 (PCV) e ministro das Rela\u00e7\u00f5es Exteriores do Vietn\u00e3, Le Hoai Trung, que estava na China em visita como enviado especial do secret\u00e1rio-geral do Comit\u00ea Central do PCV, To Lam.<\/p>\n<p>Xi Jinping ressaltou que a pr\u00e1tica consistente dos dois partidos de informar-se mutuamente sobre suas grandes agendas pol\u00edticas reflete a amizade especial de &#8220;camaradas e irm\u00e3os&#8221; e a elevada confian\u00e7a pol\u00edtica entre a China e o Vietn\u00e3.<\/p>\n<p>O l\u00edder chin\u00eas enfatizou que o avan\u00e7o din\u00e2mico da causa socialista nos dois pa\u00edses demonstra ao mundo a vitalidade desse sistema. A China sempre atribuiu alta prioridade ao desenvolvimento das rela\u00e7\u00f5es com o Vietn\u00e3 e est\u00e1 disposta a trabalhar com o lado vietnamita para assegurar firmemente o futuro do socialismo, implementar os consensos de alto n\u00edvel, aprofundar os interc\u00e2mbios em todos os n\u00edveis e a coopera\u00e7\u00e3o em diversas \u00e1reas, e promover, conjuntamente e de forma decidida, a constru\u00e7\u00e3o da comunidade China-Vietn\u00e3 com um futuro compartilhado.<\/p>\n<p>Le Hoai Trung afirmou que o Vietn\u00e3 sempre considera o fortalecimento e desenvolvimento das rela\u00e7\u00f5es com a China como a principal prioridade de sua pol\u00edtica externa, avan\u00e7ando lado a lado com a vizinha na nova jornada de desenvolvimento, guiada pelos importantes consensos alcan\u00e7ados pelos l\u00edderes dos dois pa\u00edses, a fim de elevar as rela\u00e7\u00f5es sino-vietnamitas a um novo patamar e beneficiar ainda mais os dois povos.<\/p>\n","protected":false},"excerpt":{"rendered":"<p>Na tarde de 4 de fevereiro, o secret\u00e1rio-geral do Comit\u00ea Central do Partido Comunista da China (PCCh) e presidente chin\u00eas, Xi Jinping, recebeu em Beijing o membro do Bir\u00f4 Pol\u00edtico do Comit\u00ea Central do Partido Comunista do Vietn\u00e3 (PCV) e&#8230;<\/p>\n","protected":false},"author":5,"featured_media":0,"comment_status":"open","ping_status":"open","sticky":false,"template":"","format":"standard","meta":{"footnotes":""},"categories":[3],"tags":[],"class_list":["post-10653","post","type-post","status-publish","format-standard","hentry","category-china"],"yoast_head":"<!-- This site is optimized with the Yoast SEO plugin v27.4 - https:\/\/yoast.com\/product\/yoast-seo-wordpress\/ -->\n<title>Xi Jinping se re\u00fane com enviado especial do secret\u00e1rio-geral do Partido Comunista do Vietn\u00e3 em Beijing - CRI e Diario de Pernambuco<\/title>\n<meta name=\"robots\" content=\"index, follow, max-snippet:-1, max-image-preview:large, max-video-preview:-1\" \/>\n<link rel=\"canonical\" href=\"https:\/\/diariodepe.com.br\/cri\/2026\/02\/24\/xi-jinping-se-reune-com-enviado-especial-do-secretario-geral-do-partido-comunista-do-vietna-em-beijing\/\" \/>\n<meta property=\"og:locale\" content=\"pt_BR\" \/>\n<meta property=\"og:type\" content=\"article\" \/>\n<meta property=\"og:title\" content=\"Xi Jinping se re\u00fane com enviado especial do secret\u00e1rio-geral do Partido Comunista do Vietn\u00e3 em Beijing - CRI e Diario de Pernambuco\" \/>\n<meta property=\"og:description\" content=\"Na tarde de 4 de fevereiro, o secret\u00e1rio-geral do Comit\u00ea Central do Partido Comunista da China (PCCh) e presidente chin\u00eas, Xi Jinping, recebeu em Beijing o membro do Bir\u00f4 Pol\u00edtico do Comit\u00ea Central do Partido Comunista do Vietn\u00e3 (PCV) e...\" \/>\n<meta property=\"og:url\" content=\"https:\/\/diariodepe.com.br\/cri\/2026\/02\/24\/xi-jinping-se-reune-com-enviado-especial-do-secretario-geral-do-partido-comunista-do-vietna-em-beijing\/\" \/>\n<meta property=\"og:site_name\" content=\"CRI e Diario de Pernambuco\" \/>\n<meta property=\"article:published_time\" content=\"2026-02-24T07:29:40+00:00\" \/>\n<meta name=\"author\" content=\"CRI Portugu\u00eas\" \/>\n<meta name=\"twitter:card\" content=\"summary_large_image\" \/>\n<meta name=\"twitter:label1\" content=\"Escrito por\" \/>\n\t<meta name=\"twitter:data1\" content=\"CRI Portugu\u00eas\" \/>\n\t<meta name=\"twitter:label2\" content=\"Est. tempo de leitura\" \/>\n\t<meta name=\"twitter:data2\" content=\"2 minutos\" \/>\n<script type=\"application\/ld+json\" class=\"yoast-schema-graph\">{\"@context\":\"https:\\\/\\\/schema.org\",\"@graph\":[{\"@type\":\"Article\",\"@id\":\"https:\\\/\\\/diariodepe.com.br\\\/cri\\\/2026\\\/02\\\/24\\\/xi-jinping-se-reune-com-enviado-especial-do-secretario-geral-do-partido-comunista-do-vietna-em-beijing\\\/#article\",\"isPartOf\":{\"@id\":\"https:\\\/\\\/diariodepe.com.br\\\/cri\\\/2026\\\/02\\\/24\\\/xi-jinping-se-reune-com-enviado-especial-do-secretario-geral-do-partido-comunista-do-vietna-em-beijing\\\/\"},\"author\":{\"name\":\"CRI Portugu\u00eas\",\"@id\":\"https:\\\/\\\/diariodepe.com.br\\\/cri\\\/#\\\/schema\\\/person\\\/e474aead631cd4098632e11d3fbce118\"},\"headline\":\"Xi Jinping se re\u00fane com enviado especial do secret\u00e1rio-geral do Partido Comunista do Vietn\u00e3 em Beijing\",\"datePublished\":\"2026-02-24T07:29:40+00:00\",\"mainEntityOfPage\":{\"@id\":\"https:\\\/\\\/diariodepe.com.br\\\/cri\\\/2026\\\/02\\\/24\\\/xi-jinping-se-reune-com-enviado-especial-do-secretario-geral-do-partido-comunista-do-vietna-em-beijing\\\/\"},\"wordCount\":300,\"commentCount\":0,\"publisher\":{\"@id\":\"https:\\\/\\\/diariodepe.com.br\\\/cri\\\/#organization\"},\"articleSection\":[\"China\"],\"inLanguage\":\"pt-BR\",\"potentialAction\":[{\"@type\":\"CommentAction\",\"name\":\"Comment\",\"target\":[\"https:\\\/\\\/diariodepe.com.br\\\/cri\\\/2026\\\/02\\\/24\\\/xi-jinping-se-reune-com-enviado-especial-do-secretario-geral-do-partido-comunista-do-vietna-em-beijing\\\/#respond\"]}]},{\"@type\":\"WebPage\",\"@id\":\"https:\\\/\\\/diariodepe.com.br\\\/cri\\\/2026\\\/02\\\/24\\\/xi-jinping-se-reune-com-enviado-especial-do-secretario-geral-do-partido-comunista-do-vietna-em-beijing\\\/\",\"url\":\"https:\\\/\\\/diariodepe.com.br\\\/cri\\\/2026\\\/02\\\/24\\\/xi-jinping-se-reune-com-enviado-especial-do-secretario-geral-do-partido-comunista-do-vietna-em-beijing\\\/\",\"name\":\"Xi Jinping se re\u00fane com enviado especial do secret\u00e1rio-geral do Partido Comunista do Vietn\u00e3 em Beijing - CRI e Diario de Pernambuco\",\"isPartOf\":{\"@id\":\"https:\\\/\\\/diariodepe.com.br\\\/cri\\\/#website\"},\"datePublished\":\"2026-02-24T07:29:40+00:00\",\"breadcrumb\":{\"@id\":\"https:\\\/\\\/diariodepe.com.br\\\/cri\\\/2026\\\/02\\\/24\\\/xi-jinping-se-reune-com-enviado-especial-do-secretario-geral-do-partido-comunista-do-vietna-em-beijing\\\/#breadcrumb\"},\"inLanguage\":\"pt-BR\",\"potentialAction\":[{\"@type\":\"ReadAction\",\"target\":[\"https:\\\/\\\/diariodepe.com.br\\\/cri\\\/2026\\\/02\\\/24\\\/xi-jinping-se-reune-com-enviado-especial-do-secretario-geral-do-partido-comunista-do-vietna-em-beijing\\\/\"]}]},{\"@type\":\"BreadcrumbList\",\"@id\":\"https:\\\/\\\/diariodepe.com.br\\\/cri\\\/2026\\\/02\\\/24\\\/xi-jinping-se-reune-com-enviado-especial-do-secretario-geral-do-partido-comunista-do-vietna-em-beijing\\\/#breadcrumb\",\"itemListElement\":[{\"@type\":\"ListItem\",\"position\":1,\"name\":\"In\u00edcio\",\"item\":\"https:\\\/\\\/diariodepe.com.br\\\/cri\\\/\"},{\"@type\":\"ListItem\",\"position\":2,\"name\":\"Xi Jinping se re\u00fane com enviado especial do secret\u00e1rio-geral do Partido Comunista do Vietn\u00e3 em Beijing\"}]},{\"@type\":\"WebSite\",\"@id\":\"https:\\\/\\\/diariodepe.com.br\\\/cri\\\/#website\",\"url\":\"https:\\\/\\\/diariodepe.com.br\\\/cri\\\/\",\"name\":\"CRI e Diario de Pernambuco\",\"description\":\"R\u00e1dio Internacional da China\",\"publisher\":{\"@id\":\"https:\\\/\\\/diariodepe.com.br\\\/cri\\\/#organization\"},\"potentialAction\":[{\"@type\":\"SearchAction\",\"target\":{\"@type\":\"EntryPoint\",\"urlTemplate\":\"https:\\\/\\\/diariodepe.com.br\\\/cri\\\/?s={search_term_string}\"},\"query-input\":{\"@type\":\"PropertyValueSpecification\",\"valueRequired\":true,\"valueName\":\"search_term_string\"}}],\"inLanguage\":\"pt-BR\"},{\"@type\":\"Organization\",\"@id\":\"https:\\\/\\\/diariodepe.com.br\\\/cri\\\/#organization\",\"name\":\"CRI e Diario de Pernambuco\",\"url\":\"https:\\\/\\\/diariodepe.com.br\\\/cri\\\/\",\"logo\":{\"@type\":\"ImageObject\",\"inLanguage\":\"pt-BR\",\"@id\":\"https:\\\/\\\/diariodepe.com.br\\\/cri\\\/#\\\/schema\\\/logo\\\/image\\\/\",\"url\":\"https:\\\/\\\/diariodepe.com.br\\\/cri\\\/wp-content\\\/uploads\\\/sites\\\/2\\\/2022\\\/12\\\/cropped-Logo.jpg\",\"contentUrl\":\"https:\\\/\\\/diariodepe.com.br\\\/cri\\\/wp-content\\\/uploads\\\/sites\\\/2\\\/2022\\\/12\\\/cropped-Logo.jpg\",\"width\":700,\"height\":59,\"caption\":\"CRI e Diario de Pernambuco\"},\"image\":{\"@id\":\"https:\\\/\\\/diariodepe.com.br\\\/cri\\\/#\\\/schema\\\/logo\\\/image\\\/\"}},{\"@type\":\"Person\",\"@id\":\"https:\\\/\\\/diariodepe.com.br\\\/cri\\\/#\\\/schema\\\/person\\\/e474aead631cd4098632e11d3fbce118\",\"name\":\"CRI Portugu\u00eas\",\"image\":{\"@type\":\"ImageObject\",\"inLanguage\":\"pt-BR\",\"@id\":\"https:\\\/\\\/secure.gravatar.com\\\/avatar\\\/e2ac889ef882d4dc53091b610766dce49106cf9fe98c76e06745abb0993b2763?s=96&d=mm&r=g\",\"url\":\"https:\\\/\\\/secure.gravatar.com\\\/avatar\\\/e2ac889ef882d4dc53091b610766dce49106cf9fe98c76e06745abb0993b2763?s=96&d=mm&r=g\",\"contentUrl\":\"https:\\\/\\\/secure.gravatar.com\\\/avatar\\\/e2ac889ef882d4dc53091b610766dce49106cf9fe98c76e06745abb0993b2763?s=96&d=mm&r=g\",\"caption\":\"CRI Portugu\u00eas\"},\"sameAs\":[\"https:\\\/\\\/www.diariodepernambuco.com.br\\\/\"],\"url\":\"https:\\\/\\\/diariodepe.com.br\\\/cri\\\/author\\\/agencia-cri\\\/\"}]}<\/script>\n<!-- \/ Yoast SEO plugin. -->","yoast_head_json":{"title":"Xi Jinping se re\u00fane com enviado especial do secret\u00e1rio-geral do Partido Comunista do Vietn\u00e3 em Beijing - CRI e Diario de Pernambuco","robots":{"index":"index","follow":"follow","max-snippet":"max-snippet:-1","max-image-preview":"max-image-preview:large","max-video-preview":"max-video-preview:-1"},"canonical":"https:\/\/diariodepe.com.br\/cri\/2026\/02\/24\/xi-jinping-se-reune-com-enviado-especial-do-secretario-geral-do-partido-comunista-do-vietna-em-beijing\/","og_locale":"pt_BR","og_type":"article","og_title":"Xi Jinping se re\u00fane com enviado especial do secret\u00e1rio-geral do Partido Comunista do Vietn\u00e3 em Beijing - CRI e Diario de Pernambuco","og_description":"Na tarde de 4 de fevereiro, o secret\u00e1rio-geral do Comit\u00ea Central do Partido Comunista da China (PCCh) e presidente chin\u00eas, Xi Jinping, recebeu em Beijing o membro do Bir\u00f4 Pol\u00edtico do Comit\u00ea Central do Partido Comunista do Vietn\u00e3 (PCV) e...","og_url":"https:\/\/diariodepe.com.br\/cri\/2026\/02\/24\/xi-jinping-se-reune-com-enviado-especial-do-secretario-geral-do-partido-comunista-do-vietna-em-beijing\/","og_site_name":"CRI e Diario de Pernambuco","article_published_time":"2026-02-24T07:29:40+00:00","author":"CRI Portugu\u00eas","twitter_card":"summary_large_image","twitter_misc":{"Escrito por":"CRI Portugu\u00eas","Est. tempo de leitura":"2 minutos"},"schema":{"@context":"https:\/\/schema.org","@graph":[{"@type":"Article","@id":"https:\/\/diariodepe.com.br\/cri\/2026\/02\/24\/xi-jinping-se-reune-com-enviado-especial-do-secretario-geral-do-partido-comunista-do-vietna-em-beijing\/#article","isPartOf":{"@id":"https:\/\/diariodepe.com.br\/cri\/2026\/02\/24\/xi-jinping-se-reune-com-enviado-especial-do-secretario-geral-do-partido-comunista-do-vietna-em-beijing\/"},"author":{"name":"CRI Portugu\u00eas","@id":"https:\/\/diariodepe.com.br\/cri\/#\/schema\/person\/e474aead631cd4098632e11d3fbce118"},"headline":"Xi Jinping se re\u00fane com enviado especial do secret\u00e1rio-geral do Partido Comunista do Vietn\u00e3 em Beijing","datePublished":"2026-02-24T07:29:40+00:00","mainEntityOfPage":{"@id":"https:\/\/diariodepe.com.br\/cri\/2026\/02\/24\/xi-jinping-se-reune-com-enviado-especial-do-secretario-geral-do-partido-comunista-do-vietna-em-beijing\/"},"wordCount":300,"commentCount":0,"publisher":{"@id":"https:\/\/diariodepe.com.br\/cri\/#organization"},"articleSection":["China"],"inLanguage":"pt-BR","potentialAction":[{"@type":"CommentAction","name":"Comment","target":["https:\/\/diariodepe.com.br\/cri\/2026\/02\/24\/xi-jinping-se-reune-com-enviado-especial-do-secretario-geral-do-partido-comunista-do-vietna-em-beijing\/#respond"]}]},{"@type":"WebPage","@id":"https:\/\/diariodepe.com.br\/cri\/2026\/02\/24\/xi-jinping-se-reune-com-enviado-especial-do-secretario-geral-do-partido-comunista-do-vietna-em-beijing\/","url":"https:\/\/diariodepe.com.br\/cri\/2026\/02\/24\/xi-jinping-se-reune-com-enviado-especial-do-secretario-geral-do-partido-comunista-do-vietna-em-beijing\/","name":"Xi Jinping se re\u00fane com enviado especial do secret\u00e1rio-geral do Partido Comunista do Vietn\u00e3 em Beijing - CRI e Diario de Pernambuco","isPartOf":{"@id":"https:\/\/diariodepe.com.br\/cri\/#website"},"datePublished":"2026-02-24T07:29:40+00:00","breadcrumb":{"@id":"https:\/\/diariodepe.com.br\/cri\/2026\/02\/24\/xi-jinping-se-reune-com-enviado-especial-do-secretario-geral-do-partido-comunista-do-vietna-em-beijing\/#breadcrumb"},"inLanguage":"pt-BR","potentialAction":[{"@type":"ReadAction","target":["https:\/\/diariodepe.com.br\/cri\/2026\/02\/24\/xi-jinping-se-reune-com-enviado-especial-do-secretario-geral-do-partido-comunista-do-vietna-em-beijing\/"]}]},{"@type":"BreadcrumbList","@id":"https:\/\/diariodepe.com.br\/cri\/2026\/02\/24\/xi-jinping-se-reune-com-enviado-especial-do-secretario-geral-do-partido-comunista-do-vietna-em-beijing\/#breadcrumb","itemListElement":[{"@type":"ListItem","position":1,"name":"In\u00edcio","item":"https:\/\/diariodepe.com.br\/cri\/"},{"@type":"ListItem","position":2,"name":"Xi Jinping se re\u00fane com enviado especial do secret\u00e1rio-geral do Partido Comunista do Vietn\u00e3 em Beijing"}]},{"@type":"WebSite","@id":"https:\/\/diariodepe.com.br\/cri\/#website","url":"https:\/\/diariodepe.com.br\/cri\/","name":"CRI e Diario de Pernambuco","description":"R\u00e1dio Internacional da China","publisher":{"@id":"https:\/\/diariodepe.com.br\/cri\/#organization"},"potentialAction":[{"@type":"SearchAction","target":{"@type":"EntryPoint","urlTemplate":"https:\/\/diariodepe.com.br\/cri\/?s={search_term_string}"},"query-input":{"@type":"PropertyValueSpecification","valueRequired":true,"valueName":"search_term_string"}}],"inLanguage":"pt-BR"},{"@type":"Organization","@id":"https:\/\/diariodepe.com.br\/cri\/#organization","name":"CRI e Diario de Pernambuco","url":"https:\/\/diariodepe.com.br\/cri\/","logo":{"@type":"ImageObject","inLanguage":"pt-BR","@id":"https:\/\/diariodepe.com.br\/cri\/#\/schema\/logo\/image\/","url":"https:\/\/diariodepe.com.br\/cri\/wp-content\/uploads\/sites\/2\/2022\/12\/cropped-Logo.jpg","contentUrl":"https:\/\/diariodepe.com.br\/cri\/wp-content\/uploads\/sites\/2\/2022\/12\/cropped-Logo.jpg","width":700,"height":59,"caption":"CRI e Diario de Pernambuco"},"image":{"@id":"https:\/\/diariodepe.com.br\/cri\/#\/schema\/logo\/image\/"}},{"@type":"Person","@id":"https:\/\/diariodepe.com.br\/cri\/#\/schema\/person\/e474aead631cd4098632e11d3fbce118","name":"CRI Portugu\u00eas","image":{"@type":"ImageObject","inLanguage":"pt-BR","@id":"https:\/\/secure.gravatar.com\/avatar\/e2ac889ef882d4dc53091b610766dce49106cf9fe98c76e06745abb0993b2763?s=96&d=mm&r=g","url":"https:\/\/secure.gravatar.com\/avatar\/e2ac889ef882d4dc53091b610766dce49106cf9fe98c76e06745abb0993b2763?s=96&d=mm&r=g","contentUrl":"https:\/\/secure.gravatar.com\/avatar\/e2ac889ef882d4dc53091b610766dce49106cf9fe98c76e06745abb0993b2763?s=96&d=mm&r=g","caption":"CRI Portugu\u00eas"},"sameAs":["https:\/\/www.diariodepernambuco.com.br\/"],"url":"https:\/\/diariodepe.com.br\/cri\/author\/agencia-cri\/"}]}},"cc_featured_image_caption":{"caption_text":"","source_text":"","source_url":""},"amp_enabled":true,"_links":{"self":[{"href":"https:\/\/diariodepe.com.br\/cri\/wp-json\/wp\/v2\/posts\/10653","targetHints":{"allow":["GET"]}}],"collection":[{"href":"https:\/\/diariodepe.com.br\/cri\/wp-json\/wp\/v2\/posts"}],"about":[{"href":"https:\/\/diariodepe.com.br\/cri\/wp-json\/wp\/v2\/types\/post"}],"author":[{"embeddable":true,"href":"https:\/\/diariodepe.com.br\/cri\/wp-json\/wp\/v2\/users\/5"}],"replies":[{"embeddable":true,"href":"https:\/\/diariodepe.com.br\/cri\/wp-json\/wp\/v2\/comments?post=10653"}],"version-history":[{"count":1,"href":"https:\/\/diariodepe.com.br\/cri\/wp-json\/wp\/v2\/posts\/10653\/revisions"}],"predecessor-version":[{"id":10654,"href":"https:\/\/diariodepe.com.br\/cri\/wp-json\/wp\/v2\/posts\/10653\/revisions\/10654"}],"wp:attachment":[{"href":"https:\/\/diariodepe.com.br\/cri\/wp-json\/wp\/v2\/media?parent=10653"}],"wp:term":[{"taxonomy":"category","embeddable":true,"href":"https:\/\/diariodepe.com.br\/cri\/wp-json\/wp\/v2\/categories?post=10653"},{"taxonomy":"post_tag","embeddable":true,"href":"https:\/\/diariodepe.com.br\/cri\/wp-json\/wp\/v2\/tags?post=10653"}],"curies":[{"name":"wp","href":"https:\/\/api.w.org\/{rel}","templated":true}]}}