{"id":10651,"date":"2026-02-24T04:14:20","date_gmt":"2026-02-24T07:14:20","guid":{"rendered":"https:\/\/diariodepe.com.br\/cri\/?p=10651"},"modified":"2026-02-24T04:14:20","modified_gmt":"2026-02-24T07:14:20","slug":"quando-o-ano-chines-se-torna-mundial-como-o-festival-da-primavera-consegue-provocar-uma-ressonancia-cultural-global","status":"publish","type":"post","link":"https:\/\/diariodepe.com.br\/cri\/2026\/02\/24\/quando-o-ano-chines-se-torna-mundial-como-o-festival-da-primavera-consegue-provocar-uma-ressonancia-cultural-global\/","title":{"rendered":"Quando o \u201cAno Chin\u00eas\u201d se torna mundial, como o Festival da Primavera consegue provocar uma resson\u00e2ncia cultural global?"},"content":{"rendered":"<p>No Ano Novo Chin\u00eas do Cavalo, de acordo com o calend\u00e1rio lunar, o Grupo de M\u00eddia da China enviou, pela Gala do Festival da Primavera, votos de\u00a0felicidade aos chineses de todo o mundo e aos amigos no exterior, transmitindo o afeto da celebra\u00e7\u00e3o ao redor do mundo e mostrando a cultura chinesa ao mundo. O jornal argentino \u201cClar\u00edn\u201d comentou que, acompanhando a transforma\u00e7\u00e3o socioecon\u00f4mica da China,\u00a0o evento\u00a0j\u00e1 se\u00a0tornou\u00a0uma das maiores plataformas globais de difus\u00e3o cultural e art\u00edstica\u00a0do pa\u00eds asi\u00e1tico. O site do jornal espanhol \u201cEl Mundo\u201d acredita que\u00a0seu\u00a0significado vai muito al\u00e9m do entretenimento, sendo tamb\u00e9m uma janela para a narrativa nacional: unidade, prosperidade e harmonia.<\/p>\n<p><img decoding=\"async\" src=\"https:\/\/38picres.cgtn.com\/photoAlbum\/page\/performance\/img\/2026\/2\/18\/1771422951407_468.jpeg\" \/><\/p>\n<p>Como o festival tradicional mais importante do povo chin\u00eas, o Ano Novo Chin\u00eas tem seu valor hist\u00f3rico e cultural cada vez mais reconhecido pela comunidade internacional. Ele cont\u00e9m o belo significado de \u201cin\u00edcio da primavera, renova\u00e7\u00e3o de todas as coisas\u201d, transmitindo os valores de reuni\u00e3o familiar, harmonia, toler\u00e2ncia e coexist\u00eancia pac\u00edfica,\u00a0em resson\u00e2ncia com os valores universais da humanidade. Alguns ve\u00edculos de comunica\u00e7\u00e3o estrangeiros acreditam que, em meio ao caos mundial causado por conflitos geopol\u00edticos, o Ano Novo Chin\u00eas est\u00e1 promovendo a troca global.<\/p>\n<p>Este ano marca o segundo ano ap\u00f3s o ingresso de &#8220;Festival da Primavera\u00a0\u2013 a pr\u00e1tica social da celebra\u00e7\u00e3o do Ano Novo tradicional chin\u00eas&#8221; na Lista Representativa do Patrim\u00f4nio Cultural Imaterial da Humanidade da UNESCO. Na cultura chinesa, o cavalo \u00e9 um s\u00edmbolo de for\u00e7a, vigor e perseveran\u00e7a,\u00a0representando\u00a0perspectivas de estabilidade, progresso e prosperidade.<\/p>\n<p>Em um mundo turbulento, a China continua promovendo um desenvolvimento de alta qualidade e expandindo continuamente a abertura ao exterior,\u00a0trazendo estabilidade e previsibilidade valiosas ao mundo e conquistando a simpatia e o reconhecimento da comunidade internacional. Cada vez mais personalidades estrangeiras est\u00e3o dispostas a conhecer a China de forma mais profunda, o que tem impulsionado a &#8220;febre China&#8221; e a &#8220;cultura chinesa&#8221; no exterior.<\/p>\n<p>Com a chegada do Ano do Cavalo, celebramos juntos o Ano Novo Chin\u00eas. Os conceitos defendidos pela civiliza\u00e7\u00e3o chinesa, como\u00a0a coexist\u00eancia harmoniosa e a unidade na diferen\u00e7a, est\u00e3o, com seu valor atemporal, conquistando cada vez mais respeito e reconhecimento no mundo. Esperamos que os povos se unam, promovam\u00a0a compreens\u00e3o e a comunica\u00e7\u00e3o, eliminem mal-entendidos e conflitos, levem um novo impulso corajoso para o Ano do Cavalo e caminhem\u00a0juntos\u00a0rumo a um futuro mais pr\u00f3spero.<\/p>\n","protected":false},"excerpt":{"rendered":"<p>No Ano Novo Chin\u00eas do Cavalo, de acordo com o calend\u00e1rio lunar, o Grupo de M\u00eddia da China enviou, pela Gala do Festival da Primavera, votos de\u00a0felicidade aos chineses de todo o mundo e aos amigos no exterior, transmitindo o&#8230;<\/p>\n","protected":false},"author":5,"featured_media":0,"comment_status":"open","ping_status":"open","sticky":false,"template":"","format":"standard","meta":{"footnotes":""},"categories":[7],"tags":[],"class_list":["post-10651","post","type-post","status-publish","format-standard","hentry","category-visao"],"yoast_head":"<!-- This site is optimized with the Yoast SEO plugin v27.4 - https:\/\/yoast.com\/product\/yoast-seo-wordpress\/ -->\n<title>Quando o \u201cAno Chin\u00eas\u201d se torna mundial, como o Festival da Primavera consegue provocar uma resson\u00e2ncia cultural global? - CRI e Diario de Pernambuco<\/title>\n<meta name=\"robots\" content=\"index, follow, max-snippet:-1, max-image-preview:large, max-video-preview:-1\" \/>\n<link rel=\"canonical\" href=\"https:\/\/diariodepe.com.br\/cri\/2026\/02\/24\/quando-o-ano-chines-se-torna-mundial-como-o-festival-da-primavera-consegue-provocar-uma-ressonancia-cultural-global\/\" \/>\n<meta property=\"og:locale\" content=\"pt_BR\" \/>\n<meta property=\"og:type\" content=\"article\" \/>\n<meta property=\"og:title\" content=\"Quando o \u201cAno Chin\u00eas\u201d se torna mundial, como o Festival da Primavera consegue provocar uma resson\u00e2ncia cultural global? - CRI e Diario de Pernambuco\" \/>\n<meta property=\"og:description\" content=\"No Ano Novo Chin\u00eas do Cavalo, de acordo com o calend\u00e1rio lunar, o Grupo de M\u00eddia da China enviou, pela Gala do Festival da Primavera, votos de\u00a0felicidade aos chineses de todo o mundo e aos amigos no exterior, transmitindo o...\" \/>\n<meta property=\"og:url\" content=\"https:\/\/diariodepe.com.br\/cri\/2026\/02\/24\/quando-o-ano-chines-se-torna-mundial-como-o-festival-da-primavera-consegue-provocar-uma-ressonancia-cultural-global\/\" \/>\n<meta property=\"og:site_name\" content=\"CRI e Diario de Pernambuco\" \/>\n<meta property=\"article:published_time\" content=\"2026-02-24T07:14:20+00:00\" \/>\n<meta property=\"og:image\" content=\"https:\/\/38picres.cgtn.com\/photoAlbum\/page\/performance\/img\/2026\/2\/18\/1771422951407_468.jpeg\" \/>\n<meta name=\"author\" content=\"CRI Portugu\u00eas\" \/>\n<meta name=\"twitter:card\" content=\"summary_large_image\" \/>\n<meta name=\"twitter:label1\" content=\"Escrito por\" \/>\n\t<meta name=\"twitter:data1\" content=\"CRI Portugu\u00eas\" \/>\n\t<meta name=\"twitter:label2\" content=\"Est. tempo de leitura\" \/>\n\t<meta name=\"twitter:data2\" content=\"3 minutos\" \/>\n<script type=\"application\/ld+json\" class=\"yoast-schema-graph\">{\"@context\":\"https:\\\/\\\/schema.org\",\"@graph\":[{\"@type\":\"Article\",\"@id\":\"https:\\\/\\\/diariodepe.com.br\\\/cri\\\/2026\\\/02\\\/24\\\/quando-o-ano-chines-se-torna-mundial-como-o-festival-da-primavera-consegue-provocar-uma-ressonancia-cultural-global\\\/#article\",\"isPartOf\":{\"@id\":\"https:\\\/\\\/diariodepe.com.br\\\/cri\\\/2026\\\/02\\\/24\\\/quando-o-ano-chines-se-torna-mundial-como-o-festival-da-primavera-consegue-provocar-uma-ressonancia-cultural-global\\\/\"},\"author\":{\"name\":\"CRI Portugu\u00eas\",\"@id\":\"https:\\\/\\\/diariodepe.com.br\\\/cri\\\/#\\\/schema\\\/person\\\/e474aead631cd4098632e11d3fbce118\"},\"headline\":\"Quando o \u201cAno Chin\u00eas\u201d se torna mundial, como o Festival da Primavera consegue provocar uma resson\u00e2ncia cultural global?\",\"datePublished\":\"2026-02-24T07:14:20+00:00\",\"mainEntityOfPage\":{\"@id\":\"https:\\\/\\\/diariodepe.com.br\\\/cri\\\/2026\\\/02\\\/24\\\/quando-o-ano-chines-se-torna-mundial-como-o-festival-da-primavera-consegue-provocar-uma-ressonancia-cultural-global\\\/\"},\"wordCount\":457,\"commentCount\":0,\"publisher\":{\"@id\":\"https:\\\/\\\/diariodepe.com.br\\\/cri\\\/#organization\"},\"image\":{\"@id\":\"https:\\\/\\\/diariodepe.com.br\\\/cri\\\/2026\\\/02\\\/24\\\/quando-o-ano-chines-se-torna-mundial-como-o-festival-da-primavera-consegue-provocar-uma-ressonancia-cultural-global\\\/#primaryimage\"},\"thumbnailUrl\":\"https:\\\/\\\/38picres.cgtn.com\\\/photoAlbum\\\/page\\\/performance\\\/img\\\/2026\\\/2\\\/18\\\/1771422951407_468.jpeg\",\"articleSection\":[\"Vis\u00e3o\"],\"inLanguage\":\"pt-BR\",\"potentialAction\":[{\"@type\":\"CommentAction\",\"name\":\"Comment\",\"target\":[\"https:\\\/\\\/diariodepe.com.br\\\/cri\\\/2026\\\/02\\\/24\\\/quando-o-ano-chines-se-torna-mundial-como-o-festival-da-primavera-consegue-provocar-uma-ressonancia-cultural-global\\\/#respond\"]}]},{\"@type\":\"WebPage\",\"@id\":\"https:\\\/\\\/diariodepe.com.br\\\/cri\\\/2026\\\/02\\\/24\\\/quando-o-ano-chines-se-torna-mundial-como-o-festival-da-primavera-consegue-provocar-uma-ressonancia-cultural-global\\\/\",\"url\":\"https:\\\/\\\/diariodepe.com.br\\\/cri\\\/2026\\\/02\\\/24\\\/quando-o-ano-chines-se-torna-mundial-como-o-festival-da-primavera-consegue-provocar-uma-ressonancia-cultural-global\\\/\",\"name\":\"Quando o \u201cAno Chin\u00eas\u201d se torna mundial, como o Festival da Primavera consegue provocar uma resson\u00e2ncia cultural global? - CRI e Diario de Pernambuco\",\"isPartOf\":{\"@id\":\"https:\\\/\\\/diariodepe.com.br\\\/cri\\\/#website\"},\"primaryImageOfPage\":{\"@id\":\"https:\\\/\\\/diariodepe.com.br\\\/cri\\\/2026\\\/02\\\/24\\\/quando-o-ano-chines-se-torna-mundial-como-o-festival-da-primavera-consegue-provocar-uma-ressonancia-cultural-global\\\/#primaryimage\"},\"image\":{\"@id\":\"https:\\\/\\\/diariodepe.com.br\\\/cri\\\/2026\\\/02\\\/24\\\/quando-o-ano-chines-se-torna-mundial-como-o-festival-da-primavera-consegue-provocar-uma-ressonancia-cultural-global\\\/#primaryimage\"},\"thumbnailUrl\":\"https:\\\/\\\/38picres.cgtn.com\\\/photoAlbum\\\/page\\\/performance\\\/img\\\/2026\\\/2\\\/18\\\/1771422951407_468.jpeg\",\"datePublished\":\"2026-02-24T07:14:20+00:00\",\"breadcrumb\":{\"@id\":\"https:\\\/\\\/diariodepe.com.br\\\/cri\\\/2026\\\/02\\\/24\\\/quando-o-ano-chines-se-torna-mundial-como-o-festival-da-primavera-consegue-provocar-uma-ressonancia-cultural-global\\\/#breadcrumb\"},\"inLanguage\":\"pt-BR\",\"potentialAction\":[{\"@type\":\"ReadAction\",\"target\":[\"https:\\\/\\\/diariodepe.com.br\\\/cri\\\/2026\\\/02\\\/24\\\/quando-o-ano-chines-se-torna-mundial-como-o-festival-da-primavera-consegue-provocar-uma-ressonancia-cultural-global\\\/\"]}]},{\"@type\":\"ImageObject\",\"inLanguage\":\"pt-BR\",\"@id\":\"https:\\\/\\\/diariodepe.com.br\\\/cri\\\/2026\\\/02\\\/24\\\/quando-o-ano-chines-se-torna-mundial-como-o-festival-da-primavera-consegue-provocar-uma-ressonancia-cultural-global\\\/#primaryimage\",\"url\":\"https:\\\/\\\/38picres.cgtn.com\\\/photoAlbum\\\/page\\\/performance\\\/img\\\/2026\\\/2\\\/18\\\/1771422951407_468.jpeg\",\"contentUrl\":\"https:\\\/\\\/38picres.cgtn.com\\\/photoAlbum\\\/page\\\/performance\\\/img\\\/2026\\\/2\\\/18\\\/1771422951407_468.jpeg\"},{\"@type\":\"BreadcrumbList\",\"@id\":\"https:\\\/\\\/diariodepe.com.br\\\/cri\\\/2026\\\/02\\\/24\\\/quando-o-ano-chines-se-torna-mundial-como-o-festival-da-primavera-consegue-provocar-uma-ressonancia-cultural-global\\\/#breadcrumb\",\"itemListElement\":[{\"@type\":\"ListItem\",\"position\":1,\"name\":\"In\u00edcio\",\"item\":\"https:\\\/\\\/diariodepe.com.br\\\/cri\\\/\"},{\"@type\":\"ListItem\",\"position\":2,\"name\":\"Quando o \u201cAno Chin\u00eas\u201d se torna mundial, como o Festival da Primavera consegue provocar uma resson\u00e2ncia cultural global?\"}]},{\"@type\":\"WebSite\",\"@id\":\"https:\\\/\\\/diariodepe.com.br\\\/cri\\\/#website\",\"url\":\"https:\\\/\\\/diariodepe.com.br\\\/cri\\\/\",\"name\":\"CRI e Diario de Pernambuco\",\"description\":\"R\u00e1dio Internacional da China\",\"publisher\":{\"@id\":\"https:\\\/\\\/diariodepe.com.br\\\/cri\\\/#organization\"},\"potentialAction\":[{\"@type\":\"SearchAction\",\"target\":{\"@type\":\"EntryPoint\",\"urlTemplate\":\"https:\\\/\\\/diariodepe.com.br\\\/cri\\\/?s={search_term_string}\"},\"query-input\":{\"@type\":\"PropertyValueSpecification\",\"valueRequired\":true,\"valueName\":\"search_term_string\"}}],\"inLanguage\":\"pt-BR\"},{\"@type\":\"Organization\",\"@id\":\"https:\\\/\\\/diariodepe.com.br\\\/cri\\\/#organization\",\"name\":\"CRI e Diario de Pernambuco\",\"url\":\"https:\\\/\\\/diariodepe.com.br\\\/cri\\\/\",\"logo\":{\"@type\":\"ImageObject\",\"inLanguage\":\"pt-BR\",\"@id\":\"https:\\\/\\\/diariodepe.com.br\\\/cri\\\/#\\\/schema\\\/logo\\\/image\\\/\",\"url\":\"https:\\\/\\\/diariodepe.com.br\\\/cri\\\/wp-content\\\/uploads\\\/sites\\\/2\\\/2022\\\/12\\\/cropped-Logo.jpg\",\"contentUrl\":\"https:\\\/\\\/diariodepe.com.br\\\/cri\\\/wp-content\\\/uploads\\\/sites\\\/2\\\/2022\\\/12\\\/cropped-Logo.jpg\",\"width\":700,\"height\":59,\"caption\":\"CRI e Diario de Pernambuco\"},\"image\":{\"@id\":\"https:\\\/\\\/diariodepe.com.br\\\/cri\\\/#\\\/schema\\\/logo\\\/image\\\/\"}},{\"@type\":\"Person\",\"@id\":\"https:\\\/\\\/diariodepe.com.br\\\/cri\\\/#\\\/schema\\\/person\\\/e474aead631cd4098632e11d3fbce118\",\"name\":\"CRI Portugu\u00eas\",\"image\":{\"@type\":\"ImageObject\",\"inLanguage\":\"pt-BR\",\"@id\":\"https:\\\/\\\/secure.gravatar.com\\\/avatar\\\/e2ac889ef882d4dc53091b610766dce49106cf9fe98c76e06745abb0993b2763?s=96&d=mm&r=g\",\"url\":\"https:\\\/\\\/secure.gravatar.com\\\/avatar\\\/e2ac889ef882d4dc53091b610766dce49106cf9fe98c76e06745abb0993b2763?s=96&d=mm&r=g\",\"contentUrl\":\"https:\\\/\\\/secure.gravatar.com\\\/avatar\\\/e2ac889ef882d4dc53091b610766dce49106cf9fe98c76e06745abb0993b2763?s=96&d=mm&r=g\",\"caption\":\"CRI Portugu\u00eas\"},\"sameAs\":[\"https:\\\/\\\/www.diariodepernambuco.com.br\\\/\"],\"url\":\"https:\\\/\\\/diariodepe.com.br\\\/cri\\\/author\\\/agencia-cri\\\/\"}]}<\/script>\n<!-- \/ Yoast SEO plugin. -->","yoast_head_json":{"title":"Quando o \u201cAno Chin\u00eas\u201d se torna mundial, como o Festival da Primavera consegue provocar uma resson\u00e2ncia cultural global? - CRI e Diario de Pernambuco","robots":{"index":"index","follow":"follow","max-snippet":"max-snippet:-1","max-image-preview":"max-image-preview:large","max-video-preview":"max-video-preview:-1"},"canonical":"https:\/\/diariodepe.com.br\/cri\/2026\/02\/24\/quando-o-ano-chines-se-torna-mundial-como-o-festival-da-primavera-consegue-provocar-uma-ressonancia-cultural-global\/","og_locale":"pt_BR","og_type":"article","og_title":"Quando o \u201cAno Chin\u00eas\u201d se torna mundial, como o Festival da Primavera consegue provocar uma resson\u00e2ncia cultural global? - CRI e Diario de Pernambuco","og_description":"No Ano Novo Chin\u00eas do Cavalo, de acordo com o calend\u00e1rio lunar, o Grupo de M\u00eddia da China enviou, pela Gala do Festival da Primavera, votos de\u00a0felicidade aos chineses de todo o mundo e aos amigos no exterior, transmitindo o...","og_url":"https:\/\/diariodepe.com.br\/cri\/2026\/02\/24\/quando-o-ano-chines-se-torna-mundial-como-o-festival-da-primavera-consegue-provocar-uma-ressonancia-cultural-global\/","og_site_name":"CRI e Diario de Pernambuco","article_published_time":"2026-02-24T07:14:20+00:00","og_image":[{"url":"https:\/\/38picres.cgtn.com\/photoAlbum\/page\/performance\/img\/2026\/2\/18\/1771422951407_468.jpeg","type":"","width":"","height":""}],"author":"CRI Portugu\u00eas","twitter_card":"summary_large_image","twitter_misc":{"Escrito por":"CRI Portugu\u00eas","Est. tempo de leitura":"3 minutos"},"schema":{"@context":"https:\/\/schema.org","@graph":[{"@type":"Article","@id":"https:\/\/diariodepe.com.br\/cri\/2026\/02\/24\/quando-o-ano-chines-se-torna-mundial-como-o-festival-da-primavera-consegue-provocar-uma-ressonancia-cultural-global\/#article","isPartOf":{"@id":"https:\/\/diariodepe.com.br\/cri\/2026\/02\/24\/quando-o-ano-chines-se-torna-mundial-como-o-festival-da-primavera-consegue-provocar-uma-ressonancia-cultural-global\/"},"author":{"name":"CRI Portugu\u00eas","@id":"https:\/\/diariodepe.com.br\/cri\/#\/schema\/person\/e474aead631cd4098632e11d3fbce118"},"headline":"Quando o \u201cAno Chin\u00eas\u201d se torna mundial, como o Festival da Primavera consegue provocar uma resson\u00e2ncia cultural global?","datePublished":"2026-02-24T07:14:20+00:00","mainEntityOfPage":{"@id":"https:\/\/diariodepe.com.br\/cri\/2026\/02\/24\/quando-o-ano-chines-se-torna-mundial-como-o-festival-da-primavera-consegue-provocar-uma-ressonancia-cultural-global\/"},"wordCount":457,"commentCount":0,"publisher":{"@id":"https:\/\/diariodepe.com.br\/cri\/#organization"},"image":{"@id":"https:\/\/diariodepe.com.br\/cri\/2026\/02\/24\/quando-o-ano-chines-se-torna-mundial-como-o-festival-da-primavera-consegue-provocar-uma-ressonancia-cultural-global\/#primaryimage"},"thumbnailUrl":"https:\/\/38picres.cgtn.com\/photoAlbum\/page\/performance\/img\/2026\/2\/18\/1771422951407_468.jpeg","articleSection":["Vis\u00e3o"],"inLanguage":"pt-BR","potentialAction":[{"@type":"CommentAction","name":"Comment","target":["https:\/\/diariodepe.com.br\/cri\/2026\/02\/24\/quando-o-ano-chines-se-torna-mundial-como-o-festival-da-primavera-consegue-provocar-uma-ressonancia-cultural-global\/#respond"]}]},{"@type":"WebPage","@id":"https:\/\/diariodepe.com.br\/cri\/2026\/02\/24\/quando-o-ano-chines-se-torna-mundial-como-o-festival-da-primavera-consegue-provocar-uma-ressonancia-cultural-global\/","url":"https:\/\/diariodepe.com.br\/cri\/2026\/02\/24\/quando-o-ano-chines-se-torna-mundial-como-o-festival-da-primavera-consegue-provocar-uma-ressonancia-cultural-global\/","name":"Quando o \u201cAno Chin\u00eas\u201d se torna mundial, como o Festival da Primavera consegue provocar uma resson\u00e2ncia cultural global? - CRI e Diario de Pernambuco","isPartOf":{"@id":"https:\/\/diariodepe.com.br\/cri\/#website"},"primaryImageOfPage":{"@id":"https:\/\/diariodepe.com.br\/cri\/2026\/02\/24\/quando-o-ano-chines-se-torna-mundial-como-o-festival-da-primavera-consegue-provocar-uma-ressonancia-cultural-global\/#primaryimage"},"image":{"@id":"https:\/\/diariodepe.com.br\/cri\/2026\/02\/24\/quando-o-ano-chines-se-torna-mundial-como-o-festival-da-primavera-consegue-provocar-uma-ressonancia-cultural-global\/#primaryimage"},"thumbnailUrl":"https:\/\/38picres.cgtn.com\/photoAlbum\/page\/performance\/img\/2026\/2\/18\/1771422951407_468.jpeg","datePublished":"2026-02-24T07:14:20+00:00","breadcrumb":{"@id":"https:\/\/diariodepe.com.br\/cri\/2026\/02\/24\/quando-o-ano-chines-se-torna-mundial-como-o-festival-da-primavera-consegue-provocar-uma-ressonancia-cultural-global\/#breadcrumb"},"inLanguage":"pt-BR","potentialAction":[{"@type":"ReadAction","target":["https:\/\/diariodepe.com.br\/cri\/2026\/02\/24\/quando-o-ano-chines-se-torna-mundial-como-o-festival-da-primavera-consegue-provocar-uma-ressonancia-cultural-global\/"]}]},{"@type":"ImageObject","inLanguage":"pt-BR","@id":"https:\/\/diariodepe.com.br\/cri\/2026\/02\/24\/quando-o-ano-chines-se-torna-mundial-como-o-festival-da-primavera-consegue-provocar-uma-ressonancia-cultural-global\/#primaryimage","url":"https:\/\/38picres.cgtn.com\/photoAlbum\/page\/performance\/img\/2026\/2\/18\/1771422951407_468.jpeg","contentUrl":"https:\/\/38picres.cgtn.com\/photoAlbum\/page\/performance\/img\/2026\/2\/18\/1771422951407_468.jpeg"},{"@type":"BreadcrumbList","@id":"https:\/\/diariodepe.com.br\/cri\/2026\/02\/24\/quando-o-ano-chines-se-torna-mundial-como-o-festival-da-primavera-consegue-provocar-uma-ressonancia-cultural-global\/#breadcrumb","itemListElement":[{"@type":"ListItem","position":1,"name":"In\u00edcio","item":"https:\/\/diariodepe.com.br\/cri\/"},{"@type":"ListItem","position":2,"name":"Quando o \u201cAno Chin\u00eas\u201d se torna mundial, como o Festival da Primavera consegue provocar uma resson\u00e2ncia cultural global?"}]},{"@type":"WebSite","@id":"https:\/\/diariodepe.com.br\/cri\/#website","url":"https:\/\/diariodepe.com.br\/cri\/","name":"CRI e Diario de Pernambuco","description":"R\u00e1dio Internacional da China","publisher":{"@id":"https:\/\/diariodepe.com.br\/cri\/#organization"},"potentialAction":[{"@type":"SearchAction","target":{"@type":"EntryPoint","urlTemplate":"https:\/\/diariodepe.com.br\/cri\/?s={search_term_string}"},"query-input":{"@type":"PropertyValueSpecification","valueRequired":true,"valueName":"search_term_string"}}],"inLanguage":"pt-BR"},{"@type":"Organization","@id":"https:\/\/diariodepe.com.br\/cri\/#organization","name":"CRI e Diario de Pernambuco","url":"https:\/\/diariodepe.com.br\/cri\/","logo":{"@type":"ImageObject","inLanguage":"pt-BR","@id":"https:\/\/diariodepe.com.br\/cri\/#\/schema\/logo\/image\/","url":"https:\/\/diariodepe.com.br\/cri\/wp-content\/uploads\/sites\/2\/2022\/12\/cropped-Logo.jpg","contentUrl":"https:\/\/diariodepe.com.br\/cri\/wp-content\/uploads\/sites\/2\/2022\/12\/cropped-Logo.jpg","width":700,"height":59,"caption":"CRI e Diario de Pernambuco"},"image":{"@id":"https:\/\/diariodepe.com.br\/cri\/#\/schema\/logo\/image\/"}},{"@type":"Person","@id":"https:\/\/diariodepe.com.br\/cri\/#\/schema\/person\/e474aead631cd4098632e11d3fbce118","name":"CRI Portugu\u00eas","image":{"@type":"ImageObject","inLanguage":"pt-BR","@id":"https:\/\/secure.gravatar.com\/avatar\/e2ac889ef882d4dc53091b610766dce49106cf9fe98c76e06745abb0993b2763?s=96&d=mm&r=g","url":"https:\/\/secure.gravatar.com\/avatar\/e2ac889ef882d4dc53091b610766dce49106cf9fe98c76e06745abb0993b2763?s=96&d=mm&r=g","contentUrl":"https:\/\/secure.gravatar.com\/avatar\/e2ac889ef882d4dc53091b610766dce49106cf9fe98c76e06745abb0993b2763?s=96&d=mm&r=g","caption":"CRI Portugu\u00eas"},"sameAs":["https:\/\/www.diariodepernambuco.com.br\/"],"url":"https:\/\/diariodepe.com.br\/cri\/author\/agencia-cri\/"}]}},"cc_featured_image_caption":{"caption_text":"","source_text":"","source_url":""},"amp_enabled":true,"_links":{"self":[{"href":"https:\/\/diariodepe.com.br\/cri\/wp-json\/wp\/v2\/posts\/10651","targetHints":{"allow":["GET"]}}],"collection":[{"href":"https:\/\/diariodepe.com.br\/cri\/wp-json\/wp\/v2\/posts"}],"about":[{"href":"https:\/\/diariodepe.com.br\/cri\/wp-json\/wp\/v2\/types\/post"}],"author":[{"embeddable":true,"href":"https:\/\/diariodepe.com.br\/cri\/wp-json\/wp\/v2\/users\/5"}],"replies":[{"embeddable":true,"href":"https:\/\/diariodepe.com.br\/cri\/wp-json\/wp\/v2\/comments?post=10651"}],"version-history":[{"count":1,"href":"https:\/\/diariodepe.com.br\/cri\/wp-json\/wp\/v2\/posts\/10651\/revisions"}],"predecessor-version":[{"id":10652,"href":"https:\/\/diariodepe.com.br\/cri\/wp-json\/wp\/v2\/posts\/10651\/revisions\/10652"}],"wp:attachment":[{"href":"https:\/\/diariodepe.com.br\/cri\/wp-json\/wp\/v2\/media?parent=10651"}],"wp:term":[{"taxonomy":"category","embeddable":true,"href":"https:\/\/diariodepe.com.br\/cri\/wp-json\/wp\/v2\/categories?post=10651"},{"taxonomy":"post_tag","embeddable":true,"href":"https:\/\/diariodepe.com.br\/cri\/wp-json\/wp\/v2\/tags?post=10651"}],"curies":[{"name":"wp","href":"https:\/\/api.w.org\/{rel}","templated":true}]}}