{"id":10639,"date":"2026-02-24T04:09:41","date_gmt":"2026-02-24T07:09:41","guid":{"rendered":"https:\/\/diariodepe.com.br\/cri\/?p=10639"},"modified":"2026-02-24T04:09:41","modified_gmt":"2026-02-24T07:09:41","slug":"cmg-apresenta-destaques-criativos-e-aplicacoes-tecnologicas-na-gala-do-festival-da-primavera-de-2026","status":"publish","type":"post","link":"https:\/\/diariodepe.com.br\/cri\/2026\/02\/24\/cmg-apresenta-destaques-criativos-e-aplicacoes-tecnologicas-na-gala-do-festival-da-primavera-de-2026\/","title":{"rendered":"CMG apresenta destaques criativos e aplica\u00e7\u00f5es tecnol\u00f3gicas na Gala do Festival da Primavera de 2026"},"content":{"rendered":"<p><img decoding=\"async\" src=\"https:\/\/38picres.cgtn.com\/photoAlbum\/page\/performance\/img\/2026\/2\/4\/1770191126917_972.jpg\" \/><\/p>\n<p><span dir=\"LTR\">O Grupo de M\u00eddia da China (CMG, sigla em ingl\u00eas) realizou nesta quarta-feira (4) uma coletiva de imprensa, apresentando destaques criativos e aplica\u00e7\u00f5es tecnol\u00f3gicas na Gala do Festival da Primavera de 2026.\u00a0<\/span><\/p>\n<p><span dir=\"LTR\">Neste ano<\/span><span dir=\"LTR\">, rob\u00f4s\u00a0<\/span><span dir=\"LTR\">humanoides\u00a0<\/span><span dir=\"LTR\">voltar\u00e3o a enfeitar o palco<\/span><span dir=\"LTR\">\u00a0da gala,<\/span><span dir=\"LTR\">\u00a0<\/span><span dir=\"LTR\">e o CMG Media GPT 2.0\u00a0<\/span><span dir=\"LTR\">ser\u00e1 utilizado pela primeira vez na produ\u00e7\u00e3o d<\/span><span dir=\"LTR\">o programa<\/span><span dir=\"LTR\">. O<\/span><span dir=\"LTR\">\u00a0novo padr\u00e3o de tecnologia audiovisual\u00a0<\/span><span dir=\"LTR\">ser\u00e1 aplicado de forma abrangente \u00e0 produ\u00e7\u00e3o integrada de ultra-alta defini\u00e7\u00e3o<\/span><span dir=\"LTR\">\u00a0da gala<\/span><span dir=\"LTR\">.<\/span><\/p>\n<p><span dir=\"LTR\">Inspirando-se na not\u00e1vel cultura tradicional da China e alimentando-se das inova\u00e7\u00f5es nas artes populares contempor\u00e2neas,\u00a0<\/span><span dir=\"LTR\">o CMG vai<\/span><span dir=\"LTR\">\u00a0criar<\/span><span dir=\"LTR\">\u00a0\u201c<\/span><span dir=\"LTR\">uma gala\u00a0<\/span><span dir=\"LTR\">do Festival da Primavera\u00a0<\/span><span dir=\"LTR\">para o povo<\/span><span dir=\"LTR\">\u201d<\/span><span dir=\"LTR\">\u00a0<\/span><span dir=\"LTR\">por meio<\/span><span dir=\"LTR\">\u00a0de\u00a0<\/span><span dir=\"LTR\">v\u00e1rias\u00a0<\/span><span dir=\"LTR\">perspectivas<\/span><span dir=\"LTR\">,<\/span><span dir=\"LTR\">\u00a0<\/span><span dir=\"LTR\">como alegria, sinceridade e confian\u00e7a<\/span><span dir=\"LTR\">. Apresenta\u00e7\u00f5es meticulosamente selecionadas, que incluem\u00a0<\/span><span dir=\"LTR\">can\u00e7\u00f5es,<\/span><span dir=\"LTR\">\u00a0dan\u00e7a<\/span><span dir=\"LTR\">s<\/span><span dir=\"LTR\">, \u00f3pera<\/span><span dir=\"LTR\">s<\/span><span dir=\"LTR\">, magia e fus\u00e3o criativa, ir\u00e3o acentuar o\u00a0<\/span><span dir=\"LTR\">ambiente<\/span><span dir=\"LTR\">\u00a0festivo, transmitir\u00a0<\/span><span dir=\"LTR\">alegria e felicidade e\u00a0<\/span><span dir=\"LTR\">exaltar as b\u00ean\u00e7\u00e3os da vida.<\/span><\/p>\n<p><img decoding=\"async\" src=\"https:\/\/38picres.cgtn.com\/photoAlbum\/page\/performance\/img\/2026\/2\/4\/1770191137001_39.jpg\" \/><\/p>\n<p><span dir=\"LTR\">A<\/span><span dir=\"LTR\">\u00a0Gala do Festival da Primavera\u00a0<\/span><span dir=\"LTR\">do CMG\u00a0<\/span><span dir=\"LTR\">para o Ano do Cavalo ser\u00e1 transmitid<\/span><span dir=\"LTR\">a<\/span><span dir=\"LTR\">\u00a0ao vivo \u00e0s 20h do dia 16 de fevereiro<\/span><span dir=\"LTR\">, hor\u00e1rio de Beijing,\u00a0<\/span><span dir=\"LTR\">simultaneamente em canais de televis\u00e3o, frequ\u00eancias de r\u00e1dio e plataformas de novas m\u00eddias.<\/span><\/p>\n<p><span dir=\"LTR\">A CGTN (China Global Television Network) coordenar\u00e1 com mais de 3.300 meios de comunica\u00e7\u00e3o em mais de 200 pa\u00edses e regi\u00f5es<\/span><span dir=\"LTR\">,\u00a0<\/span><span dir=\"LTR\">por meio de sua plataforma de transmiss\u00e3o internacional em 85 idiomas<\/span><span dir=\"LTR\">\u00a0estrangeiros,<\/span><span dir=\"LTR\">\u00a0para fornecer cobertura ao vivo e reportagens d<\/span><span dir=\"LTR\">a<\/span><span dir=\"LTR\">\u00a0gala.<\/span><\/p>\n","protected":false},"excerpt":{"rendered":"<p>O Grupo de M\u00eddia da China (CMG, sigla em ingl\u00eas) realizou nesta quarta-feira (4) uma coletiva de imprensa, apresentando destaques criativos e aplica\u00e7\u00f5es tecnol\u00f3gicas na Gala do Festival da Primavera de 2026.\u00a0 Neste ano, rob\u00f4s\u00a0humanoides\u00a0voltar\u00e3o a enfeitar o palco\u00a0da gala,\u00a0e&#8230;<\/p>\n","protected":false},"author":5,"featured_media":0,"comment_status":"open","ping_status":"open","sticky":false,"template":"","format":"standard","meta":{"footnotes":""},"categories":[3],"tags":[],"class_list":["post-10639","post","type-post","status-publish","format-standard","hentry","category-china"],"yoast_head":"<!-- This site is optimized with the Yoast SEO plugin v27.4 - https:\/\/yoast.com\/product\/yoast-seo-wordpress\/ -->\n<title>CMG apresenta destaques criativos e aplica\u00e7\u00f5es tecnol\u00f3gicas na Gala do Festival da Primavera de 2026 - CRI e Diario de Pernambuco<\/title>\n<meta name=\"robots\" content=\"index, follow, max-snippet:-1, max-image-preview:large, max-video-preview:-1\" \/>\n<link rel=\"canonical\" href=\"https:\/\/diariodepe.com.br\/cri\/2026\/02\/24\/cmg-apresenta-destaques-criativos-e-aplicacoes-tecnologicas-na-gala-do-festival-da-primavera-de-2026\/\" \/>\n<meta property=\"og:locale\" content=\"pt_BR\" \/>\n<meta property=\"og:type\" content=\"article\" \/>\n<meta property=\"og:title\" content=\"CMG apresenta destaques criativos e aplica\u00e7\u00f5es tecnol\u00f3gicas na Gala do Festival da Primavera de 2026 - CRI e Diario de Pernambuco\" \/>\n<meta property=\"og:description\" content=\"O Grupo de M\u00eddia da China (CMG, sigla em ingl\u00eas) realizou nesta quarta-feira (4) uma coletiva de imprensa, apresentando destaques criativos e aplica\u00e7\u00f5es tecnol\u00f3gicas na Gala do Festival da Primavera de 2026.\u00a0 Neste ano, rob\u00f4s\u00a0humanoides\u00a0voltar\u00e3o a enfeitar o palco\u00a0da gala,\u00a0e...\" \/>\n<meta property=\"og:url\" content=\"https:\/\/diariodepe.com.br\/cri\/2026\/02\/24\/cmg-apresenta-destaques-criativos-e-aplicacoes-tecnologicas-na-gala-do-festival-da-primavera-de-2026\/\" \/>\n<meta property=\"og:site_name\" content=\"CRI e Diario de Pernambuco\" \/>\n<meta property=\"article:published_time\" content=\"2026-02-24T07:09:41+00:00\" \/>\n<meta property=\"og:image\" content=\"https:\/\/38picres.cgtn.com\/photoAlbum\/page\/performance\/img\/2026\/2\/4\/1770191126917_972.jpg\" \/>\n<meta name=\"author\" content=\"CRI Portugu\u00eas\" \/>\n<meta name=\"twitter:card\" content=\"summary_large_image\" \/>\n<meta name=\"twitter:label1\" content=\"Escrito por\" \/>\n\t<meta name=\"twitter:data1\" content=\"CRI Portugu\u00eas\" \/>\n\t<meta name=\"twitter:label2\" content=\"Est. tempo de leitura\" \/>\n\t<meta name=\"twitter:data2\" content=\"2 minutos\" \/>\n<script type=\"application\/ld+json\" class=\"yoast-schema-graph\">{\"@context\":\"https:\\\/\\\/schema.org\",\"@graph\":[{\"@type\":\"Article\",\"@id\":\"https:\\\/\\\/diariodepe.com.br\\\/cri\\\/2026\\\/02\\\/24\\\/cmg-apresenta-destaques-criativos-e-aplicacoes-tecnologicas-na-gala-do-festival-da-primavera-de-2026\\\/#article\",\"isPartOf\":{\"@id\":\"https:\\\/\\\/diariodepe.com.br\\\/cri\\\/2026\\\/02\\\/24\\\/cmg-apresenta-destaques-criativos-e-aplicacoes-tecnologicas-na-gala-do-festival-da-primavera-de-2026\\\/\"},\"author\":{\"name\":\"CRI Portugu\u00eas\",\"@id\":\"https:\\\/\\\/diariodepe.com.br\\\/cri\\\/#\\\/schema\\\/person\\\/e474aead631cd4098632e11d3fbce118\"},\"headline\":\"CMG apresenta destaques criativos e aplica\u00e7\u00f5es tecnol\u00f3gicas na Gala do Festival da Primavera de 2026\",\"datePublished\":\"2026-02-24T07:09:41+00:00\",\"mainEntityOfPage\":{\"@id\":\"https:\\\/\\\/diariodepe.com.br\\\/cri\\\/2026\\\/02\\\/24\\\/cmg-apresenta-destaques-criativos-e-aplicacoes-tecnologicas-na-gala-do-festival-da-primavera-de-2026\\\/\"},\"wordCount\":268,\"commentCount\":0,\"publisher\":{\"@id\":\"https:\\\/\\\/diariodepe.com.br\\\/cri\\\/#organization\"},\"image\":{\"@id\":\"https:\\\/\\\/diariodepe.com.br\\\/cri\\\/2026\\\/02\\\/24\\\/cmg-apresenta-destaques-criativos-e-aplicacoes-tecnologicas-na-gala-do-festival-da-primavera-de-2026\\\/#primaryimage\"},\"thumbnailUrl\":\"https:\\\/\\\/38picres.cgtn.com\\\/photoAlbum\\\/page\\\/performance\\\/img\\\/2026\\\/2\\\/4\\\/1770191126917_972.jpg\",\"articleSection\":[\"China\"],\"inLanguage\":\"pt-BR\",\"potentialAction\":[{\"@type\":\"CommentAction\",\"name\":\"Comment\",\"target\":[\"https:\\\/\\\/diariodepe.com.br\\\/cri\\\/2026\\\/02\\\/24\\\/cmg-apresenta-destaques-criativos-e-aplicacoes-tecnologicas-na-gala-do-festival-da-primavera-de-2026\\\/#respond\"]}]},{\"@type\":\"WebPage\",\"@id\":\"https:\\\/\\\/diariodepe.com.br\\\/cri\\\/2026\\\/02\\\/24\\\/cmg-apresenta-destaques-criativos-e-aplicacoes-tecnologicas-na-gala-do-festival-da-primavera-de-2026\\\/\",\"url\":\"https:\\\/\\\/diariodepe.com.br\\\/cri\\\/2026\\\/02\\\/24\\\/cmg-apresenta-destaques-criativos-e-aplicacoes-tecnologicas-na-gala-do-festival-da-primavera-de-2026\\\/\",\"name\":\"CMG apresenta destaques criativos e aplica\u00e7\u00f5es tecnol\u00f3gicas na Gala do Festival da Primavera de 2026 - CRI e Diario de Pernambuco\",\"isPartOf\":{\"@id\":\"https:\\\/\\\/diariodepe.com.br\\\/cri\\\/#website\"},\"primaryImageOfPage\":{\"@id\":\"https:\\\/\\\/diariodepe.com.br\\\/cri\\\/2026\\\/02\\\/24\\\/cmg-apresenta-destaques-criativos-e-aplicacoes-tecnologicas-na-gala-do-festival-da-primavera-de-2026\\\/#primaryimage\"},\"image\":{\"@id\":\"https:\\\/\\\/diariodepe.com.br\\\/cri\\\/2026\\\/02\\\/24\\\/cmg-apresenta-destaques-criativos-e-aplicacoes-tecnologicas-na-gala-do-festival-da-primavera-de-2026\\\/#primaryimage\"},\"thumbnailUrl\":\"https:\\\/\\\/38picres.cgtn.com\\\/photoAlbum\\\/page\\\/performance\\\/img\\\/2026\\\/2\\\/4\\\/1770191126917_972.jpg\",\"datePublished\":\"2026-02-24T07:09:41+00:00\",\"breadcrumb\":{\"@id\":\"https:\\\/\\\/diariodepe.com.br\\\/cri\\\/2026\\\/02\\\/24\\\/cmg-apresenta-destaques-criativos-e-aplicacoes-tecnologicas-na-gala-do-festival-da-primavera-de-2026\\\/#breadcrumb\"},\"inLanguage\":\"pt-BR\",\"potentialAction\":[{\"@type\":\"ReadAction\",\"target\":[\"https:\\\/\\\/diariodepe.com.br\\\/cri\\\/2026\\\/02\\\/24\\\/cmg-apresenta-destaques-criativos-e-aplicacoes-tecnologicas-na-gala-do-festival-da-primavera-de-2026\\\/\"]}]},{\"@type\":\"ImageObject\",\"inLanguage\":\"pt-BR\",\"@id\":\"https:\\\/\\\/diariodepe.com.br\\\/cri\\\/2026\\\/02\\\/24\\\/cmg-apresenta-destaques-criativos-e-aplicacoes-tecnologicas-na-gala-do-festival-da-primavera-de-2026\\\/#primaryimage\",\"url\":\"https:\\\/\\\/38picres.cgtn.com\\\/photoAlbum\\\/page\\\/performance\\\/img\\\/2026\\\/2\\\/4\\\/1770191126917_972.jpg\",\"contentUrl\":\"https:\\\/\\\/38picres.cgtn.com\\\/photoAlbum\\\/page\\\/performance\\\/img\\\/2026\\\/2\\\/4\\\/1770191126917_972.jpg\"},{\"@type\":\"BreadcrumbList\",\"@id\":\"https:\\\/\\\/diariodepe.com.br\\\/cri\\\/2026\\\/02\\\/24\\\/cmg-apresenta-destaques-criativos-e-aplicacoes-tecnologicas-na-gala-do-festival-da-primavera-de-2026\\\/#breadcrumb\",\"itemListElement\":[{\"@type\":\"ListItem\",\"position\":1,\"name\":\"In\u00edcio\",\"item\":\"https:\\\/\\\/diariodepe.com.br\\\/cri\\\/\"},{\"@type\":\"ListItem\",\"position\":2,\"name\":\"CMG apresenta destaques criativos e aplica\u00e7\u00f5es tecnol\u00f3gicas na Gala do Festival da Primavera de 2026\"}]},{\"@type\":\"WebSite\",\"@id\":\"https:\\\/\\\/diariodepe.com.br\\\/cri\\\/#website\",\"url\":\"https:\\\/\\\/diariodepe.com.br\\\/cri\\\/\",\"name\":\"CRI e Diario de Pernambuco\",\"description\":\"R\u00e1dio Internacional da China\",\"publisher\":{\"@id\":\"https:\\\/\\\/diariodepe.com.br\\\/cri\\\/#organization\"},\"potentialAction\":[{\"@type\":\"SearchAction\",\"target\":{\"@type\":\"EntryPoint\",\"urlTemplate\":\"https:\\\/\\\/diariodepe.com.br\\\/cri\\\/?s={search_term_string}\"},\"query-input\":{\"@type\":\"PropertyValueSpecification\",\"valueRequired\":true,\"valueName\":\"search_term_string\"}}],\"inLanguage\":\"pt-BR\"},{\"@type\":\"Organization\",\"@id\":\"https:\\\/\\\/diariodepe.com.br\\\/cri\\\/#organization\",\"name\":\"CRI e Diario de Pernambuco\",\"url\":\"https:\\\/\\\/diariodepe.com.br\\\/cri\\\/\",\"logo\":{\"@type\":\"ImageObject\",\"inLanguage\":\"pt-BR\",\"@id\":\"https:\\\/\\\/diariodepe.com.br\\\/cri\\\/#\\\/schema\\\/logo\\\/image\\\/\",\"url\":\"https:\\\/\\\/diariodepe.com.br\\\/cri\\\/wp-content\\\/uploads\\\/sites\\\/2\\\/2022\\\/12\\\/cropped-Logo.jpg\",\"contentUrl\":\"https:\\\/\\\/diariodepe.com.br\\\/cri\\\/wp-content\\\/uploads\\\/sites\\\/2\\\/2022\\\/12\\\/cropped-Logo.jpg\",\"width\":700,\"height\":59,\"caption\":\"CRI e Diario de Pernambuco\"},\"image\":{\"@id\":\"https:\\\/\\\/diariodepe.com.br\\\/cri\\\/#\\\/schema\\\/logo\\\/image\\\/\"}},{\"@type\":\"Person\",\"@id\":\"https:\\\/\\\/diariodepe.com.br\\\/cri\\\/#\\\/schema\\\/person\\\/e474aead631cd4098632e11d3fbce118\",\"name\":\"CRI Portugu\u00eas\",\"image\":{\"@type\":\"ImageObject\",\"inLanguage\":\"pt-BR\",\"@id\":\"https:\\\/\\\/secure.gravatar.com\\\/avatar\\\/e2ac889ef882d4dc53091b610766dce49106cf9fe98c76e06745abb0993b2763?s=96&d=mm&r=g\",\"url\":\"https:\\\/\\\/secure.gravatar.com\\\/avatar\\\/e2ac889ef882d4dc53091b610766dce49106cf9fe98c76e06745abb0993b2763?s=96&d=mm&r=g\",\"contentUrl\":\"https:\\\/\\\/secure.gravatar.com\\\/avatar\\\/e2ac889ef882d4dc53091b610766dce49106cf9fe98c76e06745abb0993b2763?s=96&d=mm&r=g\",\"caption\":\"CRI Portugu\u00eas\"},\"sameAs\":[\"https:\\\/\\\/www.diariodepernambuco.com.br\\\/\"],\"url\":\"https:\\\/\\\/diariodepe.com.br\\\/cri\\\/author\\\/agencia-cri\\\/\"}]}<\/script>\n<!-- \/ Yoast SEO plugin. -->","yoast_head_json":{"title":"CMG apresenta destaques criativos e aplica\u00e7\u00f5es tecnol\u00f3gicas na Gala do Festival da Primavera de 2026 - CRI e Diario de Pernambuco","robots":{"index":"index","follow":"follow","max-snippet":"max-snippet:-1","max-image-preview":"max-image-preview:large","max-video-preview":"max-video-preview:-1"},"canonical":"https:\/\/diariodepe.com.br\/cri\/2026\/02\/24\/cmg-apresenta-destaques-criativos-e-aplicacoes-tecnologicas-na-gala-do-festival-da-primavera-de-2026\/","og_locale":"pt_BR","og_type":"article","og_title":"CMG apresenta destaques criativos e aplica\u00e7\u00f5es tecnol\u00f3gicas na Gala do Festival da Primavera de 2026 - CRI e Diario de Pernambuco","og_description":"O Grupo de M\u00eddia da China (CMG, sigla em ingl\u00eas) realizou nesta quarta-feira (4) uma coletiva de imprensa, apresentando destaques criativos e aplica\u00e7\u00f5es tecnol\u00f3gicas na Gala do Festival da Primavera de 2026.\u00a0 Neste ano, rob\u00f4s\u00a0humanoides\u00a0voltar\u00e3o a enfeitar o palco\u00a0da gala,\u00a0e...","og_url":"https:\/\/diariodepe.com.br\/cri\/2026\/02\/24\/cmg-apresenta-destaques-criativos-e-aplicacoes-tecnologicas-na-gala-do-festival-da-primavera-de-2026\/","og_site_name":"CRI e Diario de Pernambuco","article_published_time":"2026-02-24T07:09:41+00:00","og_image":[{"url":"https:\/\/38picres.cgtn.com\/photoAlbum\/page\/performance\/img\/2026\/2\/4\/1770191126917_972.jpg","type":"","width":"","height":""}],"author":"CRI Portugu\u00eas","twitter_card":"summary_large_image","twitter_misc":{"Escrito por":"CRI Portugu\u00eas","Est. tempo de leitura":"2 minutos"},"schema":{"@context":"https:\/\/schema.org","@graph":[{"@type":"Article","@id":"https:\/\/diariodepe.com.br\/cri\/2026\/02\/24\/cmg-apresenta-destaques-criativos-e-aplicacoes-tecnologicas-na-gala-do-festival-da-primavera-de-2026\/#article","isPartOf":{"@id":"https:\/\/diariodepe.com.br\/cri\/2026\/02\/24\/cmg-apresenta-destaques-criativos-e-aplicacoes-tecnologicas-na-gala-do-festival-da-primavera-de-2026\/"},"author":{"name":"CRI Portugu\u00eas","@id":"https:\/\/diariodepe.com.br\/cri\/#\/schema\/person\/e474aead631cd4098632e11d3fbce118"},"headline":"CMG apresenta destaques criativos e aplica\u00e7\u00f5es tecnol\u00f3gicas na Gala do Festival da Primavera de 2026","datePublished":"2026-02-24T07:09:41+00:00","mainEntityOfPage":{"@id":"https:\/\/diariodepe.com.br\/cri\/2026\/02\/24\/cmg-apresenta-destaques-criativos-e-aplicacoes-tecnologicas-na-gala-do-festival-da-primavera-de-2026\/"},"wordCount":268,"commentCount":0,"publisher":{"@id":"https:\/\/diariodepe.com.br\/cri\/#organization"},"image":{"@id":"https:\/\/diariodepe.com.br\/cri\/2026\/02\/24\/cmg-apresenta-destaques-criativos-e-aplicacoes-tecnologicas-na-gala-do-festival-da-primavera-de-2026\/#primaryimage"},"thumbnailUrl":"https:\/\/38picres.cgtn.com\/photoAlbum\/page\/performance\/img\/2026\/2\/4\/1770191126917_972.jpg","articleSection":["China"],"inLanguage":"pt-BR","potentialAction":[{"@type":"CommentAction","name":"Comment","target":["https:\/\/diariodepe.com.br\/cri\/2026\/02\/24\/cmg-apresenta-destaques-criativos-e-aplicacoes-tecnologicas-na-gala-do-festival-da-primavera-de-2026\/#respond"]}]},{"@type":"WebPage","@id":"https:\/\/diariodepe.com.br\/cri\/2026\/02\/24\/cmg-apresenta-destaques-criativos-e-aplicacoes-tecnologicas-na-gala-do-festival-da-primavera-de-2026\/","url":"https:\/\/diariodepe.com.br\/cri\/2026\/02\/24\/cmg-apresenta-destaques-criativos-e-aplicacoes-tecnologicas-na-gala-do-festival-da-primavera-de-2026\/","name":"CMG apresenta destaques criativos e aplica\u00e7\u00f5es tecnol\u00f3gicas na Gala do Festival da Primavera de 2026 - CRI e Diario de Pernambuco","isPartOf":{"@id":"https:\/\/diariodepe.com.br\/cri\/#website"},"primaryImageOfPage":{"@id":"https:\/\/diariodepe.com.br\/cri\/2026\/02\/24\/cmg-apresenta-destaques-criativos-e-aplicacoes-tecnologicas-na-gala-do-festival-da-primavera-de-2026\/#primaryimage"},"image":{"@id":"https:\/\/diariodepe.com.br\/cri\/2026\/02\/24\/cmg-apresenta-destaques-criativos-e-aplicacoes-tecnologicas-na-gala-do-festival-da-primavera-de-2026\/#primaryimage"},"thumbnailUrl":"https:\/\/38picres.cgtn.com\/photoAlbum\/page\/performance\/img\/2026\/2\/4\/1770191126917_972.jpg","datePublished":"2026-02-24T07:09:41+00:00","breadcrumb":{"@id":"https:\/\/diariodepe.com.br\/cri\/2026\/02\/24\/cmg-apresenta-destaques-criativos-e-aplicacoes-tecnologicas-na-gala-do-festival-da-primavera-de-2026\/#breadcrumb"},"inLanguage":"pt-BR","potentialAction":[{"@type":"ReadAction","target":["https:\/\/diariodepe.com.br\/cri\/2026\/02\/24\/cmg-apresenta-destaques-criativos-e-aplicacoes-tecnologicas-na-gala-do-festival-da-primavera-de-2026\/"]}]},{"@type":"ImageObject","inLanguage":"pt-BR","@id":"https:\/\/diariodepe.com.br\/cri\/2026\/02\/24\/cmg-apresenta-destaques-criativos-e-aplicacoes-tecnologicas-na-gala-do-festival-da-primavera-de-2026\/#primaryimage","url":"https:\/\/38picres.cgtn.com\/photoAlbum\/page\/performance\/img\/2026\/2\/4\/1770191126917_972.jpg","contentUrl":"https:\/\/38picres.cgtn.com\/photoAlbum\/page\/performance\/img\/2026\/2\/4\/1770191126917_972.jpg"},{"@type":"BreadcrumbList","@id":"https:\/\/diariodepe.com.br\/cri\/2026\/02\/24\/cmg-apresenta-destaques-criativos-e-aplicacoes-tecnologicas-na-gala-do-festival-da-primavera-de-2026\/#breadcrumb","itemListElement":[{"@type":"ListItem","position":1,"name":"In\u00edcio","item":"https:\/\/diariodepe.com.br\/cri\/"},{"@type":"ListItem","position":2,"name":"CMG apresenta destaques criativos e aplica\u00e7\u00f5es tecnol\u00f3gicas na Gala do Festival da Primavera de 2026"}]},{"@type":"WebSite","@id":"https:\/\/diariodepe.com.br\/cri\/#website","url":"https:\/\/diariodepe.com.br\/cri\/","name":"CRI e Diario de Pernambuco","description":"R\u00e1dio Internacional da China","publisher":{"@id":"https:\/\/diariodepe.com.br\/cri\/#organization"},"potentialAction":[{"@type":"SearchAction","target":{"@type":"EntryPoint","urlTemplate":"https:\/\/diariodepe.com.br\/cri\/?s={search_term_string}"},"query-input":{"@type":"PropertyValueSpecification","valueRequired":true,"valueName":"search_term_string"}}],"inLanguage":"pt-BR"},{"@type":"Organization","@id":"https:\/\/diariodepe.com.br\/cri\/#organization","name":"CRI e Diario de Pernambuco","url":"https:\/\/diariodepe.com.br\/cri\/","logo":{"@type":"ImageObject","inLanguage":"pt-BR","@id":"https:\/\/diariodepe.com.br\/cri\/#\/schema\/logo\/image\/","url":"https:\/\/diariodepe.com.br\/cri\/wp-content\/uploads\/sites\/2\/2022\/12\/cropped-Logo.jpg","contentUrl":"https:\/\/diariodepe.com.br\/cri\/wp-content\/uploads\/sites\/2\/2022\/12\/cropped-Logo.jpg","width":700,"height":59,"caption":"CRI e Diario de Pernambuco"},"image":{"@id":"https:\/\/diariodepe.com.br\/cri\/#\/schema\/logo\/image\/"}},{"@type":"Person","@id":"https:\/\/diariodepe.com.br\/cri\/#\/schema\/person\/e474aead631cd4098632e11d3fbce118","name":"CRI Portugu\u00eas","image":{"@type":"ImageObject","inLanguage":"pt-BR","@id":"https:\/\/secure.gravatar.com\/avatar\/e2ac889ef882d4dc53091b610766dce49106cf9fe98c76e06745abb0993b2763?s=96&d=mm&r=g","url":"https:\/\/secure.gravatar.com\/avatar\/e2ac889ef882d4dc53091b610766dce49106cf9fe98c76e06745abb0993b2763?s=96&d=mm&r=g","contentUrl":"https:\/\/secure.gravatar.com\/avatar\/e2ac889ef882d4dc53091b610766dce49106cf9fe98c76e06745abb0993b2763?s=96&d=mm&r=g","caption":"CRI Portugu\u00eas"},"sameAs":["https:\/\/www.diariodepernambuco.com.br\/"],"url":"https:\/\/diariodepe.com.br\/cri\/author\/agencia-cri\/"}]}},"cc_featured_image_caption":{"caption_text":"","source_text":"","source_url":""},"amp_enabled":true,"_links":{"self":[{"href":"https:\/\/diariodepe.com.br\/cri\/wp-json\/wp\/v2\/posts\/10639","targetHints":{"allow":["GET"]}}],"collection":[{"href":"https:\/\/diariodepe.com.br\/cri\/wp-json\/wp\/v2\/posts"}],"about":[{"href":"https:\/\/diariodepe.com.br\/cri\/wp-json\/wp\/v2\/types\/post"}],"author":[{"embeddable":true,"href":"https:\/\/diariodepe.com.br\/cri\/wp-json\/wp\/v2\/users\/5"}],"replies":[{"embeddable":true,"href":"https:\/\/diariodepe.com.br\/cri\/wp-json\/wp\/v2\/comments?post=10639"}],"version-history":[{"count":1,"href":"https:\/\/diariodepe.com.br\/cri\/wp-json\/wp\/v2\/posts\/10639\/revisions"}],"predecessor-version":[{"id":10640,"href":"https:\/\/diariodepe.com.br\/cri\/wp-json\/wp\/v2\/posts\/10639\/revisions\/10640"}],"wp:attachment":[{"href":"https:\/\/diariodepe.com.br\/cri\/wp-json\/wp\/v2\/media?parent=10639"}],"wp:term":[{"taxonomy":"category","embeddable":true,"href":"https:\/\/diariodepe.com.br\/cri\/wp-json\/wp\/v2\/categories?post=10639"},{"taxonomy":"post_tag","embeddable":true,"href":"https:\/\/diariodepe.com.br\/cri\/wp-json\/wp\/v2\/tags?post=10639"}],"curies":[{"name":"wp","href":"https:\/\/api.w.org\/{rel}","templated":true}]}}