{"id":10625,"date":"2026-02-16T10:45:21","date_gmt":"2026-02-16T13:45:21","guid":{"rendered":"https:\/\/diariodepe.com.br\/cri\/?p=10625"},"modified":"2026-02-16T10:45:21","modified_gmt":"2026-02-16T13:45:21","slug":"divulgada-a-programacao-oficial-da-gala-do-festival-da-primavera-2026","status":"publish","type":"post","link":"https:\/\/diariodepe.com.br\/cri\/2026\/02\/16\/divulgada-a-programacao-oficial-da-gala-do-festival-da-primavera-2026\/","title":{"rendered":"Divulgada a programa\u00e7\u00e3o oficial da Gala do Festival da Primavera 2026"},"content":{"rendered":"<article class=\"cardsputaoya_pc\" data-v-6a32acc9=\"\">\n<section class=\"cardsputaoya_l\" data-v-6a32acc9=\"\">\n<div class=\"detailContent\" data-v-6a32acc9=\"\">\n<div class=\"pc\" data-v-9cf1b08a=\"\" data-v-6a32acc9=\"\">\n<div id=\"detailContent\" class=\"pc\" data-v-9cf1b08a=\"\">\n<p><img decoding=\"async\" src=\"https:\/\/38picres.cgtn.com\/photoAlbum\/page\/performance\/img\/2026\/2\/16\/1771239229573_520.jpg\" \/><\/p>\n<p>Os canais da CGTN (China Global Television Network), em 85 idiomas \u2014 como ingl\u00eas, espanhol, franc\u00eas, \u00e1rabe e russo \u2014 mobilizar\u00e3o mais de 3.500 ve\u00edculos de comunica\u00e7\u00e3o de mais de 200 pa\u00edses e regi\u00f5es para transmitir e repercutir ao vivo o espet\u00e1culo.<\/p>\n<p><img decoding=\"async\" src=\"https:\/\/38picres.cgtn.com\/photoAlbum\/page\/performance\/img\/2026\/2\/16\/1771239244827_528.jpg\" \/><\/p>\n<p>A CCTV+, ag\u00eancia internacional de v\u00eddeo do CMG, promover\u00e1 a Gala para o p\u00fablico global em parceria com sete grandes alian\u00e7as de comunica\u00e7\u00e3o \u2014 a Uni\u00e3o \u00c1sia-Pac\u00edfico de Radiodifus\u00e3o (ABU), a Uni\u00e3o Africana de Radiodifus\u00e3o (AUB), a Alian\u00e7a Informativa Latino-Americana (AIL), a Uni\u00e3o de Radiodifus\u00e3o dos Estados \u00c1rabes (ASBU), a Alian\u00e7a Europeia de Interc\u00e2mbio de Not\u00edcias (ENEX), a Uni\u00e3o de Radiodifus\u00e3o da Organiza\u00e7\u00e3o da Coopera\u00e7\u00e3o Isl\u00e2mica (OIC-UB) e a Uni\u00e3o de Radiodifus\u00e3o do Caribe (CBU).<\/p>\n<p><img decoding=\"async\" src=\"https:\/\/38picres.cgtn.com\/photoAlbum\/page\/performance\/img\/2026\/2\/16\/1771239274237_107.jpg\" \/><\/p>\n<p>Os principais programas da Gala ser\u00e3o difundidos por mais de 400 ve\u00edculos de comunica\u00e7\u00e3o em 181 pa\u00edses e regi\u00f5es ao redor do mundo.<\/p>\n<p><img decoding=\"async\" src=\"https:\/\/38picres.cgtn.com\/photoAlbum\/page\/performance\/img\/2026\/2\/16\/1771239311234_643.jpg\" \/><\/p>\n<\/div>\n<\/div>\n<\/div>\n<\/section>\n<section class=\"cardsputaoya_r\" data-v-6a32acc9=\"\">\n<div class=\"cardsputaoya_r_1\" data-v-6a32acc9=\"\">\n<h5 data-v-6a32acc9=\"\"><a target=\"_self\" data-v-6a32acc9=\"\">Principais Not\u00edcias<\/a><\/h5>\n<div class=\"cgtn_001 cgtn_001_pc\" data-v-6a32acc9=\"\" data-v-364c7368=\"\">\n<div class=\"cgtn_001_logo\" data-v-364c7368=\"\"><img decoding=\"async\" src=\"https:\/\/38picres.cgtn.com\/photoAlbum\/page\/performance\/img\/2026\/2\/15\/1771154191814_423.jpg\" data-v-364c7368=\"\" \/><\/div>\n<div class=\"cgtn_001_cont\" data-v-364c7368=\"\">\n<h5 class=\"cgtn_001_title\" title=\"Gala do Festival da Primavera do CMG 2026 conclui quinto ensaio  \u00a0\" data-v-364c7368=\"\">Gala do Festival da Primavera do CMG 2026 conclui quinto ensaio<\/h5>\n<\/div>\n<\/div>\n<div class=\"cgtn_001 cgtn_001_pc\" data-v-6a32acc9=\"\" data-v-364c7368=\"\">\n<div class=\"cgtn_001_logo\" data-v-364c7368=\"\"><img decoding=\"async\" src=\"https:\/\/38picres.cgtn.com\/photoAlbum\/page\/performance\/img\/2026\/2\/14\/1771068863217_189.jpg\" data-v-364c7368=\"\" \/><\/div>\n<div class=\"cgtn_001_cont\" data-v-364c7368=\"\">\n<h5 class=\"cgtn_001_title\" title=\"Comit\u00ea Central do PCCh e Conselho de Estado da China realizam reuni\u00e3o de celebra\u00e7\u00e3o do Ano Novo Chin\u00eas\" data-v-364c7368=\"\">Comit\u00ea Central do PCCh e Conselho de Estado da China realizam reuni\u00e3o de celebra\u00e7\u00e3o do Ano Novo Chin\u00eas<\/h5>\n<\/div>\n<\/div>\n<div class=\"cgtn_001 cgtn_001_pc\" data-v-6a32acc9=\"\" data-v-364c7368=\"\">\n<div class=\"cgtn_001_logo\" data-v-364c7368=\"\"><img decoding=\"async\" src=\"https:\/\/38picres.cgtn.com\/photoAlbum\/page\/performance\/img\/2026\/2\/13\/1770988860204_633.jpg\" data-v-364c7368=\"\" \/><\/div>\n<div class=\"cgtn_001_cont\" data-v-364c7368=\"\">\n<h5 class=\"cgtn_001_title\" title=\"V\u00eddeo promocional da Gala do Festival da Primavera do CMG estreia em S\u00e3o Tom\u00e9 e Pr\u00edncipe\" data-v-364c7368=\"\">V\u00eddeo promocional da Gala do Festival da Primavera do CMG estreia em S\u00e3o Tom\u00e9 e Pr\u00edncipe<\/h5>\n<\/div>\n<\/div>\n<\/div>\n<div class=\"cardsputaoya_r_2\" data-v-6a32acc9=\"\">\n<h5 data-v-6a32acc9=\"\"><a target=\"_self\" data-v-6a32acc9=\"\">Not\u00edcias Relacionadas<\/a><\/h5>\n<div class=\"cgtn_001 cgtn_001_pc\" data-v-6a32acc9=\"\" data-v-364c7368=\"\">\n<div class=\"cgtn_001_logo\" data-v-364c7368=\"\"><img decoding=\"async\" src=\"https:\/\/38picres.cgtn.com\/photoAlbum\/page\/performance\/img\/2024\/8\/31\/1725084268391_898.png\" data-v-364c7368=\"\" \/><\/div>\n<div class=\"cgtn_001_cont\" data-v-364c7368=\"\">\n<h5 class=\"cgtn_001_title\" title=\"Bilheteria durante o Festival da Primavera de 2026 ultrapassa 500 milh\u00f5es de yuans\" data-v-364c7368=\"\">Bilheteria durante o Festival da Primavera de 2026 ultrapassa 500 milh\u00f5es de yuans<\/h5>\n<\/div>\n<\/div>\n<div class=\"cgtn_018 cgtn_018_pc\" data-v-6a32acc9=\"\" data-v-d39b73bc=\"\">\n<ul class=\"cgtn_018_ul\" data-v-d39b73bc=\"\">\n<li class=\"cgtn_018_li\" data-v-d39b73bc=\"\">\n<h5 class=\"cgtn_018_h5\" data-v-d39b73bc=\"\">Brasileiro Pinheiro Braathen conquista primeira medalha ol\u00edmpica de inverno da Am\u00e9rica do Sul<\/h5>\n<\/li>\n<li class=\"cgtn_018_li\" data-v-d39b73bc=\"\">\n<h5 class=\"cgtn_018_h5\" data-v-d39b73bc=\"\">Celebra\u00e7\u00f5es em diversos pa\u00edses pelo mundo preparam chegada do Ano Novo Chin\u00eas<\/h5>\n<\/li>\n<li class=\"cgtn_018_li\" data-v-d39b73bc=\"\">\n<h5 class=\"cgtn_018_h5\" data-v-d39b73bc=\"\">Pr\u00e9-venda para assistir a filmes durante o Festival da Primavera supera 300 milh\u00f5es de yuans<\/h5>\n<\/li>\n<li class=\"cgtn_018_li\" data-v-d39b73bc=\"\">\n<h5 class=\"cgtn_018_h5\" data-v-d39b73bc=\"\">\u201cPrel\u00fadio da Gala do Festival da Primavera\u201d foi realizado na ONU<\/h5>\n<\/li>\n<\/ul>\n<\/div>\n<\/div>\n<div class=\"cardsputaoya_r_3\" data-v-6a32acc9=\"\">\n<h5 data-v-6a32acc9=\"\"><a target=\"_self\" data-v-6a32acc9=\"\">Mais Populares<\/a><\/h5>\n<div class=\"cgtn_002 cgtn_002_pc\" data-v-6a32acc9=\"\" data-v-4e6086c4=\"\">\n<div class=\"img_box\" data-v-4e6086c4=\"\"><img decoding=\"async\" src=\"https:\/\/38picres.cgtn.com\/photoAlbum\/page\/performance\/img\/2026\/1\/30\/1769742695741_378.jpg\" alt=\"Est\u00e1tuas de Bodhisattva revelam est\u00e9tica singular da tradi\u00e7\u00e3o chinesa\" data-v-4e6086c4=\"\" \/><\/p>\n<div class=\"cgtn_002_play cgtn_002_right\" data-v-4e6086c4=\"\">\n<div class=\"cgtn_002_play_cont\" data-v-4e6086c4=\"\">&lt;img class=&quot;cgtn_jiaobiao&quot; src=&quot;data:;base64,<svg xmlns='http:\/\/www.w3.org\/2000\/svg' fill='none' width='12' height='14'><\/div>\n<\/div>\n<\/div>\n<\/div>\n<div class=\"cgtn_018 cgtn_018_pc\" data-v-6a32acc9=\"\" data-v-d39b73bc=\"\">\n<ul class=\"cgtn_018_ul\" data-v-d39b73bc=\"\">\n<li class=\"cgtn_018_li\" data-v-d39b73bc=\"\"><a class=\"cgtn_018_a\" href=\"https:\/\/portuguese.cgtn.com\/2026\/01\/30\/ARTI1769742720079425\" target=\"_self\" data-v-d39b73bc=\"\"><span class=\"cgtn_018_icon\" data-v-d39b73bc=\"\">1<\/span><\/a><br \/>\n<h5 class=\"cgtn_018_h5\" data-v-d39b73bc=\"\">Est\u00e1tuas de Bodhisattva revelam est\u00e9tica singular da tradi\u00e7\u00e3o chinesa<\/h5>\n<\/li>\n<li class=\"cgtn_018_li\" data-v-d39b73bc=\"\"><a class=\"cgtn_018_a\" href=\"https:\/\/portuguese.cgtn.com\/2026\/02\/03\/ARTI1770109379697928\" target=\"_self\" data-v-d39b73bc=\"\"><span class=\"cgtn_018_icon\" data-v-d39b73bc=\"\">2<\/span><\/a><br \/>\n<h5 class=\"cgtn_018_h5\" data-v-d39b73bc=\"\">Jovens latino-americanos compreendem a experi\u00eancia chinesa no combate \u00e0 pobreza<\/h5>\n<\/li>\n<li class=\"cgtn_018_li\" data-v-d39b73bc=\"\"><a class=\"cgtn_018_a\" href=\"https:\/\/portuguese.cgtn.com\/2026\/02\/10\/ARTI1770726936627831\" target=\"_self\" data-v-d39b73bc=\"\"><span class=\"cgtn_018_icon\" data-v-d39b73bc=\"\">3<\/span><\/a><br \/>\n<h5 class=\"cgtn_018_h5\" data-v-d39b73bc=\"\">Xi Jinping cumprimenta antecipadamente chineses pelo Festival da Primavera<\/h5>\n<\/li>\n<li class=\"cgtn_018_li\" data-v-d39b73bc=\"\"><a class=\"cgtn_018_a\" href=\"https:\/\/portuguese.cgtn.com\/2026\/02\/10\/ARTI1770721063676788\" target=\"_self\" data-v-d39b73bc=\"\"><span class=\"cgtn_018_icon\" data-v-d39b73bc=\"\">4<\/span><\/a><br \/>\n<h5 class=\"cgtn_018_h5\" data-v-d39b73bc=\"\">Laborat\u00f3rios compartilhados aceleram o desenvolvimento de novos medicamentos e estimulam a inova\u00e7\u00e3o<\/h5>\n<\/li>\n<li class=\"cgtn_018_li\" data-v-d39b73bc=\"\"><a class=\"cgtn_018_a\" href=\"https:\/\/portuguese.cgtn.com\/2026\/02\/09\/ARTI1770618245571694\" target=\"_self\" data-v-d39b73bc=\"\"><span class=\"cgtn_018_icon\" data-v-d39b73bc=\"\">5<\/span><\/a><br \/>\n<h5 class=\"cgtn_018_h5\" data-v-d39b73bc=\"\">Conselheira de Estado da China participa da cerim\u00f4nia de abertura dos Jogos Ol\u00edmpicos de Inverno de Mil\u00e3o-Cortina<\/h5>\n<\/li>\n<\/ul>\n<\/div>\n<\/div>\n<\/section>\n<\/article>\n<div class=\"cgtn_bottom cgtn_bottom_pc\" data-v-3724dc3e=\"\">\n<div class=\"cgtn_bottom_content\" data-v-3724dc3e=\"\"><\/div>\n<\/div>\n","protected":false},"excerpt":{"rendered":"<p>Os canais da CGTN (China Global Television Network), em 85 idiomas \u2014 como ingl\u00eas, espanhol, franc\u00eas, \u00e1rabe e russo \u2014 mobilizar\u00e3o mais de 3.500 ve\u00edculos de comunica\u00e7\u00e3o de mais de 200 pa\u00edses e regi\u00f5es para transmitir e repercutir ao vivo&#8230;<\/p>\n","protected":false},"author":5,"featured_media":0,"comment_status":"open","ping_status":"open","sticky":false,"template":"","format":"standard","meta":{"footnotes":""},"categories":[3,5],"tags":[],"class_list":["post-10625","post","type-post","status-publish","format-standard","hentry","category-china","category-destaques-capa"],"yoast_head":"<!-- This site is optimized with the Yoast SEO plugin v27.4 - https:\/\/yoast.com\/product\/yoast-seo-wordpress\/ -->\n<title>Divulgada a programa\u00e7\u00e3o oficial da Gala do Festival da Primavera 2026 - CRI e Diario de Pernambuco<\/title>\n<meta name=\"robots\" content=\"index, follow, max-snippet:-1, max-image-preview:large, max-video-preview:-1\" \/>\n<link rel=\"canonical\" href=\"https:\/\/diariodepe.com.br\/cri\/2026\/02\/16\/divulgada-a-programacao-oficial-da-gala-do-festival-da-primavera-2026\/\" \/>\n<meta property=\"og:locale\" content=\"pt_BR\" \/>\n<meta property=\"og:type\" content=\"article\" \/>\n<meta property=\"og:title\" content=\"Divulgada a programa\u00e7\u00e3o oficial da Gala do Festival da Primavera 2026 - CRI e Diario de Pernambuco\" \/>\n<meta property=\"og:description\" content=\"Os canais da CGTN (China Global Television Network), em 85 idiomas \u2014 como ingl\u00eas, espanhol, franc\u00eas, \u00e1rabe e russo \u2014 mobilizar\u00e3o mais de 3.500 ve\u00edculos de comunica\u00e7\u00e3o de mais de 200 pa\u00edses e regi\u00f5es para transmitir e repercutir ao vivo...\" \/>\n<meta property=\"og:url\" content=\"https:\/\/diariodepe.com.br\/cri\/2026\/02\/16\/divulgada-a-programacao-oficial-da-gala-do-festival-da-primavera-2026\/\" \/>\n<meta property=\"og:site_name\" content=\"CRI e Diario de Pernambuco\" \/>\n<meta property=\"article:published_time\" content=\"2026-02-16T13:45:21+00:00\" \/>\n<meta property=\"og:image\" content=\"https:\/\/38picres.cgtn.com\/photoAlbum\/page\/performance\/img\/2026\/2\/16\/1771239229573_520.jpg\" \/>\n<meta name=\"author\" content=\"CRI Portugu\u00eas\" \/>\n<meta name=\"twitter:card\" content=\"summary_large_image\" \/>\n<meta name=\"twitter:label1\" content=\"Escrito por\" \/>\n\t<meta name=\"twitter:data1\" content=\"CRI Portugu\u00eas\" \/>\n\t<meta name=\"twitter:label2\" content=\"Est. tempo de leitura\" \/>\n\t<meta name=\"twitter:data2\" content=\"4 minutos\" \/>\n<script type=\"application\/ld+json\" class=\"yoast-schema-graph\">{\"@context\":\"https:\\\/\\\/schema.org\",\"@graph\":[{\"@type\":\"Article\",\"@id\":\"https:\\\/\\\/diariodepe.com.br\\\/cri\\\/2026\\\/02\\\/16\\\/divulgada-a-programacao-oficial-da-gala-do-festival-da-primavera-2026\\\/#article\",\"isPartOf\":{\"@id\":\"https:\\\/\\\/diariodepe.com.br\\\/cri\\\/2026\\\/02\\\/16\\\/divulgada-a-programacao-oficial-da-gala-do-festival-da-primavera-2026\\\/\"},\"author\":{\"name\":\"CRI Portugu\u00eas\",\"@id\":\"https:\\\/\\\/diariodepe.com.br\\\/cri\\\/#\\\/schema\\\/person\\\/e474aead631cd4098632e11d3fbce118\"},\"headline\":\"Divulgada a programa\u00e7\u00e3o oficial da Gala do Festival da Primavera 2026\",\"datePublished\":\"2026-02-16T13:45:21+00:00\",\"mainEntityOfPage\":{\"@id\":\"https:\\\/\\\/diariodepe.com.br\\\/cri\\\/2026\\\/02\\\/16\\\/divulgada-a-programacao-oficial-da-gala-do-festival-da-primavera-2026\\\/\"},\"wordCount\":383,\"commentCount\":0,\"publisher\":{\"@id\":\"https:\\\/\\\/diariodepe.com.br\\\/cri\\\/#organization\"},\"image\":{\"@id\":\"https:\\\/\\\/diariodepe.com.br\\\/cri\\\/2026\\\/02\\\/16\\\/divulgada-a-programacao-oficial-da-gala-do-festival-da-primavera-2026\\\/#primaryimage\"},\"thumbnailUrl\":\"https:\\\/\\\/38picres.cgtn.com\\\/photoAlbum\\\/page\\\/performance\\\/img\\\/2026\\\/2\\\/16\\\/1771239229573_520.jpg\",\"articleSection\":[\"China\",\"Destaques Capa\"],\"inLanguage\":\"pt-BR\",\"potentialAction\":[{\"@type\":\"CommentAction\",\"name\":\"Comment\",\"target\":[\"https:\\\/\\\/diariodepe.com.br\\\/cri\\\/2026\\\/02\\\/16\\\/divulgada-a-programacao-oficial-da-gala-do-festival-da-primavera-2026\\\/#respond\"]}]},{\"@type\":\"WebPage\",\"@id\":\"https:\\\/\\\/diariodepe.com.br\\\/cri\\\/2026\\\/02\\\/16\\\/divulgada-a-programacao-oficial-da-gala-do-festival-da-primavera-2026\\\/\",\"url\":\"https:\\\/\\\/diariodepe.com.br\\\/cri\\\/2026\\\/02\\\/16\\\/divulgada-a-programacao-oficial-da-gala-do-festival-da-primavera-2026\\\/\",\"name\":\"Divulgada a programa\u00e7\u00e3o oficial da Gala do Festival da Primavera 2026 - CRI e Diario de Pernambuco\",\"isPartOf\":{\"@id\":\"https:\\\/\\\/diariodepe.com.br\\\/cri\\\/#website\"},\"primaryImageOfPage\":{\"@id\":\"https:\\\/\\\/diariodepe.com.br\\\/cri\\\/2026\\\/02\\\/16\\\/divulgada-a-programacao-oficial-da-gala-do-festival-da-primavera-2026\\\/#primaryimage\"},\"image\":{\"@id\":\"https:\\\/\\\/diariodepe.com.br\\\/cri\\\/2026\\\/02\\\/16\\\/divulgada-a-programacao-oficial-da-gala-do-festival-da-primavera-2026\\\/#primaryimage\"},\"thumbnailUrl\":\"https:\\\/\\\/38picres.cgtn.com\\\/photoAlbum\\\/page\\\/performance\\\/img\\\/2026\\\/2\\\/16\\\/1771239229573_520.jpg\",\"datePublished\":\"2026-02-16T13:45:21+00:00\",\"breadcrumb\":{\"@id\":\"https:\\\/\\\/diariodepe.com.br\\\/cri\\\/2026\\\/02\\\/16\\\/divulgada-a-programacao-oficial-da-gala-do-festival-da-primavera-2026\\\/#breadcrumb\"},\"inLanguage\":\"pt-BR\",\"potentialAction\":[{\"@type\":\"ReadAction\",\"target\":[\"https:\\\/\\\/diariodepe.com.br\\\/cri\\\/2026\\\/02\\\/16\\\/divulgada-a-programacao-oficial-da-gala-do-festival-da-primavera-2026\\\/\"]}]},{\"@type\":\"ImageObject\",\"inLanguage\":\"pt-BR\",\"@id\":\"https:\\\/\\\/diariodepe.com.br\\\/cri\\\/2026\\\/02\\\/16\\\/divulgada-a-programacao-oficial-da-gala-do-festival-da-primavera-2026\\\/#primaryimage\",\"url\":\"https:\\\/\\\/38picres.cgtn.com\\\/photoAlbum\\\/page\\\/performance\\\/img\\\/2026\\\/2\\\/16\\\/1771239229573_520.jpg\",\"contentUrl\":\"https:\\\/\\\/38picres.cgtn.com\\\/photoAlbum\\\/page\\\/performance\\\/img\\\/2026\\\/2\\\/16\\\/1771239229573_520.jpg\"},{\"@type\":\"BreadcrumbList\",\"@id\":\"https:\\\/\\\/diariodepe.com.br\\\/cri\\\/2026\\\/02\\\/16\\\/divulgada-a-programacao-oficial-da-gala-do-festival-da-primavera-2026\\\/#breadcrumb\",\"itemListElement\":[{\"@type\":\"ListItem\",\"position\":1,\"name\":\"In\u00edcio\",\"item\":\"https:\\\/\\\/diariodepe.com.br\\\/cri\\\/\"},{\"@type\":\"ListItem\",\"position\":2,\"name\":\"Divulgada a programa\u00e7\u00e3o oficial da Gala do Festival da Primavera 2026\"}]},{\"@type\":\"WebSite\",\"@id\":\"https:\\\/\\\/diariodepe.com.br\\\/cri\\\/#website\",\"url\":\"https:\\\/\\\/diariodepe.com.br\\\/cri\\\/\",\"name\":\"CRI e Diario de Pernambuco\",\"description\":\"R\u00e1dio Internacional da China\",\"publisher\":{\"@id\":\"https:\\\/\\\/diariodepe.com.br\\\/cri\\\/#organization\"},\"potentialAction\":[{\"@type\":\"SearchAction\",\"target\":{\"@type\":\"EntryPoint\",\"urlTemplate\":\"https:\\\/\\\/diariodepe.com.br\\\/cri\\\/?s={search_term_string}\"},\"query-input\":{\"@type\":\"PropertyValueSpecification\",\"valueRequired\":true,\"valueName\":\"search_term_string\"}}],\"inLanguage\":\"pt-BR\"},{\"@type\":\"Organization\",\"@id\":\"https:\\\/\\\/diariodepe.com.br\\\/cri\\\/#organization\",\"name\":\"CRI e Diario de Pernambuco\",\"url\":\"https:\\\/\\\/diariodepe.com.br\\\/cri\\\/\",\"logo\":{\"@type\":\"ImageObject\",\"inLanguage\":\"pt-BR\",\"@id\":\"https:\\\/\\\/diariodepe.com.br\\\/cri\\\/#\\\/schema\\\/logo\\\/image\\\/\",\"url\":\"https:\\\/\\\/diariodepe.com.br\\\/cri\\\/wp-content\\\/uploads\\\/sites\\\/2\\\/2022\\\/12\\\/cropped-Logo.jpg\",\"contentUrl\":\"https:\\\/\\\/diariodepe.com.br\\\/cri\\\/wp-content\\\/uploads\\\/sites\\\/2\\\/2022\\\/12\\\/cropped-Logo.jpg\",\"width\":700,\"height\":59,\"caption\":\"CRI e Diario de Pernambuco\"},\"image\":{\"@id\":\"https:\\\/\\\/diariodepe.com.br\\\/cri\\\/#\\\/schema\\\/logo\\\/image\\\/\"}},{\"@type\":\"Person\",\"@id\":\"https:\\\/\\\/diariodepe.com.br\\\/cri\\\/#\\\/schema\\\/person\\\/e474aead631cd4098632e11d3fbce118\",\"name\":\"CRI Portugu\u00eas\",\"image\":{\"@type\":\"ImageObject\",\"inLanguage\":\"pt-BR\",\"@id\":\"https:\\\/\\\/secure.gravatar.com\\\/avatar\\\/e2ac889ef882d4dc53091b610766dce49106cf9fe98c76e06745abb0993b2763?s=96&d=mm&r=g\",\"url\":\"https:\\\/\\\/secure.gravatar.com\\\/avatar\\\/e2ac889ef882d4dc53091b610766dce49106cf9fe98c76e06745abb0993b2763?s=96&d=mm&r=g\",\"contentUrl\":\"https:\\\/\\\/secure.gravatar.com\\\/avatar\\\/e2ac889ef882d4dc53091b610766dce49106cf9fe98c76e06745abb0993b2763?s=96&d=mm&r=g\",\"caption\":\"CRI Portugu\u00eas\"},\"sameAs\":[\"https:\\\/\\\/www.diariodepernambuco.com.br\\\/\"],\"url\":\"https:\\\/\\\/diariodepe.com.br\\\/cri\\\/author\\\/agencia-cri\\\/\"}]}<\/script>\n<!-- \/ Yoast SEO plugin. -->","yoast_head_json":{"title":"Divulgada a programa\u00e7\u00e3o oficial da Gala do Festival da Primavera 2026 - CRI e Diario de Pernambuco","robots":{"index":"index","follow":"follow","max-snippet":"max-snippet:-1","max-image-preview":"max-image-preview:large","max-video-preview":"max-video-preview:-1"},"canonical":"https:\/\/diariodepe.com.br\/cri\/2026\/02\/16\/divulgada-a-programacao-oficial-da-gala-do-festival-da-primavera-2026\/","og_locale":"pt_BR","og_type":"article","og_title":"Divulgada a programa\u00e7\u00e3o oficial da Gala do Festival da Primavera 2026 - CRI e Diario de Pernambuco","og_description":"Os canais da CGTN (China Global Television Network), em 85 idiomas \u2014 como ingl\u00eas, espanhol, franc\u00eas, \u00e1rabe e russo \u2014 mobilizar\u00e3o mais de 3.500 ve\u00edculos de comunica\u00e7\u00e3o de mais de 200 pa\u00edses e regi\u00f5es para transmitir e repercutir ao vivo...","og_url":"https:\/\/diariodepe.com.br\/cri\/2026\/02\/16\/divulgada-a-programacao-oficial-da-gala-do-festival-da-primavera-2026\/","og_site_name":"CRI e Diario de Pernambuco","article_published_time":"2026-02-16T13:45:21+00:00","og_image":[{"url":"https:\/\/38picres.cgtn.com\/photoAlbum\/page\/performance\/img\/2026\/2\/16\/1771239229573_520.jpg","type":"","width":"","height":""}],"author":"CRI Portugu\u00eas","twitter_card":"summary_large_image","twitter_misc":{"Escrito por":"CRI Portugu\u00eas","Est. tempo de leitura":"4 minutos"},"schema":{"@context":"https:\/\/schema.org","@graph":[{"@type":"Article","@id":"https:\/\/diariodepe.com.br\/cri\/2026\/02\/16\/divulgada-a-programacao-oficial-da-gala-do-festival-da-primavera-2026\/#article","isPartOf":{"@id":"https:\/\/diariodepe.com.br\/cri\/2026\/02\/16\/divulgada-a-programacao-oficial-da-gala-do-festival-da-primavera-2026\/"},"author":{"name":"CRI Portugu\u00eas","@id":"https:\/\/diariodepe.com.br\/cri\/#\/schema\/person\/e474aead631cd4098632e11d3fbce118"},"headline":"Divulgada a programa\u00e7\u00e3o oficial da Gala do Festival da Primavera 2026","datePublished":"2026-02-16T13:45:21+00:00","mainEntityOfPage":{"@id":"https:\/\/diariodepe.com.br\/cri\/2026\/02\/16\/divulgada-a-programacao-oficial-da-gala-do-festival-da-primavera-2026\/"},"wordCount":383,"commentCount":0,"publisher":{"@id":"https:\/\/diariodepe.com.br\/cri\/#organization"},"image":{"@id":"https:\/\/diariodepe.com.br\/cri\/2026\/02\/16\/divulgada-a-programacao-oficial-da-gala-do-festival-da-primavera-2026\/#primaryimage"},"thumbnailUrl":"https:\/\/38picres.cgtn.com\/photoAlbum\/page\/performance\/img\/2026\/2\/16\/1771239229573_520.jpg","articleSection":["China","Destaques Capa"],"inLanguage":"pt-BR","potentialAction":[{"@type":"CommentAction","name":"Comment","target":["https:\/\/diariodepe.com.br\/cri\/2026\/02\/16\/divulgada-a-programacao-oficial-da-gala-do-festival-da-primavera-2026\/#respond"]}]},{"@type":"WebPage","@id":"https:\/\/diariodepe.com.br\/cri\/2026\/02\/16\/divulgada-a-programacao-oficial-da-gala-do-festival-da-primavera-2026\/","url":"https:\/\/diariodepe.com.br\/cri\/2026\/02\/16\/divulgada-a-programacao-oficial-da-gala-do-festival-da-primavera-2026\/","name":"Divulgada a programa\u00e7\u00e3o oficial da Gala do Festival da Primavera 2026 - CRI e Diario de Pernambuco","isPartOf":{"@id":"https:\/\/diariodepe.com.br\/cri\/#website"},"primaryImageOfPage":{"@id":"https:\/\/diariodepe.com.br\/cri\/2026\/02\/16\/divulgada-a-programacao-oficial-da-gala-do-festival-da-primavera-2026\/#primaryimage"},"image":{"@id":"https:\/\/diariodepe.com.br\/cri\/2026\/02\/16\/divulgada-a-programacao-oficial-da-gala-do-festival-da-primavera-2026\/#primaryimage"},"thumbnailUrl":"https:\/\/38picres.cgtn.com\/photoAlbum\/page\/performance\/img\/2026\/2\/16\/1771239229573_520.jpg","datePublished":"2026-02-16T13:45:21+00:00","breadcrumb":{"@id":"https:\/\/diariodepe.com.br\/cri\/2026\/02\/16\/divulgada-a-programacao-oficial-da-gala-do-festival-da-primavera-2026\/#breadcrumb"},"inLanguage":"pt-BR","potentialAction":[{"@type":"ReadAction","target":["https:\/\/diariodepe.com.br\/cri\/2026\/02\/16\/divulgada-a-programacao-oficial-da-gala-do-festival-da-primavera-2026\/"]}]},{"@type":"ImageObject","inLanguage":"pt-BR","@id":"https:\/\/diariodepe.com.br\/cri\/2026\/02\/16\/divulgada-a-programacao-oficial-da-gala-do-festival-da-primavera-2026\/#primaryimage","url":"https:\/\/38picres.cgtn.com\/photoAlbum\/page\/performance\/img\/2026\/2\/16\/1771239229573_520.jpg","contentUrl":"https:\/\/38picres.cgtn.com\/photoAlbum\/page\/performance\/img\/2026\/2\/16\/1771239229573_520.jpg"},{"@type":"BreadcrumbList","@id":"https:\/\/diariodepe.com.br\/cri\/2026\/02\/16\/divulgada-a-programacao-oficial-da-gala-do-festival-da-primavera-2026\/#breadcrumb","itemListElement":[{"@type":"ListItem","position":1,"name":"In\u00edcio","item":"https:\/\/diariodepe.com.br\/cri\/"},{"@type":"ListItem","position":2,"name":"Divulgada a programa\u00e7\u00e3o oficial da Gala do Festival da Primavera 2026"}]},{"@type":"WebSite","@id":"https:\/\/diariodepe.com.br\/cri\/#website","url":"https:\/\/diariodepe.com.br\/cri\/","name":"CRI e Diario de Pernambuco","description":"R\u00e1dio Internacional da China","publisher":{"@id":"https:\/\/diariodepe.com.br\/cri\/#organization"},"potentialAction":[{"@type":"SearchAction","target":{"@type":"EntryPoint","urlTemplate":"https:\/\/diariodepe.com.br\/cri\/?s={search_term_string}"},"query-input":{"@type":"PropertyValueSpecification","valueRequired":true,"valueName":"search_term_string"}}],"inLanguage":"pt-BR"},{"@type":"Organization","@id":"https:\/\/diariodepe.com.br\/cri\/#organization","name":"CRI e Diario de Pernambuco","url":"https:\/\/diariodepe.com.br\/cri\/","logo":{"@type":"ImageObject","inLanguage":"pt-BR","@id":"https:\/\/diariodepe.com.br\/cri\/#\/schema\/logo\/image\/","url":"https:\/\/diariodepe.com.br\/cri\/wp-content\/uploads\/sites\/2\/2022\/12\/cropped-Logo.jpg","contentUrl":"https:\/\/diariodepe.com.br\/cri\/wp-content\/uploads\/sites\/2\/2022\/12\/cropped-Logo.jpg","width":700,"height":59,"caption":"CRI e Diario de Pernambuco"},"image":{"@id":"https:\/\/diariodepe.com.br\/cri\/#\/schema\/logo\/image\/"}},{"@type":"Person","@id":"https:\/\/diariodepe.com.br\/cri\/#\/schema\/person\/e474aead631cd4098632e11d3fbce118","name":"CRI Portugu\u00eas","image":{"@type":"ImageObject","inLanguage":"pt-BR","@id":"https:\/\/secure.gravatar.com\/avatar\/e2ac889ef882d4dc53091b610766dce49106cf9fe98c76e06745abb0993b2763?s=96&d=mm&r=g","url":"https:\/\/secure.gravatar.com\/avatar\/e2ac889ef882d4dc53091b610766dce49106cf9fe98c76e06745abb0993b2763?s=96&d=mm&r=g","contentUrl":"https:\/\/secure.gravatar.com\/avatar\/e2ac889ef882d4dc53091b610766dce49106cf9fe98c76e06745abb0993b2763?s=96&d=mm&r=g","caption":"CRI Portugu\u00eas"},"sameAs":["https:\/\/www.diariodepernambuco.com.br\/"],"url":"https:\/\/diariodepe.com.br\/cri\/author\/agencia-cri\/"}]}},"cc_featured_image_caption":{"caption_text":"","source_text":"","source_url":""},"amp_enabled":true,"_links":{"self":[{"href":"https:\/\/diariodepe.com.br\/cri\/wp-json\/wp\/v2\/posts\/10625","targetHints":{"allow":["GET"]}}],"collection":[{"href":"https:\/\/diariodepe.com.br\/cri\/wp-json\/wp\/v2\/posts"}],"about":[{"href":"https:\/\/diariodepe.com.br\/cri\/wp-json\/wp\/v2\/types\/post"}],"author":[{"embeddable":true,"href":"https:\/\/diariodepe.com.br\/cri\/wp-json\/wp\/v2\/users\/5"}],"replies":[{"embeddable":true,"href":"https:\/\/diariodepe.com.br\/cri\/wp-json\/wp\/v2\/comments?post=10625"}],"version-history":[{"count":1,"href":"https:\/\/diariodepe.com.br\/cri\/wp-json\/wp\/v2\/posts\/10625\/revisions"}],"predecessor-version":[{"id":10626,"href":"https:\/\/diariodepe.com.br\/cri\/wp-json\/wp\/v2\/posts\/10625\/revisions\/10626"}],"wp:attachment":[{"href":"https:\/\/diariodepe.com.br\/cri\/wp-json\/wp\/v2\/media?parent=10625"}],"wp:term":[{"taxonomy":"category","embeddable":true,"href":"https:\/\/diariodepe.com.br\/cri\/wp-json\/wp\/v2\/categories?post=10625"},{"taxonomy":"post_tag","embeddable":true,"href":"https:\/\/diariodepe.com.br\/cri\/wp-json\/wp\/v2\/tags?post=10625"}],"curies":[{"name":"wp","href":"https:\/\/api.w.org\/{rel}","templated":true}]}}