{"id":1059,"date":"2023-04-18T00:08:20","date_gmt":"2023-04-18T03:08:20","guid":{"rendered":"https:\/\/diariodepe.com.br\/cri\/?p=1059"},"modified":"2023-04-18T00:08:20","modified_gmt":"2023-04-18T03:08:20","slug":"primeiro-ministro-chines-participara-da-conferencia-anual-2023-do-forum-boao-para-a-asia","status":"publish","type":"post","link":"https:\/\/diariodepe.com.br\/cri\/2023\/04\/18\/primeiro-ministro-chines-participara-da-conferencia-anual-2023-do-forum-boao-para-a-asia\/","title":{"rendered":"Primeiro-ministro chin\u00eas participar\u00e1 da Confer\u00eancia Anual 2023 do F\u00f3rum Boao para a \u00c1sia"},"content":{"rendered":"<p data-spm-anchor-id=\"C01117136916.PMEHMwtIpAgu.0.i1\">O primeiro-ministro chin\u00eas, Li Qiang, participar\u00e1 da cerim\u00f4nia de abertura da Confer\u00eancia Anual 2023 do F\u00f3rum Boao para a \u00c1sia e far\u00e1 um discurso a convite do f\u00f3rum em Hainan em 30 de mar\u00e7o, anunciou a porta-voz do Minist\u00e9rio das Rela\u00e7\u00f5es Exteriores, Mao Ning, na segunda-feira.<\/p>\n<p>Participar\u00e3o da confer\u00eancia anual a convite do f\u00f3rum os primeiros-ministros Lee Hsien Loong (Cingapura), Datuk Seri Anwar Ibrahim (Mal\u00e1sia), Pedro S\u00e1nchez (Espanha) e Patrick Achi (C\u00f4te d&#8217;Ivoire) e a diretora-gerente do Fundo Monet\u00e1rio Internacional (FMI), Kristalina Georgieva.<\/p>\n<p>A convite do primeiro-ministro Li Qiang, os seus hom\u00f3logos Lee Hsien Loong (Cingapura), Datuk Seri Anwar Ibrahim (Mal\u00e1sia) e Pedro S\u00e1nchez (Espanha) far\u00e3o visita oficial \u00e0 China \u00e0 margem da confer\u00eancia anual, disse Mao.<\/p>\n","protected":false},"excerpt":{"rendered":"<p>O primeiro-ministro chin\u00eas, Li Qiang, participar\u00e1 da cerim\u00f4nia de abertura da Confer\u00eancia Anual 2023 do F\u00f3rum Boao para a \u00c1sia e far\u00e1 um discurso a convite do f\u00f3rum em Hainan em 30 de mar\u00e7o, anunciou a porta-voz do Minist\u00e9rio das&#8230;<\/p>\n","protected":false},"author":2,"featured_media":0,"comment_status":"open","ping_status":"open","sticky":false,"template":"","format":"standard","meta":{"footnotes":""},"categories":[3],"tags":[],"class_list":["post-1059","post","type-post","status-publish","format-standard","hentry","category-china"],"yoast_head":"<!-- This site is optimized with the Yoast SEO plugin v27.4 - https:\/\/yoast.com\/product\/yoast-seo-wordpress\/ -->\n<title>Primeiro-ministro chin\u00eas participar\u00e1 da Confer\u00eancia Anual 2023 do F\u00f3rum Boao para a \u00c1sia - CRI e Diario de Pernambuco<\/title>\n<meta name=\"robots\" content=\"index, follow, max-snippet:-1, max-image-preview:large, max-video-preview:-1\" \/>\n<link rel=\"canonical\" href=\"https:\/\/diariodepe.com.br\/cri\/2023\/04\/18\/primeiro-ministro-chines-participara-da-conferencia-anual-2023-do-forum-boao-para-a-asia\/\" \/>\n<meta property=\"og:locale\" content=\"pt_BR\" \/>\n<meta property=\"og:type\" content=\"article\" \/>\n<meta property=\"og:title\" content=\"Primeiro-ministro chin\u00eas participar\u00e1 da Confer\u00eancia Anual 2023 do F\u00f3rum Boao para a \u00c1sia - CRI e Diario de Pernambuco\" \/>\n<meta property=\"og:description\" content=\"O primeiro-ministro chin\u00eas, Li Qiang, participar\u00e1 da cerim\u00f4nia de abertura da Confer\u00eancia Anual 2023 do F\u00f3rum Boao para a \u00c1sia e far\u00e1 um discurso a convite do f\u00f3rum em Hainan em 30 de mar\u00e7o, anunciou a porta-voz do Minist\u00e9rio das...\" \/>\n<meta property=\"og:url\" content=\"https:\/\/diariodepe.com.br\/cri\/2023\/04\/18\/primeiro-ministro-chines-participara-da-conferencia-anual-2023-do-forum-boao-para-a-asia\/\" \/>\n<meta property=\"og:site_name\" content=\"CRI e Diario de Pernambuco\" \/>\n<meta property=\"article:published_time\" content=\"2023-04-18T03:08:20+00:00\" \/>\n<meta name=\"author\" content=\"Ismael Lucas S. Pereira\" \/>\n<meta name=\"twitter:card\" content=\"summary_large_image\" \/>\n<meta name=\"twitter:label1\" content=\"Escrito por\" \/>\n\t<meta name=\"twitter:data1\" content=\"Ismael Lucas S. Pereira\" \/>\n\t<meta name=\"twitter:label2\" content=\"Est. tempo de leitura\" \/>\n\t<meta name=\"twitter:data2\" content=\"1 minuto\" \/>\n<script type=\"application\/ld+json\" class=\"yoast-schema-graph\">{\"@context\":\"https:\\\/\\\/schema.org\",\"@graph\":[{\"@type\":\"Article\",\"@id\":\"https:\\\/\\\/diariodepe.com.br\\\/cri\\\/2023\\\/04\\\/18\\\/primeiro-ministro-chines-participara-da-conferencia-anual-2023-do-forum-boao-para-a-asia\\\/#article\",\"isPartOf\":{\"@id\":\"https:\\\/\\\/diariodepe.com.br\\\/cri\\\/2023\\\/04\\\/18\\\/primeiro-ministro-chines-participara-da-conferencia-anual-2023-do-forum-boao-para-a-asia\\\/\"},\"author\":{\"name\":\"Ismael Lucas S. Pereira\",\"@id\":\"https:\\\/\\\/diariodepe.com.br\\\/cri\\\/#\\\/schema\\\/person\\\/121bb28d84f1a5b1205ef4ce9c2e0c6b\"},\"headline\":\"Primeiro-ministro chin\u00eas participar\u00e1 da Confer\u00eancia Anual 2023 do F\u00f3rum Boao para a \u00c1sia\",\"datePublished\":\"2023-04-18T03:08:20+00:00\",\"mainEntityOfPage\":{\"@id\":\"https:\\\/\\\/diariodepe.com.br\\\/cri\\\/2023\\\/04\\\/18\\\/primeiro-ministro-chines-participara-da-conferencia-anual-2023-do-forum-boao-para-a-asia\\\/\"},\"wordCount\":149,\"commentCount\":0,\"publisher\":{\"@id\":\"https:\\\/\\\/diariodepe.com.br\\\/cri\\\/#organization\"},\"articleSection\":[\"China\"],\"inLanguage\":\"pt-BR\",\"potentialAction\":[{\"@type\":\"CommentAction\",\"name\":\"Comment\",\"target\":[\"https:\\\/\\\/diariodepe.com.br\\\/cri\\\/2023\\\/04\\\/18\\\/primeiro-ministro-chines-participara-da-conferencia-anual-2023-do-forum-boao-para-a-asia\\\/#respond\"]}]},{\"@type\":\"WebPage\",\"@id\":\"https:\\\/\\\/diariodepe.com.br\\\/cri\\\/2023\\\/04\\\/18\\\/primeiro-ministro-chines-participara-da-conferencia-anual-2023-do-forum-boao-para-a-asia\\\/\",\"url\":\"https:\\\/\\\/diariodepe.com.br\\\/cri\\\/2023\\\/04\\\/18\\\/primeiro-ministro-chines-participara-da-conferencia-anual-2023-do-forum-boao-para-a-asia\\\/\",\"name\":\"Primeiro-ministro chin\u00eas participar\u00e1 da Confer\u00eancia Anual 2023 do F\u00f3rum Boao para a \u00c1sia - CRI e Diario de Pernambuco\",\"isPartOf\":{\"@id\":\"https:\\\/\\\/diariodepe.com.br\\\/cri\\\/#website\"},\"datePublished\":\"2023-04-18T03:08:20+00:00\",\"breadcrumb\":{\"@id\":\"https:\\\/\\\/diariodepe.com.br\\\/cri\\\/2023\\\/04\\\/18\\\/primeiro-ministro-chines-participara-da-conferencia-anual-2023-do-forum-boao-para-a-asia\\\/#breadcrumb\"},\"inLanguage\":\"pt-BR\",\"potentialAction\":[{\"@type\":\"ReadAction\",\"target\":[\"https:\\\/\\\/diariodepe.com.br\\\/cri\\\/2023\\\/04\\\/18\\\/primeiro-ministro-chines-participara-da-conferencia-anual-2023-do-forum-boao-para-a-asia\\\/\"]}]},{\"@type\":\"BreadcrumbList\",\"@id\":\"https:\\\/\\\/diariodepe.com.br\\\/cri\\\/2023\\\/04\\\/18\\\/primeiro-ministro-chines-participara-da-conferencia-anual-2023-do-forum-boao-para-a-asia\\\/#breadcrumb\",\"itemListElement\":[{\"@type\":\"ListItem\",\"position\":1,\"name\":\"In\u00edcio\",\"item\":\"https:\\\/\\\/diariodepe.com.br\\\/cri\\\/\"},{\"@type\":\"ListItem\",\"position\":2,\"name\":\"Primeiro-ministro chin\u00eas participar\u00e1 da Confer\u00eancia Anual 2023 do F\u00f3rum Boao para a \u00c1sia\"}]},{\"@type\":\"WebSite\",\"@id\":\"https:\\\/\\\/diariodepe.com.br\\\/cri\\\/#website\",\"url\":\"https:\\\/\\\/diariodepe.com.br\\\/cri\\\/\",\"name\":\"CRI e Diario de Pernambuco\",\"description\":\"R\u00e1dio Internacional da China\",\"publisher\":{\"@id\":\"https:\\\/\\\/diariodepe.com.br\\\/cri\\\/#organization\"},\"potentialAction\":[{\"@type\":\"SearchAction\",\"target\":{\"@type\":\"EntryPoint\",\"urlTemplate\":\"https:\\\/\\\/diariodepe.com.br\\\/cri\\\/?s={search_term_string}\"},\"query-input\":{\"@type\":\"PropertyValueSpecification\",\"valueRequired\":true,\"valueName\":\"search_term_string\"}}],\"inLanguage\":\"pt-BR\"},{\"@type\":\"Organization\",\"@id\":\"https:\\\/\\\/diariodepe.com.br\\\/cri\\\/#organization\",\"name\":\"CRI e Diario de Pernambuco\",\"url\":\"https:\\\/\\\/diariodepe.com.br\\\/cri\\\/\",\"logo\":{\"@type\":\"ImageObject\",\"inLanguage\":\"pt-BR\",\"@id\":\"https:\\\/\\\/diariodepe.com.br\\\/cri\\\/#\\\/schema\\\/logo\\\/image\\\/\",\"url\":\"https:\\\/\\\/diariodepe.com.br\\\/cri\\\/wp-content\\\/uploads\\\/sites\\\/2\\\/2022\\\/12\\\/cropped-Logo.jpg\",\"contentUrl\":\"https:\\\/\\\/diariodepe.com.br\\\/cri\\\/wp-content\\\/uploads\\\/sites\\\/2\\\/2022\\\/12\\\/cropped-Logo.jpg\",\"width\":700,\"height\":59,\"caption\":\"CRI e Diario de Pernambuco\"},\"image\":{\"@id\":\"https:\\\/\\\/diariodepe.com.br\\\/cri\\\/#\\\/schema\\\/logo\\\/image\\\/\"}},{\"@type\":\"Person\",\"@id\":\"https:\\\/\\\/diariodepe.com.br\\\/cri\\\/#\\\/schema\\\/person\\\/121bb28d84f1a5b1205ef4ce9c2e0c6b\",\"name\":\"Ismael Lucas S. Pereira\",\"image\":{\"@type\":\"ImageObject\",\"inLanguage\":\"pt-BR\",\"@id\":\"https:\\\/\\\/secure.gravatar.com\\\/avatar\\\/887a0f3b5a7ceea963a48499fb883ffce6b5037362def025c52c2505b15d63e4?s=96&d=mm&r=g\",\"url\":\"https:\\\/\\\/secure.gravatar.com\\\/avatar\\\/887a0f3b5a7ceea963a48499fb883ffce6b5037362def025c52c2505b15d63e4?s=96&d=mm&r=g\",\"contentUrl\":\"https:\\\/\\\/secure.gravatar.com\\\/avatar\\\/887a0f3b5a7ceea963a48499fb883ffce6b5037362def025c52c2505b15d63e4?s=96&d=mm&r=g\",\"caption\":\"Ismael Lucas S. Pereira\"},\"url\":\"https:\\\/\\\/diariodepe.com.br\\\/cri\\\/author\\\/ismael-lucas\\\/\"}]}<\/script>\n<!-- \/ Yoast SEO plugin. -->","yoast_head_json":{"title":"Primeiro-ministro chin\u00eas participar\u00e1 da Confer\u00eancia Anual 2023 do F\u00f3rum Boao para a \u00c1sia - CRI e Diario de Pernambuco","robots":{"index":"index","follow":"follow","max-snippet":"max-snippet:-1","max-image-preview":"max-image-preview:large","max-video-preview":"max-video-preview:-1"},"canonical":"https:\/\/diariodepe.com.br\/cri\/2023\/04\/18\/primeiro-ministro-chines-participara-da-conferencia-anual-2023-do-forum-boao-para-a-asia\/","og_locale":"pt_BR","og_type":"article","og_title":"Primeiro-ministro chin\u00eas participar\u00e1 da Confer\u00eancia Anual 2023 do F\u00f3rum Boao para a \u00c1sia - CRI e Diario de Pernambuco","og_description":"O primeiro-ministro chin\u00eas, Li Qiang, participar\u00e1 da cerim\u00f4nia de abertura da Confer\u00eancia Anual 2023 do F\u00f3rum Boao para a \u00c1sia e far\u00e1 um discurso a convite do f\u00f3rum em Hainan em 30 de mar\u00e7o, anunciou a porta-voz do Minist\u00e9rio das...","og_url":"https:\/\/diariodepe.com.br\/cri\/2023\/04\/18\/primeiro-ministro-chines-participara-da-conferencia-anual-2023-do-forum-boao-para-a-asia\/","og_site_name":"CRI e Diario de Pernambuco","article_published_time":"2023-04-18T03:08:20+00:00","author":"Ismael Lucas S. Pereira","twitter_card":"summary_large_image","twitter_misc":{"Escrito por":"Ismael Lucas S. Pereira","Est. tempo de leitura":"1 minuto"},"schema":{"@context":"https:\/\/schema.org","@graph":[{"@type":"Article","@id":"https:\/\/diariodepe.com.br\/cri\/2023\/04\/18\/primeiro-ministro-chines-participara-da-conferencia-anual-2023-do-forum-boao-para-a-asia\/#article","isPartOf":{"@id":"https:\/\/diariodepe.com.br\/cri\/2023\/04\/18\/primeiro-ministro-chines-participara-da-conferencia-anual-2023-do-forum-boao-para-a-asia\/"},"author":{"name":"Ismael Lucas S. Pereira","@id":"https:\/\/diariodepe.com.br\/cri\/#\/schema\/person\/121bb28d84f1a5b1205ef4ce9c2e0c6b"},"headline":"Primeiro-ministro chin\u00eas participar\u00e1 da Confer\u00eancia Anual 2023 do F\u00f3rum Boao para a \u00c1sia","datePublished":"2023-04-18T03:08:20+00:00","mainEntityOfPage":{"@id":"https:\/\/diariodepe.com.br\/cri\/2023\/04\/18\/primeiro-ministro-chines-participara-da-conferencia-anual-2023-do-forum-boao-para-a-asia\/"},"wordCount":149,"commentCount":0,"publisher":{"@id":"https:\/\/diariodepe.com.br\/cri\/#organization"},"articleSection":["China"],"inLanguage":"pt-BR","potentialAction":[{"@type":"CommentAction","name":"Comment","target":["https:\/\/diariodepe.com.br\/cri\/2023\/04\/18\/primeiro-ministro-chines-participara-da-conferencia-anual-2023-do-forum-boao-para-a-asia\/#respond"]}]},{"@type":"WebPage","@id":"https:\/\/diariodepe.com.br\/cri\/2023\/04\/18\/primeiro-ministro-chines-participara-da-conferencia-anual-2023-do-forum-boao-para-a-asia\/","url":"https:\/\/diariodepe.com.br\/cri\/2023\/04\/18\/primeiro-ministro-chines-participara-da-conferencia-anual-2023-do-forum-boao-para-a-asia\/","name":"Primeiro-ministro chin\u00eas participar\u00e1 da Confer\u00eancia Anual 2023 do F\u00f3rum Boao para a \u00c1sia - CRI e Diario de Pernambuco","isPartOf":{"@id":"https:\/\/diariodepe.com.br\/cri\/#website"},"datePublished":"2023-04-18T03:08:20+00:00","breadcrumb":{"@id":"https:\/\/diariodepe.com.br\/cri\/2023\/04\/18\/primeiro-ministro-chines-participara-da-conferencia-anual-2023-do-forum-boao-para-a-asia\/#breadcrumb"},"inLanguage":"pt-BR","potentialAction":[{"@type":"ReadAction","target":["https:\/\/diariodepe.com.br\/cri\/2023\/04\/18\/primeiro-ministro-chines-participara-da-conferencia-anual-2023-do-forum-boao-para-a-asia\/"]}]},{"@type":"BreadcrumbList","@id":"https:\/\/diariodepe.com.br\/cri\/2023\/04\/18\/primeiro-ministro-chines-participara-da-conferencia-anual-2023-do-forum-boao-para-a-asia\/#breadcrumb","itemListElement":[{"@type":"ListItem","position":1,"name":"In\u00edcio","item":"https:\/\/diariodepe.com.br\/cri\/"},{"@type":"ListItem","position":2,"name":"Primeiro-ministro chin\u00eas participar\u00e1 da Confer\u00eancia Anual 2023 do F\u00f3rum Boao para a \u00c1sia"}]},{"@type":"WebSite","@id":"https:\/\/diariodepe.com.br\/cri\/#website","url":"https:\/\/diariodepe.com.br\/cri\/","name":"CRI e Diario de Pernambuco","description":"R\u00e1dio Internacional da China","publisher":{"@id":"https:\/\/diariodepe.com.br\/cri\/#organization"},"potentialAction":[{"@type":"SearchAction","target":{"@type":"EntryPoint","urlTemplate":"https:\/\/diariodepe.com.br\/cri\/?s={search_term_string}"},"query-input":{"@type":"PropertyValueSpecification","valueRequired":true,"valueName":"search_term_string"}}],"inLanguage":"pt-BR"},{"@type":"Organization","@id":"https:\/\/diariodepe.com.br\/cri\/#organization","name":"CRI e Diario de Pernambuco","url":"https:\/\/diariodepe.com.br\/cri\/","logo":{"@type":"ImageObject","inLanguage":"pt-BR","@id":"https:\/\/diariodepe.com.br\/cri\/#\/schema\/logo\/image\/","url":"https:\/\/diariodepe.com.br\/cri\/wp-content\/uploads\/sites\/2\/2022\/12\/cropped-Logo.jpg","contentUrl":"https:\/\/diariodepe.com.br\/cri\/wp-content\/uploads\/sites\/2\/2022\/12\/cropped-Logo.jpg","width":700,"height":59,"caption":"CRI e Diario de Pernambuco"},"image":{"@id":"https:\/\/diariodepe.com.br\/cri\/#\/schema\/logo\/image\/"}},{"@type":"Person","@id":"https:\/\/diariodepe.com.br\/cri\/#\/schema\/person\/121bb28d84f1a5b1205ef4ce9c2e0c6b","name":"Ismael Lucas S. Pereira","image":{"@type":"ImageObject","inLanguage":"pt-BR","@id":"https:\/\/secure.gravatar.com\/avatar\/887a0f3b5a7ceea963a48499fb883ffce6b5037362def025c52c2505b15d63e4?s=96&d=mm&r=g","url":"https:\/\/secure.gravatar.com\/avatar\/887a0f3b5a7ceea963a48499fb883ffce6b5037362def025c52c2505b15d63e4?s=96&d=mm&r=g","contentUrl":"https:\/\/secure.gravatar.com\/avatar\/887a0f3b5a7ceea963a48499fb883ffce6b5037362def025c52c2505b15d63e4?s=96&d=mm&r=g","caption":"Ismael Lucas S. Pereira"},"url":"https:\/\/diariodepe.com.br\/cri\/author\/ismael-lucas\/"}]}},"cc_featured_image_caption":{"caption_text":false,"source_text":false,"source_url":false},"amp_enabled":true,"_links":{"self":[{"href":"https:\/\/diariodepe.com.br\/cri\/wp-json\/wp\/v2\/posts\/1059","targetHints":{"allow":["GET"]}}],"collection":[{"href":"https:\/\/diariodepe.com.br\/cri\/wp-json\/wp\/v2\/posts"}],"about":[{"href":"https:\/\/diariodepe.com.br\/cri\/wp-json\/wp\/v2\/types\/post"}],"author":[{"embeddable":true,"href":"https:\/\/diariodepe.com.br\/cri\/wp-json\/wp\/v2\/users\/2"}],"replies":[{"embeddable":true,"href":"https:\/\/diariodepe.com.br\/cri\/wp-json\/wp\/v2\/comments?post=1059"}],"version-history":[{"count":1,"href":"https:\/\/diariodepe.com.br\/cri\/wp-json\/wp\/v2\/posts\/1059\/revisions"}],"predecessor-version":[{"id":1060,"href":"https:\/\/diariodepe.com.br\/cri\/wp-json\/wp\/v2\/posts\/1059\/revisions\/1060"}],"wp:attachment":[{"href":"https:\/\/diariodepe.com.br\/cri\/wp-json\/wp\/v2\/media?parent=1059"}],"wp:term":[{"taxonomy":"category","embeddable":true,"href":"https:\/\/diariodepe.com.br\/cri\/wp-json\/wp\/v2\/categories?post=1059"},{"taxonomy":"post_tag","embeddable":true,"href":"https:\/\/diariodepe.com.br\/cri\/wp-json\/wp\/v2\/tags?post=1059"}],"curies":[{"name":"wp","href":"https:\/\/api.w.org\/{rel}","templated":true}]}}