{"id":1056,"date":"2023-04-18T00:07:48","date_gmt":"2023-04-18T03:07:48","guid":{"rendered":"https:\/\/diariodepe.com.br\/cri\/?p=1056"},"modified":"2023-04-18T00:07:48","modified_gmt":"2023-04-18T03:07:48","slug":"comentario-adesao-ao-principio-de-uma-so-china-e-consenso-internacional","status":"publish","type":"post","link":"https:\/\/diariodepe.com.br\/cri\/2023\/04\/18\/comentario-adesao-ao-principio-de-uma-so-china-e-consenso-internacional\/","title":{"rendered":"Coment\u00e1rio: Ades\u00e3o ao princ\u00edpio de Uma S\u00f3 China \u00e9 consenso internacional"},"content":{"rendered":"<p>A Rep\u00fablica Popular da China anunciou no dia 26 de mar\u00e7o o estabelecimento das rela\u00e7\u00f5es diplom\u00e1ticas com a Rep\u00fablica de Honduras, ap\u00f3s o rompimento dos la\u00e7os do pa\u00eds da Am\u00e9rica Central com as autoridades de Taiwan. At\u00e9 o momento, h\u00e1 182 na\u00e7\u00f5es no mundo que estabeleceram la\u00e7os diplom\u00e1ticos com a China, enquanto as autoridades da ilha t\u00eam apenas 13 chamados \u201cpa\u00edses de rela\u00e7\u00f5es diplom\u00e1ticas\u201d. Este forte contraste mostra que o princ\u00edpio de Uma S\u00f3 China \u00e9 tanto um consenso comum da comunidade internacional, quanto uma norma reconhecida das rela\u00e7\u00f5es internacionais. A op\u00e7\u00e3o de Honduras corresponde \u00e0 tend\u00eancia geral e \u00e0 vontade do povo, ficando ao lado da maioria dos pa\u00edses.<\/p>\n<p>Existe s\u00f3 uma China no mundo. A Rep\u00fablica Popular da China \u00e9 o \u00fanico governo legal que representa toda a China. Taiwan \u00e9 parte inalien\u00e1vel do territ\u00f3rio chin\u00eas. Este \u00e9 um fato hist\u00f3rico e jur\u00eddico irrefut\u00e1vel. O princ\u00edpio de Uma S\u00f3 China foi confirmado na Resolu\u00e7\u00e3o 2.758 aprovada na Assembleia Geral das Na\u00e7\u00f5es Unidas em 1971. Nos \u00faltimos anos, Panam\u00e1, El\u00a0Salvador, Nicar\u00e1gua e Honduras romperam os la\u00e7os com as autoridades de Taiwan e estabeleceram ou retomaram suas rela\u00e7\u00f5es diplom\u00e1ticas com a Rep\u00fablica Popular da China. Para o ministro das Rela\u00e7\u00f5es Exteriores de Honduras, Eduardo Enrique Reina, o estabelecimento dos la\u00e7os diplom\u00e1ticos com a China \u00e9 uma decis\u00e3o pol\u00edtica. Todo o mundo tem desenvolvido nessa dire\u00e7\u00e3o.<\/p>\n<p>Por outro lado, Honduras fez tal decis\u00e3o demonstrando a forte vontade dos pa\u00edses latino-americanos em busca do desenvolvimento digno. Honduras \u00e9 um importante pa\u00eds da Am\u00e9rica Central e enfrenta atualmente um problema destacado de desenvolvimento. Por muito tempo, os EUA consideraram a Am\u00e9rica Latina como seu pr\u00f3prio \u201cquintal\u201d e promoveram a \u201cDoutrina Monroe\u201d, interferindo grosseiramente nos assuntos internos das na\u00e7\u00f5es latino-americanas e impedindo sua coopera\u00e7\u00e3o amistosa com outros pa\u00edses.<\/p>\n<p>Cada vez mais na\u00e7\u00f5es est\u00e3o conscientes de que o estabelecimento das rela\u00e7\u00f5es diplom\u00e1ticas com a China significa alcan\u00e7ar um benef\u00edcio rec\u00edproco com base no respeito m\u00fatuo e na igualdade, o que est\u00e1 totalmente alinhado com os interesses fundamentais e de longo prazo do seu pr\u00f3prio pa\u00eds e do seu povo.<\/p>\n<p>De acordo com as informa\u00e7\u00f5es mais recentes, a China d\u00e1 as boas-vindas a Honduras para apoiar e se juntar \u00e0s iniciativas do Cintur\u00e3o e Rota, de desenvolvimento global, de seguran\u00e7a global e de civiliza\u00e7\u00e3o global, impulsionando os interc\u00e2mbios e colabora\u00e7\u00f5es pragm\u00e1ticas sob os quadros relevantes. Ao mesmo tempo, a parte chinesa tamb\u00e9m ir\u00e1 ampliar importa\u00e7\u00f5es de Honduras, incentivar investimentos, participar da constru\u00e7\u00e3o de infraestruturas e impulsionar os projetos de benef\u00edcio \u00e0 vida da popula\u00e7\u00e3o local. Por sua vez, o governo de Honduras promete cumprir o princ\u00edpio de Uma S\u00f3 China e quer estreitar ainda mais as rela\u00e7\u00f5es com a China, de forma a promover a coopera\u00e7\u00e3o bilateral em diversas \u00e1reas.<\/p>\n<p>Taiwan \u00e9 uma parte insepar\u00e1vel do territ\u00f3rio da China. Aderir ao princ\u00edpio de Uma S\u00f3 China \u00e9 consenso internacional. As for\u00e7as da \u201cindepend\u00eancia de Taiwan\u201d est\u00e3o fadadas ao fracasso se forem contra a corrente. Ningu\u00e9m deve subestimar a forte determina\u00e7\u00e3o, vontade e capacidade do povo chin\u00eas em salvaguardar a soberania nacional e integridade territorial. O fato comprova que cada vez mais pa\u00edses estar\u00e3o do lado certo da hist\u00f3ria.<\/p>\n","protected":false},"excerpt":{"rendered":"<p>A Rep\u00fablica Popular da China anunciou no dia 26 de mar\u00e7o o estabelecimento das rela\u00e7\u00f5es diplom\u00e1ticas com a Rep\u00fablica de Honduras, ap\u00f3s o rompimento dos la\u00e7os do pa\u00eds da Am\u00e9rica Central com as autoridades de Taiwan. At\u00e9 o momento, h\u00e1&#8230;<\/p>\n","protected":false},"author":2,"featured_media":1057,"comment_status":"open","ping_status":"open","sticky":false,"template":"","format":"standard","meta":{"footnotes":""},"categories":[7],"tags":[],"class_list":["post-1056","post","type-post","status-publish","format-standard","has-post-thumbnail","hentry","category-visao"],"yoast_head":"<!-- This site is optimized with the Yoast SEO plugin v27.4 - https:\/\/yoast.com\/product\/yoast-seo-wordpress\/ -->\n<title>Coment\u00e1rio: Ades\u00e3o ao princ\u00edpio de Uma S\u00f3 China \u00e9 consenso internacional - CRI e Diario de Pernambuco<\/title>\n<meta name=\"robots\" content=\"index, follow, max-snippet:-1, max-image-preview:large, max-video-preview:-1\" \/>\n<link rel=\"canonical\" href=\"https:\/\/diariodepe.com.br\/cri\/2023\/04\/18\/comentario-adesao-ao-principio-de-uma-so-china-e-consenso-internacional\/\" \/>\n<meta property=\"og:locale\" content=\"pt_BR\" \/>\n<meta property=\"og:type\" content=\"article\" \/>\n<meta property=\"og:title\" content=\"Coment\u00e1rio: Ades\u00e3o ao princ\u00edpio de Uma S\u00f3 China \u00e9 consenso internacional - CRI e Diario de Pernambuco\" \/>\n<meta property=\"og:description\" content=\"A Rep\u00fablica Popular da China anunciou no dia 26 de mar\u00e7o o estabelecimento das rela\u00e7\u00f5es diplom\u00e1ticas com a Rep\u00fablica de Honduras, ap\u00f3s o rompimento dos la\u00e7os do pa\u00eds da Am\u00e9rica Central com as autoridades de Taiwan. At\u00e9 o momento, h\u00e1...\" \/>\n<meta property=\"og:url\" content=\"https:\/\/diariodepe.com.br\/cri\/2023\/04\/18\/comentario-adesao-ao-principio-de-uma-so-china-e-consenso-internacional\/\" \/>\n<meta property=\"og:site_name\" content=\"CRI e Diario de Pernambuco\" \/>\n<meta property=\"article:published_time\" content=\"2023-04-18T03:07:48+00:00\" \/>\n<meta property=\"og:image\" content=\"https:\/\/diariodepe.com.br\/cri\/wp-content\/uploads\/sites\/2\/2023\/04\/2023032715575755061.jpeg\" \/>\n\t<meta property=\"og:image:width\" content=\"2000\" \/>\n\t<meta property=\"og:image:height\" content=\"1040\" \/>\n\t<meta property=\"og:image:type\" content=\"image\/jpeg\" \/>\n<meta name=\"author\" content=\"Ismael Lucas S. Pereira\" \/>\n<meta name=\"twitter:card\" content=\"summary_large_image\" \/>\n<meta name=\"twitter:label1\" content=\"Escrito por\" \/>\n\t<meta name=\"twitter:data1\" content=\"Ismael Lucas S. Pereira\" \/>\n\t<meta name=\"twitter:label2\" content=\"Est. tempo de leitura\" \/>\n\t<meta name=\"twitter:data2\" content=\"3 minutos\" \/>\n<script type=\"application\/ld+json\" class=\"yoast-schema-graph\">{\"@context\":\"https:\\\/\\\/schema.org\",\"@graph\":[{\"@type\":\"Article\",\"@id\":\"https:\\\/\\\/diariodepe.com.br\\\/cri\\\/2023\\\/04\\\/18\\\/comentario-adesao-ao-principio-de-uma-so-china-e-consenso-internacional\\\/#article\",\"isPartOf\":{\"@id\":\"https:\\\/\\\/diariodepe.com.br\\\/cri\\\/2023\\\/04\\\/18\\\/comentario-adesao-ao-principio-de-uma-so-china-e-consenso-internacional\\\/\"},\"author\":{\"name\":\"Ismael Lucas S. Pereira\",\"@id\":\"https:\\\/\\\/diariodepe.com.br\\\/cri\\\/#\\\/schema\\\/person\\\/121bb28d84f1a5b1205ef4ce9c2e0c6b\"},\"headline\":\"Coment\u00e1rio: Ades\u00e3o ao princ\u00edpio de Uma S\u00f3 China \u00e9 consenso internacional\",\"datePublished\":\"2023-04-18T03:07:48+00:00\",\"mainEntityOfPage\":{\"@id\":\"https:\\\/\\\/diariodepe.com.br\\\/cri\\\/2023\\\/04\\\/18\\\/comentario-adesao-ao-principio-de-uma-so-china-e-consenso-internacional\\\/\"},\"wordCount\":608,\"commentCount\":0,\"publisher\":{\"@id\":\"https:\\\/\\\/diariodepe.com.br\\\/cri\\\/#organization\"},\"image\":{\"@id\":\"https:\\\/\\\/diariodepe.com.br\\\/cri\\\/2023\\\/04\\\/18\\\/comentario-adesao-ao-principio-de-uma-so-china-e-consenso-internacional\\\/#primaryimage\"},\"thumbnailUrl\":\"https:\\\/\\\/diariodepe.com.br\\\/cri\\\/wp-content\\\/uploads\\\/sites\\\/2\\\/2023\\\/04\\\/2023032715575755061.jpeg\",\"articleSection\":[\"Vis\u00e3o\"],\"inLanguage\":\"pt-BR\",\"potentialAction\":[{\"@type\":\"CommentAction\",\"name\":\"Comment\",\"target\":[\"https:\\\/\\\/diariodepe.com.br\\\/cri\\\/2023\\\/04\\\/18\\\/comentario-adesao-ao-principio-de-uma-so-china-e-consenso-internacional\\\/#respond\"]}]},{\"@type\":\"WebPage\",\"@id\":\"https:\\\/\\\/diariodepe.com.br\\\/cri\\\/2023\\\/04\\\/18\\\/comentario-adesao-ao-principio-de-uma-so-china-e-consenso-internacional\\\/\",\"url\":\"https:\\\/\\\/diariodepe.com.br\\\/cri\\\/2023\\\/04\\\/18\\\/comentario-adesao-ao-principio-de-uma-so-china-e-consenso-internacional\\\/\",\"name\":\"Coment\u00e1rio: Ades\u00e3o ao princ\u00edpio de Uma S\u00f3 China \u00e9 consenso internacional - CRI e Diario de Pernambuco\",\"isPartOf\":{\"@id\":\"https:\\\/\\\/diariodepe.com.br\\\/cri\\\/#website\"},\"primaryImageOfPage\":{\"@id\":\"https:\\\/\\\/diariodepe.com.br\\\/cri\\\/2023\\\/04\\\/18\\\/comentario-adesao-ao-principio-de-uma-so-china-e-consenso-internacional\\\/#primaryimage\"},\"image\":{\"@id\":\"https:\\\/\\\/diariodepe.com.br\\\/cri\\\/2023\\\/04\\\/18\\\/comentario-adesao-ao-principio-de-uma-so-china-e-consenso-internacional\\\/#primaryimage\"},\"thumbnailUrl\":\"https:\\\/\\\/diariodepe.com.br\\\/cri\\\/wp-content\\\/uploads\\\/sites\\\/2\\\/2023\\\/04\\\/2023032715575755061.jpeg\",\"datePublished\":\"2023-04-18T03:07:48+00:00\",\"breadcrumb\":{\"@id\":\"https:\\\/\\\/diariodepe.com.br\\\/cri\\\/2023\\\/04\\\/18\\\/comentario-adesao-ao-principio-de-uma-so-china-e-consenso-internacional\\\/#breadcrumb\"},\"inLanguage\":\"pt-BR\",\"potentialAction\":[{\"@type\":\"ReadAction\",\"target\":[\"https:\\\/\\\/diariodepe.com.br\\\/cri\\\/2023\\\/04\\\/18\\\/comentario-adesao-ao-principio-de-uma-so-china-e-consenso-internacional\\\/\"]}]},{\"@type\":\"ImageObject\",\"inLanguage\":\"pt-BR\",\"@id\":\"https:\\\/\\\/diariodepe.com.br\\\/cri\\\/2023\\\/04\\\/18\\\/comentario-adesao-ao-principio-de-uma-so-china-e-consenso-internacional\\\/#primaryimage\",\"url\":\"https:\\\/\\\/diariodepe.com.br\\\/cri\\\/wp-content\\\/uploads\\\/sites\\\/2\\\/2023\\\/04\\\/2023032715575755061.jpeg\",\"contentUrl\":\"https:\\\/\\\/diariodepe.com.br\\\/cri\\\/wp-content\\\/uploads\\\/sites\\\/2\\\/2023\\\/04\\\/2023032715575755061.jpeg\",\"width\":2000,\"height\":1040},{\"@type\":\"BreadcrumbList\",\"@id\":\"https:\\\/\\\/diariodepe.com.br\\\/cri\\\/2023\\\/04\\\/18\\\/comentario-adesao-ao-principio-de-uma-so-china-e-consenso-internacional\\\/#breadcrumb\",\"itemListElement\":[{\"@type\":\"ListItem\",\"position\":1,\"name\":\"In\u00edcio\",\"item\":\"https:\\\/\\\/diariodepe.com.br\\\/cri\\\/\"},{\"@type\":\"ListItem\",\"position\":2,\"name\":\"Coment\u00e1rio: Ades\u00e3o ao princ\u00edpio de Uma S\u00f3 China \u00e9 consenso internacional\"}]},{\"@type\":\"WebSite\",\"@id\":\"https:\\\/\\\/diariodepe.com.br\\\/cri\\\/#website\",\"url\":\"https:\\\/\\\/diariodepe.com.br\\\/cri\\\/\",\"name\":\"CRI e Diario de Pernambuco\",\"description\":\"R\u00e1dio Internacional da China\",\"publisher\":{\"@id\":\"https:\\\/\\\/diariodepe.com.br\\\/cri\\\/#organization\"},\"potentialAction\":[{\"@type\":\"SearchAction\",\"target\":{\"@type\":\"EntryPoint\",\"urlTemplate\":\"https:\\\/\\\/diariodepe.com.br\\\/cri\\\/?s={search_term_string}\"},\"query-input\":{\"@type\":\"PropertyValueSpecification\",\"valueRequired\":true,\"valueName\":\"search_term_string\"}}],\"inLanguage\":\"pt-BR\"},{\"@type\":\"Organization\",\"@id\":\"https:\\\/\\\/diariodepe.com.br\\\/cri\\\/#organization\",\"name\":\"CRI e Diario de Pernambuco\",\"url\":\"https:\\\/\\\/diariodepe.com.br\\\/cri\\\/\",\"logo\":{\"@type\":\"ImageObject\",\"inLanguage\":\"pt-BR\",\"@id\":\"https:\\\/\\\/diariodepe.com.br\\\/cri\\\/#\\\/schema\\\/logo\\\/image\\\/\",\"url\":\"https:\\\/\\\/diariodepe.com.br\\\/cri\\\/wp-content\\\/uploads\\\/sites\\\/2\\\/2022\\\/12\\\/cropped-Logo.jpg\",\"contentUrl\":\"https:\\\/\\\/diariodepe.com.br\\\/cri\\\/wp-content\\\/uploads\\\/sites\\\/2\\\/2022\\\/12\\\/cropped-Logo.jpg\",\"width\":700,\"height\":59,\"caption\":\"CRI e Diario de Pernambuco\"},\"image\":{\"@id\":\"https:\\\/\\\/diariodepe.com.br\\\/cri\\\/#\\\/schema\\\/logo\\\/image\\\/\"}},{\"@type\":\"Person\",\"@id\":\"https:\\\/\\\/diariodepe.com.br\\\/cri\\\/#\\\/schema\\\/person\\\/121bb28d84f1a5b1205ef4ce9c2e0c6b\",\"name\":\"Ismael Lucas S. Pereira\",\"image\":{\"@type\":\"ImageObject\",\"inLanguage\":\"pt-BR\",\"@id\":\"https:\\\/\\\/secure.gravatar.com\\\/avatar\\\/887a0f3b5a7ceea963a48499fb883ffce6b5037362def025c52c2505b15d63e4?s=96&d=mm&r=g\",\"url\":\"https:\\\/\\\/secure.gravatar.com\\\/avatar\\\/887a0f3b5a7ceea963a48499fb883ffce6b5037362def025c52c2505b15d63e4?s=96&d=mm&r=g\",\"contentUrl\":\"https:\\\/\\\/secure.gravatar.com\\\/avatar\\\/887a0f3b5a7ceea963a48499fb883ffce6b5037362def025c52c2505b15d63e4?s=96&d=mm&r=g\",\"caption\":\"Ismael Lucas S. Pereira\"},\"url\":\"https:\\\/\\\/diariodepe.com.br\\\/cri\\\/author\\\/ismael-lucas\\\/\"}]}<\/script>\n<!-- \/ Yoast SEO plugin. -->","yoast_head_json":{"title":"Coment\u00e1rio: Ades\u00e3o ao princ\u00edpio de Uma S\u00f3 China \u00e9 consenso internacional - CRI e Diario de Pernambuco","robots":{"index":"index","follow":"follow","max-snippet":"max-snippet:-1","max-image-preview":"max-image-preview:large","max-video-preview":"max-video-preview:-1"},"canonical":"https:\/\/diariodepe.com.br\/cri\/2023\/04\/18\/comentario-adesao-ao-principio-de-uma-so-china-e-consenso-internacional\/","og_locale":"pt_BR","og_type":"article","og_title":"Coment\u00e1rio: Ades\u00e3o ao princ\u00edpio de Uma S\u00f3 China \u00e9 consenso internacional - CRI e Diario de Pernambuco","og_description":"A Rep\u00fablica Popular da China anunciou no dia 26 de mar\u00e7o o estabelecimento das rela\u00e7\u00f5es diplom\u00e1ticas com a Rep\u00fablica de Honduras, ap\u00f3s o rompimento dos la\u00e7os do pa\u00eds da Am\u00e9rica Central com as autoridades de Taiwan. At\u00e9 o momento, h\u00e1...","og_url":"https:\/\/diariodepe.com.br\/cri\/2023\/04\/18\/comentario-adesao-ao-principio-de-uma-so-china-e-consenso-internacional\/","og_site_name":"CRI e Diario de Pernambuco","article_published_time":"2023-04-18T03:07:48+00:00","og_image":[{"width":2000,"height":1040,"url":"https:\/\/diariodepe.com.br\/cri\/wp-content\/uploads\/sites\/2\/2023\/04\/2023032715575755061.jpeg","type":"image\/jpeg"}],"author":"Ismael Lucas S. Pereira","twitter_card":"summary_large_image","twitter_misc":{"Escrito por":"Ismael Lucas S. Pereira","Est. tempo de leitura":"3 minutos"},"schema":{"@context":"https:\/\/schema.org","@graph":[{"@type":"Article","@id":"https:\/\/diariodepe.com.br\/cri\/2023\/04\/18\/comentario-adesao-ao-principio-de-uma-so-china-e-consenso-internacional\/#article","isPartOf":{"@id":"https:\/\/diariodepe.com.br\/cri\/2023\/04\/18\/comentario-adesao-ao-principio-de-uma-so-china-e-consenso-internacional\/"},"author":{"name":"Ismael Lucas S. Pereira","@id":"https:\/\/diariodepe.com.br\/cri\/#\/schema\/person\/121bb28d84f1a5b1205ef4ce9c2e0c6b"},"headline":"Coment\u00e1rio: Ades\u00e3o ao princ\u00edpio de Uma S\u00f3 China \u00e9 consenso internacional","datePublished":"2023-04-18T03:07:48+00:00","mainEntityOfPage":{"@id":"https:\/\/diariodepe.com.br\/cri\/2023\/04\/18\/comentario-adesao-ao-principio-de-uma-so-china-e-consenso-internacional\/"},"wordCount":608,"commentCount":0,"publisher":{"@id":"https:\/\/diariodepe.com.br\/cri\/#organization"},"image":{"@id":"https:\/\/diariodepe.com.br\/cri\/2023\/04\/18\/comentario-adesao-ao-principio-de-uma-so-china-e-consenso-internacional\/#primaryimage"},"thumbnailUrl":"https:\/\/diariodepe.com.br\/cri\/wp-content\/uploads\/sites\/2\/2023\/04\/2023032715575755061.jpeg","articleSection":["Vis\u00e3o"],"inLanguage":"pt-BR","potentialAction":[{"@type":"CommentAction","name":"Comment","target":["https:\/\/diariodepe.com.br\/cri\/2023\/04\/18\/comentario-adesao-ao-principio-de-uma-so-china-e-consenso-internacional\/#respond"]}]},{"@type":"WebPage","@id":"https:\/\/diariodepe.com.br\/cri\/2023\/04\/18\/comentario-adesao-ao-principio-de-uma-so-china-e-consenso-internacional\/","url":"https:\/\/diariodepe.com.br\/cri\/2023\/04\/18\/comentario-adesao-ao-principio-de-uma-so-china-e-consenso-internacional\/","name":"Coment\u00e1rio: Ades\u00e3o ao princ\u00edpio de Uma S\u00f3 China \u00e9 consenso internacional - CRI e Diario de Pernambuco","isPartOf":{"@id":"https:\/\/diariodepe.com.br\/cri\/#website"},"primaryImageOfPage":{"@id":"https:\/\/diariodepe.com.br\/cri\/2023\/04\/18\/comentario-adesao-ao-principio-de-uma-so-china-e-consenso-internacional\/#primaryimage"},"image":{"@id":"https:\/\/diariodepe.com.br\/cri\/2023\/04\/18\/comentario-adesao-ao-principio-de-uma-so-china-e-consenso-internacional\/#primaryimage"},"thumbnailUrl":"https:\/\/diariodepe.com.br\/cri\/wp-content\/uploads\/sites\/2\/2023\/04\/2023032715575755061.jpeg","datePublished":"2023-04-18T03:07:48+00:00","breadcrumb":{"@id":"https:\/\/diariodepe.com.br\/cri\/2023\/04\/18\/comentario-adesao-ao-principio-de-uma-so-china-e-consenso-internacional\/#breadcrumb"},"inLanguage":"pt-BR","potentialAction":[{"@type":"ReadAction","target":["https:\/\/diariodepe.com.br\/cri\/2023\/04\/18\/comentario-adesao-ao-principio-de-uma-so-china-e-consenso-internacional\/"]}]},{"@type":"ImageObject","inLanguage":"pt-BR","@id":"https:\/\/diariodepe.com.br\/cri\/2023\/04\/18\/comentario-adesao-ao-principio-de-uma-so-china-e-consenso-internacional\/#primaryimage","url":"https:\/\/diariodepe.com.br\/cri\/wp-content\/uploads\/sites\/2\/2023\/04\/2023032715575755061.jpeg","contentUrl":"https:\/\/diariodepe.com.br\/cri\/wp-content\/uploads\/sites\/2\/2023\/04\/2023032715575755061.jpeg","width":2000,"height":1040},{"@type":"BreadcrumbList","@id":"https:\/\/diariodepe.com.br\/cri\/2023\/04\/18\/comentario-adesao-ao-principio-de-uma-so-china-e-consenso-internacional\/#breadcrumb","itemListElement":[{"@type":"ListItem","position":1,"name":"In\u00edcio","item":"https:\/\/diariodepe.com.br\/cri\/"},{"@type":"ListItem","position":2,"name":"Coment\u00e1rio: Ades\u00e3o ao princ\u00edpio de Uma S\u00f3 China \u00e9 consenso internacional"}]},{"@type":"WebSite","@id":"https:\/\/diariodepe.com.br\/cri\/#website","url":"https:\/\/diariodepe.com.br\/cri\/","name":"CRI e Diario de Pernambuco","description":"R\u00e1dio Internacional da China","publisher":{"@id":"https:\/\/diariodepe.com.br\/cri\/#organization"},"potentialAction":[{"@type":"SearchAction","target":{"@type":"EntryPoint","urlTemplate":"https:\/\/diariodepe.com.br\/cri\/?s={search_term_string}"},"query-input":{"@type":"PropertyValueSpecification","valueRequired":true,"valueName":"search_term_string"}}],"inLanguage":"pt-BR"},{"@type":"Organization","@id":"https:\/\/diariodepe.com.br\/cri\/#organization","name":"CRI e Diario de Pernambuco","url":"https:\/\/diariodepe.com.br\/cri\/","logo":{"@type":"ImageObject","inLanguage":"pt-BR","@id":"https:\/\/diariodepe.com.br\/cri\/#\/schema\/logo\/image\/","url":"https:\/\/diariodepe.com.br\/cri\/wp-content\/uploads\/sites\/2\/2022\/12\/cropped-Logo.jpg","contentUrl":"https:\/\/diariodepe.com.br\/cri\/wp-content\/uploads\/sites\/2\/2022\/12\/cropped-Logo.jpg","width":700,"height":59,"caption":"CRI e Diario de Pernambuco"},"image":{"@id":"https:\/\/diariodepe.com.br\/cri\/#\/schema\/logo\/image\/"}},{"@type":"Person","@id":"https:\/\/diariodepe.com.br\/cri\/#\/schema\/person\/121bb28d84f1a5b1205ef4ce9c2e0c6b","name":"Ismael Lucas S. Pereira","image":{"@type":"ImageObject","inLanguage":"pt-BR","@id":"https:\/\/secure.gravatar.com\/avatar\/887a0f3b5a7ceea963a48499fb883ffce6b5037362def025c52c2505b15d63e4?s=96&d=mm&r=g","url":"https:\/\/secure.gravatar.com\/avatar\/887a0f3b5a7ceea963a48499fb883ffce6b5037362def025c52c2505b15d63e4?s=96&d=mm&r=g","contentUrl":"https:\/\/secure.gravatar.com\/avatar\/887a0f3b5a7ceea963a48499fb883ffce6b5037362def025c52c2505b15d63e4?s=96&d=mm&r=g","caption":"Ismael Lucas S. Pereira"},"url":"https:\/\/diariodepe.com.br\/cri\/author\/ismael-lucas\/"}]}},"cc_featured_image_caption":{"caption_text":false,"source_text":false,"source_url":false},"amp_enabled":true,"_links":{"self":[{"href":"https:\/\/diariodepe.com.br\/cri\/wp-json\/wp\/v2\/posts\/1056","targetHints":{"allow":["GET"]}}],"collection":[{"href":"https:\/\/diariodepe.com.br\/cri\/wp-json\/wp\/v2\/posts"}],"about":[{"href":"https:\/\/diariodepe.com.br\/cri\/wp-json\/wp\/v2\/types\/post"}],"author":[{"embeddable":true,"href":"https:\/\/diariodepe.com.br\/cri\/wp-json\/wp\/v2\/users\/2"}],"replies":[{"embeddable":true,"href":"https:\/\/diariodepe.com.br\/cri\/wp-json\/wp\/v2\/comments?post=1056"}],"version-history":[{"count":1,"href":"https:\/\/diariodepe.com.br\/cri\/wp-json\/wp\/v2\/posts\/1056\/revisions"}],"predecessor-version":[{"id":1058,"href":"https:\/\/diariodepe.com.br\/cri\/wp-json\/wp\/v2\/posts\/1056\/revisions\/1058"}],"wp:featuredmedia":[{"embeddable":true,"href":"https:\/\/diariodepe.com.br\/cri\/wp-json\/wp\/v2\/media\/1057"}],"wp:attachment":[{"href":"https:\/\/diariodepe.com.br\/cri\/wp-json\/wp\/v2\/media?parent=1056"}],"wp:term":[{"taxonomy":"category","embeddable":true,"href":"https:\/\/diariodepe.com.br\/cri\/wp-json\/wp\/v2\/categories?post=1056"},{"taxonomy":"post_tag","embeddable":true,"href":"https:\/\/diariodepe.com.br\/cri\/wp-json\/wp\/v2\/tags?post=1056"}],"curies":[{"name":"wp","href":"https:\/\/api.w.org\/{rel}","templated":true}]}}