{"id":1054,"date":"2023-04-18T00:06:22","date_gmt":"2023-04-18T03:06:22","guid":{"rendered":"https:\/\/diariodepe.com.br\/cri\/?p=1054"},"modified":"2023-04-18T00:06:22","modified_gmt":"2023-04-18T03:06:22","slug":"comentario-eua-tentam-mais-uma-vez-culpar-a-china-pela-covid-19","status":"publish","type":"post","link":"https:\/\/diariodepe.com.br\/cri\/2023\/04\/18\/comentario-eua-tentam-mais-uma-vez-culpar-a-china-pela-covid-19\/","title":{"rendered":"Coment\u00e1rio: EUA tentam mais uma vez culpar a China pela Covid-19"},"content":{"rendered":"<p>Os Estados Unidos voltaram a difamar a China sobre a origem do novo coronav\u00edrus. Nos \u00faltimos dias, ve\u00edculos de imprensa e pol\u00edticos norte-americanos deram um show de mentiras contra o pa\u00eds.<\/p>\n<p>Primeiro, o jornal Wall Street Journal publicou uma reportagem, dizendo que o Departamento de Energia do pa\u00eds ofereceu um relat\u00f3rio secreto para a Casa Branca e o Congresso, segundo o qual, o v\u00edrus da Covid-19 poderia ter vazado de um laborat\u00f3rio da China. Outros ve\u00edculos de imprensa rapidamente seguiram o \u201chype\u201d em un\u00edssono.<\/p>\n<p>Logo depois, o embaixador dos EUA na China, Nicholas Burns, e o diretor da ag\u00eancia de investiga\u00e7\u00e3o federal americana (FBI), Christopher Wray, divulgaram opini\u00f5es semelhantes sobre o assunto.<\/p>\n<p>No entanto, o New York Times citou palavras de um funcion\u00e1rio que conhece a situa\u00e7\u00e3o, dizendo que o pr\u00f3prio Departamento de Energia qualificou o relat\u00f3rio como um documento de baixa credibilidade porque as informa\u00e7\u00f5es n\u00e3o seriam suficientes para acusar os chineses.<\/p>\n<p>Isso lembra um filme que j\u00e1 foi transmitido em 2021. Naquele ano, o governo Joe Biden ordenou a seus departamentos de intelig\u00eancia para elaborar em 90 dias um relat\u00f3rio sobre o rastreamento da origem do novo coronav\u00edrus. No entanto, o artigo final \u00e9 cheio de palavras como \u201ctalvez\u201d, \u201cprovavelmente\u201d, entre outros termos, e foi criticado como um relat\u00f3rio de disparates.<\/p>\n<p>No in\u00edcio deste ano, o novo presidente da C\u00e2mara dos Representantes dos Estados Unidos, Kevin McCarthy, disse, em seu primeiro discurso ao p\u00fablico ap\u00f3s tomar posse, que vai promover a investiga\u00e7\u00e3o sobre a origem do novo coronav\u00edrus. O republicano quer aproveitar o rastreamento das causas da Covid-19 para mostrar sua firme atitude anti-China.<\/p>\n<p>Al\u00e9m disso, Washington quer desviar suas tens\u00f5es sociais por meio da difama\u00e7\u00e3o da China. Atualmente, contradi\u00e7\u00f5es racionais, tiroteios, alta infla\u00e7\u00e3o, entre outros problemas, est\u00e3o atrapalhando o governo e a sociedade dos EUA. O confronto com os chineses pode aliviar a aten\u00e7\u00e3o para as quest\u00f5es dom\u00e9sticas que imp\u00f5em dificuldades aos pol\u00edticos norte-americanos.<\/p>\n<p>Contudo, o rastreamento da origem do novo coronav\u00edrus \u00e9 uma quest\u00e3o cient\u00edfica. A parte estadunidense n\u00e3o deve politizar o tema. Al\u00e9m disso, a luta contra a China n\u00e3o ajudar\u00e1 em nada os Estados Unidos na resolu\u00e7\u00e3o de seus pr\u00f3prios problemas.<\/p>\n","protected":false},"excerpt":{"rendered":"<p>Os Estados Unidos voltaram a difamar a China sobre a origem do novo coronav\u00edrus. Nos \u00faltimos dias, ve\u00edculos de imprensa e pol\u00edticos norte-americanos deram um show de mentiras contra o pa\u00eds. Primeiro, o jornal Wall Street Journal publicou uma reportagem,&#8230;<\/p>\n","protected":false},"author":2,"featured_media":0,"comment_status":"open","ping_status":"open","sticky":false,"template":"","format":"standard","meta":{"footnotes":""},"categories":[7],"tags":[],"class_list":["post-1054","post","type-post","status-publish","format-standard","hentry","category-visao"],"yoast_head":"<!-- This site is optimized with the Yoast SEO plugin v27.4 - https:\/\/yoast.com\/product\/yoast-seo-wordpress\/ -->\n<title>Coment\u00e1rio: EUA tentam mais uma vez culpar a China pela Covid-19 - CRI e Diario de Pernambuco<\/title>\n<meta name=\"robots\" content=\"index, follow, max-snippet:-1, max-image-preview:large, max-video-preview:-1\" \/>\n<link rel=\"canonical\" href=\"https:\/\/diariodepe.com.br\/cri\/2023\/04\/18\/comentario-eua-tentam-mais-uma-vez-culpar-a-china-pela-covid-19\/\" \/>\n<meta property=\"og:locale\" content=\"pt_BR\" \/>\n<meta property=\"og:type\" content=\"article\" \/>\n<meta property=\"og:title\" content=\"Coment\u00e1rio: EUA tentam mais uma vez culpar a China pela Covid-19 - CRI e Diario de Pernambuco\" \/>\n<meta property=\"og:description\" content=\"Os Estados Unidos voltaram a difamar a China sobre a origem do novo coronav\u00edrus. Nos \u00faltimos dias, ve\u00edculos de imprensa e pol\u00edticos norte-americanos deram um show de mentiras contra o pa\u00eds. Primeiro, o jornal Wall Street Journal publicou uma reportagem,...\" \/>\n<meta property=\"og:url\" content=\"https:\/\/diariodepe.com.br\/cri\/2023\/04\/18\/comentario-eua-tentam-mais-uma-vez-culpar-a-china-pela-covid-19\/\" \/>\n<meta property=\"og:site_name\" content=\"CRI e Diario de Pernambuco\" \/>\n<meta property=\"article:published_time\" content=\"2023-04-18T03:06:22+00:00\" \/>\n<meta name=\"author\" content=\"Ismael Lucas S. Pereira\" \/>\n<meta name=\"twitter:card\" content=\"summary_large_image\" \/>\n<meta name=\"twitter:label1\" content=\"Escrito por\" \/>\n\t<meta name=\"twitter:data1\" content=\"Ismael Lucas S. Pereira\" \/>\n\t<meta name=\"twitter:label2\" content=\"Est. tempo de leitura\" \/>\n\t<meta name=\"twitter:data2\" content=\"2 minutos\" \/>\n<script type=\"application\/ld+json\" class=\"yoast-schema-graph\">{\"@context\":\"https:\\\/\\\/schema.org\",\"@graph\":[{\"@type\":\"Article\",\"@id\":\"https:\\\/\\\/diariodepe.com.br\\\/cri\\\/2023\\\/04\\\/18\\\/comentario-eua-tentam-mais-uma-vez-culpar-a-china-pela-covid-19\\\/#article\",\"isPartOf\":{\"@id\":\"https:\\\/\\\/diariodepe.com.br\\\/cri\\\/2023\\\/04\\\/18\\\/comentario-eua-tentam-mais-uma-vez-culpar-a-china-pela-covid-19\\\/\"},\"author\":{\"name\":\"Ismael Lucas S. Pereira\",\"@id\":\"https:\\\/\\\/diariodepe.com.br\\\/cri\\\/#\\\/schema\\\/person\\\/121bb28d84f1a5b1205ef4ce9c2e0c6b\"},\"headline\":\"Coment\u00e1rio: EUA tentam mais uma vez culpar a China pela Covid-19\",\"datePublished\":\"2023-04-18T03:06:22+00:00\",\"mainEntityOfPage\":{\"@id\":\"https:\\\/\\\/diariodepe.com.br\\\/cri\\\/2023\\\/04\\\/18\\\/comentario-eua-tentam-mais-uma-vez-culpar-a-china-pela-covid-19\\\/\"},\"wordCount\":413,\"commentCount\":0,\"publisher\":{\"@id\":\"https:\\\/\\\/diariodepe.com.br\\\/cri\\\/#organization\"},\"articleSection\":[\"Vis\u00e3o\"],\"inLanguage\":\"pt-BR\",\"potentialAction\":[{\"@type\":\"CommentAction\",\"name\":\"Comment\",\"target\":[\"https:\\\/\\\/diariodepe.com.br\\\/cri\\\/2023\\\/04\\\/18\\\/comentario-eua-tentam-mais-uma-vez-culpar-a-china-pela-covid-19\\\/#respond\"]}]},{\"@type\":\"WebPage\",\"@id\":\"https:\\\/\\\/diariodepe.com.br\\\/cri\\\/2023\\\/04\\\/18\\\/comentario-eua-tentam-mais-uma-vez-culpar-a-china-pela-covid-19\\\/\",\"url\":\"https:\\\/\\\/diariodepe.com.br\\\/cri\\\/2023\\\/04\\\/18\\\/comentario-eua-tentam-mais-uma-vez-culpar-a-china-pela-covid-19\\\/\",\"name\":\"Coment\u00e1rio: EUA tentam mais uma vez culpar a China pela Covid-19 - CRI e Diario de Pernambuco\",\"isPartOf\":{\"@id\":\"https:\\\/\\\/diariodepe.com.br\\\/cri\\\/#website\"},\"datePublished\":\"2023-04-18T03:06:22+00:00\",\"breadcrumb\":{\"@id\":\"https:\\\/\\\/diariodepe.com.br\\\/cri\\\/2023\\\/04\\\/18\\\/comentario-eua-tentam-mais-uma-vez-culpar-a-china-pela-covid-19\\\/#breadcrumb\"},\"inLanguage\":\"pt-BR\",\"potentialAction\":[{\"@type\":\"ReadAction\",\"target\":[\"https:\\\/\\\/diariodepe.com.br\\\/cri\\\/2023\\\/04\\\/18\\\/comentario-eua-tentam-mais-uma-vez-culpar-a-china-pela-covid-19\\\/\"]}]},{\"@type\":\"BreadcrumbList\",\"@id\":\"https:\\\/\\\/diariodepe.com.br\\\/cri\\\/2023\\\/04\\\/18\\\/comentario-eua-tentam-mais-uma-vez-culpar-a-china-pela-covid-19\\\/#breadcrumb\",\"itemListElement\":[{\"@type\":\"ListItem\",\"position\":1,\"name\":\"In\u00edcio\",\"item\":\"https:\\\/\\\/diariodepe.com.br\\\/cri\\\/\"},{\"@type\":\"ListItem\",\"position\":2,\"name\":\"Coment\u00e1rio: EUA tentam mais uma vez culpar a China pela Covid-19\"}]},{\"@type\":\"WebSite\",\"@id\":\"https:\\\/\\\/diariodepe.com.br\\\/cri\\\/#website\",\"url\":\"https:\\\/\\\/diariodepe.com.br\\\/cri\\\/\",\"name\":\"CRI e Diario de Pernambuco\",\"description\":\"R\u00e1dio Internacional da China\",\"publisher\":{\"@id\":\"https:\\\/\\\/diariodepe.com.br\\\/cri\\\/#organization\"},\"potentialAction\":[{\"@type\":\"SearchAction\",\"target\":{\"@type\":\"EntryPoint\",\"urlTemplate\":\"https:\\\/\\\/diariodepe.com.br\\\/cri\\\/?s={search_term_string}\"},\"query-input\":{\"@type\":\"PropertyValueSpecification\",\"valueRequired\":true,\"valueName\":\"search_term_string\"}}],\"inLanguage\":\"pt-BR\"},{\"@type\":\"Organization\",\"@id\":\"https:\\\/\\\/diariodepe.com.br\\\/cri\\\/#organization\",\"name\":\"CRI e Diario de Pernambuco\",\"url\":\"https:\\\/\\\/diariodepe.com.br\\\/cri\\\/\",\"logo\":{\"@type\":\"ImageObject\",\"inLanguage\":\"pt-BR\",\"@id\":\"https:\\\/\\\/diariodepe.com.br\\\/cri\\\/#\\\/schema\\\/logo\\\/image\\\/\",\"url\":\"https:\\\/\\\/diariodepe.com.br\\\/cri\\\/wp-content\\\/uploads\\\/sites\\\/2\\\/2022\\\/12\\\/cropped-Logo.jpg\",\"contentUrl\":\"https:\\\/\\\/diariodepe.com.br\\\/cri\\\/wp-content\\\/uploads\\\/sites\\\/2\\\/2022\\\/12\\\/cropped-Logo.jpg\",\"width\":700,\"height\":59,\"caption\":\"CRI e Diario de Pernambuco\"},\"image\":{\"@id\":\"https:\\\/\\\/diariodepe.com.br\\\/cri\\\/#\\\/schema\\\/logo\\\/image\\\/\"}},{\"@type\":\"Person\",\"@id\":\"https:\\\/\\\/diariodepe.com.br\\\/cri\\\/#\\\/schema\\\/person\\\/121bb28d84f1a5b1205ef4ce9c2e0c6b\",\"name\":\"Ismael Lucas S. Pereira\",\"image\":{\"@type\":\"ImageObject\",\"inLanguage\":\"pt-BR\",\"@id\":\"https:\\\/\\\/secure.gravatar.com\\\/avatar\\\/887a0f3b5a7ceea963a48499fb883ffce6b5037362def025c52c2505b15d63e4?s=96&d=mm&r=g\",\"url\":\"https:\\\/\\\/secure.gravatar.com\\\/avatar\\\/887a0f3b5a7ceea963a48499fb883ffce6b5037362def025c52c2505b15d63e4?s=96&d=mm&r=g\",\"contentUrl\":\"https:\\\/\\\/secure.gravatar.com\\\/avatar\\\/887a0f3b5a7ceea963a48499fb883ffce6b5037362def025c52c2505b15d63e4?s=96&d=mm&r=g\",\"caption\":\"Ismael Lucas S. Pereira\"},\"url\":\"https:\\\/\\\/diariodepe.com.br\\\/cri\\\/author\\\/ismael-lucas\\\/\"}]}<\/script>\n<!-- \/ Yoast SEO plugin. -->","yoast_head_json":{"title":"Coment\u00e1rio: EUA tentam mais uma vez culpar a China pela Covid-19 - CRI e Diario de Pernambuco","robots":{"index":"index","follow":"follow","max-snippet":"max-snippet:-1","max-image-preview":"max-image-preview:large","max-video-preview":"max-video-preview:-1"},"canonical":"https:\/\/diariodepe.com.br\/cri\/2023\/04\/18\/comentario-eua-tentam-mais-uma-vez-culpar-a-china-pela-covid-19\/","og_locale":"pt_BR","og_type":"article","og_title":"Coment\u00e1rio: EUA tentam mais uma vez culpar a China pela Covid-19 - CRI e Diario de Pernambuco","og_description":"Os Estados Unidos voltaram a difamar a China sobre a origem do novo coronav\u00edrus. Nos \u00faltimos dias, ve\u00edculos de imprensa e pol\u00edticos norte-americanos deram um show de mentiras contra o pa\u00eds. Primeiro, o jornal Wall Street Journal publicou uma reportagem,...","og_url":"https:\/\/diariodepe.com.br\/cri\/2023\/04\/18\/comentario-eua-tentam-mais-uma-vez-culpar-a-china-pela-covid-19\/","og_site_name":"CRI e Diario de Pernambuco","article_published_time":"2023-04-18T03:06:22+00:00","author":"Ismael Lucas S. Pereira","twitter_card":"summary_large_image","twitter_misc":{"Escrito por":"Ismael Lucas S. Pereira","Est. tempo de leitura":"2 minutos"},"schema":{"@context":"https:\/\/schema.org","@graph":[{"@type":"Article","@id":"https:\/\/diariodepe.com.br\/cri\/2023\/04\/18\/comentario-eua-tentam-mais-uma-vez-culpar-a-china-pela-covid-19\/#article","isPartOf":{"@id":"https:\/\/diariodepe.com.br\/cri\/2023\/04\/18\/comentario-eua-tentam-mais-uma-vez-culpar-a-china-pela-covid-19\/"},"author":{"name":"Ismael Lucas S. Pereira","@id":"https:\/\/diariodepe.com.br\/cri\/#\/schema\/person\/121bb28d84f1a5b1205ef4ce9c2e0c6b"},"headline":"Coment\u00e1rio: EUA tentam mais uma vez culpar a China pela Covid-19","datePublished":"2023-04-18T03:06:22+00:00","mainEntityOfPage":{"@id":"https:\/\/diariodepe.com.br\/cri\/2023\/04\/18\/comentario-eua-tentam-mais-uma-vez-culpar-a-china-pela-covid-19\/"},"wordCount":413,"commentCount":0,"publisher":{"@id":"https:\/\/diariodepe.com.br\/cri\/#organization"},"articleSection":["Vis\u00e3o"],"inLanguage":"pt-BR","potentialAction":[{"@type":"CommentAction","name":"Comment","target":["https:\/\/diariodepe.com.br\/cri\/2023\/04\/18\/comentario-eua-tentam-mais-uma-vez-culpar-a-china-pela-covid-19\/#respond"]}]},{"@type":"WebPage","@id":"https:\/\/diariodepe.com.br\/cri\/2023\/04\/18\/comentario-eua-tentam-mais-uma-vez-culpar-a-china-pela-covid-19\/","url":"https:\/\/diariodepe.com.br\/cri\/2023\/04\/18\/comentario-eua-tentam-mais-uma-vez-culpar-a-china-pela-covid-19\/","name":"Coment\u00e1rio: EUA tentam mais uma vez culpar a China pela Covid-19 - CRI e Diario de Pernambuco","isPartOf":{"@id":"https:\/\/diariodepe.com.br\/cri\/#website"},"datePublished":"2023-04-18T03:06:22+00:00","breadcrumb":{"@id":"https:\/\/diariodepe.com.br\/cri\/2023\/04\/18\/comentario-eua-tentam-mais-uma-vez-culpar-a-china-pela-covid-19\/#breadcrumb"},"inLanguage":"pt-BR","potentialAction":[{"@type":"ReadAction","target":["https:\/\/diariodepe.com.br\/cri\/2023\/04\/18\/comentario-eua-tentam-mais-uma-vez-culpar-a-china-pela-covid-19\/"]}]},{"@type":"BreadcrumbList","@id":"https:\/\/diariodepe.com.br\/cri\/2023\/04\/18\/comentario-eua-tentam-mais-uma-vez-culpar-a-china-pela-covid-19\/#breadcrumb","itemListElement":[{"@type":"ListItem","position":1,"name":"In\u00edcio","item":"https:\/\/diariodepe.com.br\/cri\/"},{"@type":"ListItem","position":2,"name":"Coment\u00e1rio: EUA tentam mais uma vez culpar a China pela Covid-19"}]},{"@type":"WebSite","@id":"https:\/\/diariodepe.com.br\/cri\/#website","url":"https:\/\/diariodepe.com.br\/cri\/","name":"CRI e Diario de Pernambuco","description":"R\u00e1dio Internacional da China","publisher":{"@id":"https:\/\/diariodepe.com.br\/cri\/#organization"},"potentialAction":[{"@type":"SearchAction","target":{"@type":"EntryPoint","urlTemplate":"https:\/\/diariodepe.com.br\/cri\/?s={search_term_string}"},"query-input":{"@type":"PropertyValueSpecification","valueRequired":true,"valueName":"search_term_string"}}],"inLanguage":"pt-BR"},{"@type":"Organization","@id":"https:\/\/diariodepe.com.br\/cri\/#organization","name":"CRI e Diario de Pernambuco","url":"https:\/\/diariodepe.com.br\/cri\/","logo":{"@type":"ImageObject","inLanguage":"pt-BR","@id":"https:\/\/diariodepe.com.br\/cri\/#\/schema\/logo\/image\/","url":"https:\/\/diariodepe.com.br\/cri\/wp-content\/uploads\/sites\/2\/2022\/12\/cropped-Logo.jpg","contentUrl":"https:\/\/diariodepe.com.br\/cri\/wp-content\/uploads\/sites\/2\/2022\/12\/cropped-Logo.jpg","width":700,"height":59,"caption":"CRI e Diario de Pernambuco"},"image":{"@id":"https:\/\/diariodepe.com.br\/cri\/#\/schema\/logo\/image\/"}},{"@type":"Person","@id":"https:\/\/diariodepe.com.br\/cri\/#\/schema\/person\/121bb28d84f1a5b1205ef4ce9c2e0c6b","name":"Ismael Lucas S. Pereira","image":{"@type":"ImageObject","inLanguage":"pt-BR","@id":"https:\/\/secure.gravatar.com\/avatar\/887a0f3b5a7ceea963a48499fb883ffce6b5037362def025c52c2505b15d63e4?s=96&d=mm&r=g","url":"https:\/\/secure.gravatar.com\/avatar\/887a0f3b5a7ceea963a48499fb883ffce6b5037362def025c52c2505b15d63e4?s=96&d=mm&r=g","contentUrl":"https:\/\/secure.gravatar.com\/avatar\/887a0f3b5a7ceea963a48499fb883ffce6b5037362def025c52c2505b15d63e4?s=96&d=mm&r=g","caption":"Ismael Lucas S. Pereira"},"url":"https:\/\/diariodepe.com.br\/cri\/author\/ismael-lucas\/"}]}},"cc_featured_image_caption":{"caption_text":false,"source_text":false,"source_url":false},"amp_enabled":true,"_links":{"self":[{"href":"https:\/\/diariodepe.com.br\/cri\/wp-json\/wp\/v2\/posts\/1054","targetHints":{"allow":["GET"]}}],"collection":[{"href":"https:\/\/diariodepe.com.br\/cri\/wp-json\/wp\/v2\/posts"}],"about":[{"href":"https:\/\/diariodepe.com.br\/cri\/wp-json\/wp\/v2\/types\/post"}],"author":[{"embeddable":true,"href":"https:\/\/diariodepe.com.br\/cri\/wp-json\/wp\/v2\/users\/2"}],"replies":[{"embeddable":true,"href":"https:\/\/diariodepe.com.br\/cri\/wp-json\/wp\/v2\/comments?post=1054"}],"version-history":[{"count":1,"href":"https:\/\/diariodepe.com.br\/cri\/wp-json\/wp\/v2\/posts\/1054\/revisions"}],"predecessor-version":[{"id":1055,"href":"https:\/\/diariodepe.com.br\/cri\/wp-json\/wp\/v2\/posts\/1054\/revisions\/1055"}],"wp:attachment":[{"href":"https:\/\/diariodepe.com.br\/cri\/wp-json\/wp\/v2\/media?parent=1054"}],"wp:term":[{"taxonomy":"category","embeddable":true,"href":"https:\/\/diariodepe.com.br\/cri\/wp-json\/wp\/v2\/categories?post=1054"},{"taxonomy":"post_tag","embeddable":true,"href":"https:\/\/diariodepe.com.br\/cri\/wp-json\/wp\/v2\/tags?post=1054"}],"curies":[{"name":"wp","href":"https:\/\/api.w.org\/{rel}","templated":true}]}}