{"id":10495,"date":"2026-01-27T06:10:21","date_gmt":"2026-01-27T09:10:21","guid":{"rendered":"https:\/\/diariodepe.com.br\/cri\/?p=10495"},"modified":"2026-01-27T06:10:21","modified_gmt":"2026-01-27T09:10:21","slug":"china-xinjiang-nunca-teve-o-chamado-trabalho-forcado-sistematico-nem-campos-de-reeducacao","status":"publish","type":"post","link":"https:\/\/diariodepe.com.br\/cri\/2026\/01\/27\/china-xinjiang-nunca-teve-o-chamado-trabalho-forcado-sistematico-nem-campos-de-reeducacao\/","title":{"rendered":"China: Xinjiang nunca teve o chamado &#8220;trabalho for\u00e7ado&#8221; sistem\u00e1tico nem &#8220;campos de reeduca\u00e7\u00e3o&#8221;"},"content":{"rendered":"<p><span dir=\"LTR\">O\u00a0<\/span><span dir=\"LTR\">m<\/span><span dir=\"LTR\">inistro das Rela\u00e7\u00f5es Exteriores<\/span><span dir=\"LTR\">\u00a0da China<\/span><span dir=\"LTR\">, Wang Yi<\/span><span dir=\"LTR\">, tem reiterado a posi\u00e7\u00e3o da China sobre as acusa\u00e7\u00f5es de\u00a0<\/span><span dir=\"LTR\">&#8220;trabalho for\u00e7ado&#8221; e &#8220;campos de reeduca\u00e7\u00e3o&#8221; em Xinjiang.<\/span><\/p>\n<p><span dir=\"LTR\">Segundo Wang Yi,\u00a0<\/span><span dir=\"LTR\">nunca existiu o chamado\u00a0<\/span><span dir=\"LTR\">&#8220;<\/span><span dir=\"LTR\">trabalho for\u00e7ado<\/span><span dir=\"LTR\">&#8220;<\/span><span dir=\"LTR\">\u00a0sistem\u00e1tico em Xinjiang, nem<\/span><span dir=\"LTR\">\u00a0<\/span><span dir=\"LTR\">houve<\/span><span dir=\"LTR\">\u00a0&#8220;<\/span><span dir=\"LTR\">campos de reeduca\u00e7\u00e3o<\/span><span dir=\"LTR\">&#8220;<\/span><span dir=\"LTR\">.\u00a0<\/span><span dir=\"LTR\">Essas acusa\u00e7\u00f5es\u00a0<\/span><span dir=\"LTR\">s\u00e3o mentiras fabricadas e informa\u00e7\u00f5es falsas disseminadas.<\/span><span dir=\"LTR\">\u00a0<\/span><\/p>\n<p><span dir=\"LTR\">Wang Yi<\/span><span dir=\"LTR\">\u00a0enfatizou que\u00a0<\/span><span dir=\"LTR\">Xinjiang faz fronteira com regi\u00f5es onde o terrorismo e as for\u00e7as extremistas est\u00e3o concentrados.\u00a0<\/span><span dir=\"LTR\">Em<\/span><span dir=\"LTR\">\u00a0anos anteriores, Xinjiang enfrentou amea\u00e7as de for\u00e7as terroristas\u00a0<\/span><span dir=\"LTR\">externas<\/span><span dir=\"LTR\">, e correntes ideol\u00f3gicas extremistas\u00a0<\/span><span dir=\"LTR\">se\u00a0<\/span><span dir=\"LTR\">infiltraram<\/span><span dir=\"LTR\">\u00a0<\/span><span dir=\"LTR\">na regi\u00e3o.<\/span><\/p>\n<p><span dir=\"LTR\">Para enfrentar<\/span><span dir=\"LTR\">\u00a0essas\u00a0<\/span><span dir=\"LTR\">amea\u00e7a<\/span><span dir=\"LTR\">s\u00a0<\/span><span dir=\"LTR\">e salvaguardar a seguran\u00e7a d<\/span><span dir=\"LTR\">a popula\u00e7\u00e3o<\/span><span dir=\"LTR\">, o governo de Xinjiang,\u00a0<\/span><span dir=\"LTR\">em\u00a0<\/span><span dir=\"LTR\">respo<\/span><span dir=\"LTR\">sta a\u00a0<\/span><span dir=\"LTR\">apelo<\/span><span dir=\"LTR\">s<\/span><span dir=\"LTR\">\u00a0das Na\u00e7\u00f5es Unidas e<\/span><span dir=\"LTR\">\u00a0com refer\u00eancia\u00a0<\/span><span dir=\"LTR\">a pr\u00e1ticas\u00a0<\/span><span dir=\"LTR\">adotadas pelo\u00a0<\/span><span dir=\"LTR\">Reino Unido, Fran\u00e7a e outros pa\u00edses, realizou trabalhos de desradicaliza\u00e7\u00e3o por meio da educa\u00e7\u00e3o, eliminando o terreno que\u00a0<\/span><span dir=\"LTR\">favorece<\/span><span dir=\"LTR\">\u00a0o extremismo. Essas medidas alcan\u00e7aram resultados significativos e receberam apoio e\u00a0<\/span><span dir=\"LTR\">reconhecimento\u00a0<\/span><span dir=\"LTR\">de todos os grupos \u00e9tnicos de Xinjiang<\/span><span dir=\"LTR\">.<\/span><\/p>\n<p><span dir=\"LTR\">Wang Yi afirmou que Xinjiang est\u00e1 aberta ao mundo. Ele convidou estrangeiros a conhecerem a realidade da regi\u00e3o com os pr\u00f3prios olhos, mas enfatizou que a China n\u00e3o aceita investiga\u00e7\u00f5es baseadas na presun\u00e7\u00e3o de culpa e se op\u00f5e firmemente a condena\u00e7\u00f5es infundadas ou preconceitos contra suas pol\u00edticas \u00e9tnicas.<\/span><\/p>\n<p><span dir=\"LTR\">O porta-voz do Minist\u00e9rio das Rela\u00e7\u00f5es Exteriores da China tamb\u00e9m\u00a0<\/span><span dir=\"LTR\">respondeu\u00a0<\/span><span dir=\"LTR\">\u00e0s acusa\u00e7\u00f5es\u00a0<\/span><span dir=\"LTR\">\u00a0relacionadas a<\/span><span dir=\"LTR\">\u00a0Xinjiang<\/span><span dir=\"LTR\">, afirmando\u00a0<\/span><span dir=\"LTR\">que os assuntos d<\/span><span dir=\"LTR\">a regi\u00e3o\u00a0<\/span><span dir=\"LTR\">s\u00e3o\u00a0<\/span><span dir=\"LTR\">quest\u00f5es\u00a0<\/span><span dir=\"LTR\">interna<\/span><span dir=\"LTR\">s<\/span><span dir=\"LTR\">\u00a0da China. Atualmente,\u00a0<\/span><span dir=\"LTR\">Xinjiang permanece\u00a0<\/span><span dir=\"LTR\">est\u00e1vel<\/span><span dir=\"LTR\">, apresenta\u00a0<\/span><span dir=\"LTR\">uma boa tend\u00eancia de desenvolvimento econ\u00f4mico<\/span><span dir=\"LTR\">\u00a0e as diferentes\u00a0<\/span><span dir=\"LTR\">etnias\u00a0<\/span><span dir=\"LTR\">convivem de forma\u00a0<\/span><span dir=\"LTR\">harmoniosa,\u00a0<\/span><span dir=\"LTR\">demonstrando alto grau de\u00a0<\/span><span dir=\"LTR\">satisfa\u00e7\u00e3o com a seguran\u00e7a\u00a0<\/span><span dir=\"LTR\">local<\/span><span dir=\"LTR\">.<\/span><\/p>\n<p><span dir=\"LTR\">Segundo o porta-voz, o\u00a0<\/span><span dir=\"LTR\">estabelecimento do<\/span><span dir=\"LTR\">s<\/span><span dir=\"LTR\">\u00a0centro<\/span><span dir=\"LTR\">s<\/span><span dir=\"LTR\">\u00a0de educa\u00e7\u00e3o e treinamento em Xinjiang \u00e9 uma medida preventiva de combate ao terrorismo,\u00a0<\/span><span dir=\"LTR\">que\u00a0<\/span><span dir=\"LTR\">recebeu\u00a0<\/span><span dir=\"LTR\">amplo\u00a0<\/span><span dir=\"LTR\">apoio d<\/span><span dir=\"LTR\">a popula\u00e7\u00e3o local\u00a0<\/span><span dir=\"LTR\">e tem gerado\u00a0<\/span><span dir=\"LTR\">impactos\u00a0<\/span><span dir=\"LTR\">positiv<\/span><span dir=\"LTR\">os<\/span><span dir=\"LTR\">\u00a0para a sociedade\u00a0<\/span><span dir=\"LTR\">da regi\u00e3o<\/span><span dir=\"LTR\">. Para o porta-voz,\u00a0<\/span><span dir=\"LTR\">esses\u00a0<\/span><span dir=\"LTR\">centro<\/span><span dir=\"LTR\">s\u00a0<\/span><span dir=\"LTR\">n\u00e3o t<\/span><span dir=\"LTR\">\u00ea<\/span><span dir=\"LTR\">m\u00a0<\/span><span dir=\"LTR\">qualquer<\/span><span dir=\"LTR\">\u00a0liga\u00e7\u00e3o com os chamados &#8220;campos de reeduca\u00e7\u00e3o<\/span><span dir=\"LTR\">\u201d;\u00a0<\/span><span dir=\"LTR\">as acusa\u00e7\u00f5es s\u00e3o\u00a0<\/span><span dir=\"LTR\">infundadas\u00a0<\/span><span dir=\"LTR\">e representam uma interfer\u00eancia\u00a0<\/span><span dir=\"LTR\">grave<\/span><span dir=\"LTR\">\u00a0nas pol\u00edticas internas da China.<\/span><\/p>\n<p><span dir=\"LTR\">O ex-embaixador da China na Alemanha, Wu Ken, afirmou, em entrevista concedida a importantes ve\u00edculos de imprensa alem\u00e3es, que nunca existiram os chamados &#8220;campos de reeduca\u00e7\u00e3o&#8221; em Xinjiang. Ele esclareceu que os cursos organizados nos centros de educa\u00e7\u00e3o profissional t\u00eam como objetivo eliminar as causas do extremismo e ajudar as pessoas afetadas a construir um futuro melhor.<\/span><\/p>\n<p><span dir=\"LTR\">Segundo Wu Ken, os centros de educa\u00e7\u00e3o em Xinjiang assemelham-se a programas de &#8220;desradicaliza\u00e7\u00e3o&#8221; na Fran\u00e7a ou a centros de corre\u00e7\u00e3o comunit\u00e1ria nos Estados Unidos, constituindo iniciativas positivas para a preven\u00e7\u00e3o do terrorismo e do extremismo.<\/span><\/p>\n","protected":false},"excerpt":{"rendered":"<p>O\u00a0ministro das Rela\u00e7\u00f5es Exteriores\u00a0da China, Wang Yi, tem reiterado a posi\u00e7\u00e3o da China sobre as acusa\u00e7\u00f5es de\u00a0&#8220;trabalho for\u00e7ado&#8221; e &#8220;campos de reeduca\u00e7\u00e3o&#8221; em Xinjiang. Segundo Wang Yi,\u00a0nunca existiu o chamado\u00a0&#8220;trabalho for\u00e7ado&#8220;\u00a0sistem\u00e1tico em Xinjiang, nem\u00a0houve\u00a0&#8220;campos de reeduca\u00e7\u00e3o&#8220;.\u00a0Essas acusa\u00e7\u00f5es\u00a0s\u00e3o mentiras fabricadas e&#8230;<\/p>\n","protected":false},"author":5,"featured_media":0,"comment_status":"open","ping_status":"open","sticky":false,"template":"","format":"standard","meta":{"footnotes":""},"categories":[7],"tags":[],"class_list":["post-10495","post","type-post","status-publish","format-standard","hentry","category-visao"],"yoast_head":"<!-- This site is optimized with the Yoast SEO plugin v27.4 - https:\/\/yoast.com\/product\/yoast-seo-wordpress\/ -->\n<title>China: Xinjiang nunca teve o chamado &quot;trabalho for\u00e7ado&quot; sistem\u00e1tico nem &quot;campos de reeduca\u00e7\u00e3o&quot; - CRI e Diario de Pernambuco<\/title>\n<meta name=\"robots\" content=\"index, follow, max-snippet:-1, max-image-preview:large, max-video-preview:-1\" \/>\n<link rel=\"canonical\" href=\"https:\/\/diariodepe.com.br\/cri\/2026\/01\/27\/china-xinjiang-nunca-teve-o-chamado-trabalho-forcado-sistematico-nem-campos-de-reeducacao\/\" \/>\n<meta property=\"og:locale\" content=\"pt_BR\" \/>\n<meta property=\"og:type\" content=\"article\" \/>\n<meta property=\"og:title\" content=\"China: Xinjiang nunca teve o chamado &quot;trabalho for\u00e7ado&quot; sistem\u00e1tico nem &quot;campos de reeduca\u00e7\u00e3o&quot; - CRI e Diario de Pernambuco\" \/>\n<meta property=\"og:description\" content=\"O\u00a0ministro das Rela\u00e7\u00f5es Exteriores\u00a0da China, Wang Yi, tem reiterado a posi\u00e7\u00e3o da China sobre as acusa\u00e7\u00f5es de\u00a0&#8220;trabalho for\u00e7ado&#8221; e &#8220;campos de reeduca\u00e7\u00e3o&#8221; em Xinjiang. Segundo Wang Yi,\u00a0nunca existiu o chamado\u00a0&#8220;trabalho for\u00e7ado&#8220;\u00a0sistem\u00e1tico em Xinjiang, nem\u00a0houve\u00a0&#8220;campos de reeduca\u00e7\u00e3o&#8220;.\u00a0Essas acusa\u00e7\u00f5es\u00a0s\u00e3o mentiras fabricadas e...\" \/>\n<meta property=\"og:url\" content=\"https:\/\/diariodepe.com.br\/cri\/2026\/01\/27\/china-xinjiang-nunca-teve-o-chamado-trabalho-forcado-sistematico-nem-campos-de-reeducacao\/\" \/>\n<meta property=\"og:site_name\" content=\"CRI e Diario de Pernambuco\" \/>\n<meta property=\"article:published_time\" content=\"2026-01-27T09:10:21+00:00\" \/>\n<meta name=\"author\" content=\"CRI Portugu\u00eas\" \/>\n<meta name=\"twitter:card\" content=\"summary_large_image\" \/>\n<meta name=\"twitter:label1\" content=\"Escrito por\" \/>\n\t<meta name=\"twitter:data1\" content=\"CRI Portugu\u00eas\" \/>\n\t<meta name=\"twitter:label2\" content=\"Est. tempo de leitura\" \/>\n\t<meta name=\"twitter:data2\" content=\"3 minutos\" \/>\n<script type=\"application\/ld+json\" class=\"yoast-schema-graph\">{\"@context\":\"https:\\\/\\\/schema.org\",\"@graph\":[{\"@type\":\"Article\",\"@id\":\"https:\\\/\\\/diariodepe.com.br\\\/cri\\\/2026\\\/01\\\/27\\\/china-xinjiang-nunca-teve-o-chamado-trabalho-forcado-sistematico-nem-campos-de-reeducacao\\\/#article\",\"isPartOf\":{\"@id\":\"https:\\\/\\\/diariodepe.com.br\\\/cri\\\/2026\\\/01\\\/27\\\/china-xinjiang-nunca-teve-o-chamado-trabalho-forcado-sistematico-nem-campos-de-reeducacao\\\/\"},\"author\":{\"name\":\"CRI Portugu\u00eas\",\"@id\":\"https:\\\/\\\/diariodepe.com.br\\\/cri\\\/#\\\/schema\\\/person\\\/e474aead631cd4098632e11d3fbce118\"},\"headline\":\"China: Xinjiang nunca teve o chamado &#8220;trabalho for\u00e7ado&#8221; sistem\u00e1tico nem &#8220;campos de reeduca\u00e7\u00e3o&#8221;\",\"datePublished\":\"2026-01-27T09:10:21+00:00\",\"mainEntityOfPage\":{\"@id\":\"https:\\\/\\\/diariodepe.com.br\\\/cri\\\/2026\\\/01\\\/27\\\/china-xinjiang-nunca-teve-o-chamado-trabalho-forcado-sistematico-nem-campos-de-reeducacao\\\/\"},\"wordCount\":516,\"commentCount\":0,\"publisher\":{\"@id\":\"https:\\\/\\\/diariodepe.com.br\\\/cri\\\/#organization\"},\"articleSection\":[\"Vis\u00e3o\"],\"inLanguage\":\"pt-BR\",\"potentialAction\":[{\"@type\":\"CommentAction\",\"name\":\"Comment\",\"target\":[\"https:\\\/\\\/diariodepe.com.br\\\/cri\\\/2026\\\/01\\\/27\\\/china-xinjiang-nunca-teve-o-chamado-trabalho-forcado-sistematico-nem-campos-de-reeducacao\\\/#respond\"]}]},{\"@type\":\"WebPage\",\"@id\":\"https:\\\/\\\/diariodepe.com.br\\\/cri\\\/2026\\\/01\\\/27\\\/china-xinjiang-nunca-teve-o-chamado-trabalho-forcado-sistematico-nem-campos-de-reeducacao\\\/\",\"url\":\"https:\\\/\\\/diariodepe.com.br\\\/cri\\\/2026\\\/01\\\/27\\\/china-xinjiang-nunca-teve-o-chamado-trabalho-forcado-sistematico-nem-campos-de-reeducacao\\\/\",\"name\":\"China: Xinjiang nunca teve o chamado \\\"trabalho for\u00e7ado\\\" sistem\u00e1tico nem \\\"campos de reeduca\u00e7\u00e3o\\\" - CRI e Diario de Pernambuco\",\"isPartOf\":{\"@id\":\"https:\\\/\\\/diariodepe.com.br\\\/cri\\\/#website\"},\"datePublished\":\"2026-01-27T09:10:21+00:00\",\"breadcrumb\":{\"@id\":\"https:\\\/\\\/diariodepe.com.br\\\/cri\\\/2026\\\/01\\\/27\\\/china-xinjiang-nunca-teve-o-chamado-trabalho-forcado-sistematico-nem-campos-de-reeducacao\\\/#breadcrumb\"},\"inLanguage\":\"pt-BR\",\"potentialAction\":[{\"@type\":\"ReadAction\",\"target\":[\"https:\\\/\\\/diariodepe.com.br\\\/cri\\\/2026\\\/01\\\/27\\\/china-xinjiang-nunca-teve-o-chamado-trabalho-forcado-sistematico-nem-campos-de-reeducacao\\\/\"]}]},{\"@type\":\"BreadcrumbList\",\"@id\":\"https:\\\/\\\/diariodepe.com.br\\\/cri\\\/2026\\\/01\\\/27\\\/china-xinjiang-nunca-teve-o-chamado-trabalho-forcado-sistematico-nem-campos-de-reeducacao\\\/#breadcrumb\",\"itemListElement\":[{\"@type\":\"ListItem\",\"position\":1,\"name\":\"In\u00edcio\",\"item\":\"https:\\\/\\\/diariodepe.com.br\\\/cri\\\/\"},{\"@type\":\"ListItem\",\"position\":2,\"name\":\"China: Xinjiang nunca teve o chamado &#8220;trabalho for\u00e7ado&#8221; sistem\u00e1tico nem &#8220;campos de reeduca\u00e7\u00e3o&#8221;\"}]},{\"@type\":\"WebSite\",\"@id\":\"https:\\\/\\\/diariodepe.com.br\\\/cri\\\/#website\",\"url\":\"https:\\\/\\\/diariodepe.com.br\\\/cri\\\/\",\"name\":\"CRI e Diario de Pernambuco\",\"description\":\"R\u00e1dio Internacional da China\",\"publisher\":{\"@id\":\"https:\\\/\\\/diariodepe.com.br\\\/cri\\\/#organization\"},\"potentialAction\":[{\"@type\":\"SearchAction\",\"target\":{\"@type\":\"EntryPoint\",\"urlTemplate\":\"https:\\\/\\\/diariodepe.com.br\\\/cri\\\/?s={search_term_string}\"},\"query-input\":{\"@type\":\"PropertyValueSpecification\",\"valueRequired\":true,\"valueName\":\"search_term_string\"}}],\"inLanguage\":\"pt-BR\"},{\"@type\":\"Organization\",\"@id\":\"https:\\\/\\\/diariodepe.com.br\\\/cri\\\/#organization\",\"name\":\"CRI e Diario de Pernambuco\",\"url\":\"https:\\\/\\\/diariodepe.com.br\\\/cri\\\/\",\"logo\":{\"@type\":\"ImageObject\",\"inLanguage\":\"pt-BR\",\"@id\":\"https:\\\/\\\/diariodepe.com.br\\\/cri\\\/#\\\/schema\\\/logo\\\/image\\\/\",\"url\":\"https:\\\/\\\/diariodepe.com.br\\\/cri\\\/wp-content\\\/uploads\\\/sites\\\/2\\\/2022\\\/12\\\/cropped-Logo.jpg\",\"contentUrl\":\"https:\\\/\\\/diariodepe.com.br\\\/cri\\\/wp-content\\\/uploads\\\/sites\\\/2\\\/2022\\\/12\\\/cropped-Logo.jpg\",\"width\":700,\"height\":59,\"caption\":\"CRI e Diario de Pernambuco\"},\"image\":{\"@id\":\"https:\\\/\\\/diariodepe.com.br\\\/cri\\\/#\\\/schema\\\/logo\\\/image\\\/\"}},{\"@type\":\"Person\",\"@id\":\"https:\\\/\\\/diariodepe.com.br\\\/cri\\\/#\\\/schema\\\/person\\\/e474aead631cd4098632e11d3fbce118\",\"name\":\"CRI Portugu\u00eas\",\"image\":{\"@type\":\"ImageObject\",\"inLanguage\":\"pt-BR\",\"@id\":\"https:\\\/\\\/secure.gravatar.com\\\/avatar\\\/e2ac889ef882d4dc53091b610766dce49106cf9fe98c76e06745abb0993b2763?s=96&d=mm&r=g\",\"url\":\"https:\\\/\\\/secure.gravatar.com\\\/avatar\\\/e2ac889ef882d4dc53091b610766dce49106cf9fe98c76e06745abb0993b2763?s=96&d=mm&r=g\",\"contentUrl\":\"https:\\\/\\\/secure.gravatar.com\\\/avatar\\\/e2ac889ef882d4dc53091b610766dce49106cf9fe98c76e06745abb0993b2763?s=96&d=mm&r=g\",\"caption\":\"CRI Portugu\u00eas\"},\"sameAs\":[\"https:\\\/\\\/www.diariodepernambuco.com.br\\\/\"],\"url\":\"https:\\\/\\\/diariodepe.com.br\\\/cri\\\/author\\\/agencia-cri\\\/\"}]}<\/script>\n<!-- \/ Yoast SEO plugin. -->","yoast_head_json":{"title":"China: Xinjiang nunca teve o chamado \"trabalho for\u00e7ado\" sistem\u00e1tico nem \"campos de reeduca\u00e7\u00e3o\" - CRI e Diario de Pernambuco","robots":{"index":"index","follow":"follow","max-snippet":"max-snippet:-1","max-image-preview":"max-image-preview:large","max-video-preview":"max-video-preview:-1"},"canonical":"https:\/\/diariodepe.com.br\/cri\/2026\/01\/27\/china-xinjiang-nunca-teve-o-chamado-trabalho-forcado-sistematico-nem-campos-de-reeducacao\/","og_locale":"pt_BR","og_type":"article","og_title":"China: Xinjiang nunca teve o chamado \"trabalho for\u00e7ado\" sistem\u00e1tico nem \"campos de reeduca\u00e7\u00e3o\" - CRI e Diario de Pernambuco","og_description":"O\u00a0ministro das Rela\u00e7\u00f5es Exteriores\u00a0da China, Wang Yi, tem reiterado a posi\u00e7\u00e3o da China sobre as acusa\u00e7\u00f5es de\u00a0&#8220;trabalho for\u00e7ado&#8221; e &#8220;campos de reeduca\u00e7\u00e3o&#8221; em Xinjiang. Segundo Wang Yi,\u00a0nunca existiu o chamado\u00a0&#8220;trabalho for\u00e7ado&#8220;\u00a0sistem\u00e1tico em Xinjiang, nem\u00a0houve\u00a0&#8220;campos de reeduca\u00e7\u00e3o&#8220;.\u00a0Essas acusa\u00e7\u00f5es\u00a0s\u00e3o mentiras fabricadas e...","og_url":"https:\/\/diariodepe.com.br\/cri\/2026\/01\/27\/china-xinjiang-nunca-teve-o-chamado-trabalho-forcado-sistematico-nem-campos-de-reeducacao\/","og_site_name":"CRI e Diario de Pernambuco","article_published_time":"2026-01-27T09:10:21+00:00","author":"CRI Portugu\u00eas","twitter_card":"summary_large_image","twitter_misc":{"Escrito por":"CRI Portugu\u00eas","Est. tempo de leitura":"3 minutos"},"schema":{"@context":"https:\/\/schema.org","@graph":[{"@type":"Article","@id":"https:\/\/diariodepe.com.br\/cri\/2026\/01\/27\/china-xinjiang-nunca-teve-o-chamado-trabalho-forcado-sistematico-nem-campos-de-reeducacao\/#article","isPartOf":{"@id":"https:\/\/diariodepe.com.br\/cri\/2026\/01\/27\/china-xinjiang-nunca-teve-o-chamado-trabalho-forcado-sistematico-nem-campos-de-reeducacao\/"},"author":{"name":"CRI Portugu\u00eas","@id":"https:\/\/diariodepe.com.br\/cri\/#\/schema\/person\/e474aead631cd4098632e11d3fbce118"},"headline":"China: Xinjiang nunca teve o chamado &#8220;trabalho for\u00e7ado&#8221; sistem\u00e1tico nem &#8220;campos de reeduca\u00e7\u00e3o&#8221;","datePublished":"2026-01-27T09:10:21+00:00","mainEntityOfPage":{"@id":"https:\/\/diariodepe.com.br\/cri\/2026\/01\/27\/china-xinjiang-nunca-teve-o-chamado-trabalho-forcado-sistematico-nem-campos-de-reeducacao\/"},"wordCount":516,"commentCount":0,"publisher":{"@id":"https:\/\/diariodepe.com.br\/cri\/#organization"},"articleSection":["Vis\u00e3o"],"inLanguage":"pt-BR","potentialAction":[{"@type":"CommentAction","name":"Comment","target":["https:\/\/diariodepe.com.br\/cri\/2026\/01\/27\/china-xinjiang-nunca-teve-o-chamado-trabalho-forcado-sistematico-nem-campos-de-reeducacao\/#respond"]}]},{"@type":"WebPage","@id":"https:\/\/diariodepe.com.br\/cri\/2026\/01\/27\/china-xinjiang-nunca-teve-o-chamado-trabalho-forcado-sistematico-nem-campos-de-reeducacao\/","url":"https:\/\/diariodepe.com.br\/cri\/2026\/01\/27\/china-xinjiang-nunca-teve-o-chamado-trabalho-forcado-sistematico-nem-campos-de-reeducacao\/","name":"China: Xinjiang nunca teve o chamado \"trabalho for\u00e7ado\" sistem\u00e1tico nem \"campos de reeduca\u00e7\u00e3o\" - CRI e Diario de Pernambuco","isPartOf":{"@id":"https:\/\/diariodepe.com.br\/cri\/#website"},"datePublished":"2026-01-27T09:10:21+00:00","breadcrumb":{"@id":"https:\/\/diariodepe.com.br\/cri\/2026\/01\/27\/china-xinjiang-nunca-teve-o-chamado-trabalho-forcado-sistematico-nem-campos-de-reeducacao\/#breadcrumb"},"inLanguage":"pt-BR","potentialAction":[{"@type":"ReadAction","target":["https:\/\/diariodepe.com.br\/cri\/2026\/01\/27\/china-xinjiang-nunca-teve-o-chamado-trabalho-forcado-sistematico-nem-campos-de-reeducacao\/"]}]},{"@type":"BreadcrumbList","@id":"https:\/\/diariodepe.com.br\/cri\/2026\/01\/27\/china-xinjiang-nunca-teve-o-chamado-trabalho-forcado-sistematico-nem-campos-de-reeducacao\/#breadcrumb","itemListElement":[{"@type":"ListItem","position":1,"name":"In\u00edcio","item":"https:\/\/diariodepe.com.br\/cri\/"},{"@type":"ListItem","position":2,"name":"China: Xinjiang nunca teve o chamado &#8220;trabalho for\u00e7ado&#8221; sistem\u00e1tico nem &#8220;campos de reeduca\u00e7\u00e3o&#8221;"}]},{"@type":"WebSite","@id":"https:\/\/diariodepe.com.br\/cri\/#website","url":"https:\/\/diariodepe.com.br\/cri\/","name":"CRI e Diario de Pernambuco","description":"R\u00e1dio Internacional da China","publisher":{"@id":"https:\/\/diariodepe.com.br\/cri\/#organization"},"potentialAction":[{"@type":"SearchAction","target":{"@type":"EntryPoint","urlTemplate":"https:\/\/diariodepe.com.br\/cri\/?s={search_term_string}"},"query-input":{"@type":"PropertyValueSpecification","valueRequired":true,"valueName":"search_term_string"}}],"inLanguage":"pt-BR"},{"@type":"Organization","@id":"https:\/\/diariodepe.com.br\/cri\/#organization","name":"CRI e Diario de Pernambuco","url":"https:\/\/diariodepe.com.br\/cri\/","logo":{"@type":"ImageObject","inLanguage":"pt-BR","@id":"https:\/\/diariodepe.com.br\/cri\/#\/schema\/logo\/image\/","url":"https:\/\/diariodepe.com.br\/cri\/wp-content\/uploads\/sites\/2\/2022\/12\/cropped-Logo.jpg","contentUrl":"https:\/\/diariodepe.com.br\/cri\/wp-content\/uploads\/sites\/2\/2022\/12\/cropped-Logo.jpg","width":700,"height":59,"caption":"CRI e Diario de Pernambuco"},"image":{"@id":"https:\/\/diariodepe.com.br\/cri\/#\/schema\/logo\/image\/"}},{"@type":"Person","@id":"https:\/\/diariodepe.com.br\/cri\/#\/schema\/person\/e474aead631cd4098632e11d3fbce118","name":"CRI Portugu\u00eas","image":{"@type":"ImageObject","inLanguage":"pt-BR","@id":"https:\/\/secure.gravatar.com\/avatar\/e2ac889ef882d4dc53091b610766dce49106cf9fe98c76e06745abb0993b2763?s=96&d=mm&r=g","url":"https:\/\/secure.gravatar.com\/avatar\/e2ac889ef882d4dc53091b610766dce49106cf9fe98c76e06745abb0993b2763?s=96&d=mm&r=g","contentUrl":"https:\/\/secure.gravatar.com\/avatar\/e2ac889ef882d4dc53091b610766dce49106cf9fe98c76e06745abb0993b2763?s=96&d=mm&r=g","caption":"CRI Portugu\u00eas"},"sameAs":["https:\/\/www.diariodepernambuco.com.br\/"],"url":"https:\/\/diariodepe.com.br\/cri\/author\/agencia-cri\/"}]}},"cc_featured_image_caption":{"caption_text":"","source_text":"","source_url":""},"amp_enabled":true,"_links":{"self":[{"href":"https:\/\/diariodepe.com.br\/cri\/wp-json\/wp\/v2\/posts\/10495","targetHints":{"allow":["GET"]}}],"collection":[{"href":"https:\/\/diariodepe.com.br\/cri\/wp-json\/wp\/v2\/posts"}],"about":[{"href":"https:\/\/diariodepe.com.br\/cri\/wp-json\/wp\/v2\/types\/post"}],"author":[{"embeddable":true,"href":"https:\/\/diariodepe.com.br\/cri\/wp-json\/wp\/v2\/users\/5"}],"replies":[{"embeddable":true,"href":"https:\/\/diariodepe.com.br\/cri\/wp-json\/wp\/v2\/comments?post=10495"}],"version-history":[{"count":1,"href":"https:\/\/diariodepe.com.br\/cri\/wp-json\/wp\/v2\/posts\/10495\/revisions"}],"predecessor-version":[{"id":10496,"href":"https:\/\/diariodepe.com.br\/cri\/wp-json\/wp\/v2\/posts\/10495\/revisions\/10496"}],"wp:attachment":[{"href":"https:\/\/diariodepe.com.br\/cri\/wp-json\/wp\/v2\/media?parent=10495"}],"wp:term":[{"taxonomy":"category","embeddable":true,"href":"https:\/\/diariodepe.com.br\/cri\/wp-json\/wp\/v2\/categories?post=10495"},{"taxonomy":"post_tag","embeddable":true,"href":"https:\/\/diariodepe.com.br\/cri\/wp-json\/wp\/v2\/tags?post=10495"}],"curies":[{"name":"wp","href":"https:\/\/api.w.org\/{rel}","templated":true}]}}