{"id":10474,"date":"2026-01-20T23:38:32","date_gmt":"2026-01-21T02:38:32","guid":{"rendered":"https:\/\/diariodepe.com.br\/cri\/?p=10474"},"modified":"2026-01-20T23:38:32","modified_gmt":"2026-01-21T02:38:32","slug":"cmg-lanca-programa-especial-com-pensamento-de-xi-jinping-sobre-o-estado-de-direito","status":"publish","type":"post","link":"https:\/\/diariodepe.com.br\/cri\/2026\/01\/20\/cmg-lanca-programa-especial-com-pensamento-de-xi-jinping-sobre-o-estado-de-direito\/","title":{"rendered":"CMG lan\u00e7a programa especial com Pensamento de Xi Jinping sobre o Estado de Direito"},"content":{"rendered":"<p>O Grupo de M\u00eddia da China (CMG) transmitir\u00e1, a partir das 20h desta quarta-feira (21), no seu canal\u00a0de\u00a0televis\u00e3o\u00a0CCTV-1, o programa especial\u00a0com oito\u00a0epis\u00f3dios: Interpreta\u00e7\u00f5es do Pensamento de Xi Jinping sobre o Estado de Direito.<\/p>\n<p>Vale ressaltar que o Pensamento de Xi Jinping sobre o Estado de Direito \u00e9 uma importante parte das ideias do presidente chin\u00eas sobre o socialismo com\u00a0caracter\u00edsticas\u00a0chinesas para uma nova era.<\/p>\n<p>O CMG produziu\u00a0o\u00a0programa em colabora\u00e7\u00e3o com o Comit\u00ea dos Assuntos Pol\u00edticos e Jur\u00eddicos do Comit\u00ea Central do Partido Comunista da China (PCCh), com o Gabinete da Comiss\u00e3o Central para a Administra\u00e7\u00e3o do Pa\u00eds Integralmente conforme a Lei e com a Sociedade Chinesa de Direito.<\/p>\n<p>O programa ser\u00e1 transmitido tamb\u00e9m nos aplicativos Yangshixinwen e Yangshipin, e no site cctv.com.<\/p>\n","protected":false},"excerpt":{"rendered":"<p>O Grupo de M\u00eddia da China (CMG) transmitir\u00e1, a partir das 20h desta quarta-feira (21), no seu canal\u00a0de\u00a0televis\u00e3o\u00a0CCTV-1, o programa especial\u00a0com oito\u00a0epis\u00f3dios: Interpreta\u00e7\u00f5es do Pensamento de Xi Jinping sobre o Estado de Direito. Vale ressaltar que o Pensamento de Xi&#8230;<\/p>\n","protected":false},"author":5,"featured_media":0,"comment_status":"open","ping_status":"open","sticky":false,"template":"","format":"standard","meta":{"footnotes":""},"categories":[3],"tags":[],"class_list":["post-10474","post","type-post","status-publish","format-standard","hentry","category-china"],"yoast_head":"<!-- This site is optimized with the Yoast SEO plugin v27.4 - https:\/\/yoast.com\/product\/yoast-seo-wordpress\/ -->\n<title>CMG lan\u00e7a programa especial com Pensamento de Xi Jinping sobre o Estado de Direito - CRI e Diario de Pernambuco<\/title>\n<meta name=\"robots\" content=\"index, follow, max-snippet:-1, max-image-preview:large, max-video-preview:-1\" \/>\n<link rel=\"canonical\" href=\"https:\/\/diariodepe.com.br\/cri\/2026\/01\/20\/cmg-lanca-programa-especial-com-pensamento-de-xi-jinping-sobre-o-estado-de-direito\/\" \/>\n<meta property=\"og:locale\" content=\"pt_BR\" \/>\n<meta property=\"og:type\" content=\"article\" \/>\n<meta property=\"og:title\" content=\"CMG lan\u00e7a programa especial com Pensamento de Xi Jinping sobre o Estado de Direito - CRI e Diario de Pernambuco\" \/>\n<meta property=\"og:description\" content=\"O Grupo de M\u00eddia da China (CMG) transmitir\u00e1, a partir das 20h desta quarta-feira (21), no seu canal\u00a0de\u00a0televis\u00e3o\u00a0CCTV-1, o programa especial\u00a0com oito\u00a0epis\u00f3dios: Interpreta\u00e7\u00f5es do Pensamento de Xi Jinping sobre o Estado de Direito. Vale ressaltar que o Pensamento de Xi...\" \/>\n<meta property=\"og:url\" content=\"https:\/\/diariodepe.com.br\/cri\/2026\/01\/20\/cmg-lanca-programa-especial-com-pensamento-de-xi-jinping-sobre-o-estado-de-direito\/\" \/>\n<meta property=\"og:site_name\" content=\"CRI e Diario de Pernambuco\" \/>\n<meta property=\"article:published_time\" content=\"2026-01-21T02:38:32+00:00\" \/>\n<meta name=\"author\" content=\"CRI Portugu\u00eas\" \/>\n<meta name=\"twitter:card\" content=\"summary_large_image\" \/>\n<meta name=\"twitter:label1\" content=\"Escrito por\" \/>\n\t<meta name=\"twitter:data1\" content=\"CRI Portugu\u00eas\" \/>\n\t<meta name=\"twitter:label2\" content=\"Est. tempo de leitura\" \/>\n\t<meta name=\"twitter:data2\" content=\"1 minuto\" \/>\n<script type=\"application\/ld+json\" class=\"yoast-schema-graph\">{\"@context\":\"https:\\\/\\\/schema.org\",\"@graph\":[{\"@type\":\"Article\",\"@id\":\"https:\\\/\\\/diariodepe.com.br\\\/cri\\\/2026\\\/01\\\/20\\\/cmg-lanca-programa-especial-com-pensamento-de-xi-jinping-sobre-o-estado-de-direito\\\/#article\",\"isPartOf\":{\"@id\":\"https:\\\/\\\/diariodepe.com.br\\\/cri\\\/2026\\\/01\\\/20\\\/cmg-lanca-programa-especial-com-pensamento-de-xi-jinping-sobre-o-estado-de-direito\\\/\"},\"author\":{\"name\":\"CRI Portugu\u00eas\",\"@id\":\"https:\\\/\\\/diariodepe.com.br\\\/cri\\\/#\\\/schema\\\/person\\\/e474aead631cd4098632e11d3fbce118\"},\"headline\":\"CMG lan\u00e7a programa especial com Pensamento de Xi Jinping sobre o Estado de Direito\",\"datePublished\":\"2026-01-21T02:38:32+00:00\",\"mainEntityOfPage\":{\"@id\":\"https:\\\/\\\/diariodepe.com.br\\\/cri\\\/2026\\\/01\\\/20\\\/cmg-lanca-programa-especial-com-pensamento-de-xi-jinping-sobre-o-estado-de-direito\\\/\"},\"wordCount\":157,\"commentCount\":0,\"publisher\":{\"@id\":\"https:\\\/\\\/diariodepe.com.br\\\/cri\\\/#organization\"},\"articleSection\":[\"China\"],\"inLanguage\":\"pt-BR\",\"potentialAction\":[{\"@type\":\"CommentAction\",\"name\":\"Comment\",\"target\":[\"https:\\\/\\\/diariodepe.com.br\\\/cri\\\/2026\\\/01\\\/20\\\/cmg-lanca-programa-especial-com-pensamento-de-xi-jinping-sobre-o-estado-de-direito\\\/#respond\"]}]},{\"@type\":\"WebPage\",\"@id\":\"https:\\\/\\\/diariodepe.com.br\\\/cri\\\/2026\\\/01\\\/20\\\/cmg-lanca-programa-especial-com-pensamento-de-xi-jinping-sobre-o-estado-de-direito\\\/\",\"url\":\"https:\\\/\\\/diariodepe.com.br\\\/cri\\\/2026\\\/01\\\/20\\\/cmg-lanca-programa-especial-com-pensamento-de-xi-jinping-sobre-o-estado-de-direito\\\/\",\"name\":\"CMG lan\u00e7a programa especial com Pensamento de Xi Jinping sobre o Estado de Direito - CRI e Diario de Pernambuco\",\"isPartOf\":{\"@id\":\"https:\\\/\\\/diariodepe.com.br\\\/cri\\\/#website\"},\"datePublished\":\"2026-01-21T02:38:32+00:00\",\"breadcrumb\":{\"@id\":\"https:\\\/\\\/diariodepe.com.br\\\/cri\\\/2026\\\/01\\\/20\\\/cmg-lanca-programa-especial-com-pensamento-de-xi-jinping-sobre-o-estado-de-direito\\\/#breadcrumb\"},\"inLanguage\":\"pt-BR\",\"potentialAction\":[{\"@type\":\"ReadAction\",\"target\":[\"https:\\\/\\\/diariodepe.com.br\\\/cri\\\/2026\\\/01\\\/20\\\/cmg-lanca-programa-especial-com-pensamento-de-xi-jinping-sobre-o-estado-de-direito\\\/\"]}]},{\"@type\":\"BreadcrumbList\",\"@id\":\"https:\\\/\\\/diariodepe.com.br\\\/cri\\\/2026\\\/01\\\/20\\\/cmg-lanca-programa-especial-com-pensamento-de-xi-jinping-sobre-o-estado-de-direito\\\/#breadcrumb\",\"itemListElement\":[{\"@type\":\"ListItem\",\"position\":1,\"name\":\"In\u00edcio\",\"item\":\"https:\\\/\\\/diariodepe.com.br\\\/cri\\\/\"},{\"@type\":\"ListItem\",\"position\":2,\"name\":\"CMG lan\u00e7a programa especial com Pensamento de Xi Jinping sobre o Estado de Direito\"}]},{\"@type\":\"WebSite\",\"@id\":\"https:\\\/\\\/diariodepe.com.br\\\/cri\\\/#website\",\"url\":\"https:\\\/\\\/diariodepe.com.br\\\/cri\\\/\",\"name\":\"CRI e Diario de Pernambuco\",\"description\":\"R\u00e1dio Internacional da China\",\"publisher\":{\"@id\":\"https:\\\/\\\/diariodepe.com.br\\\/cri\\\/#organization\"},\"potentialAction\":[{\"@type\":\"SearchAction\",\"target\":{\"@type\":\"EntryPoint\",\"urlTemplate\":\"https:\\\/\\\/diariodepe.com.br\\\/cri\\\/?s={search_term_string}\"},\"query-input\":{\"@type\":\"PropertyValueSpecification\",\"valueRequired\":true,\"valueName\":\"search_term_string\"}}],\"inLanguage\":\"pt-BR\"},{\"@type\":\"Organization\",\"@id\":\"https:\\\/\\\/diariodepe.com.br\\\/cri\\\/#organization\",\"name\":\"CRI e Diario de Pernambuco\",\"url\":\"https:\\\/\\\/diariodepe.com.br\\\/cri\\\/\",\"logo\":{\"@type\":\"ImageObject\",\"inLanguage\":\"pt-BR\",\"@id\":\"https:\\\/\\\/diariodepe.com.br\\\/cri\\\/#\\\/schema\\\/logo\\\/image\\\/\",\"url\":\"https:\\\/\\\/diariodepe.com.br\\\/cri\\\/wp-content\\\/uploads\\\/sites\\\/2\\\/2022\\\/12\\\/cropped-Logo.jpg\",\"contentUrl\":\"https:\\\/\\\/diariodepe.com.br\\\/cri\\\/wp-content\\\/uploads\\\/sites\\\/2\\\/2022\\\/12\\\/cropped-Logo.jpg\",\"width\":700,\"height\":59,\"caption\":\"CRI e Diario de Pernambuco\"},\"image\":{\"@id\":\"https:\\\/\\\/diariodepe.com.br\\\/cri\\\/#\\\/schema\\\/logo\\\/image\\\/\"}},{\"@type\":\"Person\",\"@id\":\"https:\\\/\\\/diariodepe.com.br\\\/cri\\\/#\\\/schema\\\/person\\\/e474aead631cd4098632e11d3fbce118\",\"name\":\"CRI Portugu\u00eas\",\"image\":{\"@type\":\"ImageObject\",\"inLanguage\":\"pt-BR\",\"@id\":\"https:\\\/\\\/secure.gravatar.com\\\/avatar\\\/e2ac889ef882d4dc53091b610766dce49106cf9fe98c76e06745abb0993b2763?s=96&d=mm&r=g\",\"url\":\"https:\\\/\\\/secure.gravatar.com\\\/avatar\\\/e2ac889ef882d4dc53091b610766dce49106cf9fe98c76e06745abb0993b2763?s=96&d=mm&r=g\",\"contentUrl\":\"https:\\\/\\\/secure.gravatar.com\\\/avatar\\\/e2ac889ef882d4dc53091b610766dce49106cf9fe98c76e06745abb0993b2763?s=96&d=mm&r=g\",\"caption\":\"CRI Portugu\u00eas\"},\"sameAs\":[\"https:\\\/\\\/www.diariodepernambuco.com.br\\\/\"],\"url\":\"https:\\\/\\\/diariodepe.com.br\\\/cri\\\/author\\\/agencia-cri\\\/\"}]}<\/script>\n<!-- \/ Yoast SEO plugin. -->","yoast_head_json":{"title":"CMG lan\u00e7a programa especial com Pensamento de Xi Jinping sobre o Estado de Direito - CRI e Diario de Pernambuco","robots":{"index":"index","follow":"follow","max-snippet":"max-snippet:-1","max-image-preview":"max-image-preview:large","max-video-preview":"max-video-preview:-1"},"canonical":"https:\/\/diariodepe.com.br\/cri\/2026\/01\/20\/cmg-lanca-programa-especial-com-pensamento-de-xi-jinping-sobre-o-estado-de-direito\/","og_locale":"pt_BR","og_type":"article","og_title":"CMG lan\u00e7a programa especial com Pensamento de Xi Jinping sobre o Estado de Direito - CRI e Diario de Pernambuco","og_description":"O Grupo de M\u00eddia da China (CMG) transmitir\u00e1, a partir das 20h desta quarta-feira (21), no seu canal\u00a0de\u00a0televis\u00e3o\u00a0CCTV-1, o programa especial\u00a0com oito\u00a0epis\u00f3dios: Interpreta\u00e7\u00f5es do Pensamento de Xi Jinping sobre o Estado de Direito. Vale ressaltar que o Pensamento de Xi...","og_url":"https:\/\/diariodepe.com.br\/cri\/2026\/01\/20\/cmg-lanca-programa-especial-com-pensamento-de-xi-jinping-sobre-o-estado-de-direito\/","og_site_name":"CRI e Diario de Pernambuco","article_published_time":"2026-01-21T02:38:32+00:00","author":"CRI Portugu\u00eas","twitter_card":"summary_large_image","twitter_misc":{"Escrito por":"CRI Portugu\u00eas","Est. tempo de leitura":"1 minuto"},"schema":{"@context":"https:\/\/schema.org","@graph":[{"@type":"Article","@id":"https:\/\/diariodepe.com.br\/cri\/2026\/01\/20\/cmg-lanca-programa-especial-com-pensamento-de-xi-jinping-sobre-o-estado-de-direito\/#article","isPartOf":{"@id":"https:\/\/diariodepe.com.br\/cri\/2026\/01\/20\/cmg-lanca-programa-especial-com-pensamento-de-xi-jinping-sobre-o-estado-de-direito\/"},"author":{"name":"CRI Portugu\u00eas","@id":"https:\/\/diariodepe.com.br\/cri\/#\/schema\/person\/e474aead631cd4098632e11d3fbce118"},"headline":"CMG lan\u00e7a programa especial com Pensamento de Xi Jinping sobre o Estado de Direito","datePublished":"2026-01-21T02:38:32+00:00","mainEntityOfPage":{"@id":"https:\/\/diariodepe.com.br\/cri\/2026\/01\/20\/cmg-lanca-programa-especial-com-pensamento-de-xi-jinping-sobre-o-estado-de-direito\/"},"wordCount":157,"commentCount":0,"publisher":{"@id":"https:\/\/diariodepe.com.br\/cri\/#organization"},"articleSection":["China"],"inLanguage":"pt-BR","potentialAction":[{"@type":"CommentAction","name":"Comment","target":["https:\/\/diariodepe.com.br\/cri\/2026\/01\/20\/cmg-lanca-programa-especial-com-pensamento-de-xi-jinping-sobre-o-estado-de-direito\/#respond"]}]},{"@type":"WebPage","@id":"https:\/\/diariodepe.com.br\/cri\/2026\/01\/20\/cmg-lanca-programa-especial-com-pensamento-de-xi-jinping-sobre-o-estado-de-direito\/","url":"https:\/\/diariodepe.com.br\/cri\/2026\/01\/20\/cmg-lanca-programa-especial-com-pensamento-de-xi-jinping-sobre-o-estado-de-direito\/","name":"CMG lan\u00e7a programa especial com Pensamento de Xi Jinping sobre o Estado de Direito - CRI e Diario de Pernambuco","isPartOf":{"@id":"https:\/\/diariodepe.com.br\/cri\/#website"},"datePublished":"2026-01-21T02:38:32+00:00","breadcrumb":{"@id":"https:\/\/diariodepe.com.br\/cri\/2026\/01\/20\/cmg-lanca-programa-especial-com-pensamento-de-xi-jinping-sobre-o-estado-de-direito\/#breadcrumb"},"inLanguage":"pt-BR","potentialAction":[{"@type":"ReadAction","target":["https:\/\/diariodepe.com.br\/cri\/2026\/01\/20\/cmg-lanca-programa-especial-com-pensamento-de-xi-jinping-sobre-o-estado-de-direito\/"]}]},{"@type":"BreadcrumbList","@id":"https:\/\/diariodepe.com.br\/cri\/2026\/01\/20\/cmg-lanca-programa-especial-com-pensamento-de-xi-jinping-sobre-o-estado-de-direito\/#breadcrumb","itemListElement":[{"@type":"ListItem","position":1,"name":"In\u00edcio","item":"https:\/\/diariodepe.com.br\/cri\/"},{"@type":"ListItem","position":2,"name":"CMG lan\u00e7a programa especial com Pensamento de Xi Jinping sobre o Estado de Direito"}]},{"@type":"WebSite","@id":"https:\/\/diariodepe.com.br\/cri\/#website","url":"https:\/\/diariodepe.com.br\/cri\/","name":"CRI e Diario de Pernambuco","description":"R\u00e1dio Internacional da China","publisher":{"@id":"https:\/\/diariodepe.com.br\/cri\/#organization"},"potentialAction":[{"@type":"SearchAction","target":{"@type":"EntryPoint","urlTemplate":"https:\/\/diariodepe.com.br\/cri\/?s={search_term_string}"},"query-input":{"@type":"PropertyValueSpecification","valueRequired":true,"valueName":"search_term_string"}}],"inLanguage":"pt-BR"},{"@type":"Organization","@id":"https:\/\/diariodepe.com.br\/cri\/#organization","name":"CRI e Diario de Pernambuco","url":"https:\/\/diariodepe.com.br\/cri\/","logo":{"@type":"ImageObject","inLanguage":"pt-BR","@id":"https:\/\/diariodepe.com.br\/cri\/#\/schema\/logo\/image\/","url":"https:\/\/diariodepe.com.br\/cri\/wp-content\/uploads\/sites\/2\/2022\/12\/cropped-Logo.jpg","contentUrl":"https:\/\/diariodepe.com.br\/cri\/wp-content\/uploads\/sites\/2\/2022\/12\/cropped-Logo.jpg","width":700,"height":59,"caption":"CRI e Diario de Pernambuco"},"image":{"@id":"https:\/\/diariodepe.com.br\/cri\/#\/schema\/logo\/image\/"}},{"@type":"Person","@id":"https:\/\/diariodepe.com.br\/cri\/#\/schema\/person\/e474aead631cd4098632e11d3fbce118","name":"CRI Portugu\u00eas","image":{"@type":"ImageObject","inLanguage":"pt-BR","@id":"https:\/\/secure.gravatar.com\/avatar\/e2ac889ef882d4dc53091b610766dce49106cf9fe98c76e06745abb0993b2763?s=96&d=mm&r=g","url":"https:\/\/secure.gravatar.com\/avatar\/e2ac889ef882d4dc53091b610766dce49106cf9fe98c76e06745abb0993b2763?s=96&d=mm&r=g","contentUrl":"https:\/\/secure.gravatar.com\/avatar\/e2ac889ef882d4dc53091b610766dce49106cf9fe98c76e06745abb0993b2763?s=96&d=mm&r=g","caption":"CRI Portugu\u00eas"},"sameAs":["https:\/\/www.diariodepernambuco.com.br\/"],"url":"https:\/\/diariodepe.com.br\/cri\/author\/agencia-cri\/"}]}},"cc_featured_image_caption":{"caption_text":"","source_text":"","source_url":""},"amp_enabled":true,"_links":{"self":[{"href":"https:\/\/diariodepe.com.br\/cri\/wp-json\/wp\/v2\/posts\/10474","targetHints":{"allow":["GET"]}}],"collection":[{"href":"https:\/\/diariodepe.com.br\/cri\/wp-json\/wp\/v2\/posts"}],"about":[{"href":"https:\/\/diariodepe.com.br\/cri\/wp-json\/wp\/v2\/types\/post"}],"author":[{"embeddable":true,"href":"https:\/\/diariodepe.com.br\/cri\/wp-json\/wp\/v2\/users\/5"}],"replies":[{"embeddable":true,"href":"https:\/\/diariodepe.com.br\/cri\/wp-json\/wp\/v2\/comments?post=10474"}],"version-history":[{"count":1,"href":"https:\/\/diariodepe.com.br\/cri\/wp-json\/wp\/v2\/posts\/10474\/revisions"}],"predecessor-version":[{"id":10475,"href":"https:\/\/diariodepe.com.br\/cri\/wp-json\/wp\/v2\/posts\/10474\/revisions\/10475"}],"wp:attachment":[{"href":"https:\/\/diariodepe.com.br\/cri\/wp-json\/wp\/v2\/media?parent=10474"}],"wp:term":[{"taxonomy":"category","embeddable":true,"href":"https:\/\/diariodepe.com.br\/cri\/wp-json\/wp\/v2\/categories?post=10474"},{"taxonomy":"post_tag","embeddable":true,"href":"https:\/\/diariodepe.com.br\/cri\/wp-json\/wp\/v2\/tags?post=10474"}],"curies":[{"name":"wp","href":"https:\/\/api.w.org\/{rel}","templated":true}]}}