{"id":10472,"date":"2026-01-20T23:38:06","date_gmt":"2026-01-21T02:38:06","guid":{"rendered":"https:\/\/diariodepe.com.br\/cri\/?p=10472"},"modified":"2026-01-20T23:38:06","modified_gmt":"2026-01-21T02:38:06","slug":"diversas-pesquisas-mostram-queda-de-aprovacao-um-ano-apos-a-posse-de-trump","status":"publish","type":"post","link":"https:\/\/diariodepe.com.br\/cri\/2026\/01\/20\/diversas-pesquisas-mostram-queda-de-aprovacao-um-ano-apos-a-posse-de-trump\/","title":{"rendered":"Diversas pesquisas mostram queda de aprova\u00e7\u00e3o um ano ap\u00f3s a posse de Trump"},"content":{"rendered":"<p>No primeiro anivers\u00e1rio do governo Trump, v\u00e1rias pesquisas globais de opini\u00e3o p\u00fablica conduzidas pela CGTN indicam que os entrevistados est\u00e3o extremamente insatisfeitos com o desempenho do governo dos EUA tanto em assuntos internos quanto externos, com uma queda acentuada na satisfa\u00e7\u00e3o em v\u00e1rias \u00e1reas ao longo do ano. Em particular, no in\u00edcio do novo ano, uma s\u00e9rie de a\u00e7\u00f5es unilaterais e autorit\u00e1rias por parte dos Estados Unidos prejudicou gravemente sua imagem nacional e vem representando uma s\u00e9ria amea\u00e7a \u00e0 paz e \u00e0 estabilidade mundial.<\/p>\n<p>Em 17 de janeiro, a CGTN lan\u00e7ou uma pesquisa global direcionada a internautas. A pesquisa foi publicada nas plataformas da CGTN em cinco idiomas e, em 24 horas, 16.990 pessoas compartilharam suas opini\u00f5es. Segundo a pesquisa, 84% dos entrevistados est\u00e3o muito insatisfeitos com o atual governo dos EUA. Entre eles, 86,2% condenam a pol\u00edtica externa \u201cAm\u00e9rica Primeiro\u201d; 89,6% acreditam que os EUA tiveram um desempenho ruim em assuntos internacionais no \u00faltimo ano; e 88,8% dos entrevistados acreditam que, sob o atual governo dos EUA, as divis\u00f5es partid\u00e1rias est\u00e3o mais acentuadas e a sociedade est\u00e1 mais dividida.<\/p>\n<p>Em rela\u00e7\u00e3o ao relacionamento entre o governo dos EUA e os de outros pa\u00edses, 83,9% dos entrevistados mant\u00eam uma vis\u00e3o pessimista. Al\u00e9m disso, 90,1% t\u00eam uma vis\u00e3o negativa das rela\u00e7\u00f5es dos EUA com seus aliados tradicionais; 91,3% acreditam que a reputa\u00e7\u00e3o do pa\u00eds norte-americano \u00a0declinou consideravelmente no \u00faltimo ano; e 91,1% expressam uma profunda falta de confian\u00e7a no desempenho futuro do governo atual.<\/p>\n<p>A \u201cinsatisfa\u00e7\u00e3o\u201d tornou-se o termo-chave para a avalia\u00e7\u00e3o da comunidade internacional sobre a atual administra\u00e7\u00e3o dos EUA, e seu fraco desempenho prejudicou gravemente a imagem do pa\u00eds. Em uma pesquisa da CGTN sobre a imagem nacional dos EUA, realizada com 15.688 entrevistados em 38 pa\u00edses, \u201cgrande pot\u00eancia irrespons\u00e1vel\u201d e \u201ca maior fonte de caos do mundo\u201d emergiram como as impress\u00f5es mais proeminentes sobre os Estados Unidos.<\/p>\n<p>Na pesquisa de 2025, 71,4% dos entrevistados acreditam que os Estados Unidos nunca consideram os interesses de outros pa\u00edses ao formular sua pol\u00edtica externa, um aumento de 8,5 pontos percentuais em rela\u00e7\u00e3o ao ano anterior. Al\u00e9m disso, 81,4% dos respondentes criticam os Estados Unidos por usar tarifas para interferir nos assuntos internos de outros pa\u00edses, um aumento de 5,7 pontos percentuais em rela\u00e7\u00e3o ao ano anterior.<\/p>\n","protected":false},"excerpt":{"rendered":"<p>No primeiro anivers\u00e1rio do governo Trump, v\u00e1rias pesquisas globais de opini\u00e3o p\u00fablica conduzidas pela CGTN indicam que os entrevistados est\u00e3o extremamente insatisfeitos com o desempenho do governo dos EUA tanto em assuntos internos quanto externos, com uma queda acentuada na&#8230;<\/p>\n","protected":false},"author":5,"featured_media":0,"comment_status":"open","ping_status":"open","sticky":false,"template":"","format":"standard","meta":{"footnotes":""},"categories":[3],"tags":[],"class_list":["post-10472","post","type-post","status-publish","format-standard","hentry","category-china"],"yoast_head":"<!-- This site is optimized with the Yoast SEO plugin v27.4 - https:\/\/yoast.com\/product\/yoast-seo-wordpress\/ -->\n<title>Diversas pesquisas mostram queda de aprova\u00e7\u00e3o um ano ap\u00f3s a posse de Trump - CRI e Diario de Pernambuco<\/title>\n<meta name=\"robots\" content=\"index, follow, max-snippet:-1, max-image-preview:large, max-video-preview:-1\" \/>\n<link rel=\"canonical\" href=\"https:\/\/diariodepe.com.br\/cri\/2026\/01\/20\/diversas-pesquisas-mostram-queda-de-aprovacao-um-ano-apos-a-posse-de-trump\/\" \/>\n<meta property=\"og:locale\" content=\"pt_BR\" \/>\n<meta property=\"og:type\" content=\"article\" \/>\n<meta property=\"og:title\" content=\"Diversas pesquisas mostram queda de aprova\u00e7\u00e3o um ano ap\u00f3s a posse de Trump - CRI e Diario de Pernambuco\" \/>\n<meta property=\"og:description\" content=\"No primeiro anivers\u00e1rio do governo Trump, v\u00e1rias pesquisas globais de opini\u00e3o p\u00fablica conduzidas pela CGTN indicam que os entrevistados est\u00e3o extremamente insatisfeitos com o desempenho do governo dos EUA tanto em assuntos internos quanto externos, com uma queda acentuada na...\" \/>\n<meta property=\"og:url\" content=\"https:\/\/diariodepe.com.br\/cri\/2026\/01\/20\/diversas-pesquisas-mostram-queda-de-aprovacao-um-ano-apos-a-posse-de-trump\/\" \/>\n<meta property=\"og:site_name\" content=\"CRI e Diario de Pernambuco\" \/>\n<meta property=\"article:published_time\" content=\"2026-01-21T02:38:06+00:00\" \/>\n<meta name=\"author\" content=\"CRI Portugu\u00eas\" \/>\n<meta name=\"twitter:card\" content=\"summary_large_image\" \/>\n<meta name=\"twitter:label1\" content=\"Escrito por\" \/>\n\t<meta name=\"twitter:data1\" content=\"CRI Portugu\u00eas\" \/>\n\t<meta name=\"twitter:label2\" content=\"Est. tempo de leitura\" \/>\n\t<meta name=\"twitter:data2\" content=\"3 minutos\" \/>\n<script type=\"application\/ld+json\" class=\"yoast-schema-graph\">{\"@context\":\"https:\\\/\\\/schema.org\",\"@graph\":[{\"@type\":\"Article\",\"@id\":\"https:\\\/\\\/diariodepe.com.br\\\/cri\\\/2026\\\/01\\\/20\\\/diversas-pesquisas-mostram-queda-de-aprovacao-um-ano-apos-a-posse-de-trump\\\/#article\",\"isPartOf\":{\"@id\":\"https:\\\/\\\/diariodepe.com.br\\\/cri\\\/2026\\\/01\\\/20\\\/diversas-pesquisas-mostram-queda-de-aprovacao-um-ano-apos-a-posse-de-trump\\\/\"},\"author\":{\"name\":\"CRI Portugu\u00eas\",\"@id\":\"https:\\\/\\\/diariodepe.com.br\\\/cri\\\/#\\\/schema\\\/person\\\/e474aead631cd4098632e11d3fbce118\"},\"headline\":\"Diversas pesquisas mostram queda de aprova\u00e7\u00e3o um ano ap\u00f3s a posse de Trump\",\"datePublished\":\"2026-01-21T02:38:06+00:00\",\"mainEntityOfPage\":{\"@id\":\"https:\\\/\\\/diariodepe.com.br\\\/cri\\\/2026\\\/01\\\/20\\\/diversas-pesquisas-mostram-queda-de-aprovacao-um-ano-apos-a-posse-de-trump\\\/\"},\"wordCount\":416,\"commentCount\":0,\"publisher\":{\"@id\":\"https:\\\/\\\/diariodepe.com.br\\\/cri\\\/#organization\"},\"articleSection\":[\"China\"],\"inLanguage\":\"pt-BR\",\"potentialAction\":[{\"@type\":\"CommentAction\",\"name\":\"Comment\",\"target\":[\"https:\\\/\\\/diariodepe.com.br\\\/cri\\\/2026\\\/01\\\/20\\\/diversas-pesquisas-mostram-queda-de-aprovacao-um-ano-apos-a-posse-de-trump\\\/#respond\"]}]},{\"@type\":\"WebPage\",\"@id\":\"https:\\\/\\\/diariodepe.com.br\\\/cri\\\/2026\\\/01\\\/20\\\/diversas-pesquisas-mostram-queda-de-aprovacao-um-ano-apos-a-posse-de-trump\\\/\",\"url\":\"https:\\\/\\\/diariodepe.com.br\\\/cri\\\/2026\\\/01\\\/20\\\/diversas-pesquisas-mostram-queda-de-aprovacao-um-ano-apos-a-posse-de-trump\\\/\",\"name\":\"Diversas pesquisas mostram queda de aprova\u00e7\u00e3o um ano ap\u00f3s a posse de Trump - CRI e Diario de Pernambuco\",\"isPartOf\":{\"@id\":\"https:\\\/\\\/diariodepe.com.br\\\/cri\\\/#website\"},\"datePublished\":\"2026-01-21T02:38:06+00:00\",\"breadcrumb\":{\"@id\":\"https:\\\/\\\/diariodepe.com.br\\\/cri\\\/2026\\\/01\\\/20\\\/diversas-pesquisas-mostram-queda-de-aprovacao-um-ano-apos-a-posse-de-trump\\\/#breadcrumb\"},\"inLanguage\":\"pt-BR\",\"potentialAction\":[{\"@type\":\"ReadAction\",\"target\":[\"https:\\\/\\\/diariodepe.com.br\\\/cri\\\/2026\\\/01\\\/20\\\/diversas-pesquisas-mostram-queda-de-aprovacao-um-ano-apos-a-posse-de-trump\\\/\"]}]},{\"@type\":\"BreadcrumbList\",\"@id\":\"https:\\\/\\\/diariodepe.com.br\\\/cri\\\/2026\\\/01\\\/20\\\/diversas-pesquisas-mostram-queda-de-aprovacao-um-ano-apos-a-posse-de-trump\\\/#breadcrumb\",\"itemListElement\":[{\"@type\":\"ListItem\",\"position\":1,\"name\":\"In\u00edcio\",\"item\":\"https:\\\/\\\/diariodepe.com.br\\\/cri\\\/\"},{\"@type\":\"ListItem\",\"position\":2,\"name\":\"Diversas pesquisas mostram queda de aprova\u00e7\u00e3o um ano ap\u00f3s a posse de Trump\"}]},{\"@type\":\"WebSite\",\"@id\":\"https:\\\/\\\/diariodepe.com.br\\\/cri\\\/#website\",\"url\":\"https:\\\/\\\/diariodepe.com.br\\\/cri\\\/\",\"name\":\"CRI e Diario de Pernambuco\",\"description\":\"R\u00e1dio Internacional da China\",\"publisher\":{\"@id\":\"https:\\\/\\\/diariodepe.com.br\\\/cri\\\/#organization\"},\"potentialAction\":[{\"@type\":\"SearchAction\",\"target\":{\"@type\":\"EntryPoint\",\"urlTemplate\":\"https:\\\/\\\/diariodepe.com.br\\\/cri\\\/?s={search_term_string}\"},\"query-input\":{\"@type\":\"PropertyValueSpecification\",\"valueRequired\":true,\"valueName\":\"search_term_string\"}}],\"inLanguage\":\"pt-BR\"},{\"@type\":\"Organization\",\"@id\":\"https:\\\/\\\/diariodepe.com.br\\\/cri\\\/#organization\",\"name\":\"CRI e Diario de Pernambuco\",\"url\":\"https:\\\/\\\/diariodepe.com.br\\\/cri\\\/\",\"logo\":{\"@type\":\"ImageObject\",\"inLanguage\":\"pt-BR\",\"@id\":\"https:\\\/\\\/diariodepe.com.br\\\/cri\\\/#\\\/schema\\\/logo\\\/image\\\/\",\"url\":\"https:\\\/\\\/diariodepe.com.br\\\/cri\\\/wp-content\\\/uploads\\\/sites\\\/2\\\/2022\\\/12\\\/cropped-Logo.jpg\",\"contentUrl\":\"https:\\\/\\\/diariodepe.com.br\\\/cri\\\/wp-content\\\/uploads\\\/sites\\\/2\\\/2022\\\/12\\\/cropped-Logo.jpg\",\"width\":700,\"height\":59,\"caption\":\"CRI e Diario de Pernambuco\"},\"image\":{\"@id\":\"https:\\\/\\\/diariodepe.com.br\\\/cri\\\/#\\\/schema\\\/logo\\\/image\\\/\"}},{\"@type\":\"Person\",\"@id\":\"https:\\\/\\\/diariodepe.com.br\\\/cri\\\/#\\\/schema\\\/person\\\/e474aead631cd4098632e11d3fbce118\",\"name\":\"CRI Portugu\u00eas\",\"image\":{\"@type\":\"ImageObject\",\"inLanguage\":\"pt-BR\",\"@id\":\"https:\\\/\\\/secure.gravatar.com\\\/avatar\\\/e2ac889ef882d4dc53091b610766dce49106cf9fe98c76e06745abb0993b2763?s=96&d=mm&r=g\",\"url\":\"https:\\\/\\\/secure.gravatar.com\\\/avatar\\\/e2ac889ef882d4dc53091b610766dce49106cf9fe98c76e06745abb0993b2763?s=96&d=mm&r=g\",\"contentUrl\":\"https:\\\/\\\/secure.gravatar.com\\\/avatar\\\/e2ac889ef882d4dc53091b610766dce49106cf9fe98c76e06745abb0993b2763?s=96&d=mm&r=g\",\"caption\":\"CRI Portugu\u00eas\"},\"sameAs\":[\"https:\\\/\\\/www.diariodepernambuco.com.br\\\/\"],\"url\":\"https:\\\/\\\/diariodepe.com.br\\\/cri\\\/author\\\/agencia-cri\\\/\"}]}<\/script>\n<!-- \/ Yoast SEO plugin. -->","yoast_head_json":{"title":"Diversas pesquisas mostram queda de aprova\u00e7\u00e3o um ano ap\u00f3s a posse de Trump - CRI e Diario de Pernambuco","robots":{"index":"index","follow":"follow","max-snippet":"max-snippet:-1","max-image-preview":"max-image-preview:large","max-video-preview":"max-video-preview:-1"},"canonical":"https:\/\/diariodepe.com.br\/cri\/2026\/01\/20\/diversas-pesquisas-mostram-queda-de-aprovacao-um-ano-apos-a-posse-de-trump\/","og_locale":"pt_BR","og_type":"article","og_title":"Diversas pesquisas mostram queda de aprova\u00e7\u00e3o um ano ap\u00f3s a posse de Trump - CRI e Diario de Pernambuco","og_description":"No primeiro anivers\u00e1rio do governo Trump, v\u00e1rias pesquisas globais de opini\u00e3o p\u00fablica conduzidas pela CGTN indicam que os entrevistados est\u00e3o extremamente insatisfeitos com o desempenho do governo dos EUA tanto em assuntos internos quanto externos, com uma queda acentuada na...","og_url":"https:\/\/diariodepe.com.br\/cri\/2026\/01\/20\/diversas-pesquisas-mostram-queda-de-aprovacao-um-ano-apos-a-posse-de-trump\/","og_site_name":"CRI e Diario de Pernambuco","article_published_time":"2026-01-21T02:38:06+00:00","author":"CRI Portugu\u00eas","twitter_card":"summary_large_image","twitter_misc":{"Escrito por":"CRI Portugu\u00eas","Est. tempo de leitura":"3 minutos"},"schema":{"@context":"https:\/\/schema.org","@graph":[{"@type":"Article","@id":"https:\/\/diariodepe.com.br\/cri\/2026\/01\/20\/diversas-pesquisas-mostram-queda-de-aprovacao-um-ano-apos-a-posse-de-trump\/#article","isPartOf":{"@id":"https:\/\/diariodepe.com.br\/cri\/2026\/01\/20\/diversas-pesquisas-mostram-queda-de-aprovacao-um-ano-apos-a-posse-de-trump\/"},"author":{"name":"CRI Portugu\u00eas","@id":"https:\/\/diariodepe.com.br\/cri\/#\/schema\/person\/e474aead631cd4098632e11d3fbce118"},"headline":"Diversas pesquisas mostram queda de aprova\u00e7\u00e3o um ano ap\u00f3s a posse de Trump","datePublished":"2026-01-21T02:38:06+00:00","mainEntityOfPage":{"@id":"https:\/\/diariodepe.com.br\/cri\/2026\/01\/20\/diversas-pesquisas-mostram-queda-de-aprovacao-um-ano-apos-a-posse-de-trump\/"},"wordCount":416,"commentCount":0,"publisher":{"@id":"https:\/\/diariodepe.com.br\/cri\/#organization"},"articleSection":["China"],"inLanguage":"pt-BR","potentialAction":[{"@type":"CommentAction","name":"Comment","target":["https:\/\/diariodepe.com.br\/cri\/2026\/01\/20\/diversas-pesquisas-mostram-queda-de-aprovacao-um-ano-apos-a-posse-de-trump\/#respond"]}]},{"@type":"WebPage","@id":"https:\/\/diariodepe.com.br\/cri\/2026\/01\/20\/diversas-pesquisas-mostram-queda-de-aprovacao-um-ano-apos-a-posse-de-trump\/","url":"https:\/\/diariodepe.com.br\/cri\/2026\/01\/20\/diversas-pesquisas-mostram-queda-de-aprovacao-um-ano-apos-a-posse-de-trump\/","name":"Diversas pesquisas mostram queda de aprova\u00e7\u00e3o um ano ap\u00f3s a posse de Trump - CRI e Diario de Pernambuco","isPartOf":{"@id":"https:\/\/diariodepe.com.br\/cri\/#website"},"datePublished":"2026-01-21T02:38:06+00:00","breadcrumb":{"@id":"https:\/\/diariodepe.com.br\/cri\/2026\/01\/20\/diversas-pesquisas-mostram-queda-de-aprovacao-um-ano-apos-a-posse-de-trump\/#breadcrumb"},"inLanguage":"pt-BR","potentialAction":[{"@type":"ReadAction","target":["https:\/\/diariodepe.com.br\/cri\/2026\/01\/20\/diversas-pesquisas-mostram-queda-de-aprovacao-um-ano-apos-a-posse-de-trump\/"]}]},{"@type":"BreadcrumbList","@id":"https:\/\/diariodepe.com.br\/cri\/2026\/01\/20\/diversas-pesquisas-mostram-queda-de-aprovacao-um-ano-apos-a-posse-de-trump\/#breadcrumb","itemListElement":[{"@type":"ListItem","position":1,"name":"In\u00edcio","item":"https:\/\/diariodepe.com.br\/cri\/"},{"@type":"ListItem","position":2,"name":"Diversas pesquisas mostram queda de aprova\u00e7\u00e3o um ano ap\u00f3s a posse de Trump"}]},{"@type":"WebSite","@id":"https:\/\/diariodepe.com.br\/cri\/#website","url":"https:\/\/diariodepe.com.br\/cri\/","name":"CRI e Diario de Pernambuco","description":"R\u00e1dio Internacional da China","publisher":{"@id":"https:\/\/diariodepe.com.br\/cri\/#organization"},"potentialAction":[{"@type":"SearchAction","target":{"@type":"EntryPoint","urlTemplate":"https:\/\/diariodepe.com.br\/cri\/?s={search_term_string}"},"query-input":{"@type":"PropertyValueSpecification","valueRequired":true,"valueName":"search_term_string"}}],"inLanguage":"pt-BR"},{"@type":"Organization","@id":"https:\/\/diariodepe.com.br\/cri\/#organization","name":"CRI e Diario de Pernambuco","url":"https:\/\/diariodepe.com.br\/cri\/","logo":{"@type":"ImageObject","inLanguage":"pt-BR","@id":"https:\/\/diariodepe.com.br\/cri\/#\/schema\/logo\/image\/","url":"https:\/\/diariodepe.com.br\/cri\/wp-content\/uploads\/sites\/2\/2022\/12\/cropped-Logo.jpg","contentUrl":"https:\/\/diariodepe.com.br\/cri\/wp-content\/uploads\/sites\/2\/2022\/12\/cropped-Logo.jpg","width":700,"height":59,"caption":"CRI e Diario de Pernambuco"},"image":{"@id":"https:\/\/diariodepe.com.br\/cri\/#\/schema\/logo\/image\/"}},{"@type":"Person","@id":"https:\/\/diariodepe.com.br\/cri\/#\/schema\/person\/e474aead631cd4098632e11d3fbce118","name":"CRI Portugu\u00eas","image":{"@type":"ImageObject","inLanguage":"pt-BR","@id":"https:\/\/secure.gravatar.com\/avatar\/e2ac889ef882d4dc53091b610766dce49106cf9fe98c76e06745abb0993b2763?s=96&d=mm&r=g","url":"https:\/\/secure.gravatar.com\/avatar\/e2ac889ef882d4dc53091b610766dce49106cf9fe98c76e06745abb0993b2763?s=96&d=mm&r=g","contentUrl":"https:\/\/secure.gravatar.com\/avatar\/e2ac889ef882d4dc53091b610766dce49106cf9fe98c76e06745abb0993b2763?s=96&d=mm&r=g","caption":"CRI Portugu\u00eas"},"sameAs":["https:\/\/www.diariodepernambuco.com.br\/"],"url":"https:\/\/diariodepe.com.br\/cri\/author\/agencia-cri\/"}]}},"cc_featured_image_caption":{"caption_text":"","source_text":"","source_url":""},"amp_enabled":true,"_links":{"self":[{"href":"https:\/\/diariodepe.com.br\/cri\/wp-json\/wp\/v2\/posts\/10472","targetHints":{"allow":["GET"]}}],"collection":[{"href":"https:\/\/diariodepe.com.br\/cri\/wp-json\/wp\/v2\/posts"}],"about":[{"href":"https:\/\/diariodepe.com.br\/cri\/wp-json\/wp\/v2\/types\/post"}],"author":[{"embeddable":true,"href":"https:\/\/diariodepe.com.br\/cri\/wp-json\/wp\/v2\/users\/5"}],"replies":[{"embeddable":true,"href":"https:\/\/diariodepe.com.br\/cri\/wp-json\/wp\/v2\/comments?post=10472"}],"version-history":[{"count":1,"href":"https:\/\/diariodepe.com.br\/cri\/wp-json\/wp\/v2\/posts\/10472\/revisions"}],"predecessor-version":[{"id":10473,"href":"https:\/\/diariodepe.com.br\/cri\/wp-json\/wp\/v2\/posts\/10472\/revisions\/10473"}],"wp:attachment":[{"href":"https:\/\/diariodepe.com.br\/cri\/wp-json\/wp\/v2\/media?parent=10472"}],"wp:term":[{"taxonomy":"category","embeddable":true,"href":"https:\/\/diariodepe.com.br\/cri\/wp-json\/wp\/v2\/categories?post=10472"},{"taxonomy":"post_tag","embeddable":true,"href":"https:\/\/diariodepe.com.br\/cri\/wp-json\/wp\/v2\/tags?post=10472"}],"curies":[{"name":"wp","href":"https:\/\/api.w.org\/{rel}","templated":true}]}}