{"id":10466,"date":"2026-01-20T23:36:28","date_gmt":"2026-01-21T02:36:28","guid":{"rendered":"https:\/\/diariodepe.com.br\/cri\/?p=10466"},"modified":"2026-01-20T23:36:28","modified_gmt":"2026-01-21T02:36:28","slug":"xi-jinping-felicita-secretario-geral-do-pcv-e-presidente-vietnamita-pelos-76-anos-de-relacoes-diplomaticas","status":"publish","type":"post","link":"https:\/\/diariodepe.com.br\/cri\/2026\/01\/20\/xi-jinping-felicita-secretario-geral-do-pcv-e-presidente-vietnamita-pelos-76-anos-de-relacoes-diplomaticas\/","title":{"rendered":"Xi Jinping felicita secret\u00e1rio-geral do PCV e presidente vietnamita pelos 76 anos de rela\u00e7\u00f5es diplom\u00e1ticas"},"content":{"rendered":"<p>O secret\u00e1rio-geral do Comit\u00ea Central do Partido Comunista da China (PCCh) e presidente chin\u00eas, Xi Jinping, enviou neste domingo (18) mensagens de congratula\u00e7\u00f5es ao secret\u00e1rio-geral do Comit\u00ea Central do Partido Comunista do Vietn\u00e3 (PCV), T\u00f4 L\u00e2m, e ao presidente vietnamita, Luong Cuong, pelo 76\u00ba anivers\u00e1rio do estabelecimento de rela\u00e7\u00f5es diplom\u00e1ticas entre os dois pa\u00edses.<\/p>\n<p>Xi Jinping lembrou que fez uma visita de Estado ao Vietn\u00e3 em abril de 2025, alcan\u00e7ando os importantes consensos comuns sobre a constru\u00e7\u00e3o acelerada de uma comunidade China-Vietn\u00e3 com um futuro compartilhado e significado estrat\u00e9gico, firmados com o secret\u00e1rio-geral do PCV e o presidente vietnamita e tra\u00e7ando um plano magn\u00edfico para o desenvolvimento das rela\u00e7\u00f5es bilaterais na nova era.<\/p>\n<p>O presidente chin\u00eas disse estar contente por ver que, no ano passado, ambas as partes mantiveram interc\u00e2mbios mais estreitos em diferentes n\u00edveis e realizaram as coopera\u00e7\u00f5es mais efetivas nas \u00e1reas de seguran\u00e7a pol\u00edtica, com\u00e9rcio e investimento, cultura e educa\u00e7\u00e3o. Al\u00e9m disso, os dois pa\u00edses organizaram positivamente as atividades relacionadas ao 75\u00ba anivers\u00e1rio de estabelecimento de rela\u00e7\u00f5es diplom\u00e1ticas e ao Ano de Interc\u00e2mbios Interpessoais e culturais, beneficiando efetivamente os povos dos dois pa\u00edses e injetando forte energia na moderniza\u00e7\u00e3o de ambas as partes.<\/p>\n<p>Xi Jinping destacou que 2026 marca o ano inicial do 15\u00ba Plano Quinquenal da China e que o PCV realizar\u00e1 o 14\u00ba Congresso Nacional. Para o l\u00edder chin\u00eas, ambas as partes est\u00e3o em um per\u00edodo cr\u00edtico de desenvolvimento e revitaliza\u00e7\u00e3o nacional. O presidente chin\u00eas afirmou que os dois pa\u00edses devem se esfor\u00e7ar conjuntamente para seguir o caminho socialista que corresponde \u00e0s realidades de cada parte, consolidar as rela\u00e7\u00f5es de boa vizinhan\u00e7a e aprofundar a solidariedade e coopera\u00e7\u00e3o, o que corresponde aos interesses comuns de ambas as partes e tem significado essencial para a promo\u00e7\u00e3o do desenvolvimento e progresso da humanidade.<\/p>\n<p>O presidente da China\u00a0apontou que atribui grande import\u00e2ncia ao desenvolvimento das rela\u00e7\u00f5es entre os dois partidos e as duas na\u00e7\u00f5es e que deseja trabalhar junto com o secret\u00e1rio-geral do PCV e o presidente vietnamita para elevar a constru\u00e7\u00e3o de uma comunidade China-Vietn\u00e3 com um futuro compartilhado a um patamar mais alto e um n\u00edvel mais aprofundado, al\u00e9m de gerar melhores benef\u00edcios aos seus povos e ao desenvolvimento regional.<\/p>\n","protected":false},"excerpt":{"rendered":"<p>O secret\u00e1rio-geral do Comit\u00ea Central do Partido Comunista da China (PCCh) e presidente chin\u00eas, Xi Jinping, enviou neste domingo (18) mensagens de congratula\u00e7\u00f5es ao secret\u00e1rio-geral do Comit\u00ea Central do Partido Comunista do Vietn\u00e3 (PCV), T\u00f4 L\u00e2m, e ao presidente vietnamita,&#8230;<\/p>\n","protected":false},"author":5,"featured_media":0,"comment_status":"open","ping_status":"open","sticky":false,"template":"","format":"standard","meta":{"footnotes":""},"categories":[3],"tags":[],"class_list":["post-10466","post","type-post","status-publish","format-standard","hentry","category-china"],"yoast_head":"<!-- This site is optimized with the Yoast SEO plugin v27.4 - https:\/\/yoast.com\/product\/yoast-seo-wordpress\/ -->\n<title>Xi Jinping felicita secret\u00e1rio-geral do PCV e presidente vietnamita pelos 76 anos de rela\u00e7\u00f5es diplom\u00e1ticas - CRI e Diario de Pernambuco<\/title>\n<meta name=\"robots\" content=\"index, follow, max-snippet:-1, max-image-preview:large, max-video-preview:-1\" \/>\n<link rel=\"canonical\" href=\"https:\/\/diariodepe.com.br\/cri\/2026\/01\/20\/xi-jinping-felicita-secretario-geral-do-pcv-e-presidente-vietnamita-pelos-76-anos-de-relacoes-diplomaticas\/\" \/>\n<meta property=\"og:locale\" content=\"pt_BR\" \/>\n<meta property=\"og:type\" content=\"article\" \/>\n<meta property=\"og:title\" content=\"Xi Jinping felicita secret\u00e1rio-geral do PCV e presidente vietnamita pelos 76 anos de rela\u00e7\u00f5es diplom\u00e1ticas - CRI e Diario de Pernambuco\" \/>\n<meta property=\"og:description\" content=\"O secret\u00e1rio-geral do Comit\u00ea Central do Partido Comunista da China (PCCh) e presidente chin\u00eas, Xi Jinping, enviou neste domingo (18) mensagens de congratula\u00e7\u00f5es ao secret\u00e1rio-geral do Comit\u00ea Central do Partido Comunista do Vietn\u00e3 (PCV), T\u00f4 L\u00e2m, e ao presidente vietnamita,...\" \/>\n<meta property=\"og:url\" content=\"https:\/\/diariodepe.com.br\/cri\/2026\/01\/20\/xi-jinping-felicita-secretario-geral-do-pcv-e-presidente-vietnamita-pelos-76-anos-de-relacoes-diplomaticas\/\" \/>\n<meta property=\"og:site_name\" content=\"CRI e Diario de Pernambuco\" \/>\n<meta property=\"article:published_time\" content=\"2026-01-21T02:36:28+00:00\" \/>\n<meta name=\"author\" content=\"CRI Portugu\u00eas\" \/>\n<meta name=\"twitter:card\" content=\"summary_large_image\" \/>\n<meta name=\"twitter:label1\" content=\"Escrito por\" \/>\n\t<meta name=\"twitter:data1\" content=\"CRI Portugu\u00eas\" \/>\n\t<meta name=\"twitter:label2\" content=\"Est. tempo de leitura\" \/>\n\t<meta name=\"twitter:data2\" content=\"3 minutos\" \/>\n<script type=\"application\/ld+json\" class=\"yoast-schema-graph\">{\"@context\":\"https:\\\/\\\/schema.org\",\"@graph\":[{\"@type\":\"Article\",\"@id\":\"https:\\\/\\\/diariodepe.com.br\\\/cri\\\/2026\\\/01\\\/20\\\/xi-jinping-felicita-secretario-geral-do-pcv-e-presidente-vietnamita-pelos-76-anos-de-relacoes-diplomaticas\\\/#article\",\"isPartOf\":{\"@id\":\"https:\\\/\\\/diariodepe.com.br\\\/cri\\\/2026\\\/01\\\/20\\\/xi-jinping-felicita-secretario-geral-do-pcv-e-presidente-vietnamita-pelos-76-anos-de-relacoes-diplomaticas\\\/\"},\"author\":{\"name\":\"CRI Portugu\u00eas\",\"@id\":\"https:\\\/\\\/diariodepe.com.br\\\/cri\\\/#\\\/schema\\\/person\\\/e474aead631cd4098632e11d3fbce118\"},\"headline\":\"Xi Jinping felicita secret\u00e1rio-geral do PCV e presidente vietnamita pelos 76 anos de rela\u00e7\u00f5es diplom\u00e1ticas\",\"datePublished\":\"2026-01-21T02:36:28+00:00\",\"mainEntityOfPage\":{\"@id\":\"https:\\\/\\\/diariodepe.com.br\\\/cri\\\/2026\\\/01\\\/20\\\/xi-jinping-felicita-secretario-geral-do-pcv-e-presidente-vietnamita-pelos-76-anos-de-relacoes-diplomaticas\\\/\"},\"wordCount\":427,\"commentCount\":0,\"publisher\":{\"@id\":\"https:\\\/\\\/diariodepe.com.br\\\/cri\\\/#organization\"},\"articleSection\":[\"China\"],\"inLanguage\":\"pt-BR\",\"potentialAction\":[{\"@type\":\"CommentAction\",\"name\":\"Comment\",\"target\":[\"https:\\\/\\\/diariodepe.com.br\\\/cri\\\/2026\\\/01\\\/20\\\/xi-jinping-felicita-secretario-geral-do-pcv-e-presidente-vietnamita-pelos-76-anos-de-relacoes-diplomaticas\\\/#respond\"]}]},{\"@type\":\"WebPage\",\"@id\":\"https:\\\/\\\/diariodepe.com.br\\\/cri\\\/2026\\\/01\\\/20\\\/xi-jinping-felicita-secretario-geral-do-pcv-e-presidente-vietnamita-pelos-76-anos-de-relacoes-diplomaticas\\\/\",\"url\":\"https:\\\/\\\/diariodepe.com.br\\\/cri\\\/2026\\\/01\\\/20\\\/xi-jinping-felicita-secretario-geral-do-pcv-e-presidente-vietnamita-pelos-76-anos-de-relacoes-diplomaticas\\\/\",\"name\":\"Xi Jinping felicita secret\u00e1rio-geral do PCV e presidente vietnamita pelos 76 anos de rela\u00e7\u00f5es diplom\u00e1ticas - CRI e Diario de Pernambuco\",\"isPartOf\":{\"@id\":\"https:\\\/\\\/diariodepe.com.br\\\/cri\\\/#website\"},\"datePublished\":\"2026-01-21T02:36:28+00:00\",\"breadcrumb\":{\"@id\":\"https:\\\/\\\/diariodepe.com.br\\\/cri\\\/2026\\\/01\\\/20\\\/xi-jinping-felicita-secretario-geral-do-pcv-e-presidente-vietnamita-pelos-76-anos-de-relacoes-diplomaticas\\\/#breadcrumb\"},\"inLanguage\":\"pt-BR\",\"potentialAction\":[{\"@type\":\"ReadAction\",\"target\":[\"https:\\\/\\\/diariodepe.com.br\\\/cri\\\/2026\\\/01\\\/20\\\/xi-jinping-felicita-secretario-geral-do-pcv-e-presidente-vietnamita-pelos-76-anos-de-relacoes-diplomaticas\\\/\"]}]},{\"@type\":\"BreadcrumbList\",\"@id\":\"https:\\\/\\\/diariodepe.com.br\\\/cri\\\/2026\\\/01\\\/20\\\/xi-jinping-felicita-secretario-geral-do-pcv-e-presidente-vietnamita-pelos-76-anos-de-relacoes-diplomaticas\\\/#breadcrumb\",\"itemListElement\":[{\"@type\":\"ListItem\",\"position\":1,\"name\":\"In\u00edcio\",\"item\":\"https:\\\/\\\/diariodepe.com.br\\\/cri\\\/\"},{\"@type\":\"ListItem\",\"position\":2,\"name\":\"Xi Jinping felicita secret\u00e1rio-geral do PCV e presidente vietnamita pelos 76 anos de rela\u00e7\u00f5es diplom\u00e1ticas\"}]},{\"@type\":\"WebSite\",\"@id\":\"https:\\\/\\\/diariodepe.com.br\\\/cri\\\/#website\",\"url\":\"https:\\\/\\\/diariodepe.com.br\\\/cri\\\/\",\"name\":\"CRI e Diario de Pernambuco\",\"description\":\"R\u00e1dio Internacional da China\",\"publisher\":{\"@id\":\"https:\\\/\\\/diariodepe.com.br\\\/cri\\\/#organization\"},\"potentialAction\":[{\"@type\":\"SearchAction\",\"target\":{\"@type\":\"EntryPoint\",\"urlTemplate\":\"https:\\\/\\\/diariodepe.com.br\\\/cri\\\/?s={search_term_string}\"},\"query-input\":{\"@type\":\"PropertyValueSpecification\",\"valueRequired\":true,\"valueName\":\"search_term_string\"}}],\"inLanguage\":\"pt-BR\"},{\"@type\":\"Organization\",\"@id\":\"https:\\\/\\\/diariodepe.com.br\\\/cri\\\/#organization\",\"name\":\"CRI e Diario de Pernambuco\",\"url\":\"https:\\\/\\\/diariodepe.com.br\\\/cri\\\/\",\"logo\":{\"@type\":\"ImageObject\",\"inLanguage\":\"pt-BR\",\"@id\":\"https:\\\/\\\/diariodepe.com.br\\\/cri\\\/#\\\/schema\\\/logo\\\/image\\\/\",\"url\":\"https:\\\/\\\/diariodepe.com.br\\\/cri\\\/wp-content\\\/uploads\\\/sites\\\/2\\\/2022\\\/12\\\/cropped-Logo.jpg\",\"contentUrl\":\"https:\\\/\\\/diariodepe.com.br\\\/cri\\\/wp-content\\\/uploads\\\/sites\\\/2\\\/2022\\\/12\\\/cropped-Logo.jpg\",\"width\":700,\"height\":59,\"caption\":\"CRI e Diario de Pernambuco\"},\"image\":{\"@id\":\"https:\\\/\\\/diariodepe.com.br\\\/cri\\\/#\\\/schema\\\/logo\\\/image\\\/\"}},{\"@type\":\"Person\",\"@id\":\"https:\\\/\\\/diariodepe.com.br\\\/cri\\\/#\\\/schema\\\/person\\\/e474aead631cd4098632e11d3fbce118\",\"name\":\"CRI Portugu\u00eas\",\"image\":{\"@type\":\"ImageObject\",\"inLanguage\":\"pt-BR\",\"@id\":\"https:\\\/\\\/secure.gravatar.com\\\/avatar\\\/e2ac889ef882d4dc53091b610766dce49106cf9fe98c76e06745abb0993b2763?s=96&d=mm&r=g\",\"url\":\"https:\\\/\\\/secure.gravatar.com\\\/avatar\\\/e2ac889ef882d4dc53091b610766dce49106cf9fe98c76e06745abb0993b2763?s=96&d=mm&r=g\",\"contentUrl\":\"https:\\\/\\\/secure.gravatar.com\\\/avatar\\\/e2ac889ef882d4dc53091b610766dce49106cf9fe98c76e06745abb0993b2763?s=96&d=mm&r=g\",\"caption\":\"CRI Portugu\u00eas\"},\"sameAs\":[\"https:\\\/\\\/www.diariodepernambuco.com.br\\\/\"],\"url\":\"https:\\\/\\\/diariodepe.com.br\\\/cri\\\/author\\\/agencia-cri\\\/\"}]}<\/script>\n<!-- \/ Yoast SEO plugin. -->","yoast_head_json":{"title":"Xi Jinping felicita secret\u00e1rio-geral do PCV e presidente vietnamita pelos 76 anos de rela\u00e7\u00f5es diplom\u00e1ticas - CRI e Diario de Pernambuco","robots":{"index":"index","follow":"follow","max-snippet":"max-snippet:-1","max-image-preview":"max-image-preview:large","max-video-preview":"max-video-preview:-1"},"canonical":"https:\/\/diariodepe.com.br\/cri\/2026\/01\/20\/xi-jinping-felicita-secretario-geral-do-pcv-e-presidente-vietnamita-pelos-76-anos-de-relacoes-diplomaticas\/","og_locale":"pt_BR","og_type":"article","og_title":"Xi Jinping felicita secret\u00e1rio-geral do PCV e presidente vietnamita pelos 76 anos de rela\u00e7\u00f5es diplom\u00e1ticas - CRI e Diario de Pernambuco","og_description":"O secret\u00e1rio-geral do Comit\u00ea Central do Partido Comunista da China (PCCh) e presidente chin\u00eas, Xi Jinping, enviou neste domingo (18) mensagens de congratula\u00e7\u00f5es ao secret\u00e1rio-geral do Comit\u00ea Central do Partido Comunista do Vietn\u00e3 (PCV), T\u00f4 L\u00e2m, e ao presidente vietnamita,...","og_url":"https:\/\/diariodepe.com.br\/cri\/2026\/01\/20\/xi-jinping-felicita-secretario-geral-do-pcv-e-presidente-vietnamita-pelos-76-anos-de-relacoes-diplomaticas\/","og_site_name":"CRI e Diario de Pernambuco","article_published_time":"2026-01-21T02:36:28+00:00","author":"CRI Portugu\u00eas","twitter_card":"summary_large_image","twitter_misc":{"Escrito por":"CRI Portugu\u00eas","Est. tempo de leitura":"3 minutos"},"schema":{"@context":"https:\/\/schema.org","@graph":[{"@type":"Article","@id":"https:\/\/diariodepe.com.br\/cri\/2026\/01\/20\/xi-jinping-felicita-secretario-geral-do-pcv-e-presidente-vietnamita-pelos-76-anos-de-relacoes-diplomaticas\/#article","isPartOf":{"@id":"https:\/\/diariodepe.com.br\/cri\/2026\/01\/20\/xi-jinping-felicita-secretario-geral-do-pcv-e-presidente-vietnamita-pelos-76-anos-de-relacoes-diplomaticas\/"},"author":{"name":"CRI Portugu\u00eas","@id":"https:\/\/diariodepe.com.br\/cri\/#\/schema\/person\/e474aead631cd4098632e11d3fbce118"},"headline":"Xi Jinping felicita secret\u00e1rio-geral do PCV e presidente vietnamita pelos 76 anos de rela\u00e7\u00f5es diplom\u00e1ticas","datePublished":"2026-01-21T02:36:28+00:00","mainEntityOfPage":{"@id":"https:\/\/diariodepe.com.br\/cri\/2026\/01\/20\/xi-jinping-felicita-secretario-geral-do-pcv-e-presidente-vietnamita-pelos-76-anos-de-relacoes-diplomaticas\/"},"wordCount":427,"commentCount":0,"publisher":{"@id":"https:\/\/diariodepe.com.br\/cri\/#organization"},"articleSection":["China"],"inLanguage":"pt-BR","potentialAction":[{"@type":"CommentAction","name":"Comment","target":["https:\/\/diariodepe.com.br\/cri\/2026\/01\/20\/xi-jinping-felicita-secretario-geral-do-pcv-e-presidente-vietnamita-pelos-76-anos-de-relacoes-diplomaticas\/#respond"]}]},{"@type":"WebPage","@id":"https:\/\/diariodepe.com.br\/cri\/2026\/01\/20\/xi-jinping-felicita-secretario-geral-do-pcv-e-presidente-vietnamita-pelos-76-anos-de-relacoes-diplomaticas\/","url":"https:\/\/diariodepe.com.br\/cri\/2026\/01\/20\/xi-jinping-felicita-secretario-geral-do-pcv-e-presidente-vietnamita-pelos-76-anos-de-relacoes-diplomaticas\/","name":"Xi Jinping felicita secret\u00e1rio-geral do PCV e presidente vietnamita pelos 76 anos de rela\u00e7\u00f5es diplom\u00e1ticas - CRI e Diario de Pernambuco","isPartOf":{"@id":"https:\/\/diariodepe.com.br\/cri\/#website"},"datePublished":"2026-01-21T02:36:28+00:00","breadcrumb":{"@id":"https:\/\/diariodepe.com.br\/cri\/2026\/01\/20\/xi-jinping-felicita-secretario-geral-do-pcv-e-presidente-vietnamita-pelos-76-anos-de-relacoes-diplomaticas\/#breadcrumb"},"inLanguage":"pt-BR","potentialAction":[{"@type":"ReadAction","target":["https:\/\/diariodepe.com.br\/cri\/2026\/01\/20\/xi-jinping-felicita-secretario-geral-do-pcv-e-presidente-vietnamita-pelos-76-anos-de-relacoes-diplomaticas\/"]}]},{"@type":"BreadcrumbList","@id":"https:\/\/diariodepe.com.br\/cri\/2026\/01\/20\/xi-jinping-felicita-secretario-geral-do-pcv-e-presidente-vietnamita-pelos-76-anos-de-relacoes-diplomaticas\/#breadcrumb","itemListElement":[{"@type":"ListItem","position":1,"name":"In\u00edcio","item":"https:\/\/diariodepe.com.br\/cri\/"},{"@type":"ListItem","position":2,"name":"Xi Jinping felicita secret\u00e1rio-geral do PCV e presidente vietnamita pelos 76 anos de rela\u00e7\u00f5es diplom\u00e1ticas"}]},{"@type":"WebSite","@id":"https:\/\/diariodepe.com.br\/cri\/#website","url":"https:\/\/diariodepe.com.br\/cri\/","name":"CRI e Diario de Pernambuco","description":"R\u00e1dio Internacional da China","publisher":{"@id":"https:\/\/diariodepe.com.br\/cri\/#organization"},"potentialAction":[{"@type":"SearchAction","target":{"@type":"EntryPoint","urlTemplate":"https:\/\/diariodepe.com.br\/cri\/?s={search_term_string}"},"query-input":{"@type":"PropertyValueSpecification","valueRequired":true,"valueName":"search_term_string"}}],"inLanguage":"pt-BR"},{"@type":"Organization","@id":"https:\/\/diariodepe.com.br\/cri\/#organization","name":"CRI e Diario de Pernambuco","url":"https:\/\/diariodepe.com.br\/cri\/","logo":{"@type":"ImageObject","inLanguage":"pt-BR","@id":"https:\/\/diariodepe.com.br\/cri\/#\/schema\/logo\/image\/","url":"https:\/\/diariodepe.com.br\/cri\/wp-content\/uploads\/sites\/2\/2022\/12\/cropped-Logo.jpg","contentUrl":"https:\/\/diariodepe.com.br\/cri\/wp-content\/uploads\/sites\/2\/2022\/12\/cropped-Logo.jpg","width":700,"height":59,"caption":"CRI e Diario de Pernambuco"},"image":{"@id":"https:\/\/diariodepe.com.br\/cri\/#\/schema\/logo\/image\/"}},{"@type":"Person","@id":"https:\/\/diariodepe.com.br\/cri\/#\/schema\/person\/e474aead631cd4098632e11d3fbce118","name":"CRI Portugu\u00eas","image":{"@type":"ImageObject","inLanguage":"pt-BR","@id":"https:\/\/secure.gravatar.com\/avatar\/e2ac889ef882d4dc53091b610766dce49106cf9fe98c76e06745abb0993b2763?s=96&d=mm&r=g","url":"https:\/\/secure.gravatar.com\/avatar\/e2ac889ef882d4dc53091b610766dce49106cf9fe98c76e06745abb0993b2763?s=96&d=mm&r=g","contentUrl":"https:\/\/secure.gravatar.com\/avatar\/e2ac889ef882d4dc53091b610766dce49106cf9fe98c76e06745abb0993b2763?s=96&d=mm&r=g","caption":"CRI Portugu\u00eas"},"sameAs":["https:\/\/www.diariodepernambuco.com.br\/"],"url":"https:\/\/diariodepe.com.br\/cri\/author\/agencia-cri\/"}]}},"cc_featured_image_caption":{"caption_text":"","source_text":"","source_url":""},"amp_enabled":true,"_links":{"self":[{"href":"https:\/\/diariodepe.com.br\/cri\/wp-json\/wp\/v2\/posts\/10466","targetHints":{"allow":["GET"]}}],"collection":[{"href":"https:\/\/diariodepe.com.br\/cri\/wp-json\/wp\/v2\/posts"}],"about":[{"href":"https:\/\/diariodepe.com.br\/cri\/wp-json\/wp\/v2\/types\/post"}],"author":[{"embeddable":true,"href":"https:\/\/diariodepe.com.br\/cri\/wp-json\/wp\/v2\/users\/5"}],"replies":[{"embeddable":true,"href":"https:\/\/diariodepe.com.br\/cri\/wp-json\/wp\/v2\/comments?post=10466"}],"version-history":[{"count":1,"href":"https:\/\/diariodepe.com.br\/cri\/wp-json\/wp\/v2\/posts\/10466\/revisions"}],"predecessor-version":[{"id":10467,"href":"https:\/\/diariodepe.com.br\/cri\/wp-json\/wp\/v2\/posts\/10466\/revisions\/10467"}],"wp:attachment":[{"href":"https:\/\/diariodepe.com.br\/cri\/wp-json\/wp\/v2\/media?parent=10466"}],"wp:term":[{"taxonomy":"category","embeddable":true,"href":"https:\/\/diariodepe.com.br\/cri\/wp-json\/wp\/v2\/categories?post=10466"},{"taxonomy":"post_tag","embeddable":true,"href":"https:\/\/diariodepe.com.br\/cri\/wp-json\/wp\/v2\/tags?post=10466"}],"curies":[{"name":"wp","href":"https:\/\/api.w.org\/{rel}","templated":true}]}}