{"id":10464,"date":"2026-01-20T23:36:05","date_gmt":"2026-01-21T02:36:05","guid":{"rendered":"https:\/\/diariodepe.com.br\/cri\/?p=10464"},"modified":"2026-01-20T23:36:05","modified_gmt":"2026-01-21T02:36:05","slug":"gala-do-festival-da-primavera-de-2026-do-cmg-realiza-o-primeiro-ensaio-na-contagem-regressiva-de-30-dias","status":"publish","type":"post","link":"https:\/\/diariodepe.com.br\/cri\/2026\/01\/20\/gala-do-festival-da-primavera-de-2026-do-cmg-realiza-o-primeiro-ensaio-na-contagem-regressiva-de-30-dias\/","title":{"rendered":"Gala do Festival da Primavera de 2026 do CMG realiza o primeiro ensaio na contagem regressiva de 30 dias"},"content":{"rendered":"<p><img decoding=\"async\" src=\"https:\/\/38picres.cgtn.com\/photoAlbum\/page\/performance\/img\/2026\/1\/17\/1768654060143_657.gif\" \/><\/p>\n<p>A Gala do Festival da Primavera de 2026 do Grupo de M\u00eddia da China (CMG, na sigla em ingl\u00eas) realizou neste s\u00e1bado (17) o seu primeiro ensaio. A integra\u00e7\u00e3o de diversas formas de espet\u00e1culos, aplica\u00e7\u00e3o de tecnol\u00f3gias inovadoras e design de palco foi testado com sucesso.<\/p>\n<p>O tema deste ano est\u00e1 relacionado ao signo chin\u00eas, que \u00e9 o ano do cavalo, visando apresentar um \u201cimpulso impar\u00e1vel da nova era vibrante e pr\u00f3spera da China\u201d.<\/p>\n","protected":false},"excerpt":{"rendered":"<p>A Gala do Festival da Primavera de 2026 do Grupo de M\u00eddia da China (CMG, na sigla em ingl\u00eas) realizou neste s\u00e1bado (17) o seu primeiro ensaio. A integra\u00e7\u00e3o de diversas formas de espet\u00e1culos, aplica\u00e7\u00e3o de tecnol\u00f3gias inovadoras e design&#8230;<\/p>\n","protected":false},"author":5,"featured_media":0,"comment_status":"open","ping_status":"open","sticky":false,"template":"","format":"standard","meta":{"footnotes":""},"categories":[3],"tags":[],"class_list":["post-10464","post","type-post","status-publish","format-standard","hentry","category-china"],"yoast_head":"<!-- This site is optimized with the Yoast SEO plugin v27.4 - https:\/\/yoast.com\/product\/yoast-seo-wordpress\/ -->\n<title>Gala do Festival da Primavera de 2026 do CMG realiza o primeiro ensaio na contagem regressiva de 30 dias - CRI e Diario de Pernambuco<\/title>\n<meta name=\"robots\" content=\"index, follow, max-snippet:-1, max-image-preview:large, max-video-preview:-1\" \/>\n<link rel=\"canonical\" href=\"https:\/\/diariodepe.com.br\/cri\/2026\/01\/20\/gala-do-festival-da-primavera-de-2026-do-cmg-realiza-o-primeiro-ensaio-na-contagem-regressiva-de-30-dias\/\" \/>\n<meta property=\"og:locale\" content=\"pt_BR\" \/>\n<meta property=\"og:type\" content=\"article\" \/>\n<meta property=\"og:title\" content=\"Gala do Festival da Primavera de 2026 do CMG realiza o primeiro ensaio na contagem regressiva de 30 dias - CRI e Diario de Pernambuco\" \/>\n<meta property=\"og:description\" content=\"A Gala do Festival da Primavera de 2026 do Grupo de M\u00eddia da China (CMG, na sigla em ingl\u00eas) realizou neste s\u00e1bado (17) o seu primeiro ensaio. A integra\u00e7\u00e3o de diversas formas de espet\u00e1culos, aplica\u00e7\u00e3o de tecnol\u00f3gias inovadoras e design...\" \/>\n<meta property=\"og:url\" content=\"https:\/\/diariodepe.com.br\/cri\/2026\/01\/20\/gala-do-festival-da-primavera-de-2026-do-cmg-realiza-o-primeiro-ensaio-na-contagem-regressiva-de-30-dias\/\" \/>\n<meta property=\"og:site_name\" content=\"CRI e Diario de Pernambuco\" \/>\n<meta property=\"article:published_time\" content=\"2026-01-21T02:36:05+00:00\" \/>\n<meta property=\"og:image\" content=\"https:\/\/38picres.cgtn.com\/photoAlbum\/page\/performance\/img\/2026\/1\/17\/1768654060143_657.gif\" \/>\n<meta name=\"author\" content=\"CRI Portugu\u00eas\" \/>\n<meta name=\"twitter:card\" content=\"summary_large_image\" \/>\n<meta name=\"twitter:label1\" content=\"Escrito por\" \/>\n\t<meta name=\"twitter:data1\" content=\"CRI Portugu\u00eas\" \/>\n<script type=\"application\/ld+json\" class=\"yoast-schema-graph\">{\"@context\":\"https:\\\/\\\/schema.org\",\"@graph\":[{\"@type\":\"Article\",\"@id\":\"https:\\\/\\\/diariodepe.com.br\\\/cri\\\/2026\\\/01\\\/20\\\/gala-do-festival-da-primavera-de-2026-do-cmg-realiza-o-primeiro-ensaio-na-contagem-regressiva-de-30-dias\\\/#article\",\"isPartOf\":{\"@id\":\"https:\\\/\\\/diariodepe.com.br\\\/cri\\\/2026\\\/01\\\/20\\\/gala-do-festival-da-primavera-de-2026-do-cmg-realiza-o-primeiro-ensaio-na-contagem-regressiva-de-30-dias\\\/\"},\"author\":{\"name\":\"CRI Portugu\u00eas\",\"@id\":\"https:\\\/\\\/diariodepe.com.br\\\/cri\\\/#\\\/schema\\\/person\\\/e474aead631cd4098632e11d3fbce118\"},\"headline\":\"Gala do Festival da Primavera de 2026 do CMG realiza o primeiro ensaio na contagem regressiva de 30 dias\",\"datePublished\":\"2026-01-21T02:36:05+00:00\",\"mainEntityOfPage\":{\"@id\":\"https:\\\/\\\/diariodepe.com.br\\\/cri\\\/2026\\\/01\\\/20\\\/gala-do-festival-da-primavera-de-2026-do-cmg-realiza-o-primeiro-ensaio-na-contagem-regressiva-de-30-dias\\\/\"},\"wordCount\":98,\"commentCount\":0,\"publisher\":{\"@id\":\"https:\\\/\\\/diariodepe.com.br\\\/cri\\\/#organization\"},\"image\":{\"@id\":\"https:\\\/\\\/diariodepe.com.br\\\/cri\\\/2026\\\/01\\\/20\\\/gala-do-festival-da-primavera-de-2026-do-cmg-realiza-o-primeiro-ensaio-na-contagem-regressiva-de-30-dias\\\/#primaryimage\"},\"thumbnailUrl\":\"https:\\\/\\\/38picres.cgtn.com\\\/photoAlbum\\\/page\\\/performance\\\/img\\\/2026\\\/1\\\/17\\\/1768654060143_657.gif\",\"articleSection\":[\"China\"],\"inLanguage\":\"pt-BR\",\"potentialAction\":[{\"@type\":\"CommentAction\",\"name\":\"Comment\",\"target\":[\"https:\\\/\\\/diariodepe.com.br\\\/cri\\\/2026\\\/01\\\/20\\\/gala-do-festival-da-primavera-de-2026-do-cmg-realiza-o-primeiro-ensaio-na-contagem-regressiva-de-30-dias\\\/#respond\"]}]},{\"@type\":\"WebPage\",\"@id\":\"https:\\\/\\\/diariodepe.com.br\\\/cri\\\/2026\\\/01\\\/20\\\/gala-do-festival-da-primavera-de-2026-do-cmg-realiza-o-primeiro-ensaio-na-contagem-regressiva-de-30-dias\\\/\",\"url\":\"https:\\\/\\\/diariodepe.com.br\\\/cri\\\/2026\\\/01\\\/20\\\/gala-do-festival-da-primavera-de-2026-do-cmg-realiza-o-primeiro-ensaio-na-contagem-regressiva-de-30-dias\\\/\",\"name\":\"Gala do Festival da Primavera de 2026 do CMG realiza o primeiro ensaio na contagem regressiva de 30 dias - CRI e Diario de Pernambuco\",\"isPartOf\":{\"@id\":\"https:\\\/\\\/diariodepe.com.br\\\/cri\\\/#website\"},\"primaryImageOfPage\":{\"@id\":\"https:\\\/\\\/diariodepe.com.br\\\/cri\\\/2026\\\/01\\\/20\\\/gala-do-festival-da-primavera-de-2026-do-cmg-realiza-o-primeiro-ensaio-na-contagem-regressiva-de-30-dias\\\/#primaryimage\"},\"image\":{\"@id\":\"https:\\\/\\\/diariodepe.com.br\\\/cri\\\/2026\\\/01\\\/20\\\/gala-do-festival-da-primavera-de-2026-do-cmg-realiza-o-primeiro-ensaio-na-contagem-regressiva-de-30-dias\\\/#primaryimage\"},\"thumbnailUrl\":\"https:\\\/\\\/38picres.cgtn.com\\\/photoAlbum\\\/page\\\/performance\\\/img\\\/2026\\\/1\\\/17\\\/1768654060143_657.gif\",\"datePublished\":\"2026-01-21T02:36:05+00:00\",\"breadcrumb\":{\"@id\":\"https:\\\/\\\/diariodepe.com.br\\\/cri\\\/2026\\\/01\\\/20\\\/gala-do-festival-da-primavera-de-2026-do-cmg-realiza-o-primeiro-ensaio-na-contagem-regressiva-de-30-dias\\\/#breadcrumb\"},\"inLanguage\":\"pt-BR\",\"potentialAction\":[{\"@type\":\"ReadAction\",\"target\":[\"https:\\\/\\\/diariodepe.com.br\\\/cri\\\/2026\\\/01\\\/20\\\/gala-do-festival-da-primavera-de-2026-do-cmg-realiza-o-primeiro-ensaio-na-contagem-regressiva-de-30-dias\\\/\"]}]},{\"@type\":\"ImageObject\",\"inLanguage\":\"pt-BR\",\"@id\":\"https:\\\/\\\/diariodepe.com.br\\\/cri\\\/2026\\\/01\\\/20\\\/gala-do-festival-da-primavera-de-2026-do-cmg-realiza-o-primeiro-ensaio-na-contagem-regressiva-de-30-dias\\\/#primaryimage\",\"url\":\"https:\\\/\\\/38picres.cgtn.com\\\/photoAlbum\\\/page\\\/performance\\\/img\\\/2026\\\/1\\\/17\\\/1768654060143_657.gif\",\"contentUrl\":\"https:\\\/\\\/38picres.cgtn.com\\\/photoAlbum\\\/page\\\/performance\\\/img\\\/2026\\\/1\\\/17\\\/1768654060143_657.gif\"},{\"@type\":\"BreadcrumbList\",\"@id\":\"https:\\\/\\\/diariodepe.com.br\\\/cri\\\/2026\\\/01\\\/20\\\/gala-do-festival-da-primavera-de-2026-do-cmg-realiza-o-primeiro-ensaio-na-contagem-regressiva-de-30-dias\\\/#breadcrumb\",\"itemListElement\":[{\"@type\":\"ListItem\",\"position\":1,\"name\":\"In\u00edcio\",\"item\":\"https:\\\/\\\/diariodepe.com.br\\\/cri\\\/\"},{\"@type\":\"ListItem\",\"position\":2,\"name\":\"Gala do Festival da Primavera de 2026 do CMG realiza o primeiro ensaio na contagem regressiva de 30 dias\"}]},{\"@type\":\"WebSite\",\"@id\":\"https:\\\/\\\/diariodepe.com.br\\\/cri\\\/#website\",\"url\":\"https:\\\/\\\/diariodepe.com.br\\\/cri\\\/\",\"name\":\"CRI e Diario de Pernambuco\",\"description\":\"R\u00e1dio Internacional da China\",\"publisher\":{\"@id\":\"https:\\\/\\\/diariodepe.com.br\\\/cri\\\/#organization\"},\"potentialAction\":[{\"@type\":\"SearchAction\",\"target\":{\"@type\":\"EntryPoint\",\"urlTemplate\":\"https:\\\/\\\/diariodepe.com.br\\\/cri\\\/?s={search_term_string}\"},\"query-input\":{\"@type\":\"PropertyValueSpecification\",\"valueRequired\":true,\"valueName\":\"search_term_string\"}}],\"inLanguage\":\"pt-BR\"},{\"@type\":\"Organization\",\"@id\":\"https:\\\/\\\/diariodepe.com.br\\\/cri\\\/#organization\",\"name\":\"CRI e Diario de Pernambuco\",\"url\":\"https:\\\/\\\/diariodepe.com.br\\\/cri\\\/\",\"logo\":{\"@type\":\"ImageObject\",\"inLanguage\":\"pt-BR\",\"@id\":\"https:\\\/\\\/diariodepe.com.br\\\/cri\\\/#\\\/schema\\\/logo\\\/image\\\/\",\"url\":\"https:\\\/\\\/diariodepe.com.br\\\/cri\\\/wp-content\\\/uploads\\\/sites\\\/2\\\/2022\\\/12\\\/cropped-Logo.jpg\",\"contentUrl\":\"https:\\\/\\\/diariodepe.com.br\\\/cri\\\/wp-content\\\/uploads\\\/sites\\\/2\\\/2022\\\/12\\\/cropped-Logo.jpg\",\"width\":700,\"height\":59,\"caption\":\"CRI e Diario de Pernambuco\"},\"image\":{\"@id\":\"https:\\\/\\\/diariodepe.com.br\\\/cri\\\/#\\\/schema\\\/logo\\\/image\\\/\"}},{\"@type\":\"Person\",\"@id\":\"https:\\\/\\\/diariodepe.com.br\\\/cri\\\/#\\\/schema\\\/person\\\/e474aead631cd4098632e11d3fbce118\",\"name\":\"CRI Portugu\u00eas\",\"image\":{\"@type\":\"ImageObject\",\"inLanguage\":\"pt-BR\",\"@id\":\"https:\\\/\\\/secure.gravatar.com\\\/avatar\\\/e2ac889ef882d4dc53091b610766dce49106cf9fe98c76e06745abb0993b2763?s=96&d=mm&r=g\",\"url\":\"https:\\\/\\\/secure.gravatar.com\\\/avatar\\\/e2ac889ef882d4dc53091b610766dce49106cf9fe98c76e06745abb0993b2763?s=96&d=mm&r=g\",\"contentUrl\":\"https:\\\/\\\/secure.gravatar.com\\\/avatar\\\/e2ac889ef882d4dc53091b610766dce49106cf9fe98c76e06745abb0993b2763?s=96&d=mm&r=g\",\"caption\":\"CRI Portugu\u00eas\"},\"sameAs\":[\"https:\\\/\\\/www.diariodepernambuco.com.br\\\/\"],\"url\":\"https:\\\/\\\/diariodepe.com.br\\\/cri\\\/author\\\/agencia-cri\\\/\"}]}<\/script>\n<!-- \/ Yoast SEO plugin. -->","yoast_head_json":{"title":"Gala do Festival da Primavera de 2026 do CMG realiza o primeiro ensaio na contagem regressiva de 30 dias - CRI e Diario de Pernambuco","robots":{"index":"index","follow":"follow","max-snippet":"max-snippet:-1","max-image-preview":"max-image-preview:large","max-video-preview":"max-video-preview:-1"},"canonical":"https:\/\/diariodepe.com.br\/cri\/2026\/01\/20\/gala-do-festival-da-primavera-de-2026-do-cmg-realiza-o-primeiro-ensaio-na-contagem-regressiva-de-30-dias\/","og_locale":"pt_BR","og_type":"article","og_title":"Gala do Festival da Primavera de 2026 do CMG realiza o primeiro ensaio na contagem regressiva de 30 dias - CRI e Diario de Pernambuco","og_description":"A Gala do Festival da Primavera de 2026 do Grupo de M\u00eddia da China (CMG, na sigla em ingl\u00eas) realizou neste s\u00e1bado (17) o seu primeiro ensaio. A integra\u00e7\u00e3o de diversas formas de espet\u00e1culos, aplica\u00e7\u00e3o de tecnol\u00f3gias inovadoras e design...","og_url":"https:\/\/diariodepe.com.br\/cri\/2026\/01\/20\/gala-do-festival-da-primavera-de-2026-do-cmg-realiza-o-primeiro-ensaio-na-contagem-regressiva-de-30-dias\/","og_site_name":"CRI e Diario de Pernambuco","article_published_time":"2026-01-21T02:36:05+00:00","og_image":[{"url":"https:\/\/38picres.cgtn.com\/photoAlbum\/page\/performance\/img\/2026\/1\/17\/1768654060143_657.gif","type":"","width":"","height":""}],"author":"CRI Portugu\u00eas","twitter_card":"summary_large_image","twitter_misc":{"Escrito por":"CRI Portugu\u00eas"},"schema":{"@context":"https:\/\/schema.org","@graph":[{"@type":"Article","@id":"https:\/\/diariodepe.com.br\/cri\/2026\/01\/20\/gala-do-festival-da-primavera-de-2026-do-cmg-realiza-o-primeiro-ensaio-na-contagem-regressiva-de-30-dias\/#article","isPartOf":{"@id":"https:\/\/diariodepe.com.br\/cri\/2026\/01\/20\/gala-do-festival-da-primavera-de-2026-do-cmg-realiza-o-primeiro-ensaio-na-contagem-regressiva-de-30-dias\/"},"author":{"name":"CRI Portugu\u00eas","@id":"https:\/\/diariodepe.com.br\/cri\/#\/schema\/person\/e474aead631cd4098632e11d3fbce118"},"headline":"Gala do Festival da Primavera de 2026 do CMG realiza o primeiro ensaio na contagem regressiva de 30 dias","datePublished":"2026-01-21T02:36:05+00:00","mainEntityOfPage":{"@id":"https:\/\/diariodepe.com.br\/cri\/2026\/01\/20\/gala-do-festival-da-primavera-de-2026-do-cmg-realiza-o-primeiro-ensaio-na-contagem-regressiva-de-30-dias\/"},"wordCount":98,"commentCount":0,"publisher":{"@id":"https:\/\/diariodepe.com.br\/cri\/#organization"},"image":{"@id":"https:\/\/diariodepe.com.br\/cri\/2026\/01\/20\/gala-do-festival-da-primavera-de-2026-do-cmg-realiza-o-primeiro-ensaio-na-contagem-regressiva-de-30-dias\/#primaryimage"},"thumbnailUrl":"https:\/\/38picres.cgtn.com\/photoAlbum\/page\/performance\/img\/2026\/1\/17\/1768654060143_657.gif","articleSection":["China"],"inLanguage":"pt-BR","potentialAction":[{"@type":"CommentAction","name":"Comment","target":["https:\/\/diariodepe.com.br\/cri\/2026\/01\/20\/gala-do-festival-da-primavera-de-2026-do-cmg-realiza-o-primeiro-ensaio-na-contagem-regressiva-de-30-dias\/#respond"]}]},{"@type":"WebPage","@id":"https:\/\/diariodepe.com.br\/cri\/2026\/01\/20\/gala-do-festival-da-primavera-de-2026-do-cmg-realiza-o-primeiro-ensaio-na-contagem-regressiva-de-30-dias\/","url":"https:\/\/diariodepe.com.br\/cri\/2026\/01\/20\/gala-do-festival-da-primavera-de-2026-do-cmg-realiza-o-primeiro-ensaio-na-contagem-regressiva-de-30-dias\/","name":"Gala do Festival da Primavera de 2026 do CMG realiza o primeiro ensaio na contagem regressiva de 30 dias - CRI e Diario de Pernambuco","isPartOf":{"@id":"https:\/\/diariodepe.com.br\/cri\/#website"},"primaryImageOfPage":{"@id":"https:\/\/diariodepe.com.br\/cri\/2026\/01\/20\/gala-do-festival-da-primavera-de-2026-do-cmg-realiza-o-primeiro-ensaio-na-contagem-regressiva-de-30-dias\/#primaryimage"},"image":{"@id":"https:\/\/diariodepe.com.br\/cri\/2026\/01\/20\/gala-do-festival-da-primavera-de-2026-do-cmg-realiza-o-primeiro-ensaio-na-contagem-regressiva-de-30-dias\/#primaryimage"},"thumbnailUrl":"https:\/\/38picres.cgtn.com\/photoAlbum\/page\/performance\/img\/2026\/1\/17\/1768654060143_657.gif","datePublished":"2026-01-21T02:36:05+00:00","breadcrumb":{"@id":"https:\/\/diariodepe.com.br\/cri\/2026\/01\/20\/gala-do-festival-da-primavera-de-2026-do-cmg-realiza-o-primeiro-ensaio-na-contagem-regressiva-de-30-dias\/#breadcrumb"},"inLanguage":"pt-BR","potentialAction":[{"@type":"ReadAction","target":["https:\/\/diariodepe.com.br\/cri\/2026\/01\/20\/gala-do-festival-da-primavera-de-2026-do-cmg-realiza-o-primeiro-ensaio-na-contagem-regressiva-de-30-dias\/"]}]},{"@type":"ImageObject","inLanguage":"pt-BR","@id":"https:\/\/diariodepe.com.br\/cri\/2026\/01\/20\/gala-do-festival-da-primavera-de-2026-do-cmg-realiza-o-primeiro-ensaio-na-contagem-regressiva-de-30-dias\/#primaryimage","url":"https:\/\/38picres.cgtn.com\/photoAlbum\/page\/performance\/img\/2026\/1\/17\/1768654060143_657.gif","contentUrl":"https:\/\/38picres.cgtn.com\/photoAlbum\/page\/performance\/img\/2026\/1\/17\/1768654060143_657.gif"},{"@type":"BreadcrumbList","@id":"https:\/\/diariodepe.com.br\/cri\/2026\/01\/20\/gala-do-festival-da-primavera-de-2026-do-cmg-realiza-o-primeiro-ensaio-na-contagem-regressiva-de-30-dias\/#breadcrumb","itemListElement":[{"@type":"ListItem","position":1,"name":"In\u00edcio","item":"https:\/\/diariodepe.com.br\/cri\/"},{"@type":"ListItem","position":2,"name":"Gala do Festival da Primavera de 2026 do CMG realiza o primeiro ensaio na contagem regressiva de 30 dias"}]},{"@type":"WebSite","@id":"https:\/\/diariodepe.com.br\/cri\/#website","url":"https:\/\/diariodepe.com.br\/cri\/","name":"CRI e Diario de Pernambuco","description":"R\u00e1dio Internacional da China","publisher":{"@id":"https:\/\/diariodepe.com.br\/cri\/#organization"},"potentialAction":[{"@type":"SearchAction","target":{"@type":"EntryPoint","urlTemplate":"https:\/\/diariodepe.com.br\/cri\/?s={search_term_string}"},"query-input":{"@type":"PropertyValueSpecification","valueRequired":true,"valueName":"search_term_string"}}],"inLanguage":"pt-BR"},{"@type":"Organization","@id":"https:\/\/diariodepe.com.br\/cri\/#organization","name":"CRI e Diario de Pernambuco","url":"https:\/\/diariodepe.com.br\/cri\/","logo":{"@type":"ImageObject","inLanguage":"pt-BR","@id":"https:\/\/diariodepe.com.br\/cri\/#\/schema\/logo\/image\/","url":"https:\/\/diariodepe.com.br\/cri\/wp-content\/uploads\/sites\/2\/2022\/12\/cropped-Logo.jpg","contentUrl":"https:\/\/diariodepe.com.br\/cri\/wp-content\/uploads\/sites\/2\/2022\/12\/cropped-Logo.jpg","width":700,"height":59,"caption":"CRI e Diario de Pernambuco"},"image":{"@id":"https:\/\/diariodepe.com.br\/cri\/#\/schema\/logo\/image\/"}},{"@type":"Person","@id":"https:\/\/diariodepe.com.br\/cri\/#\/schema\/person\/e474aead631cd4098632e11d3fbce118","name":"CRI Portugu\u00eas","image":{"@type":"ImageObject","inLanguage":"pt-BR","@id":"https:\/\/secure.gravatar.com\/avatar\/e2ac889ef882d4dc53091b610766dce49106cf9fe98c76e06745abb0993b2763?s=96&d=mm&r=g","url":"https:\/\/secure.gravatar.com\/avatar\/e2ac889ef882d4dc53091b610766dce49106cf9fe98c76e06745abb0993b2763?s=96&d=mm&r=g","contentUrl":"https:\/\/secure.gravatar.com\/avatar\/e2ac889ef882d4dc53091b610766dce49106cf9fe98c76e06745abb0993b2763?s=96&d=mm&r=g","caption":"CRI Portugu\u00eas"},"sameAs":["https:\/\/www.diariodepernambuco.com.br\/"],"url":"https:\/\/diariodepe.com.br\/cri\/author\/agencia-cri\/"}]}},"cc_featured_image_caption":{"caption_text":"","source_text":"","source_url":""},"amp_enabled":true,"_links":{"self":[{"href":"https:\/\/diariodepe.com.br\/cri\/wp-json\/wp\/v2\/posts\/10464","targetHints":{"allow":["GET"]}}],"collection":[{"href":"https:\/\/diariodepe.com.br\/cri\/wp-json\/wp\/v2\/posts"}],"about":[{"href":"https:\/\/diariodepe.com.br\/cri\/wp-json\/wp\/v2\/types\/post"}],"author":[{"embeddable":true,"href":"https:\/\/diariodepe.com.br\/cri\/wp-json\/wp\/v2\/users\/5"}],"replies":[{"embeddable":true,"href":"https:\/\/diariodepe.com.br\/cri\/wp-json\/wp\/v2\/comments?post=10464"}],"version-history":[{"count":1,"href":"https:\/\/diariodepe.com.br\/cri\/wp-json\/wp\/v2\/posts\/10464\/revisions"}],"predecessor-version":[{"id":10465,"href":"https:\/\/diariodepe.com.br\/cri\/wp-json\/wp\/v2\/posts\/10464\/revisions\/10465"}],"wp:attachment":[{"href":"https:\/\/diariodepe.com.br\/cri\/wp-json\/wp\/v2\/media?parent=10464"}],"wp:term":[{"taxonomy":"category","embeddable":true,"href":"https:\/\/diariodepe.com.br\/cri\/wp-json\/wp\/v2\/categories?post=10464"},{"taxonomy":"post_tag","embeddable":true,"href":"https:\/\/diariodepe.com.br\/cri\/wp-json\/wp\/v2\/tags?post=10464"}],"curies":[{"name":"wp","href":"https:\/\/api.w.org\/{rel}","templated":true}]}}