{"id":1045,"date":"2023-04-18T00:02:20","date_gmt":"2023-04-18T03:02:20","guid":{"rendered":"https:\/\/diariodepe.com.br\/cri\/?p=1045"},"modified":"2023-04-18T00:02:20","modified_gmt":"2023-04-18T03:02:20","slug":"salao-de-exibicao-da-historia-do-cmg-e-inaugurado","status":"publish","type":"post","link":"https:\/\/diariodepe.com.br\/cri\/2023\/04\/18\/salao-de-exibicao-da-historia-do-cmg-e-inaugurado\/","title":{"rendered":"Sal\u00e3o de Exibi\u00e7\u00e3o da Hist\u00f3ria do CMG \u00e9 inaugurado"},"content":{"rendered":"<p>Foi realizada nesta sexta-feira (24) a cerim\u00f4nia de inaugura\u00e7\u00e3o do Sal\u00e3o de Exibi\u00e7\u00e3o da Hist\u00f3ria do Grupo de M\u00eddia da China (CMG, sigla em ingl\u00eas).<\/p>\n<p>Em seu discurso na ocasi\u00e3o, o presidente do CMG, Shen Haixiong, disse que o Sal\u00e3o de Exibi\u00e7\u00e3o apresenta os anos emocionantes do CMG, conta suas hist\u00f3rias inesquec\u00edveis e re\u00fane mem\u00f3rias preciosas.<\/p>\n<p>Segundo Shen, em mar\u00e7o de 2018, o secret\u00e1rio-geral do Partido Comunista da China (PCCh), Xi Jinping, tomou a decis\u00e3o estrat\u00e9gica de estabelecer o Grupo de M\u00eddia da China, abrindo um novo cap\u00edtulo da causa da transmiss\u00e3o de r\u00e1dio e TV e do trabalho de imprensa na nova era.<\/p>\n<p>O presidente do Grupo salientou que a cria\u00e7\u00e3o do Sal\u00e3o de Exibi\u00e7\u00e3o visa inspirar o pessoal do CMG a herdar o gene revolucion\u00e1rio, levar adiante o bom estilo de trabalho, bem como servir melhor as causas do Partido e do Estado.<\/p>\n<p>Ele tamb\u00e9m pediu esfor\u00e7os de todos os funcion\u00e1rios para transformar o CMG em um ve\u00edculo de m\u00eddia de classe mundial com forte capacidade de orienta\u00e7\u00e3o e comunica\u00e7\u00e3o e ampla influ\u00eancia, a fim de fazer maiores contribui\u00e7\u00f5es para a grande revitaliza\u00e7\u00e3o da na\u00e7\u00e3o chinesa.<\/p>\n<p>O Sal\u00e3o de Exibi\u00e7\u00e3o conta com mais de 1.200 objetos, apresentando vividamente a hist\u00f3ria do desenvolvimento da causa da transmiss\u00e3o de r\u00e1dio e TV do Partido por meio de imagens, textos, \u00e1udios, v\u00eddeos e rel\u00edquias culturais.<\/p>\n","protected":false},"excerpt":{"rendered":"<p>Foi realizada nesta sexta-feira (24) a cerim\u00f4nia de inaugura\u00e7\u00e3o do Sal\u00e3o de Exibi\u00e7\u00e3o da Hist\u00f3ria do Grupo de M\u00eddia da China (CMG, sigla em ingl\u00eas). Em seu discurso na ocasi\u00e3o, o presidente do CMG, Shen Haixiong, disse que o Sal\u00e3o&#8230;<\/p>\n","protected":false},"author":2,"featured_media":1046,"comment_status":"open","ping_status":"open","sticky":false,"template":"","format":"standard","meta":{"footnotes":""},"categories":[3],"tags":[],"class_list":["post-1045","post","type-post","status-publish","format-standard","has-post-thumbnail","hentry","category-china"],"yoast_head":"<!-- This site is optimized with the Yoast SEO plugin v27.4 - https:\/\/yoast.com\/product\/yoast-seo-wordpress\/ -->\n<title>Sal\u00e3o de Exibi\u00e7\u00e3o da Hist\u00f3ria do CMG \u00e9 inaugurado - CRI e Diario de Pernambuco<\/title>\n<meta name=\"robots\" content=\"index, follow, max-snippet:-1, max-image-preview:large, max-video-preview:-1\" \/>\n<link rel=\"canonical\" href=\"https:\/\/diariodepe.com.br\/cri\/2023\/04\/18\/salao-de-exibicao-da-historia-do-cmg-e-inaugurado\/\" \/>\n<meta property=\"og:locale\" content=\"pt_BR\" \/>\n<meta property=\"og:type\" content=\"article\" \/>\n<meta property=\"og:title\" content=\"Sal\u00e3o de Exibi\u00e7\u00e3o da Hist\u00f3ria do CMG \u00e9 inaugurado - CRI e Diario de Pernambuco\" \/>\n<meta property=\"og:description\" content=\"Foi realizada nesta sexta-feira (24) a cerim\u00f4nia de inaugura\u00e7\u00e3o do Sal\u00e3o de Exibi\u00e7\u00e3o da Hist\u00f3ria do Grupo de M\u00eddia da China (CMG, sigla em ingl\u00eas). Em seu discurso na ocasi\u00e3o, o presidente do CMG, Shen Haixiong, disse que o Sal\u00e3o...\" \/>\n<meta property=\"og:url\" content=\"https:\/\/diariodepe.com.br\/cri\/2023\/04\/18\/salao-de-exibicao-da-historia-do-cmg-e-inaugurado\/\" \/>\n<meta property=\"og:site_name\" content=\"CRI e Diario de Pernambuco\" \/>\n<meta property=\"article:published_time\" content=\"2023-04-18T03:02:20+00:00\" \/>\n<meta property=\"og:image\" content=\"https:\/\/diariodepe.com.br\/cri\/wp-content\/uploads\/sites\/2\/2023\/04\/2023032416031321428-scaled.jpg\" \/>\n\t<meta property=\"og:image:width\" content=\"2560\" \/>\n\t<meta property=\"og:image:height\" content=\"1694\" \/>\n\t<meta property=\"og:image:type\" content=\"image\/jpeg\" \/>\n<meta name=\"author\" content=\"Ismael Lucas S. Pereira\" \/>\n<meta name=\"twitter:card\" content=\"summary_large_image\" \/>\n<meta name=\"twitter:label1\" content=\"Escrito por\" \/>\n\t<meta name=\"twitter:data1\" content=\"Ismael Lucas S. Pereira\" \/>\n\t<meta name=\"twitter:label2\" content=\"Est. tempo de leitura\" \/>\n\t<meta name=\"twitter:data2\" content=\"2 minutos\" \/>\n<script type=\"application\/ld+json\" class=\"yoast-schema-graph\">{\"@context\":\"https:\\\/\\\/schema.org\",\"@graph\":[{\"@type\":\"Article\",\"@id\":\"https:\\\/\\\/diariodepe.com.br\\\/cri\\\/2023\\\/04\\\/18\\\/salao-de-exibicao-da-historia-do-cmg-e-inaugurado\\\/#article\",\"isPartOf\":{\"@id\":\"https:\\\/\\\/diariodepe.com.br\\\/cri\\\/2023\\\/04\\\/18\\\/salao-de-exibicao-da-historia-do-cmg-e-inaugurado\\\/\"},\"author\":{\"name\":\"Ismael Lucas S. Pereira\",\"@id\":\"https:\\\/\\\/diariodepe.com.br\\\/cri\\\/#\\\/schema\\\/person\\\/121bb28d84f1a5b1205ef4ce9c2e0c6b\"},\"headline\":\"Sal\u00e3o de Exibi\u00e7\u00e3o da Hist\u00f3ria do CMG \u00e9 inaugurado\",\"datePublished\":\"2023-04-18T03:02:20+00:00\",\"mainEntityOfPage\":{\"@id\":\"https:\\\/\\\/diariodepe.com.br\\\/cri\\\/2023\\\/04\\\/18\\\/salao-de-exibicao-da-historia-do-cmg-e-inaugurado\\\/\"},\"wordCount\":276,\"commentCount\":0,\"publisher\":{\"@id\":\"https:\\\/\\\/diariodepe.com.br\\\/cri\\\/#organization\"},\"image\":{\"@id\":\"https:\\\/\\\/diariodepe.com.br\\\/cri\\\/2023\\\/04\\\/18\\\/salao-de-exibicao-da-historia-do-cmg-e-inaugurado\\\/#primaryimage\"},\"thumbnailUrl\":\"https:\\\/\\\/diariodepe.com.br\\\/cri\\\/wp-content\\\/uploads\\\/sites\\\/2\\\/2023\\\/04\\\/2023032416031321428-scaled.jpg\",\"articleSection\":[\"China\"],\"inLanguage\":\"pt-BR\",\"potentialAction\":[{\"@type\":\"CommentAction\",\"name\":\"Comment\",\"target\":[\"https:\\\/\\\/diariodepe.com.br\\\/cri\\\/2023\\\/04\\\/18\\\/salao-de-exibicao-da-historia-do-cmg-e-inaugurado\\\/#respond\"]}]},{\"@type\":\"WebPage\",\"@id\":\"https:\\\/\\\/diariodepe.com.br\\\/cri\\\/2023\\\/04\\\/18\\\/salao-de-exibicao-da-historia-do-cmg-e-inaugurado\\\/\",\"url\":\"https:\\\/\\\/diariodepe.com.br\\\/cri\\\/2023\\\/04\\\/18\\\/salao-de-exibicao-da-historia-do-cmg-e-inaugurado\\\/\",\"name\":\"Sal\u00e3o de Exibi\u00e7\u00e3o da Hist\u00f3ria do CMG \u00e9 inaugurado - CRI e Diario de Pernambuco\",\"isPartOf\":{\"@id\":\"https:\\\/\\\/diariodepe.com.br\\\/cri\\\/#website\"},\"primaryImageOfPage\":{\"@id\":\"https:\\\/\\\/diariodepe.com.br\\\/cri\\\/2023\\\/04\\\/18\\\/salao-de-exibicao-da-historia-do-cmg-e-inaugurado\\\/#primaryimage\"},\"image\":{\"@id\":\"https:\\\/\\\/diariodepe.com.br\\\/cri\\\/2023\\\/04\\\/18\\\/salao-de-exibicao-da-historia-do-cmg-e-inaugurado\\\/#primaryimage\"},\"thumbnailUrl\":\"https:\\\/\\\/diariodepe.com.br\\\/cri\\\/wp-content\\\/uploads\\\/sites\\\/2\\\/2023\\\/04\\\/2023032416031321428-scaled.jpg\",\"datePublished\":\"2023-04-18T03:02:20+00:00\",\"breadcrumb\":{\"@id\":\"https:\\\/\\\/diariodepe.com.br\\\/cri\\\/2023\\\/04\\\/18\\\/salao-de-exibicao-da-historia-do-cmg-e-inaugurado\\\/#breadcrumb\"},\"inLanguage\":\"pt-BR\",\"potentialAction\":[{\"@type\":\"ReadAction\",\"target\":[\"https:\\\/\\\/diariodepe.com.br\\\/cri\\\/2023\\\/04\\\/18\\\/salao-de-exibicao-da-historia-do-cmg-e-inaugurado\\\/\"]}]},{\"@type\":\"ImageObject\",\"inLanguage\":\"pt-BR\",\"@id\":\"https:\\\/\\\/diariodepe.com.br\\\/cri\\\/2023\\\/04\\\/18\\\/salao-de-exibicao-da-historia-do-cmg-e-inaugurado\\\/#primaryimage\",\"url\":\"https:\\\/\\\/diariodepe.com.br\\\/cri\\\/wp-content\\\/uploads\\\/sites\\\/2\\\/2023\\\/04\\\/2023032416031321428-scaled.jpg\",\"contentUrl\":\"https:\\\/\\\/diariodepe.com.br\\\/cri\\\/wp-content\\\/uploads\\\/sites\\\/2\\\/2023\\\/04\\\/2023032416031321428-scaled.jpg\",\"width\":2560,\"height\":1694},{\"@type\":\"BreadcrumbList\",\"@id\":\"https:\\\/\\\/diariodepe.com.br\\\/cri\\\/2023\\\/04\\\/18\\\/salao-de-exibicao-da-historia-do-cmg-e-inaugurado\\\/#breadcrumb\",\"itemListElement\":[{\"@type\":\"ListItem\",\"position\":1,\"name\":\"In\u00edcio\",\"item\":\"https:\\\/\\\/diariodepe.com.br\\\/cri\\\/\"},{\"@type\":\"ListItem\",\"position\":2,\"name\":\"Sal\u00e3o de Exibi\u00e7\u00e3o da Hist\u00f3ria do CMG \u00e9 inaugurado\"}]},{\"@type\":\"WebSite\",\"@id\":\"https:\\\/\\\/diariodepe.com.br\\\/cri\\\/#website\",\"url\":\"https:\\\/\\\/diariodepe.com.br\\\/cri\\\/\",\"name\":\"CRI e Diario de Pernambuco\",\"description\":\"R\u00e1dio Internacional da China\",\"publisher\":{\"@id\":\"https:\\\/\\\/diariodepe.com.br\\\/cri\\\/#organization\"},\"potentialAction\":[{\"@type\":\"SearchAction\",\"target\":{\"@type\":\"EntryPoint\",\"urlTemplate\":\"https:\\\/\\\/diariodepe.com.br\\\/cri\\\/?s={search_term_string}\"},\"query-input\":{\"@type\":\"PropertyValueSpecification\",\"valueRequired\":true,\"valueName\":\"search_term_string\"}}],\"inLanguage\":\"pt-BR\"},{\"@type\":\"Organization\",\"@id\":\"https:\\\/\\\/diariodepe.com.br\\\/cri\\\/#organization\",\"name\":\"CRI e Diario de Pernambuco\",\"url\":\"https:\\\/\\\/diariodepe.com.br\\\/cri\\\/\",\"logo\":{\"@type\":\"ImageObject\",\"inLanguage\":\"pt-BR\",\"@id\":\"https:\\\/\\\/diariodepe.com.br\\\/cri\\\/#\\\/schema\\\/logo\\\/image\\\/\",\"url\":\"https:\\\/\\\/diariodepe.com.br\\\/cri\\\/wp-content\\\/uploads\\\/sites\\\/2\\\/2022\\\/12\\\/cropped-Logo.jpg\",\"contentUrl\":\"https:\\\/\\\/diariodepe.com.br\\\/cri\\\/wp-content\\\/uploads\\\/sites\\\/2\\\/2022\\\/12\\\/cropped-Logo.jpg\",\"width\":700,\"height\":59,\"caption\":\"CRI e Diario de Pernambuco\"},\"image\":{\"@id\":\"https:\\\/\\\/diariodepe.com.br\\\/cri\\\/#\\\/schema\\\/logo\\\/image\\\/\"}},{\"@type\":\"Person\",\"@id\":\"https:\\\/\\\/diariodepe.com.br\\\/cri\\\/#\\\/schema\\\/person\\\/121bb28d84f1a5b1205ef4ce9c2e0c6b\",\"name\":\"Ismael Lucas S. Pereira\",\"image\":{\"@type\":\"ImageObject\",\"inLanguage\":\"pt-BR\",\"@id\":\"https:\\\/\\\/secure.gravatar.com\\\/avatar\\\/887a0f3b5a7ceea963a48499fb883ffce6b5037362def025c52c2505b15d63e4?s=96&d=mm&r=g\",\"url\":\"https:\\\/\\\/secure.gravatar.com\\\/avatar\\\/887a0f3b5a7ceea963a48499fb883ffce6b5037362def025c52c2505b15d63e4?s=96&d=mm&r=g\",\"contentUrl\":\"https:\\\/\\\/secure.gravatar.com\\\/avatar\\\/887a0f3b5a7ceea963a48499fb883ffce6b5037362def025c52c2505b15d63e4?s=96&d=mm&r=g\",\"caption\":\"Ismael Lucas S. Pereira\"},\"url\":\"https:\\\/\\\/diariodepe.com.br\\\/cri\\\/author\\\/ismael-lucas\\\/\"}]}<\/script>\n<!-- \/ Yoast SEO plugin. -->","yoast_head_json":{"title":"Sal\u00e3o de Exibi\u00e7\u00e3o da Hist\u00f3ria do CMG \u00e9 inaugurado - CRI e Diario de Pernambuco","robots":{"index":"index","follow":"follow","max-snippet":"max-snippet:-1","max-image-preview":"max-image-preview:large","max-video-preview":"max-video-preview:-1"},"canonical":"https:\/\/diariodepe.com.br\/cri\/2023\/04\/18\/salao-de-exibicao-da-historia-do-cmg-e-inaugurado\/","og_locale":"pt_BR","og_type":"article","og_title":"Sal\u00e3o de Exibi\u00e7\u00e3o da Hist\u00f3ria do CMG \u00e9 inaugurado - CRI e Diario de Pernambuco","og_description":"Foi realizada nesta sexta-feira (24) a cerim\u00f4nia de inaugura\u00e7\u00e3o do Sal\u00e3o de Exibi\u00e7\u00e3o da Hist\u00f3ria do Grupo de M\u00eddia da China (CMG, sigla em ingl\u00eas). Em seu discurso na ocasi\u00e3o, o presidente do CMG, Shen Haixiong, disse que o Sal\u00e3o...","og_url":"https:\/\/diariodepe.com.br\/cri\/2023\/04\/18\/salao-de-exibicao-da-historia-do-cmg-e-inaugurado\/","og_site_name":"CRI e Diario de Pernambuco","article_published_time":"2023-04-18T03:02:20+00:00","og_image":[{"width":2560,"height":1694,"url":"https:\/\/diariodepe.com.br\/cri\/wp-content\/uploads\/sites\/2\/2023\/04\/2023032416031321428-scaled.jpg","type":"image\/jpeg"}],"author":"Ismael Lucas S. Pereira","twitter_card":"summary_large_image","twitter_misc":{"Escrito por":"Ismael Lucas S. Pereira","Est. tempo de leitura":"2 minutos"},"schema":{"@context":"https:\/\/schema.org","@graph":[{"@type":"Article","@id":"https:\/\/diariodepe.com.br\/cri\/2023\/04\/18\/salao-de-exibicao-da-historia-do-cmg-e-inaugurado\/#article","isPartOf":{"@id":"https:\/\/diariodepe.com.br\/cri\/2023\/04\/18\/salao-de-exibicao-da-historia-do-cmg-e-inaugurado\/"},"author":{"name":"Ismael Lucas S. Pereira","@id":"https:\/\/diariodepe.com.br\/cri\/#\/schema\/person\/121bb28d84f1a5b1205ef4ce9c2e0c6b"},"headline":"Sal\u00e3o de Exibi\u00e7\u00e3o da Hist\u00f3ria do CMG \u00e9 inaugurado","datePublished":"2023-04-18T03:02:20+00:00","mainEntityOfPage":{"@id":"https:\/\/diariodepe.com.br\/cri\/2023\/04\/18\/salao-de-exibicao-da-historia-do-cmg-e-inaugurado\/"},"wordCount":276,"commentCount":0,"publisher":{"@id":"https:\/\/diariodepe.com.br\/cri\/#organization"},"image":{"@id":"https:\/\/diariodepe.com.br\/cri\/2023\/04\/18\/salao-de-exibicao-da-historia-do-cmg-e-inaugurado\/#primaryimage"},"thumbnailUrl":"https:\/\/diariodepe.com.br\/cri\/wp-content\/uploads\/sites\/2\/2023\/04\/2023032416031321428-scaled.jpg","articleSection":["China"],"inLanguage":"pt-BR","potentialAction":[{"@type":"CommentAction","name":"Comment","target":["https:\/\/diariodepe.com.br\/cri\/2023\/04\/18\/salao-de-exibicao-da-historia-do-cmg-e-inaugurado\/#respond"]}]},{"@type":"WebPage","@id":"https:\/\/diariodepe.com.br\/cri\/2023\/04\/18\/salao-de-exibicao-da-historia-do-cmg-e-inaugurado\/","url":"https:\/\/diariodepe.com.br\/cri\/2023\/04\/18\/salao-de-exibicao-da-historia-do-cmg-e-inaugurado\/","name":"Sal\u00e3o de Exibi\u00e7\u00e3o da Hist\u00f3ria do CMG \u00e9 inaugurado - CRI e Diario de Pernambuco","isPartOf":{"@id":"https:\/\/diariodepe.com.br\/cri\/#website"},"primaryImageOfPage":{"@id":"https:\/\/diariodepe.com.br\/cri\/2023\/04\/18\/salao-de-exibicao-da-historia-do-cmg-e-inaugurado\/#primaryimage"},"image":{"@id":"https:\/\/diariodepe.com.br\/cri\/2023\/04\/18\/salao-de-exibicao-da-historia-do-cmg-e-inaugurado\/#primaryimage"},"thumbnailUrl":"https:\/\/diariodepe.com.br\/cri\/wp-content\/uploads\/sites\/2\/2023\/04\/2023032416031321428-scaled.jpg","datePublished":"2023-04-18T03:02:20+00:00","breadcrumb":{"@id":"https:\/\/diariodepe.com.br\/cri\/2023\/04\/18\/salao-de-exibicao-da-historia-do-cmg-e-inaugurado\/#breadcrumb"},"inLanguage":"pt-BR","potentialAction":[{"@type":"ReadAction","target":["https:\/\/diariodepe.com.br\/cri\/2023\/04\/18\/salao-de-exibicao-da-historia-do-cmg-e-inaugurado\/"]}]},{"@type":"ImageObject","inLanguage":"pt-BR","@id":"https:\/\/diariodepe.com.br\/cri\/2023\/04\/18\/salao-de-exibicao-da-historia-do-cmg-e-inaugurado\/#primaryimage","url":"https:\/\/diariodepe.com.br\/cri\/wp-content\/uploads\/sites\/2\/2023\/04\/2023032416031321428-scaled.jpg","contentUrl":"https:\/\/diariodepe.com.br\/cri\/wp-content\/uploads\/sites\/2\/2023\/04\/2023032416031321428-scaled.jpg","width":2560,"height":1694},{"@type":"BreadcrumbList","@id":"https:\/\/diariodepe.com.br\/cri\/2023\/04\/18\/salao-de-exibicao-da-historia-do-cmg-e-inaugurado\/#breadcrumb","itemListElement":[{"@type":"ListItem","position":1,"name":"In\u00edcio","item":"https:\/\/diariodepe.com.br\/cri\/"},{"@type":"ListItem","position":2,"name":"Sal\u00e3o de Exibi\u00e7\u00e3o da Hist\u00f3ria do CMG \u00e9 inaugurado"}]},{"@type":"WebSite","@id":"https:\/\/diariodepe.com.br\/cri\/#website","url":"https:\/\/diariodepe.com.br\/cri\/","name":"CRI e Diario de Pernambuco","description":"R\u00e1dio Internacional da China","publisher":{"@id":"https:\/\/diariodepe.com.br\/cri\/#organization"},"potentialAction":[{"@type":"SearchAction","target":{"@type":"EntryPoint","urlTemplate":"https:\/\/diariodepe.com.br\/cri\/?s={search_term_string}"},"query-input":{"@type":"PropertyValueSpecification","valueRequired":true,"valueName":"search_term_string"}}],"inLanguage":"pt-BR"},{"@type":"Organization","@id":"https:\/\/diariodepe.com.br\/cri\/#organization","name":"CRI e Diario de Pernambuco","url":"https:\/\/diariodepe.com.br\/cri\/","logo":{"@type":"ImageObject","inLanguage":"pt-BR","@id":"https:\/\/diariodepe.com.br\/cri\/#\/schema\/logo\/image\/","url":"https:\/\/diariodepe.com.br\/cri\/wp-content\/uploads\/sites\/2\/2022\/12\/cropped-Logo.jpg","contentUrl":"https:\/\/diariodepe.com.br\/cri\/wp-content\/uploads\/sites\/2\/2022\/12\/cropped-Logo.jpg","width":700,"height":59,"caption":"CRI e Diario de Pernambuco"},"image":{"@id":"https:\/\/diariodepe.com.br\/cri\/#\/schema\/logo\/image\/"}},{"@type":"Person","@id":"https:\/\/diariodepe.com.br\/cri\/#\/schema\/person\/121bb28d84f1a5b1205ef4ce9c2e0c6b","name":"Ismael Lucas S. Pereira","image":{"@type":"ImageObject","inLanguage":"pt-BR","@id":"https:\/\/secure.gravatar.com\/avatar\/887a0f3b5a7ceea963a48499fb883ffce6b5037362def025c52c2505b15d63e4?s=96&d=mm&r=g","url":"https:\/\/secure.gravatar.com\/avatar\/887a0f3b5a7ceea963a48499fb883ffce6b5037362def025c52c2505b15d63e4?s=96&d=mm&r=g","contentUrl":"https:\/\/secure.gravatar.com\/avatar\/887a0f3b5a7ceea963a48499fb883ffce6b5037362def025c52c2505b15d63e4?s=96&d=mm&r=g","caption":"Ismael Lucas S. Pereira"},"url":"https:\/\/diariodepe.com.br\/cri\/author\/ismael-lucas\/"}]}},"cc_featured_image_caption":{"caption_text":false,"source_text":false,"source_url":false},"amp_enabled":true,"_links":{"self":[{"href":"https:\/\/diariodepe.com.br\/cri\/wp-json\/wp\/v2\/posts\/1045","targetHints":{"allow":["GET"]}}],"collection":[{"href":"https:\/\/diariodepe.com.br\/cri\/wp-json\/wp\/v2\/posts"}],"about":[{"href":"https:\/\/diariodepe.com.br\/cri\/wp-json\/wp\/v2\/types\/post"}],"author":[{"embeddable":true,"href":"https:\/\/diariodepe.com.br\/cri\/wp-json\/wp\/v2\/users\/2"}],"replies":[{"embeddable":true,"href":"https:\/\/diariodepe.com.br\/cri\/wp-json\/wp\/v2\/comments?post=1045"}],"version-history":[{"count":1,"href":"https:\/\/diariodepe.com.br\/cri\/wp-json\/wp\/v2\/posts\/1045\/revisions"}],"predecessor-version":[{"id":1047,"href":"https:\/\/diariodepe.com.br\/cri\/wp-json\/wp\/v2\/posts\/1045\/revisions\/1047"}],"wp:featuredmedia":[{"embeddable":true,"href":"https:\/\/diariodepe.com.br\/cri\/wp-json\/wp\/v2\/media\/1046"}],"wp:attachment":[{"href":"https:\/\/diariodepe.com.br\/cri\/wp-json\/wp\/v2\/media?parent=1045"}],"wp:term":[{"taxonomy":"category","embeddable":true,"href":"https:\/\/diariodepe.com.br\/cri\/wp-json\/wp\/v2\/categories?post=1045"},{"taxonomy":"post_tag","embeddable":true,"href":"https:\/\/diariodepe.com.br\/cri\/wp-json\/wp\/v2\/tags?post=1045"}],"curies":[{"name":"wp","href":"https:\/\/api.w.org\/{rel}","templated":true}]}}