{"id":10443,"date":"2026-01-20T23:14:23","date_gmt":"2026-01-21T02:14:23","guid":{"rendered":"https:\/\/diariodepe.com.br\/cri\/?p=10443"},"modified":"2026-01-20T23:14:23","modified_gmt":"2026-01-21T02:14:23","slug":"o-controle-da-china-sobre-a-exportacao-de-itens-de-uso-duplo-ao-japao-e-justificado-e-razoavel","status":"publish","type":"post","link":"https:\/\/diariodepe.com.br\/cri\/2026\/01\/20\/o-controle-da-china-sobre-a-exportacao-de-itens-de-uso-duplo-ao-japao-e-justificado-e-razoavel\/","title":{"rendered":"O controle da China sobre a exporta\u00e7\u00e3o de itens de uso duplo ao Jap\u00e3o \u00e9 justificado e razo\u00e1vel"},"content":{"rendered":"<p><img decoding=\"async\" src=\"https:\/\/38picres.cgtn.com\/photoAlbum\/page\/performance\/img\/2026\/1\/16\/1768534411883_378.jpg\" \/><\/p>\n<p><span dir=\"LTR\">Recentemente, a China introduziu<\/span><span dir=\"LTR\">\u00a0medidas<\/span><span dir=\"LTR\">\u00a0<\/span><span dir=\"LTR\">de\u00a0<\/span><span dir=\"LTR\">controle sobre a exporta\u00e7<\/span><span dir=\"LTR\">\u00e3o<\/span><span dir=\"LTR\">\u00a0de\u00a0<\/span><span dir=\"LTR\">itens de uso duplo a<\/span><span dir=\"LTR\">o Jap\u00e3o.\u00a0<\/span><span dir=\"LTR\">Em vez de enfrentar de forma respons\u00e1vel as\u00a0<\/span><span dir=\"LTR\">causas\u00a0<\/span><span dir=\"LTR\">profundas\u00a0<\/span><span dir=\"LTR\">do problema<\/span><span dir=\"LTR\">,<\/span><span dir=\"LTR\">\u00a0<\/span><span dir=\"LTR\">a parte japonesa\u00a0<\/span><span dir=\"LTR\">acusou<\/span><span dir=\"LTR\">\u00a0<\/span><span dir=\"LTR\">a China<\/span><span dir=\"LTR\">\u00a0de forma<\/span><span dir=\"LTR\">\u00a0<\/span><span dir=\"LTR\">infundada,<\/span><span dir=\"LTR\">\u00a0de exercer<\/span><span dir=\"LTR\">\u00a0\u201c<\/span><span dir=\"LTR\">co<\/span><span dir=\"LTR\">er<\/span><span dir=\"LTR\">\u00e7\u00e3o econ\u00f4mica<\/span><span dir=\"LTR\">\u201d<\/span><span dir=\"LTR\">.\u00a0<\/span><\/p>\n<p><span dir=\"LTR\">Em rea\u00e7\u00e3o a isso, a\u00a0<\/span><span dir=\"LTR\">primeira-ministra japonesa, Sanae Takaichi, exigiu<\/span><span dir=\"LTR\">,<\/span><span dir=\"LTR\">\u00a0de\u00a0<\/span><span dir=\"LTR\">maneira considerada<\/span><span dir=\"LTR\">\u00a0irracional, que a China retirasse\u00a0<\/span><span dir=\"LTR\">essas medidas de controle<\/span><span dir=\"LTR\">.\u00a0<\/span><span dir=\"LTR\">Como resposta<\/span><span dir=\"LTR\">, o Minist\u00e9rio do Com\u00e9rcio\u00a0<\/span><span dir=\"LTR\">da China<\/span><span dir=\"LTR\">\u00a0enfatizou<\/span><span dir=\"LTR\">,<\/span><span dir=\"LTR\">\u00a0na quinta-feira<\/span><span dir=\"LTR\">\u00a0(15), que se op\u00f5e firmemente \u00e0 exig\u00eancia e n\u00e3o a aceita.<\/span><\/p>\n<p><span dir=\"LTR\">Itens<\/span><span dir=\"LTR\">\u00a0de\u00a0<\/span><span dir=\"LTR\">uso duplo, conforme o regulamento chin\u00eas,<\/span><span dir=\"LTR\">\u00a0s\u00e3o\u00a0<\/span><span dir=\"LTR\">mercadorias<\/span><span dir=\"LTR\">, tecnologias e servi\u00e7os que\u00a0<\/span><span dir=\"LTR\">t\u00eam utiliza\u00e7\u00f5es tanto civis quanto\u00a0<\/span><span dir=\"LTR\">militares ou que\u00a0<\/span><span dir=\"LTR\">contribuem para refor\u00e7ar<\/span><span dir=\"LTR\">\u00a0o potencial militar<\/span><span dir=\"LTR\">, especialmente os que podem ser usados para o projeto,\u00a0<\/span><span dir=\"LTR\">desenvolvimento, produ\u00e7\u00e3o e utiliza\u00e7\u00e3o de armas de destrui\u00e7\u00e3o maci\u00e7a e d<\/span><span dir=\"LTR\">e<\/span><span dir=\"LTR\">\u00a0seus\u00a0<\/span><span dir=\"LTR\">meios<\/span><span dir=\"LTR\">\u00a0de lan\u00e7amento<\/span><span dir=\"LTR\">, incluindo<\/span><span dir=\"LTR\">\u00a0dados\u00a0<\/span><span dir=\"LTR\">t\u00e9cnicos relacionados.<\/span><\/p>\n<p><span dir=\"LTR\">\u00c9 d<\/span><span dir=\"LTR\">e<\/span><span dir=\"LTR\">\u00a0conhecimento geral que, desde que assumiu o poder, o governo\u00a0<\/span><span dir=\"LTR\">japon\u00eas liderado por Sanae\u00a0<\/span><span dir=\"LTR\">Takaichi tem interferido repetidamente nos assuntos internos da China e\u00a0<\/span><span dir=\"LTR\">feito amea\u00e7as relacionadas ao\u00a0<\/span><span dir=\"LTR\">uso da for\u00e7a militar.\u00a0<\/span><span dir=\"LTR\">Al\u00e9m disso<\/span><span dir=\"LTR\">, o Jap\u00e3o\u00a0<\/span><span dir=\"LTR\">tem\u00a0<\/span><span dir=\"LTR\">aceler<\/span><span dir=\"LTR\">ado\u00a0<\/span><span dir=\"LTR\">a expans\u00e3o de suas for\u00e7as militares, o que prejudica significativamente a ordem p\u00f3s-guerra e a seguran\u00e7a regional.<\/span><\/p>\n<p><span dir=\"LTR\">Em 6 de janeiro, o Minist\u00e9rio do Com\u00e9rcio\u00a0<\/span><span dir=\"LTR\">da China<\/span><span dir=\"LTR\">\u00a0anunciou<\/span><span dir=\"LTR\">,<\/span><span dir=\"LTR\">\u00a0em comunicado<\/span><span dir=\"LTR\">,<\/span><span dir=\"LTR\">\u00a0<\/span><span dir=\"LTR\">a proibi\u00e7\u00e3o da exporta\u00e7\u00e3o de todos os itens de dupla utiliza\u00e7\u00e3o para usu\u00e1rios militares japoneses, para uso militar do Jap\u00e3o e para quaisquer outros usu\u00e1rios finais e fins de uso final. A<\/span><span dir=\"LTR\">\u00a0medida visa coibir as tentativas do Jap\u00e3o de\u00a0<\/span><span dir=\"LTR\">retomar a\u00a0<\/span><span dir=\"LTR\">&#8220;remilitariza\u00e7\u00e3o&#8221; e\u00a0<\/span><span dir=\"LTR\">de\u00a0<\/span><span dir=\"LTR\">aquisi\u00e7\u00e3o de armas nucleares,\u00a0<\/span><span dir=\"LTR\">sendo considerada\u00a0<\/span><span dir=\"LTR\">completamente justificada, razo\u00e1vel e\u00a0<\/span><span dir=\"LTR\">necess\u00e1ria<\/span><span dir=\"LTR\">.<\/span><\/p>\n<p><span dir=\"LTR\">A imposi\u00e7\u00e3o de medidas de controle da exporta\u00e7\u00e3o pela\u00a0<\/span><span dir=\"LTR\">China\u00a0<\/span><span dir=\"LTR\">em rela\u00e7\u00e3o a<\/span><span dir=\"LTR\">o Jap\u00e3o visa essencialmente defender as conquistas da Segunda Guerra Mundial e\u00a0<\/span><span dir=\"LTR\">salvaguardar<\/span><span dir=\"LTR\">\u00a0a paz e a estabilidade na regi\u00e3o por meio de\u00a0<\/span><span dir=\"LTR\">a\u00e7\u00f5es leg\u00edtimas e fundamentadas<\/span><span dir=\"LTR\">.<\/span><\/p>\n<p><span dir=\"LTR\">Ao mesmo tempo, a comunidade internacional deve unir-se<\/span><span dir=\"LTR\">\u00a0e adotar medidas concretas para\u00a0<\/span><span dir=\"LTR\">restringir a expans\u00e3o militar do Jap\u00e3o. Somente\u00a0<\/span><span dir=\"LTR\">com a<\/span><span dir=\"LTR\">\u00a0solidariedade e esfor\u00e7os conjuntos<\/span><span dir=\"LTR\">\u00a0ser\u00e1 poss\u00edvel\u00a0<\/span><span dir=\"LTR\">estabelecer uma linha de defesa<\/span><span dir=\"LTR\">\u00a0s\u00f3lida<\/span><span dir=\"LTR\">\u00a0contra o ressurgimento do militarismo japon\u00eas e garantir uma paz duradoura e seguran\u00e7a\u00a0<\/span><span dir=\"LTR\">coletiva<\/span><span dir=\"LTR\">.<\/span><\/p>\n","protected":false},"excerpt":{"rendered":"<p>Recentemente, a China introduziu\u00a0medidas\u00a0de\u00a0controle sobre a exporta\u00e7\u00e3o\u00a0de\u00a0itens de uso duplo ao Jap\u00e3o.\u00a0Em vez de enfrentar de forma respons\u00e1vel as\u00a0causas\u00a0profundas\u00a0do problema,\u00a0a parte japonesa\u00a0acusou\u00a0a China\u00a0de forma\u00a0infundada,\u00a0de exercer\u00a0\u201ccoer\u00e7\u00e3o econ\u00f4mica\u201d.\u00a0 Em rea\u00e7\u00e3o a isso, a\u00a0primeira-ministra japonesa, Sanae Takaichi, exigiu,\u00a0de\u00a0maneira considerada\u00a0irracional, que a China retirasse\u00a0essas&#8230;<\/p>\n","protected":false},"author":5,"featured_media":0,"comment_status":"open","ping_status":"open","sticky":false,"template":"","format":"standard","meta":{"footnotes":""},"categories":[7],"tags":[],"class_list":["post-10443","post","type-post","status-publish","format-standard","hentry","category-visao"],"yoast_head":"<!-- This site is optimized with the Yoast SEO plugin v27.4 - https:\/\/yoast.com\/product\/yoast-seo-wordpress\/ -->\n<title>O controle da China sobre a exporta\u00e7\u00e3o de itens de uso duplo ao Jap\u00e3o \u00e9 justificado e razo\u00e1vel - CRI e Diario de Pernambuco<\/title>\n<meta name=\"robots\" content=\"index, follow, max-snippet:-1, max-image-preview:large, max-video-preview:-1\" \/>\n<link rel=\"canonical\" href=\"https:\/\/diariodepe.com.br\/cri\/2026\/01\/20\/o-controle-da-china-sobre-a-exportacao-de-itens-de-uso-duplo-ao-japao-e-justificado-e-razoavel\/\" \/>\n<meta property=\"og:locale\" content=\"pt_BR\" \/>\n<meta property=\"og:type\" content=\"article\" \/>\n<meta property=\"og:title\" content=\"O controle da China sobre a exporta\u00e7\u00e3o de itens de uso duplo ao Jap\u00e3o \u00e9 justificado e razo\u00e1vel - CRI e Diario de Pernambuco\" \/>\n<meta property=\"og:description\" content=\"Recentemente, a China introduziu\u00a0medidas\u00a0de\u00a0controle sobre a exporta\u00e7\u00e3o\u00a0de\u00a0itens de uso duplo ao Jap\u00e3o.\u00a0Em vez de enfrentar de forma respons\u00e1vel as\u00a0causas\u00a0profundas\u00a0do problema,\u00a0a parte japonesa\u00a0acusou\u00a0a China\u00a0de forma\u00a0infundada,\u00a0de exercer\u00a0\u201ccoer\u00e7\u00e3o econ\u00f4mica\u201d.\u00a0 Em rea\u00e7\u00e3o a isso, a\u00a0primeira-ministra japonesa, Sanae Takaichi, exigiu,\u00a0de\u00a0maneira considerada\u00a0irracional, que a China retirasse\u00a0essas...\" \/>\n<meta property=\"og:url\" content=\"https:\/\/diariodepe.com.br\/cri\/2026\/01\/20\/o-controle-da-china-sobre-a-exportacao-de-itens-de-uso-duplo-ao-japao-e-justificado-e-razoavel\/\" \/>\n<meta property=\"og:site_name\" content=\"CRI e Diario de Pernambuco\" \/>\n<meta property=\"article:published_time\" content=\"2026-01-21T02:14:23+00:00\" \/>\n<meta property=\"og:image\" content=\"https:\/\/38picres.cgtn.com\/photoAlbum\/page\/performance\/img\/2026\/1\/16\/1768534411883_378.jpg\" \/>\n<meta name=\"author\" content=\"CRI Portugu\u00eas\" \/>\n<meta name=\"twitter:card\" content=\"summary_large_image\" \/>\n<meta name=\"twitter:label1\" content=\"Escrito por\" \/>\n\t<meta name=\"twitter:data1\" content=\"CRI Portugu\u00eas\" \/>\n\t<meta name=\"twitter:label2\" content=\"Est. tempo de leitura\" \/>\n\t<meta name=\"twitter:data2\" content=\"3 minutos\" \/>\n<script type=\"application\/ld+json\" class=\"yoast-schema-graph\">{\"@context\":\"https:\\\/\\\/schema.org\",\"@graph\":[{\"@type\":\"Article\",\"@id\":\"https:\\\/\\\/diariodepe.com.br\\\/cri\\\/2026\\\/01\\\/20\\\/o-controle-da-china-sobre-a-exportacao-de-itens-de-uso-duplo-ao-japao-e-justificado-e-razoavel\\\/#article\",\"isPartOf\":{\"@id\":\"https:\\\/\\\/diariodepe.com.br\\\/cri\\\/2026\\\/01\\\/20\\\/o-controle-da-china-sobre-a-exportacao-de-itens-de-uso-duplo-ao-japao-e-justificado-e-razoavel\\\/\"},\"author\":{\"name\":\"CRI Portugu\u00eas\",\"@id\":\"https:\\\/\\\/diariodepe.com.br\\\/cri\\\/#\\\/schema\\\/person\\\/e474aead631cd4098632e11d3fbce118\"},\"headline\":\"O controle da China sobre a exporta\u00e7\u00e3o de itens de uso duplo ao Jap\u00e3o \u00e9 justificado e razo\u00e1vel\",\"datePublished\":\"2026-01-21T02:14:23+00:00\",\"mainEntityOfPage\":{\"@id\":\"https:\\\/\\\/diariodepe.com.br\\\/cri\\\/2026\\\/01\\\/20\\\/o-controle-da-china-sobre-a-exportacao-de-itens-de-uso-duplo-ao-japao-e-justificado-e-razoavel\\\/\"},\"wordCount\":436,\"commentCount\":0,\"publisher\":{\"@id\":\"https:\\\/\\\/diariodepe.com.br\\\/cri\\\/#organization\"},\"image\":{\"@id\":\"https:\\\/\\\/diariodepe.com.br\\\/cri\\\/2026\\\/01\\\/20\\\/o-controle-da-china-sobre-a-exportacao-de-itens-de-uso-duplo-ao-japao-e-justificado-e-razoavel\\\/#primaryimage\"},\"thumbnailUrl\":\"https:\\\/\\\/38picres.cgtn.com\\\/photoAlbum\\\/page\\\/performance\\\/img\\\/2026\\\/1\\\/16\\\/1768534411883_378.jpg\",\"articleSection\":[\"Vis\u00e3o\"],\"inLanguage\":\"pt-BR\",\"potentialAction\":[{\"@type\":\"CommentAction\",\"name\":\"Comment\",\"target\":[\"https:\\\/\\\/diariodepe.com.br\\\/cri\\\/2026\\\/01\\\/20\\\/o-controle-da-china-sobre-a-exportacao-de-itens-de-uso-duplo-ao-japao-e-justificado-e-razoavel\\\/#respond\"]}]},{\"@type\":\"WebPage\",\"@id\":\"https:\\\/\\\/diariodepe.com.br\\\/cri\\\/2026\\\/01\\\/20\\\/o-controle-da-china-sobre-a-exportacao-de-itens-de-uso-duplo-ao-japao-e-justificado-e-razoavel\\\/\",\"url\":\"https:\\\/\\\/diariodepe.com.br\\\/cri\\\/2026\\\/01\\\/20\\\/o-controle-da-china-sobre-a-exportacao-de-itens-de-uso-duplo-ao-japao-e-justificado-e-razoavel\\\/\",\"name\":\"O controle da China sobre a exporta\u00e7\u00e3o de itens de uso duplo ao Jap\u00e3o \u00e9 justificado e razo\u00e1vel - CRI e Diario de Pernambuco\",\"isPartOf\":{\"@id\":\"https:\\\/\\\/diariodepe.com.br\\\/cri\\\/#website\"},\"primaryImageOfPage\":{\"@id\":\"https:\\\/\\\/diariodepe.com.br\\\/cri\\\/2026\\\/01\\\/20\\\/o-controle-da-china-sobre-a-exportacao-de-itens-de-uso-duplo-ao-japao-e-justificado-e-razoavel\\\/#primaryimage\"},\"image\":{\"@id\":\"https:\\\/\\\/diariodepe.com.br\\\/cri\\\/2026\\\/01\\\/20\\\/o-controle-da-china-sobre-a-exportacao-de-itens-de-uso-duplo-ao-japao-e-justificado-e-razoavel\\\/#primaryimage\"},\"thumbnailUrl\":\"https:\\\/\\\/38picres.cgtn.com\\\/photoAlbum\\\/page\\\/performance\\\/img\\\/2026\\\/1\\\/16\\\/1768534411883_378.jpg\",\"datePublished\":\"2026-01-21T02:14:23+00:00\",\"breadcrumb\":{\"@id\":\"https:\\\/\\\/diariodepe.com.br\\\/cri\\\/2026\\\/01\\\/20\\\/o-controle-da-china-sobre-a-exportacao-de-itens-de-uso-duplo-ao-japao-e-justificado-e-razoavel\\\/#breadcrumb\"},\"inLanguage\":\"pt-BR\",\"potentialAction\":[{\"@type\":\"ReadAction\",\"target\":[\"https:\\\/\\\/diariodepe.com.br\\\/cri\\\/2026\\\/01\\\/20\\\/o-controle-da-china-sobre-a-exportacao-de-itens-de-uso-duplo-ao-japao-e-justificado-e-razoavel\\\/\"]}]},{\"@type\":\"ImageObject\",\"inLanguage\":\"pt-BR\",\"@id\":\"https:\\\/\\\/diariodepe.com.br\\\/cri\\\/2026\\\/01\\\/20\\\/o-controle-da-china-sobre-a-exportacao-de-itens-de-uso-duplo-ao-japao-e-justificado-e-razoavel\\\/#primaryimage\",\"url\":\"https:\\\/\\\/38picres.cgtn.com\\\/photoAlbum\\\/page\\\/performance\\\/img\\\/2026\\\/1\\\/16\\\/1768534411883_378.jpg\",\"contentUrl\":\"https:\\\/\\\/38picres.cgtn.com\\\/photoAlbum\\\/page\\\/performance\\\/img\\\/2026\\\/1\\\/16\\\/1768534411883_378.jpg\"},{\"@type\":\"BreadcrumbList\",\"@id\":\"https:\\\/\\\/diariodepe.com.br\\\/cri\\\/2026\\\/01\\\/20\\\/o-controle-da-china-sobre-a-exportacao-de-itens-de-uso-duplo-ao-japao-e-justificado-e-razoavel\\\/#breadcrumb\",\"itemListElement\":[{\"@type\":\"ListItem\",\"position\":1,\"name\":\"In\u00edcio\",\"item\":\"https:\\\/\\\/diariodepe.com.br\\\/cri\\\/\"},{\"@type\":\"ListItem\",\"position\":2,\"name\":\"O controle da China sobre a exporta\u00e7\u00e3o de itens de uso duplo ao Jap\u00e3o \u00e9 justificado e razo\u00e1vel\"}]},{\"@type\":\"WebSite\",\"@id\":\"https:\\\/\\\/diariodepe.com.br\\\/cri\\\/#website\",\"url\":\"https:\\\/\\\/diariodepe.com.br\\\/cri\\\/\",\"name\":\"CRI e Diario de Pernambuco\",\"description\":\"R\u00e1dio Internacional da China\",\"publisher\":{\"@id\":\"https:\\\/\\\/diariodepe.com.br\\\/cri\\\/#organization\"},\"potentialAction\":[{\"@type\":\"SearchAction\",\"target\":{\"@type\":\"EntryPoint\",\"urlTemplate\":\"https:\\\/\\\/diariodepe.com.br\\\/cri\\\/?s={search_term_string}\"},\"query-input\":{\"@type\":\"PropertyValueSpecification\",\"valueRequired\":true,\"valueName\":\"search_term_string\"}}],\"inLanguage\":\"pt-BR\"},{\"@type\":\"Organization\",\"@id\":\"https:\\\/\\\/diariodepe.com.br\\\/cri\\\/#organization\",\"name\":\"CRI e Diario de Pernambuco\",\"url\":\"https:\\\/\\\/diariodepe.com.br\\\/cri\\\/\",\"logo\":{\"@type\":\"ImageObject\",\"inLanguage\":\"pt-BR\",\"@id\":\"https:\\\/\\\/diariodepe.com.br\\\/cri\\\/#\\\/schema\\\/logo\\\/image\\\/\",\"url\":\"https:\\\/\\\/diariodepe.com.br\\\/cri\\\/wp-content\\\/uploads\\\/sites\\\/2\\\/2022\\\/12\\\/cropped-Logo.jpg\",\"contentUrl\":\"https:\\\/\\\/diariodepe.com.br\\\/cri\\\/wp-content\\\/uploads\\\/sites\\\/2\\\/2022\\\/12\\\/cropped-Logo.jpg\",\"width\":700,\"height\":59,\"caption\":\"CRI e Diario de Pernambuco\"},\"image\":{\"@id\":\"https:\\\/\\\/diariodepe.com.br\\\/cri\\\/#\\\/schema\\\/logo\\\/image\\\/\"}},{\"@type\":\"Person\",\"@id\":\"https:\\\/\\\/diariodepe.com.br\\\/cri\\\/#\\\/schema\\\/person\\\/e474aead631cd4098632e11d3fbce118\",\"name\":\"CRI Portugu\u00eas\",\"image\":{\"@type\":\"ImageObject\",\"inLanguage\":\"pt-BR\",\"@id\":\"https:\\\/\\\/secure.gravatar.com\\\/avatar\\\/e2ac889ef882d4dc53091b610766dce49106cf9fe98c76e06745abb0993b2763?s=96&d=mm&r=g\",\"url\":\"https:\\\/\\\/secure.gravatar.com\\\/avatar\\\/e2ac889ef882d4dc53091b610766dce49106cf9fe98c76e06745abb0993b2763?s=96&d=mm&r=g\",\"contentUrl\":\"https:\\\/\\\/secure.gravatar.com\\\/avatar\\\/e2ac889ef882d4dc53091b610766dce49106cf9fe98c76e06745abb0993b2763?s=96&d=mm&r=g\",\"caption\":\"CRI Portugu\u00eas\"},\"sameAs\":[\"https:\\\/\\\/www.diariodepernambuco.com.br\\\/\"],\"url\":\"https:\\\/\\\/diariodepe.com.br\\\/cri\\\/author\\\/agencia-cri\\\/\"}]}<\/script>\n<!-- \/ Yoast SEO plugin. -->","yoast_head_json":{"title":"O controle da China sobre a exporta\u00e7\u00e3o de itens de uso duplo ao Jap\u00e3o \u00e9 justificado e razo\u00e1vel - CRI e Diario de Pernambuco","robots":{"index":"index","follow":"follow","max-snippet":"max-snippet:-1","max-image-preview":"max-image-preview:large","max-video-preview":"max-video-preview:-1"},"canonical":"https:\/\/diariodepe.com.br\/cri\/2026\/01\/20\/o-controle-da-china-sobre-a-exportacao-de-itens-de-uso-duplo-ao-japao-e-justificado-e-razoavel\/","og_locale":"pt_BR","og_type":"article","og_title":"O controle da China sobre a exporta\u00e7\u00e3o de itens de uso duplo ao Jap\u00e3o \u00e9 justificado e razo\u00e1vel - CRI e Diario de Pernambuco","og_description":"Recentemente, a China introduziu\u00a0medidas\u00a0de\u00a0controle sobre a exporta\u00e7\u00e3o\u00a0de\u00a0itens de uso duplo ao Jap\u00e3o.\u00a0Em vez de enfrentar de forma respons\u00e1vel as\u00a0causas\u00a0profundas\u00a0do problema,\u00a0a parte japonesa\u00a0acusou\u00a0a China\u00a0de forma\u00a0infundada,\u00a0de exercer\u00a0\u201ccoer\u00e7\u00e3o econ\u00f4mica\u201d.\u00a0 Em rea\u00e7\u00e3o a isso, a\u00a0primeira-ministra japonesa, Sanae Takaichi, exigiu,\u00a0de\u00a0maneira considerada\u00a0irracional, que a China retirasse\u00a0essas...","og_url":"https:\/\/diariodepe.com.br\/cri\/2026\/01\/20\/o-controle-da-china-sobre-a-exportacao-de-itens-de-uso-duplo-ao-japao-e-justificado-e-razoavel\/","og_site_name":"CRI e Diario de Pernambuco","article_published_time":"2026-01-21T02:14:23+00:00","og_image":[{"url":"https:\/\/38picres.cgtn.com\/photoAlbum\/page\/performance\/img\/2026\/1\/16\/1768534411883_378.jpg","type":"","width":"","height":""}],"author":"CRI Portugu\u00eas","twitter_card":"summary_large_image","twitter_misc":{"Escrito por":"CRI Portugu\u00eas","Est. tempo de leitura":"3 minutos"},"schema":{"@context":"https:\/\/schema.org","@graph":[{"@type":"Article","@id":"https:\/\/diariodepe.com.br\/cri\/2026\/01\/20\/o-controle-da-china-sobre-a-exportacao-de-itens-de-uso-duplo-ao-japao-e-justificado-e-razoavel\/#article","isPartOf":{"@id":"https:\/\/diariodepe.com.br\/cri\/2026\/01\/20\/o-controle-da-china-sobre-a-exportacao-de-itens-de-uso-duplo-ao-japao-e-justificado-e-razoavel\/"},"author":{"name":"CRI Portugu\u00eas","@id":"https:\/\/diariodepe.com.br\/cri\/#\/schema\/person\/e474aead631cd4098632e11d3fbce118"},"headline":"O controle da China sobre a exporta\u00e7\u00e3o de itens de uso duplo ao Jap\u00e3o \u00e9 justificado e razo\u00e1vel","datePublished":"2026-01-21T02:14:23+00:00","mainEntityOfPage":{"@id":"https:\/\/diariodepe.com.br\/cri\/2026\/01\/20\/o-controle-da-china-sobre-a-exportacao-de-itens-de-uso-duplo-ao-japao-e-justificado-e-razoavel\/"},"wordCount":436,"commentCount":0,"publisher":{"@id":"https:\/\/diariodepe.com.br\/cri\/#organization"},"image":{"@id":"https:\/\/diariodepe.com.br\/cri\/2026\/01\/20\/o-controle-da-china-sobre-a-exportacao-de-itens-de-uso-duplo-ao-japao-e-justificado-e-razoavel\/#primaryimage"},"thumbnailUrl":"https:\/\/38picres.cgtn.com\/photoAlbum\/page\/performance\/img\/2026\/1\/16\/1768534411883_378.jpg","articleSection":["Vis\u00e3o"],"inLanguage":"pt-BR","potentialAction":[{"@type":"CommentAction","name":"Comment","target":["https:\/\/diariodepe.com.br\/cri\/2026\/01\/20\/o-controle-da-china-sobre-a-exportacao-de-itens-de-uso-duplo-ao-japao-e-justificado-e-razoavel\/#respond"]}]},{"@type":"WebPage","@id":"https:\/\/diariodepe.com.br\/cri\/2026\/01\/20\/o-controle-da-china-sobre-a-exportacao-de-itens-de-uso-duplo-ao-japao-e-justificado-e-razoavel\/","url":"https:\/\/diariodepe.com.br\/cri\/2026\/01\/20\/o-controle-da-china-sobre-a-exportacao-de-itens-de-uso-duplo-ao-japao-e-justificado-e-razoavel\/","name":"O controle da China sobre a exporta\u00e7\u00e3o de itens de uso duplo ao Jap\u00e3o \u00e9 justificado e razo\u00e1vel - CRI e Diario de Pernambuco","isPartOf":{"@id":"https:\/\/diariodepe.com.br\/cri\/#website"},"primaryImageOfPage":{"@id":"https:\/\/diariodepe.com.br\/cri\/2026\/01\/20\/o-controle-da-china-sobre-a-exportacao-de-itens-de-uso-duplo-ao-japao-e-justificado-e-razoavel\/#primaryimage"},"image":{"@id":"https:\/\/diariodepe.com.br\/cri\/2026\/01\/20\/o-controle-da-china-sobre-a-exportacao-de-itens-de-uso-duplo-ao-japao-e-justificado-e-razoavel\/#primaryimage"},"thumbnailUrl":"https:\/\/38picres.cgtn.com\/photoAlbum\/page\/performance\/img\/2026\/1\/16\/1768534411883_378.jpg","datePublished":"2026-01-21T02:14:23+00:00","breadcrumb":{"@id":"https:\/\/diariodepe.com.br\/cri\/2026\/01\/20\/o-controle-da-china-sobre-a-exportacao-de-itens-de-uso-duplo-ao-japao-e-justificado-e-razoavel\/#breadcrumb"},"inLanguage":"pt-BR","potentialAction":[{"@type":"ReadAction","target":["https:\/\/diariodepe.com.br\/cri\/2026\/01\/20\/o-controle-da-china-sobre-a-exportacao-de-itens-de-uso-duplo-ao-japao-e-justificado-e-razoavel\/"]}]},{"@type":"ImageObject","inLanguage":"pt-BR","@id":"https:\/\/diariodepe.com.br\/cri\/2026\/01\/20\/o-controle-da-china-sobre-a-exportacao-de-itens-de-uso-duplo-ao-japao-e-justificado-e-razoavel\/#primaryimage","url":"https:\/\/38picres.cgtn.com\/photoAlbum\/page\/performance\/img\/2026\/1\/16\/1768534411883_378.jpg","contentUrl":"https:\/\/38picres.cgtn.com\/photoAlbum\/page\/performance\/img\/2026\/1\/16\/1768534411883_378.jpg"},{"@type":"BreadcrumbList","@id":"https:\/\/diariodepe.com.br\/cri\/2026\/01\/20\/o-controle-da-china-sobre-a-exportacao-de-itens-de-uso-duplo-ao-japao-e-justificado-e-razoavel\/#breadcrumb","itemListElement":[{"@type":"ListItem","position":1,"name":"In\u00edcio","item":"https:\/\/diariodepe.com.br\/cri\/"},{"@type":"ListItem","position":2,"name":"O controle da China sobre a exporta\u00e7\u00e3o de itens de uso duplo ao Jap\u00e3o \u00e9 justificado e razo\u00e1vel"}]},{"@type":"WebSite","@id":"https:\/\/diariodepe.com.br\/cri\/#website","url":"https:\/\/diariodepe.com.br\/cri\/","name":"CRI e Diario de Pernambuco","description":"R\u00e1dio Internacional da China","publisher":{"@id":"https:\/\/diariodepe.com.br\/cri\/#organization"},"potentialAction":[{"@type":"SearchAction","target":{"@type":"EntryPoint","urlTemplate":"https:\/\/diariodepe.com.br\/cri\/?s={search_term_string}"},"query-input":{"@type":"PropertyValueSpecification","valueRequired":true,"valueName":"search_term_string"}}],"inLanguage":"pt-BR"},{"@type":"Organization","@id":"https:\/\/diariodepe.com.br\/cri\/#organization","name":"CRI e Diario de Pernambuco","url":"https:\/\/diariodepe.com.br\/cri\/","logo":{"@type":"ImageObject","inLanguage":"pt-BR","@id":"https:\/\/diariodepe.com.br\/cri\/#\/schema\/logo\/image\/","url":"https:\/\/diariodepe.com.br\/cri\/wp-content\/uploads\/sites\/2\/2022\/12\/cropped-Logo.jpg","contentUrl":"https:\/\/diariodepe.com.br\/cri\/wp-content\/uploads\/sites\/2\/2022\/12\/cropped-Logo.jpg","width":700,"height":59,"caption":"CRI e Diario de Pernambuco"},"image":{"@id":"https:\/\/diariodepe.com.br\/cri\/#\/schema\/logo\/image\/"}},{"@type":"Person","@id":"https:\/\/diariodepe.com.br\/cri\/#\/schema\/person\/e474aead631cd4098632e11d3fbce118","name":"CRI Portugu\u00eas","image":{"@type":"ImageObject","inLanguage":"pt-BR","@id":"https:\/\/secure.gravatar.com\/avatar\/e2ac889ef882d4dc53091b610766dce49106cf9fe98c76e06745abb0993b2763?s=96&d=mm&r=g","url":"https:\/\/secure.gravatar.com\/avatar\/e2ac889ef882d4dc53091b610766dce49106cf9fe98c76e06745abb0993b2763?s=96&d=mm&r=g","contentUrl":"https:\/\/secure.gravatar.com\/avatar\/e2ac889ef882d4dc53091b610766dce49106cf9fe98c76e06745abb0993b2763?s=96&d=mm&r=g","caption":"CRI Portugu\u00eas"},"sameAs":["https:\/\/www.diariodepernambuco.com.br\/"],"url":"https:\/\/diariodepe.com.br\/cri\/author\/agencia-cri\/"}]}},"cc_featured_image_caption":{"caption_text":"","source_text":"","source_url":""},"amp_enabled":true,"_links":{"self":[{"href":"https:\/\/diariodepe.com.br\/cri\/wp-json\/wp\/v2\/posts\/10443","targetHints":{"allow":["GET"]}}],"collection":[{"href":"https:\/\/diariodepe.com.br\/cri\/wp-json\/wp\/v2\/posts"}],"about":[{"href":"https:\/\/diariodepe.com.br\/cri\/wp-json\/wp\/v2\/types\/post"}],"author":[{"embeddable":true,"href":"https:\/\/diariodepe.com.br\/cri\/wp-json\/wp\/v2\/users\/5"}],"replies":[{"embeddable":true,"href":"https:\/\/diariodepe.com.br\/cri\/wp-json\/wp\/v2\/comments?post=10443"}],"version-history":[{"count":1,"href":"https:\/\/diariodepe.com.br\/cri\/wp-json\/wp\/v2\/posts\/10443\/revisions"}],"predecessor-version":[{"id":10444,"href":"https:\/\/diariodepe.com.br\/cri\/wp-json\/wp\/v2\/posts\/10443\/revisions\/10444"}],"wp:attachment":[{"href":"https:\/\/diariodepe.com.br\/cri\/wp-json\/wp\/v2\/media?parent=10443"}],"wp:term":[{"taxonomy":"category","embeddable":true,"href":"https:\/\/diariodepe.com.br\/cri\/wp-json\/wp\/v2\/categories?post=10443"},{"taxonomy":"post_tag","embeddable":true,"href":"https:\/\/diariodepe.com.br\/cri\/wp-json\/wp\/v2\/tags?post=10443"}],"curies":[{"name":"wp","href":"https:\/\/api.w.org\/{rel}","templated":true}]}}