{"id":10441,"date":"2026-01-20T23:13:50","date_gmt":"2026-01-21T02:13:50","guid":{"rendered":"https:\/\/diariodepe.com.br\/cri\/?p=10441"},"modified":"2026-01-20T23:13:50","modified_gmt":"2026-01-21T02:13:50","slug":"visita-do-primeiro-ministro-canadense-a-china-abre-novo-capitulo-para-relacoes-bilaterais","status":"publish","type":"post","link":"https:\/\/diariodepe.com.br\/cri\/2026\/01\/20\/visita-do-primeiro-ministro-canadense-a-china-abre-novo-capitulo-para-relacoes-bilaterais\/","title":{"rendered":"Visita do primeiro-ministro canadense \u00e0 China abre novo cap\u00edtulo para rela\u00e7\u00f5es bilaterais"},"content":{"rendered":"<p>O primeiro-ministro do Canad\u00e1, Mark Carney, realizou uma visita oficial \u00e0 China entre os dias 14 e 17 deste m\u00eas e se encontrou com o presidente chin\u00eas, Xi Jinping, na \u00faltima sexta-feira (16) em Beijing.<\/p>\n<p>O l\u00edder chin\u00eas indicou que os dois pa\u00edses devem ser parceiros com desenvolvimento comum e respeito, confian\u00e7a e coordena\u00e7\u00e3o m\u00fatuas. Ap\u00f3s o encontro, os l\u00edderes lan\u00e7aram uma declara\u00e7\u00e3o conjunta, segundo a qual, os dois lados concordaram em promover a nova parceria estrat\u00e9gica China-Canad\u00e1. Al\u00e9m disso, foram tamb\u00e9m assinados oito acordos de coopera\u00e7\u00e3o bilateral.<\/p>\n<p><img decoding=\"async\" src=\"https:\/\/38picres.cgtn.com\/photoAlbum\/page\/performance\/img\/2026\/1\/18\/1768737607618_670.jpg\" \/><\/p>\n<p>Vale lembrar que desde o estabelecimento das rela\u00e7\u00f5es diplom\u00e1ticas em 1970, os la\u00e7os entre a China e o Canad\u00e1 estavam por muito tempo na vanguarda das rela\u00e7\u00f5es da China com os pa\u00edses ocidentais.<\/p>\n<p>No entanto, nos \u00faltimos anos, as rela\u00e7\u00f5es bilaterais ficaram tensas devido a certas a\u00e7\u00f5es irracionais tomadas pelo ent\u00e3o governo canadense. A virada surgiu em 2025, ap\u00f3s Mark Carney assumir o cargo de primeiro-ministro do Canad\u00e1. O novo governo canadense quer promover uma parceria estrat\u00e9gica com a China.<\/p>\n<p>Em outubro do ano passado, Xi Jinping e Mark Carney tiveram uma reuni\u00e3o em Gyeongju, na Coreia do Sul, e os dois alcan\u00e7aram importante consenso de melhorar as rela\u00e7\u00f5es entre os dois pa\u00edses.<\/p>\n<p>Como as duas partes promover\u00e3o o desenvolvimento saud\u00e1vel, est\u00e1vel e sustent\u00e1vel das rela\u00e7\u00f5es bilaterais?<\/p>\n<p>Primeiro, a confian\u00e7a pol\u00edtica m\u00fatua \u00e9 o ponto central. Mark Carney disse que a parte canadense persiste no princ\u00edpio de Uma s\u00f3 China. A declara\u00e7\u00e3o conjunta tamb\u00e9m esclarece que os dois lados v\u00e3o promover a nova parceria estrat\u00e9gica China-Canad\u00e1 com base no respeito m\u00fatuo, igualdade e benef\u00edcios rec\u00edprocos.<\/p>\n<p>Segundo, o desenvolvimento e a coopera\u00e7\u00e3o s\u00e3o as for\u00e7as motrizes. A China \u00e9 agora o segundo maior parceiro comercial do Canad\u00e1. Uma pesquisa realizada pela Ipsos, uma das principais empresas de pesquisa de mercado do mundo, apontou que mais da metade dos canadenses apoia a decis\u00e3o de fortalecer contatos e coopera\u00e7\u00f5es econ\u00f4micas com a China.<\/p>\n<p>Terceiro, o entendimento m\u00fatuo entre os povos \u00e9 a base. A China e o Canad\u00e1 t\u00eam uma amizade tradicional. Cem anos atr\u00e1s, trabalhadores chineses foram ao Canad\u00e1 para participar da constru\u00e7\u00e3o ferrovi\u00e1ria. Durante a Guerra de Resist\u00eancia do Povo Chin\u00eas contra a Agress\u00e3o Japonesa, o m\u00e9dico Norman Bethune veio \u00e0 China e se sacrificou pelo pa\u00eds.<\/p>\n<p>Como dois importantes pa\u00edses da \u00c1sia-Pac\u00edfico e do mundo, tanto a China como o Canad\u00e1 s\u00e3o defensores do multilateralismo e do com\u00e9rcio livre. A coordena\u00e7\u00e3o entre as duas na\u00e7\u00f5es pode trazer mais estabilidade para o mundo e promover uma governan\u00e7a global mais justa e razo\u00e1vel.<\/p>\n","protected":false},"excerpt":{"rendered":"<p>O primeiro-ministro do Canad\u00e1, Mark Carney, realizou uma visita oficial \u00e0 China entre os dias 14 e 17 deste m\u00eas e se encontrou com o presidente chin\u00eas, Xi Jinping, na \u00faltima sexta-feira (16) em Beijing. O l\u00edder chin\u00eas indicou que&#8230;<\/p>\n","protected":false},"author":5,"featured_media":0,"comment_status":"open","ping_status":"open","sticky":false,"template":"","format":"standard","meta":{"footnotes":""},"categories":[7],"tags":[],"class_list":["post-10441","post","type-post","status-publish","format-standard","hentry","category-visao"],"yoast_head":"<!-- This site is optimized with the Yoast SEO plugin v27.4 - https:\/\/yoast.com\/product\/yoast-seo-wordpress\/ -->\n<title>Visita do primeiro-ministro canadense \u00e0 China abre novo cap\u00edtulo para rela\u00e7\u00f5es bilaterais - CRI e Diario de Pernambuco<\/title>\n<meta name=\"robots\" content=\"index, follow, max-snippet:-1, max-image-preview:large, max-video-preview:-1\" \/>\n<link rel=\"canonical\" href=\"https:\/\/diariodepe.com.br\/cri\/2026\/01\/20\/visita-do-primeiro-ministro-canadense-a-china-abre-novo-capitulo-para-relacoes-bilaterais\/\" \/>\n<meta property=\"og:locale\" content=\"pt_BR\" \/>\n<meta property=\"og:type\" content=\"article\" \/>\n<meta property=\"og:title\" content=\"Visita do primeiro-ministro canadense \u00e0 China abre novo cap\u00edtulo para rela\u00e7\u00f5es bilaterais - CRI e Diario de Pernambuco\" \/>\n<meta property=\"og:description\" content=\"O primeiro-ministro do Canad\u00e1, Mark Carney, realizou uma visita oficial \u00e0 China entre os dias 14 e 17 deste m\u00eas e se encontrou com o presidente chin\u00eas, Xi Jinping, na \u00faltima sexta-feira (16) em Beijing. O l\u00edder chin\u00eas indicou que...\" \/>\n<meta property=\"og:url\" content=\"https:\/\/diariodepe.com.br\/cri\/2026\/01\/20\/visita-do-primeiro-ministro-canadense-a-china-abre-novo-capitulo-para-relacoes-bilaterais\/\" \/>\n<meta property=\"og:site_name\" content=\"CRI e Diario de Pernambuco\" \/>\n<meta property=\"article:published_time\" content=\"2026-01-21T02:13:50+00:00\" \/>\n<meta property=\"og:image\" content=\"https:\/\/38picres.cgtn.com\/photoAlbum\/page\/performance\/img\/2026\/1\/18\/1768737607618_670.jpg\" \/>\n<meta name=\"author\" content=\"CRI Portugu\u00eas\" \/>\n<meta name=\"twitter:card\" content=\"summary_large_image\" \/>\n<meta name=\"twitter:label1\" content=\"Escrito por\" \/>\n\t<meta name=\"twitter:data1\" content=\"CRI Portugu\u00eas\" \/>\n\t<meta name=\"twitter:label2\" content=\"Est. tempo de leitura\" \/>\n\t<meta name=\"twitter:data2\" content=\"3 minutos\" \/>\n<script type=\"application\/ld+json\" class=\"yoast-schema-graph\">{\"@context\":\"https:\\\/\\\/schema.org\",\"@graph\":[{\"@type\":\"Article\",\"@id\":\"https:\\\/\\\/diariodepe.com.br\\\/cri\\\/2026\\\/01\\\/20\\\/visita-do-primeiro-ministro-canadense-a-china-abre-novo-capitulo-para-relacoes-bilaterais\\\/#article\",\"isPartOf\":{\"@id\":\"https:\\\/\\\/diariodepe.com.br\\\/cri\\\/2026\\\/01\\\/20\\\/visita-do-primeiro-ministro-canadense-a-china-abre-novo-capitulo-para-relacoes-bilaterais\\\/\"},\"author\":{\"name\":\"CRI Portugu\u00eas\",\"@id\":\"https:\\\/\\\/diariodepe.com.br\\\/cri\\\/#\\\/schema\\\/person\\\/e474aead631cd4098632e11d3fbce118\"},\"headline\":\"Visita do primeiro-ministro canadense \u00e0 China abre novo cap\u00edtulo para rela\u00e7\u00f5es bilaterais\",\"datePublished\":\"2026-01-21T02:13:50+00:00\",\"mainEntityOfPage\":{\"@id\":\"https:\\\/\\\/diariodepe.com.br\\\/cri\\\/2026\\\/01\\\/20\\\/visita-do-primeiro-ministro-canadense-a-china-abre-novo-capitulo-para-relacoes-bilaterais\\\/\"},\"wordCount\":492,\"commentCount\":0,\"publisher\":{\"@id\":\"https:\\\/\\\/diariodepe.com.br\\\/cri\\\/#organization\"},\"image\":{\"@id\":\"https:\\\/\\\/diariodepe.com.br\\\/cri\\\/2026\\\/01\\\/20\\\/visita-do-primeiro-ministro-canadense-a-china-abre-novo-capitulo-para-relacoes-bilaterais\\\/#primaryimage\"},\"thumbnailUrl\":\"https:\\\/\\\/38picres.cgtn.com\\\/photoAlbum\\\/page\\\/performance\\\/img\\\/2026\\\/1\\\/18\\\/1768737607618_670.jpg\",\"articleSection\":[\"Vis\u00e3o\"],\"inLanguage\":\"pt-BR\",\"potentialAction\":[{\"@type\":\"CommentAction\",\"name\":\"Comment\",\"target\":[\"https:\\\/\\\/diariodepe.com.br\\\/cri\\\/2026\\\/01\\\/20\\\/visita-do-primeiro-ministro-canadense-a-china-abre-novo-capitulo-para-relacoes-bilaterais\\\/#respond\"]}]},{\"@type\":\"WebPage\",\"@id\":\"https:\\\/\\\/diariodepe.com.br\\\/cri\\\/2026\\\/01\\\/20\\\/visita-do-primeiro-ministro-canadense-a-china-abre-novo-capitulo-para-relacoes-bilaterais\\\/\",\"url\":\"https:\\\/\\\/diariodepe.com.br\\\/cri\\\/2026\\\/01\\\/20\\\/visita-do-primeiro-ministro-canadense-a-china-abre-novo-capitulo-para-relacoes-bilaterais\\\/\",\"name\":\"Visita do primeiro-ministro canadense \u00e0 China abre novo cap\u00edtulo para rela\u00e7\u00f5es bilaterais - CRI e Diario de Pernambuco\",\"isPartOf\":{\"@id\":\"https:\\\/\\\/diariodepe.com.br\\\/cri\\\/#website\"},\"primaryImageOfPage\":{\"@id\":\"https:\\\/\\\/diariodepe.com.br\\\/cri\\\/2026\\\/01\\\/20\\\/visita-do-primeiro-ministro-canadense-a-china-abre-novo-capitulo-para-relacoes-bilaterais\\\/#primaryimage\"},\"image\":{\"@id\":\"https:\\\/\\\/diariodepe.com.br\\\/cri\\\/2026\\\/01\\\/20\\\/visita-do-primeiro-ministro-canadense-a-china-abre-novo-capitulo-para-relacoes-bilaterais\\\/#primaryimage\"},\"thumbnailUrl\":\"https:\\\/\\\/38picres.cgtn.com\\\/photoAlbum\\\/page\\\/performance\\\/img\\\/2026\\\/1\\\/18\\\/1768737607618_670.jpg\",\"datePublished\":\"2026-01-21T02:13:50+00:00\",\"breadcrumb\":{\"@id\":\"https:\\\/\\\/diariodepe.com.br\\\/cri\\\/2026\\\/01\\\/20\\\/visita-do-primeiro-ministro-canadense-a-china-abre-novo-capitulo-para-relacoes-bilaterais\\\/#breadcrumb\"},\"inLanguage\":\"pt-BR\",\"potentialAction\":[{\"@type\":\"ReadAction\",\"target\":[\"https:\\\/\\\/diariodepe.com.br\\\/cri\\\/2026\\\/01\\\/20\\\/visita-do-primeiro-ministro-canadense-a-china-abre-novo-capitulo-para-relacoes-bilaterais\\\/\"]}]},{\"@type\":\"ImageObject\",\"inLanguage\":\"pt-BR\",\"@id\":\"https:\\\/\\\/diariodepe.com.br\\\/cri\\\/2026\\\/01\\\/20\\\/visita-do-primeiro-ministro-canadense-a-china-abre-novo-capitulo-para-relacoes-bilaterais\\\/#primaryimage\",\"url\":\"https:\\\/\\\/38picres.cgtn.com\\\/photoAlbum\\\/page\\\/performance\\\/img\\\/2026\\\/1\\\/18\\\/1768737607618_670.jpg\",\"contentUrl\":\"https:\\\/\\\/38picres.cgtn.com\\\/photoAlbum\\\/page\\\/performance\\\/img\\\/2026\\\/1\\\/18\\\/1768737607618_670.jpg\"},{\"@type\":\"BreadcrumbList\",\"@id\":\"https:\\\/\\\/diariodepe.com.br\\\/cri\\\/2026\\\/01\\\/20\\\/visita-do-primeiro-ministro-canadense-a-china-abre-novo-capitulo-para-relacoes-bilaterais\\\/#breadcrumb\",\"itemListElement\":[{\"@type\":\"ListItem\",\"position\":1,\"name\":\"In\u00edcio\",\"item\":\"https:\\\/\\\/diariodepe.com.br\\\/cri\\\/\"},{\"@type\":\"ListItem\",\"position\":2,\"name\":\"Visita do primeiro-ministro canadense \u00e0 China abre novo cap\u00edtulo para rela\u00e7\u00f5es bilaterais\"}]},{\"@type\":\"WebSite\",\"@id\":\"https:\\\/\\\/diariodepe.com.br\\\/cri\\\/#website\",\"url\":\"https:\\\/\\\/diariodepe.com.br\\\/cri\\\/\",\"name\":\"CRI e Diario de Pernambuco\",\"description\":\"R\u00e1dio Internacional da China\",\"publisher\":{\"@id\":\"https:\\\/\\\/diariodepe.com.br\\\/cri\\\/#organization\"},\"potentialAction\":[{\"@type\":\"SearchAction\",\"target\":{\"@type\":\"EntryPoint\",\"urlTemplate\":\"https:\\\/\\\/diariodepe.com.br\\\/cri\\\/?s={search_term_string}\"},\"query-input\":{\"@type\":\"PropertyValueSpecification\",\"valueRequired\":true,\"valueName\":\"search_term_string\"}}],\"inLanguage\":\"pt-BR\"},{\"@type\":\"Organization\",\"@id\":\"https:\\\/\\\/diariodepe.com.br\\\/cri\\\/#organization\",\"name\":\"CRI e Diario de Pernambuco\",\"url\":\"https:\\\/\\\/diariodepe.com.br\\\/cri\\\/\",\"logo\":{\"@type\":\"ImageObject\",\"inLanguage\":\"pt-BR\",\"@id\":\"https:\\\/\\\/diariodepe.com.br\\\/cri\\\/#\\\/schema\\\/logo\\\/image\\\/\",\"url\":\"https:\\\/\\\/diariodepe.com.br\\\/cri\\\/wp-content\\\/uploads\\\/sites\\\/2\\\/2022\\\/12\\\/cropped-Logo.jpg\",\"contentUrl\":\"https:\\\/\\\/diariodepe.com.br\\\/cri\\\/wp-content\\\/uploads\\\/sites\\\/2\\\/2022\\\/12\\\/cropped-Logo.jpg\",\"width\":700,\"height\":59,\"caption\":\"CRI e Diario de Pernambuco\"},\"image\":{\"@id\":\"https:\\\/\\\/diariodepe.com.br\\\/cri\\\/#\\\/schema\\\/logo\\\/image\\\/\"}},{\"@type\":\"Person\",\"@id\":\"https:\\\/\\\/diariodepe.com.br\\\/cri\\\/#\\\/schema\\\/person\\\/e474aead631cd4098632e11d3fbce118\",\"name\":\"CRI Portugu\u00eas\",\"image\":{\"@type\":\"ImageObject\",\"inLanguage\":\"pt-BR\",\"@id\":\"https:\\\/\\\/secure.gravatar.com\\\/avatar\\\/e2ac889ef882d4dc53091b610766dce49106cf9fe98c76e06745abb0993b2763?s=96&d=mm&r=g\",\"url\":\"https:\\\/\\\/secure.gravatar.com\\\/avatar\\\/e2ac889ef882d4dc53091b610766dce49106cf9fe98c76e06745abb0993b2763?s=96&d=mm&r=g\",\"contentUrl\":\"https:\\\/\\\/secure.gravatar.com\\\/avatar\\\/e2ac889ef882d4dc53091b610766dce49106cf9fe98c76e06745abb0993b2763?s=96&d=mm&r=g\",\"caption\":\"CRI Portugu\u00eas\"},\"sameAs\":[\"https:\\\/\\\/www.diariodepernambuco.com.br\\\/\"],\"url\":\"https:\\\/\\\/diariodepe.com.br\\\/cri\\\/author\\\/agencia-cri\\\/\"}]}<\/script>\n<!-- \/ Yoast SEO plugin. -->","yoast_head_json":{"title":"Visita do primeiro-ministro canadense \u00e0 China abre novo cap\u00edtulo para rela\u00e7\u00f5es bilaterais - CRI e Diario de Pernambuco","robots":{"index":"index","follow":"follow","max-snippet":"max-snippet:-1","max-image-preview":"max-image-preview:large","max-video-preview":"max-video-preview:-1"},"canonical":"https:\/\/diariodepe.com.br\/cri\/2026\/01\/20\/visita-do-primeiro-ministro-canadense-a-china-abre-novo-capitulo-para-relacoes-bilaterais\/","og_locale":"pt_BR","og_type":"article","og_title":"Visita do primeiro-ministro canadense \u00e0 China abre novo cap\u00edtulo para rela\u00e7\u00f5es bilaterais - CRI e Diario de Pernambuco","og_description":"O primeiro-ministro do Canad\u00e1, Mark Carney, realizou uma visita oficial \u00e0 China entre os dias 14 e 17 deste m\u00eas e se encontrou com o presidente chin\u00eas, Xi Jinping, na \u00faltima sexta-feira (16) em Beijing. O l\u00edder chin\u00eas indicou que...","og_url":"https:\/\/diariodepe.com.br\/cri\/2026\/01\/20\/visita-do-primeiro-ministro-canadense-a-china-abre-novo-capitulo-para-relacoes-bilaterais\/","og_site_name":"CRI e Diario de Pernambuco","article_published_time":"2026-01-21T02:13:50+00:00","og_image":[{"url":"https:\/\/38picres.cgtn.com\/photoAlbum\/page\/performance\/img\/2026\/1\/18\/1768737607618_670.jpg","type":"","width":"","height":""}],"author":"CRI Portugu\u00eas","twitter_card":"summary_large_image","twitter_misc":{"Escrito por":"CRI Portugu\u00eas","Est. tempo de leitura":"3 minutos"},"schema":{"@context":"https:\/\/schema.org","@graph":[{"@type":"Article","@id":"https:\/\/diariodepe.com.br\/cri\/2026\/01\/20\/visita-do-primeiro-ministro-canadense-a-china-abre-novo-capitulo-para-relacoes-bilaterais\/#article","isPartOf":{"@id":"https:\/\/diariodepe.com.br\/cri\/2026\/01\/20\/visita-do-primeiro-ministro-canadense-a-china-abre-novo-capitulo-para-relacoes-bilaterais\/"},"author":{"name":"CRI Portugu\u00eas","@id":"https:\/\/diariodepe.com.br\/cri\/#\/schema\/person\/e474aead631cd4098632e11d3fbce118"},"headline":"Visita do primeiro-ministro canadense \u00e0 China abre novo cap\u00edtulo para rela\u00e7\u00f5es bilaterais","datePublished":"2026-01-21T02:13:50+00:00","mainEntityOfPage":{"@id":"https:\/\/diariodepe.com.br\/cri\/2026\/01\/20\/visita-do-primeiro-ministro-canadense-a-china-abre-novo-capitulo-para-relacoes-bilaterais\/"},"wordCount":492,"commentCount":0,"publisher":{"@id":"https:\/\/diariodepe.com.br\/cri\/#organization"},"image":{"@id":"https:\/\/diariodepe.com.br\/cri\/2026\/01\/20\/visita-do-primeiro-ministro-canadense-a-china-abre-novo-capitulo-para-relacoes-bilaterais\/#primaryimage"},"thumbnailUrl":"https:\/\/38picres.cgtn.com\/photoAlbum\/page\/performance\/img\/2026\/1\/18\/1768737607618_670.jpg","articleSection":["Vis\u00e3o"],"inLanguage":"pt-BR","potentialAction":[{"@type":"CommentAction","name":"Comment","target":["https:\/\/diariodepe.com.br\/cri\/2026\/01\/20\/visita-do-primeiro-ministro-canadense-a-china-abre-novo-capitulo-para-relacoes-bilaterais\/#respond"]}]},{"@type":"WebPage","@id":"https:\/\/diariodepe.com.br\/cri\/2026\/01\/20\/visita-do-primeiro-ministro-canadense-a-china-abre-novo-capitulo-para-relacoes-bilaterais\/","url":"https:\/\/diariodepe.com.br\/cri\/2026\/01\/20\/visita-do-primeiro-ministro-canadense-a-china-abre-novo-capitulo-para-relacoes-bilaterais\/","name":"Visita do primeiro-ministro canadense \u00e0 China abre novo cap\u00edtulo para rela\u00e7\u00f5es bilaterais - CRI e Diario de Pernambuco","isPartOf":{"@id":"https:\/\/diariodepe.com.br\/cri\/#website"},"primaryImageOfPage":{"@id":"https:\/\/diariodepe.com.br\/cri\/2026\/01\/20\/visita-do-primeiro-ministro-canadense-a-china-abre-novo-capitulo-para-relacoes-bilaterais\/#primaryimage"},"image":{"@id":"https:\/\/diariodepe.com.br\/cri\/2026\/01\/20\/visita-do-primeiro-ministro-canadense-a-china-abre-novo-capitulo-para-relacoes-bilaterais\/#primaryimage"},"thumbnailUrl":"https:\/\/38picres.cgtn.com\/photoAlbum\/page\/performance\/img\/2026\/1\/18\/1768737607618_670.jpg","datePublished":"2026-01-21T02:13:50+00:00","breadcrumb":{"@id":"https:\/\/diariodepe.com.br\/cri\/2026\/01\/20\/visita-do-primeiro-ministro-canadense-a-china-abre-novo-capitulo-para-relacoes-bilaterais\/#breadcrumb"},"inLanguage":"pt-BR","potentialAction":[{"@type":"ReadAction","target":["https:\/\/diariodepe.com.br\/cri\/2026\/01\/20\/visita-do-primeiro-ministro-canadense-a-china-abre-novo-capitulo-para-relacoes-bilaterais\/"]}]},{"@type":"ImageObject","inLanguage":"pt-BR","@id":"https:\/\/diariodepe.com.br\/cri\/2026\/01\/20\/visita-do-primeiro-ministro-canadense-a-china-abre-novo-capitulo-para-relacoes-bilaterais\/#primaryimage","url":"https:\/\/38picres.cgtn.com\/photoAlbum\/page\/performance\/img\/2026\/1\/18\/1768737607618_670.jpg","contentUrl":"https:\/\/38picres.cgtn.com\/photoAlbum\/page\/performance\/img\/2026\/1\/18\/1768737607618_670.jpg"},{"@type":"BreadcrumbList","@id":"https:\/\/diariodepe.com.br\/cri\/2026\/01\/20\/visita-do-primeiro-ministro-canadense-a-china-abre-novo-capitulo-para-relacoes-bilaterais\/#breadcrumb","itemListElement":[{"@type":"ListItem","position":1,"name":"In\u00edcio","item":"https:\/\/diariodepe.com.br\/cri\/"},{"@type":"ListItem","position":2,"name":"Visita do primeiro-ministro canadense \u00e0 China abre novo cap\u00edtulo para rela\u00e7\u00f5es bilaterais"}]},{"@type":"WebSite","@id":"https:\/\/diariodepe.com.br\/cri\/#website","url":"https:\/\/diariodepe.com.br\/cri\/","name":"CRI e Diario de Pernambuco","description":"R\u00e1dio Internacional da China","publisher":{"@id":"https:\/\/diariodepe.com.br\/cri\/#organization"},"potentialAction":[{"@type":"SearchAction","target":{"@type":"EntryPoint","urlTemplate":"https:\/\/diariodepe.com.br\/cri\/?s={search_term_string}"},"query-input":{"@type":"PropertyValueSpecification","valueRequired":true,"valueName":"search_term_string"}}],"inLanguage":"pt-BR"},{"@type":"Organization","@id":"https:\/\/diariodepe.com.br\/cri\/#organization","name":"CRI e Diario de Pernambuco","url":"https:\/\/diariodepe.com.br\/cri\/","logo":{"@type":"ImageObject","inLanguage":"pt-BR","@id":"https:\/\/diariodepe.com.br\/cri\/#\/schema\/logo\/image\/","url":"https:\/\/diariodepe.com.br\/cri\/wp-content\/uploads\/sites\/2\/2022\/12\/cropped-Logo.jpg","contentUrl":"https:\/\/diariodepe.com.br\/cri\/wp-content\/uploads\/sites\/2\/2022\/12\/cropped-Logo.jpg","width":700,"height":59,"caption":"CRI e Diario de Pernambuco"},"image":{"@id":"https:\/\/diariodepe.com.br\/cri\/#\/schema\/logo\/image\/"}},{"@type":"Person","@id":"https:\/\/diariodepe.com.br\/cri\/#\/schema\/person\/e474aead631cd4098632e11d3fbce118","name":"CRI Portugu\u00eas","image":{"@type":"ImageObject","inLanguage":"pt-BR","@id":"https:\/\/secure.gravatar.com\/avatar\/e2ac889ef882d4dc53091b610766dce49106cf9fe98c76e06745abb0993b2763?s=96&d=mm&r=g","url":"https:\/\/secure.gravatar.com\/avatar\/e2ac889ef882d4dc53091b610766dce49106cf9fe98c76e06745abb0993b2763?s=96&d=mm&r=g","contentUrl":"https:\/\/secure.gravatar.com\/avatar\/e2ac889ef882d4dc53091b610766dce49106cf9fe98c76e06745abb0993b2763?s=96&d=mm&r=g","caption":"CRI Portugu\u00eas"},"sameAs":["https:\/\/www.diariodepernambuco.com.br\/"],"url":"https:\/\/diariodepe.com.br\/cri\/author\/agencia-cri\/"}]}},"cc_featured_image_caption":{"caption_text":"","source_text":"","source_url":""},"amp_enabled":true,"_links":{"self":[{"href":"https:\/\/diariodepe.com.br\/cri\/wp-json\/wp\/v2\/posts\/10441","targetHints":{"allow":["GET"]}}],"collection":[{"href":"https:\/\/diariodepe.com.br\/cri\/wp-json\/wp\/v2\/posts"}],"about":[{"href":"https:\/\/diariodepe.com.br\/cri\/wp-json\/wp\/v2\/types\/post"}],"author":[{"embeddable":true,"href":"https:\/\/diariodepe.com.br\/cri\/wp-json\/wp\/v2\/users\/5"}],"replies":[{"embeddable":true,"href":"https:\/\/diariodepe.com.br\/cri\/wp-json\/wp\/v2\/comments?post=10441"}],"version-history":[{"count":1,"href":"https:\/\/diariodepe.com.br\/cri\/wp-json\/wp\/v2\/posts\/10441\/revisions"}],"predecessor-version":[{"id":10442,"href":"https:\/\/diariodepe.com.br\/cri\/wp-json\/wp\/v2\/posts\/10441\/revisions\/10442"}],"wp:attachment":[{"href":"https:\/\/diariodepe.com.br\/cri\/wp-json\/wp\/v2\/media?parent=10441"}],"wp:term":[{"taxonomy":"category","embeddable":true,"href":"https:\/\/diariodepe.com.br\/cri\/wp-json\/wp\/v2\/categories?post=10441"},{"taxonomy":"post_tag","embeddable":true,"href":"https:\/\/diariodepe.com.br\/cri\/wp-json\/wp\/v2\/tags?post=10441"}],"curies":[{"name":"wp","href":"https:\/\/api.w.org\/{rel}","templated":true}]}}