{"id":10432,"date":"2026-01-15T00:15:06","date_gmt":"2026-01-15T03:15:06","guid":{"rendered":"https:\/\/diariodepe.com.br\/cri\/?p=10432"},"modified":"2026-01-15T00:15:06","modified_gmt":"2026-01-15T03:15:06","slug":"diario-da-china-china-em-dois-tempos","status":"publish","type":"post","link":"https:\/\/diariodepe.com.br\/cri\/2026\/01\/15\/diario-da-china-china-em-dois-tempos\/","title":{"rendered":"DI\u00c1RIO DA CHINA-China em dois tempos"},"content":{"rendered":"<p><i>Um di\u00e1logo entre 1977 e 2026 para entender as transforma\u00e7\u00f5es pol\u00edticas, sociais e tecnol\u00f3gicas do pa\u00eds que mais mudou no mundo<\/i><\/p>\n<p>No dia 16 de julho de 1977, o jornalista e cartunista Henfil embarcou para uma viagem de 14 dias \u00e0 China. Ele contou essa aventura no saboroso\u00a0<i>Henfil na China (antes da Coca-Cola)<\/i>, lan\u00e7ado em 1980 pela Editora Codecri, a mesma do\u00a0<i>Pasquim<\/i>. Sua visita aconteceu menos de um ano depois da morte de Mao Zedong, num pa\u00eds que ainda tentava encontrar um novo rumo.Em 16 de julho de 2022, exatamente 45 anos depois, eu tamb\u00e9m embarquei para a China, em plena pandemia, para cobrir o 20\u00ba Congresso Nacional do Partido Comunista da China (PCCh). Fiquei no pa\u00eds at\u00e9 dezembro daquele ano.<\/p>\n<p>Durante os preparativos da viagem, recebi de uma amiga, Alzimar Ramalho, algumas p\u00e1ginas do livro de Henfil, nas quais ele descrevia como os chineses se vestiam naquele per\u00edodo. De volta ao Brasil, ela me presenteou com seu exemplar \u2014 um gesto t\u00e3o simb\u00f3lico quanto carinhoso.<\/p>\n<p><img decoding=\"async\" src=\"https:\/\/38picres.cgtn.com\/photoAlbum\/page\/performance\/img\/2026\/1\/15\/1768444437894_19.jpg\" \/><\/p>\n<p><strong>In\u00edcio de uma nova aventura na China<\/strong><\/p>\n<p>No dia 21 de novembro de 2025, embarquei novamente rumo \u00e0 China, desta vez para come\u00e7ar uma nova vida em Beijing. Hoje sou editora da\u00a0<i>CGTN em Portugu\u00eas,<\/i>\u00a0parte do China Media Group (CMG).<\/p>\n<p>Voltar para c\u00e1, agora para morar, \u00e9 uma experi\u00eancia que sei que me transformar\u00e1 profundamente. E por isso trouxe comigo o livro de Henfil \u2014 meu companheiro nesta nova temporada chinesa.<\/p>\n<p>Decidi \u201cconversar\u201d com ele, como quem cruza dois tempos: a China \u201cantes da Coca-Cola\u201d, que ele conheceu em 1977, e a China de 2026, com carros el\u00e9tricos, intelig\u00eancia artificial, trens de alta velocidade, moda digital e uma velocidade de mudan\u00e7a que \u00e0s vezes parece fic\u00e7\u00e3o cient\u00edfica.<\/p>\n<p>Henfil escreve com humor, afeto e as marcas do seu pr\u00f3prio tempo. Ler esse livro hoje exige cuidado e contexto. Mas tamb\u00e9m abre espa\u00e7o para reflex\u00f5es deliciosas.<\/p>\n<h2>Quando Henfil pousou na China que amanhecia<\/h2>\n<p>Relendo suas cr\u00f4nicas, fica claro que Henfil chegou ao pa\u00eds exatamente no momento da queda do Bando dos Quatro, quando a China tentava se levantar ap\u00f3s uma d\u00e9cada de turbul\u00eancias profundas.<\/p>\n<p>Era uma China que ainda vivia tens\u00e3o constante com a Uni\u00e3o Sovi\u00e9tica, ent\u00e3o seu vizinho mais poderoso e seu maior rival pol\u00edtico. Essa disputa s\u00f3 perderia for\u00e7a anos mais tarde, com o fim da URSS em 1991.<\/p>\n<p>O pa\u00eds tamb\u00e9m revisava com prud\u00eancia sua rela\u00e7\u00e3o com o Jap\u00e3o, tratava Taiwan como quest\u00e3o central de sua integridade territorial e tentava reorganizar a vida cotidiana depois de anos de incerteza.<\/p>\n<p>Olhar para tudo isso desde 2026 torna o contraste ainda mais evidente. Hoje, a China n\u00e3o busca apenas estabilidade: ela se projeta como pot\u00eancia tecnol\u00f3gica, diplom\u00e1tica e econ\u00f4mica; influencia a balan\u00e7a de poder na \u00c1sia; e reafirma todos os dias que a quest\u00e3o de Taiwan segue sendo sua linha vermelha.<\/p>\n<p>O relacionamento com o Jap\u00e3o, que em 1977 era marcado por reconstru\u00e7\u00e3o e cautela, voltou ao centro das aten\u00e7\u00f5es. As declara\u00e7\u00f5es recentes da primeira-ministra Sanae Takaichi, ao chamar a situa\u00e7\u00e3o em Taiwan de \u201ccrise de sobreviv\u00eancia do Jap\u00e3o\u201d, reacenderam tens\u00f5es e foram entendidas por Beijing como interfer\u00eancia direta em sua soberania. A recusa de Takaichi em rever suas palavras s\u00f3 aumentou o desgaste diplom\u00e1tico e mostrou como o tabuleiro asi\u00e1tico segue din\u00e2mico e sens\u00edvel.<\/p>\n<p>No cen\u00e1rio eurasi\u00e1tico, a mudan\u00e7a tamb\u00e9m \u00e9 profunda. Se antes a China mantinha uma rivalidade intensa com a Uni\u00e3o Sovi\u00e9tica, hoje constr\u00f3i uma parceria estrat\u00e9gica com a R\u00fassia, baseada em coopera\u00e7\u00e3o energ\u00e9tica, tecnol\u00f3gica, militar e diplom\u00e1tica.<\/p>\n<p>Se, em 1977, a China ainda procurava reencontrar seu rumo, em 2026 esse rumo est\u00e1 claramente definido \u2014 e o mundo inteiro precisa lidar com isso.<\/p>\n<h2><img decoding=\"async\" src=\"https:\/\/38picres.cgtn.com\/photoAlbum\/page\/performance\/img\/2026\/1\/15\/1768444437773_924.jpg\" \/><\/h2>\n<h2>Do pa\u00eds que Henfil viu ao pa\u00eds que vejo hoje<\/h2>\n<p>Comparar a China de 1977 com a China de 2026 \u00e9 como comparar dois planetas. O pa\u00eds passou por transforma\u00e7\u00f5es profundas que atingiram a pol\u00edtica, a economia, a vida cotidiana, as cidades, a ci\u00eancia e sua presen\u00e7a no mundo.<\/p>\n<p>A urbaniza\u00e7\u00e3o acelerada mudou completamente o cotidiano das pessoas; a pobreza extrema foi erradicada; as tecnologias digitais passaram a fazer parte da vida di\u00e1ria; e a China se tornou um ator indispens\u00e1vel nas discuss\u00f5es globais sobre energia, com\u00e9rcio, clima, inova\u00e7\u00e3o e infraestrutura.<\/p>\n<p>O pa\u00eds tamb\u00e9m ampliou sua presen\u00e7a internacional por meio de coopera\u00e7\u00e3o Sul-Sul, iniciativas de conectividade e participa\u00e7\u00e3o mais ativa em temas globais.<\/p>\n<h2>A longa travessia da pol\u00edtica chinesa<\/h2>\n<p>Toda essa transforma\u00e7\u00e3o atravessa as reformas lan\u00e7adas por Deng Xiaoping, passa pelas moderniza\u00e7\u00f5es das d\u00e9cadas seguintes e chega at\u00e9 a atual lideran\u00e7a de Xi Jinping, marcada por ambi\u00e7\u00f5es tecnol\u00f3gicas, metas clim\u00e1ticas, fortalecimento institucional, busca por autossufici\u00eancia e uma vis\u00e3o de desenvolvimento voltada para o longo prazo.<\/p>\n<h2>Quinze planos, um pa\u00eds em movimento<\/h2>\n<p>Ao fundo dessa hist\u00f3ria est\u00e3o os Planos Quinquenais, que moldam a China desde os primeiros anos da Rep\u00fablica Popular, nos anos 1950. N\u00e3o s\u00e3o apenas documentos t\u00e9cnicos: funcionam como mapas de prioridades, escolhas e rumos.<\/p>\n<p>Entre 1977 e 2026, esses planos acompanharam a passagem de um pa\u00eds majoritariamente rural para uma pot\u00eancia industrial e tecnol\u00f3gica. Nos pr\u00f3ximos textos, vou explorar esse processo com calma \u2014 n\u00e3o como uma lista de metas, mas como uma forma de entender por que a China tomou os caminhos que tomou.<\/p>\n<h2>China em dois tempos<\/h2>\n<p>\u00c9 nesse di\u00e1logo entre passado e presente \u2014 entre a China que Henfil encontrou e a China que encontro hoje, aqui de Beijing \u2014 que esta s\u00e9rie se constr\u00f3i. Uma tentativa de entender n\u00e3o s\u00f3 como o pa\u00eds mudou, mas como essas mudan\u00e7as ajudam a explicar o mundo em que vivemos.<\/p>\n<p>H\u00e1 muitas hist\u00f3rias, compara\u00e7\u00f5es e curiosidades para vir pela frente.<\/p>\n<p>Acho que essa prosa \u2014 entre 1977 e 2026, entre Henfil e eu \u2014 tem tudo para ser divertida, instigante e cheia de descobertas.<\/p>\n<p>Vem comigo nessa conversa?<\/p>\n<p>Beijinhos de Beijing!<\/p>\n","protected":false},"excerpt":{"rendered":"<p>Um di\u00e1logo entre 1977 e 2026 para entender as transforma\u00e7\u00f5es pol\u00edticas, sociais e tecnol\u00f3gicas do pa\u00eds que mais mudou no mundo No dia 16 de julho de 1977, o jornalista e cartunista Henfil embarcou para uma viagem de 14 dias&#8230;<\/p>\n","protected":false},"author":5,"featured_media":0,"comment_status":"open","ping_status":"open","sticky":false,"template":"","format":"standard","meta":{"footnotes":""},"categories":[7],"tags":[],"class_list":["post-10432","post","type-post","status-publish","format-standard","hentry","category-visao"],"yoast_head":"<!-- This site is optimized with the Yoast SEO plugin v27.4 - https:\/\/yoast.com\/product\/yoast-seo-wordpress\/ -->\n<title>DI\u00c1RIO DA CHINA-China em dois tempos - CRI e Diario de Pernambuco<\/title>\n<meta name=\"robots\" content=\"index, follow, max-snippet:-1, max-image-preview:large, max-video-preview:-1\" \/>\n<link rel=\"canonical\" href=\"https:\/\/diariodepe.com.br\/cri\/2026\/01\/15\/diario-da-china-china-em-dois-tempos\/\" \/>\n<meta property=\"og:locale\" content=\"pt_BR\" \/>\n<meta property=\"og:type\" content=\"article\" \/>\n<meta property=\"og:title\" content=\"DI\u00c1RIO DA CHINA-China em dois tempos - CRI e Diario de Pernambuco\" \/>\n<meta property=\"og:description\" content=\"Um di\u00e1logo entre 1977 e 2026 para entender as transforma\u00e7\u00f5es pol\u00edticas, sociais e tecnol\u00f3gicas do pa\u00eds que mais mudou no mundo No dia 16 de julho de 1977, o jornalista e cartunista Henfil embarcou para uma viagem de 14 dias...\" \/>\n<meta property=\"og:url\" content=\"https:\/\/diariodepe.com.br\/cri\/2026\/01\/15\/diario-da-china-china-em-dois-tempos\/\" \/>\n<meta property=\"og:site_name\" content=\"CRI e Diario de Pernambuco\" \/>\n<meta property=\"article:published_time\" content=\"2026-01-15T03:15:06+00:00\" \/>\n<meta property=\"og:image\" content=\"https:\/\/38picres.cgtn.com\/photoAlbum\/page\/performance\/img\/2026\/1\/15\/1768444437894_19.jpg\" \/>\n<meta name=\"author\" content=\"CRI Portugu\u00eas\" \/>\n<meta name=\"twitter:card\" content=\"summary_large_image\" \/>\n<meta name=\"twitter:label1\" content=\"Escrito por\" \/>\n\t<meta name=\"twitter:data1\" content=\"CRI Portugu\u00eas\" \/>\n\t<meta name=\"twitter:label2\" content=\"Est. tempo de leitura\" \/>\n\t<meta name=\"twitter:data2\" content=\"6 minutos\" \/>\n<script type=\"application\/ld+json\" class=\"yoast-schema-graph\">{\"@context\":\"https:\\\/\\\/schema.org\",\"@graph\":[{\"@type\":\"Article\",\"@id\":\"https:\\\/\\\/diariodepe.com.br\\\/cri\\\/2026\\\/01\\\/15\\\/diario-da-china-china-em-dois-tempos\\\/#article\",\"isPartOf\":{\"@id\":\"https:\\\/\\\/diariodepe.com.br\\\/cri\\\/2026\\\/01\\\/15\\\/diario-da-china-china-em-dois-tempos\\\/\"},\"author\":{\"name\":\"CRI Portugu\u00eas\",\"@id\":\"https:\\\/\\\/diariodepe.com.br\\\/cri\\\/#\\\/schema\\\/person\\\/e474aead631cd4098632e11d3fbce118\"},\"headline\":\"DI\u00c1RIO DA CHINA-China em dois tempos\",\"datePublished\":\"2026-01-15T03:15:06+00:00\",\"mainEntityOfPage\":{\"@id\":\"https:\\\/\\\/diariodepe.com.br\\\/cri\\\/2026\\\/01\\\/15\\\/diario-da-china-china-em-dois-tempos\\\/\"},\"wordCount\":1051,\"commentCount\":0,\"publisher\":{\"@id\":\"https:\\\/\\\/diariodepe.com.br\\\/cri\\\/#organization\"},\"image\":{\"@id\":\"https:\\\/\\\/diariodepe.com.br\\\/cri\\\/2026\\\/01\\\/15\\\/diario-da-china-china-em-dois-tempos\\\/#primaryimage\"},\"thumbnailUrl\":\"https:\\\/\\\/38picres.cgtn.com\\\/photoAlbum\\\/page\\\/performance\\\/img\\\/2026\\\/1\\\/15\\\/1768444437894_19.jpg\",\"articleSection\":[\"Vis\u00e3o\"],\"inLanguage\":\"pt-BR\",\"potentialAction\":[{\"@type\":\"CommentAction\",\"name\":\"Comment\",\"target\":[\"https:\\\/\\\/diariodepe.com.br\\\/cri\\\/2026\\\/01\\\/15\\\/diario-da-china-china-em-dois-tempos\\\/#respond\"]}]},{\"@type\":\"WebPage\",\"@id\":\"https:\\\/\\\/diariodepe.com.br\\\/cri\\\/2026\\\/01\\\/15\\\/diario-da-china-china-em-dois-tempos\\\/\",\"url\":\"https:\\\/\\\/diariodepe.com.br\\\/cri\\\/2026\\\/01\\\/15\\\/diario-da-china-china-em-dois-tempos\\\/\",\"name\":\"DI\u00c1RIO DA CHINA-China em dois tempos - CRI e Diario de Pernambuco\",\"isPartOf\":{\"@id\":\"https:\\\/\\\/diariodepe.com.br\\\/cri\\\/#website\"},\"primaryImageOfPage\":{\"@id\":\"https:\\\/\\\/diariodepe.com.br\\\/cri\\\/2026\\\/01\\\/15\\\/diario-da-china-china-em-dois-tempos\\\/#primaryimage\"},\"image\":{\"@id\":\"https:\\\/\\\/diariodepe.com.br\\\/cri\\\/2026\\\/01\\\/15\\\/diario-da-china-china-em-dois-tempos\\\/#primaryimage\"},\"thumbnailUrl\":\"https:\\\/\\\/38picres.cgtn.com\\\/photoAlbum\\\/page\\\/performance\\\/img\\\/2026\\\/1\\\/15\\\/1768444437894_19.jpg\",\"datePublished\":\"2026-01-15T03:15:06+00:00\",\"breadcrumb\":{\"@id\":\"https:\\\/\\\/diariodepe.com.br\\\/cri\\\/2026\\\/01\\\/15\\\/diario-da-china-china-em-dois-tempos\\\/#breadcrumb\"},\"inLanguage\":\"pt-BR\",\"potentialAction\":[{\"@type\":\"ReadAction\",\"target\":[\"https:\\\/\\\/diariodepe.com.br\\\/cri\\\/2026\\\/01\\\/15\\\/diario-da-china-china-em-dois-tempos\\\/\"]}]},{\"@type\":\"ImageObject\",\"inLanguage\":\"pt-BR\",\"@id\":\"https:\\\/\\\/diariodepe.com.br\\\/cri\\\/2026\\\/01\\\/15\\\/diario-da-china-china-em-dois-tempos\\\/#primaryimage\",\"url\":\"https:\\\/\\\/38picres.cgtn.com\\\/photoAlbum\\\/page\\\/performance\\\/img\\\/2026\\\/1\\\/15\\\/1768444437894_19.jpg\",\"contentUrl\":\"https:\\\/\\\/38picres.cgtn.com\\\/photoAlbum\\\/page\\\/performance\\\/img\\\/2026\\\/1\\\/15\\\/1768444437894_19.jpg\"},{\"@type\":\"BreadcrumbList\",\"@id\":\"https:\\\/\\\/diariodepe.com.br\\\/cri\\\/2026\\\/01\\\/15\\\/diario-da-china-china-em-dois-tempos\\\/#breadcrumb\",\"itemListElement\":[{\"@type\":\"ListItem\",\"position\":1,\"name\":\"In\u00edcio\",\"item\":\"https:\\\/\\\/diariodepe.com.br\\\/cri\\\/\"},{\"@type\":\"ListItem\",\"position\":2,\"name\":\"DI\u00c1RIO DA CHINA-China em dois tempos\"}]},{\"@type\":\"WebSite\",\"@id\":\"https:\\\/\\\/diariodepe.com.br\\\/cri\\\/#website\",\"url\":\"https:\\\/\\\/diariodepe.com.br\\\/cri\\\/\",\"name\":\"CRI e Diario de Pernambuco\",\"description\":\"R\u00e1dio Internacional da China\",\"publisher\":{\"@id\":\"https:\\\/\\\/diariodepe.com.br\\\/cri\\\/#organization\"},\"potentialAction\":[{\"@type\":\"SearchAction\",\"target\":{\"@type\":\"EntryPoint\",\"urlTemplate\":\"https:\\\/\\\/diariodepe.com.br\\\/cri\\\/?s={search_term_string}\"},\"query-input\":{\"@type\":\"PropertyValueSpecification\",\"valueRequired\":true,\"valueName\":\"search_term_string\"}}],\"inLanguage\":\"pt-BR\"},{\"@type\":\"Organization\",\"@id\":\"https:\\\/\\\/diariodepe.com.br\\\/cri\\\/#organization\",\"name\":\"CRI e Diario de Pernambuco\",\"url\":\"https:\\\/\\\/diariodepe.com.br\\\/cri\\\/\",\"logo\":{\"@type\":\"ImageObject\",\"inLanguage\":\"pt-BR\",\"@id\":\"https:\\\/\\\/diariodepe.com.br\\\/cri\\\/#\\\/schema\\\/logo\\\/image\\\/\",\"url\":\"https:\\\/\\\/diariodepe.com.br\\\/cri\\\/wp-content\\\/uploads\\\/sites\\\/2\\\/2022\\\/12\\\/cropped-Logo.jpg\",\"contentUrl\":\"https:\\\/\\\/diariodepe.com.br\\\/cri\\\/wp-content\\\/uploads\\\/sites\\\/2\\\/2022\\\/12\\\/cropped-Logo.jpg\",\"width\":700,\"height\":59,\"caption\":\"CRI e Diario de Pernambuco\"},\"image\":{\"@id\":\"https:\\\/\\\/diariodepe.com.br\\\/cri\\\/#\\\/schema\\\/logo\\\/image\\\/\"}},{\"@type\":\"Person\",\"@id\":\"https:\\\/\\\/diariodepe.com.br\\\/cri\\\/#\\\/schema\\\/person\\\/e474aead631cd4098632e11d3fbce118\",\"name\":\"CRI Portugu\u00eas\",\"image\":{\"@type\":\"ImageObject\",\"inLanguage\":\"pt-BR\",\"@id\":\"https:\\\/\\\/secure.gravatar.com\\\/avatar\\\/e2ac889ef882d4dc53091b610766dce49106cf9fe98c76e06745abb0993b2763?s=96&d=mm&r=g\",\"url\":\"https:\\\/\\\/secure.gravatar.com\\\/avatar\\\/e2ac889ef882d4dc53091b610766dce49106cf9fe98c76e06745abb0993b2763?s=96&d=mm&r=g\",\"contentUrl\":\"https:\\\/\\\/secure.gravatar.com\\\/avatar\\\/e2ac889ef882d4dc53091b610766dce49106cf9fe98c76e06745abb0993b2763?s=96&d=mm&r=g\",\"caption\":\"CRI Portugu\u00eas\"},\"sameAs\":[\"https:\\\/\\\/www.diariodepernambuco.com.br\\\/\"],\"url\":\"https:\\\/\\\/diariodepe.com.br\\\/cri\\\/author\\\/agencia-cri\\\/\"}]}<\/script>\n<!-- \/ Yoast SEO plugin. -->","yoast_head_json":{"title":"DI\u00c1RIO DA CHINA-China em dois tempos - CRI e Diario de Pernambuco","robots":{"index":"index","follow":"follow","max-snippet":"max-snippet:-1","max-image-preview":"max-image-preview:large","max-video-preview":"max-video-preview:-1"},"canonical":"https:\/\/diariodepe.com.br\/cri\/2026\/01\/15\/diario-da-china-china-em-dois-tempos\/","og_locale":"pt_BR","og_type":"article","og_title":"DI\u00c1RIO DA CHINA-China em dois tempos - CRI e Diario de Pernambuco","og_description":"Um di\u00e1logo entre 1977 e 2026 para entender as transforma\u00e7\u00f5es pol\u00edticas, sociais e tecnol\u00f3gicas do pa\u00eds que mais mudou no mundo No dia 16 de julho de 1977, o jornalista e cartunista Henfil embarcou para uma viagem de 14 dias...","og_url":"https:\/\/diariodepe.com.br\/cri\/2026\/01\/15\/diario-da-china-china-em-dois-tempos\/","og_site_name":"CRI e Diario de Pernambuco","article_published_time":"2026-01-15T03:15:06+00:00","og_image":[{"url":"https:\/\/38picres.cgtn.com\/photoAlbum\/page\/performance\/img\/2026\/1\/15\/1768444437894_19.jpg","type":"","width":"","height":""}],"author":"CRI Portugu\u00eas","twitter_card":"summary_large_image","twitter_misc":{"Escrito por":"CRI Portugu\u00eas","Est. tempo de leitura":"6 minutos"},"schema":{"@context":"https:\/\/schema.org","@graph":[{"@type":"Article","@id":"https:\/\/diariodepe.com.br\/cri\/2026\/01\/15\/diario-da-china-china-em-dois-tempos\/#article","isPartOf":{"@id":"https:\/\/diariodepe.com.br\/cri\/2026\/01\/15\/diario-da-china-china-em-dois-tempos\/"},"author":{"name":"CRI Portugu\u00eas","@id":"https:\/\/diariodepe.com.br\/cri\/#\/schema\/person\/e474aead631cd4098632e11d3fbce118"},"headline":"DI\u00c1RIO DA CHINA-China em dois tempos","datePublished":"2026-01-15T03:15:06+00:00","mainEntityOfPage":{"@id":"https:\/\/diariodepe.com.br\/cri\/2026\/01\/15\/diario-da-china-china-em-dois-tempos\/"},"wordCount":1051,"commentCount":0,"publisher":{"@id":"https:\/\/diariodepe.com.br\/cri\/#organization"},"image":{"@id":"https:\/\/diariodepe.com.br\/cri\/2026\/01\/15\/diario-da-china-china-em-dois-tempos\/#primaryimage"},"thumbnailUrl":"https:\/\/38picres.cgtn.com\/photoAlbum\/page\/performance\/img\/2026\/1\/15\/1768444437894_19.jpg","articleSection":["Vis\u00e3o"],"inLanguage":"pt-BR","potentialAction":[{"@type":"CommentAction","name":"Comment","target":["https:\/\/diariodepe.com.br\/cri\/2026\/01\/15\/diario-da-china-china-em-dois-tempos\/#respond"]}]},{"@type":"WebPage","@id":"https:\/\/diariodepe.com.br\/cri\/2026\/01\/15\/diario-da-china-china-em-dois-tempos\/","url":"https:\/\/diariodepe.com.br\/cri\/2026\/01\/15\/diario-da-china-china-em-dois-tempos\/","name":"DI\u00c1RIO DA CHINA-China em dois tempos - CRI e Diario de Pernambuco","isPartOf":{"@id":"https:\/\/diariodepe.com.br\/cri\/#website"},"primaryImageOfPage":{"@id":"https:\/\/diariodepe.com.br\/cri\/2026\/01\/15\/diario-da-china-china-em-dois-tempos\/#primaryimage"},"image":{"@id":"https:\/\/diariodepe.com.br\/cri\/2026\/01\/15\/diario-da-china-china-em-dois-tempos\/#primaryimage"},"thumbnailUrl":"https:\/\/38picres.cgtn.com\/photoAlbum\/page\/performance\/img\/2026\/1\/15\/1768444437894_19.jpg","datePublished":"2026-01-15T03:15:06+00:00","breadcrumb":{"@id":"https:\/\/diariodepe.com.br\/cri\/2026\/01\/15\/diario-da-china-china-em-dois-tempos\/#breadcrumb"},"inLanguage":"pt-BR","potentialAction":[{"@type":"ReadAction","target":["https:\/\/diariodepe.com.br\/cri\/2026\/01\/15\/diario-da-china-china-em-dois-tempos\/"]}]},{"@type":"ImageObject","inLanguage":"pt-BR","@id":"https:\/\/diariodepe.com.br\/cri\/2026\/01\/15\/diario-da-china-china-em-dois-tempos\/#primaryimage","url":"https:\/\/38picres.cgtn.com\/photoAlbum\/page\/performance\/img\/2026\/1\/15\/1768444437894_19.jpg","contentUrl":"https:\/\/38picres.cgtn.com\/photoAlbum\/page\/performance\/img\/2026\/1\/15\/1768444437894_19.jpg"},{"@type":"BreadcrumbList","@id":"https:\/\/diariodepe.com.br\/cri\/2026\/01\/15\/diario-da-china-china-em-dois-tempos\/#breadcrumb","itemListElement":[{"@type":"ListItem","position":1,"name":"In\u00edcio","item":"https:\/\/diariodepe.com.br\/cri\/"},{"@type":"ListItem","position":2,"name":"DI\u00c1RIO DA CHINA-China em dois tempos"}]},{"@type":"WebSite","@id":"https:\/\/diariodepe.com.br\/cri\/#website","url":"https:\/\/diariodepe.com.br\/cri\/","name":"CRI e Diario de Pernambuco","description":"R\u00e1dio Internacional da China","publisher":{"@id":"https:\/\/diariodepe.com.br\/cri\/#organization"},"potentialAction":[{"@type":"SearchAction","target":{"@type":"EntryPoint","urlTemplate":"https:\/\/diariodepe.com.br\/cri\/?s={search_term_string}"},"query-input":{"@type":"PropertyValueSpecification","valueRequired":true,"valueName":"search_term_string"}}],"inLanguage":"pt-BR"},{"@type":"Organization","@id":"https:\/\/diariodepe.com.br\/cri\/#organization","name":"CRI e Diario de Pernambuco","url":"https:\/\/diariodepe.com.br\/cri\/","logo":{"@type":"ImageObject","inLanguage":"pt-BR","@id":"https:\/\/diariodepe.com.br\/cri\/#\/schema\/logo\/image\/","url":"https:\/\/diariodepe.com.br\/cri\/wp-content\/uploads\/sites\/2\/2022\/12\/cropped-Logo.jpg","contentUrl":"https:\/\/diariodepe.com.br\/cri\/wp-content\/uploads\/sites\/2\/2022\/12\/cropped-Logo.jpg","width":700,"height":59,"caption":"CRI e Diario de Pernambuco"},"image":{"@id":"https:\/\/diariodepe.com.br\/cri\/#\/schema\/logo\/image\/"}},{"@type":"Person","@id":"https:\/\/diariodepe.com.br\/cri\/#\/schema\/person\/e474aead631cd4098632e11d3fbce118","name":"CRI Portugu\u00eas","image":{"@type":"ImageObject","inLanguage":"pt-BR","@id":"https:\/\/secure.gravatar.com\/avatar\/e2ac889ef882d4dc53091b610766dce49106cf9fe98c76e06745abb0993b2763?s=96&d=mm&r=g","url":"https:\/\/secure.gravatar.com\/avatar\/e2ac889ef882d4dc53091b610766dce49106cf9fe98c76e06745abb0993b2763?s=96&d=mm&r=g","contentUrl":"https:\/\/secure.gravatar.com\/avatar\/e2ac889ef882d4dc53091b610766dce49106cf9fe98c76e06745abb0993b2763?s=96&d=mm&r=g","caption":"CRI Portugu\u00eas"},"sameAs":["https:\/\/www.diariodepernambuco.com.br\/"],"url":"https:\/\/diariodepe.com.br\/cri\/author\/agencia-cri\/"}]}},"cc_featured_image_caption":{"caption_text":"","source_text":"","source_url":""},"amp_enabled":true,"_links":{"self":[{"href":"https:\/\/diariodepe.com.br\/cri\/wp-json\/wp\/v2\/posts\/10432","targetHints":{"allow":["GET"]}}],"collection":[{"href":"https:\/\/diariodepe.com.br\/cri\/wp-json\/wp\/v2\/posts"}],"about":[{"href":"https:\/\/diariodepe.com.br\/cri\/wp-json\/wp\/v2\/types\/post"}],"author":[{"embeddable":true,"href":"https:\/\/diariodepe.com.br\/cri\/wp-json\/wp\/v2\/users\/5"}],"replies":[{"embeddable":true,"href":"https:\/\/diariodepe.com.br\/cri\/wp-json\/wp\/v2\/comments?post=10432"}],"version-history":[{"count":1,"href":"https:\/\/diariodepe.com.br\/cri\/wp-json\/wp\/v2\/posts\/10432\/revisions"}],"predecessor-version":[{"id":10433,"href":"https:\/\/diariodepe.com.br\/cri\/wp-json\/wp\/v2\/posts\/10432\/revisions\/10433"}],"wp:attachment":[{"href":"https:\/\/diariodepe.com.br\/cri\/wp-json\/wp\/v2\/media?parent=10432"}],"wp:term":[{"taxonomy":"category","embeddable":true,"href":"https:\/\/diariodepe.com.br\/cri\/wp-json\/wp\/v2\/categories?post=10432"},{"taxonomy":"post_tag","embeddable":true,"href":"https:\/\/diariodepe.com.br\/cri\/wp-json\/wp\/v2\/tags?post=10432"}],"curies":[{"name":"wp","href":"https:\/\/api.w.org\/{rel}","templated":true}]}}