{"id":10422,"date":"2026-01-14T23:50:36","date_gmt":"2026-01-15T02:50:36","guid":{"rendered":"https:\/\/diariodepe.com.br\/cri\/?p=10422"},"modified":"2026-01-14T23:50:36","modified_gmt":"2026-01-15T02:50:36","slug":"presidente-da-comissao-da-uniao-africana-afirma-que-a-ua-apoia-firmemente-o-principio-de-uma-so-china","status":"publish","type":"post","link":"https:\/\/diariodepe.com.br\/cri\/2026\/01\/14\/presidente-da-comissao-da-uniao-africana-afirma-que-a-ua-apoia-firmemente-o-principio-de-uma-so-china\/","title":{"rendered":"Presidente da Comiss\u00e3o da Uni\u00e3o Africana afirma que a UA apoia firmemente o princ\u00edpio de Uma S\u00f3 China"},"content":{"rendered":"<p align=\"left\">O presidente da Comiss\u00e3o da Uni\u00e3o Africana (UA), Moussa Faki Mahamat, afirmou em entrevista exclusiva ao Grupo de M\u00eddia da China (CMG, na sigla em ingl\u00eas), em Adis Abeba, capital da Eti\u00f3pia, que\u00a0a organiza\u00e7\u00e3o estar\u00e1 sempre ao lado da China\u00a0e apoiar\u00e1 o princ\u00edpio de Uma S\u00f3 China.<\/p>\n<p align=\"left\">O presidente declarou, na entrevista na sexta-feira (9), que a Uni\u00e3o Africana reconhece e defende o princ\u00edpio de Uma S\u00f3 China porque os pa\u00edses africanos vivenciaram experi\u00eancias semelhantes. Segundo\u00a0Mahamat, as fronteiras da China s\u00e3o t\u00e3o sagradas quanto as\u00a0dos pa\u00edses africanos.<\/p>\n<p align=\"left\">O l\u00edder da comiss\u00e3o ressaltou que a UA n\u00e3o apoia o separatismo regional e citou o caso recente da Somalil\u00e2ndia como um desafio enfrentado pelo continente africano. Na avalia\u00e7\u00e3o\u00a0da Mahamat, apoiar o princ\u00edpio de Uma S\u00f3 China tamb\u00e9m significa ajudar a pr\u00f3pria \u00c1frica, j\u00e1 que o continente enfrenta desafios semelhantes. Por isso,\u00a0o presidente da comiss\u00e3o da UA\u00a0enfatizou que a Uni\u00e3o Africana estar\u00e1 sempre ao lado da China.<\/p>\n","protected":false},"excerpt":{"rendered":"<p>O presidente da Comiss\u00e3o da Uni\u00e3o Africana (UA), Moussa Faki Mahamat, afirmou em entrevista exclusiva ao Grupo de M\u00eddia da China (CMG, na sigla em ingl\u00eas), em Adis Abeba, capital da Eti\u00f3pia, que\u00a0a organiza\u00e7\u00e3o estar\u00e1 sempre ao lado da China\u00a0e&#8230;<\/p>\n","protected":false},"author":5,"featured_media":0,"comment_status":"open","ping_status":"open","sticky":false,"template":"","format":"standard","meta":{"footnotes":""},"categories":[3],"tags":[],"class_list":["post-10422","post","type-post","status-publish","format-standard","hentry","category-china"],"yoast_head":"<!-- This site is optimized with the Yoast SEO plugin v27.4 - https:\/\/yoast.com\/product\/yoast-seo-wordpress\/ -->\n<title>Presidente da Comiss\u00e3o da Uni\u00e3o Africana afirma que a UA apoia firmemente o princ\u00edpio de Uma S\u00f3 China - CRI e Diario de Pernambuco<\/title>\n<meta name=\"robots\" content=\"index, follow, max-snippet:-1, max-image-preview:large, max-video-preview:-1\" \/>\n<link rel=\"canonical\" href=\"https:\/\/diariodepe.com.br\/cri\/2026\/01\/14\/presidente-da-comissao-da-uniao-africana-afirma-que-a-ua-apoia-firmemente-o-principio-de-uma-so-china\/\" \/>\n<meta property=\"og:locale\" content=\"pt_BR\" \/>\n<meta property=\"og:type\" content=\"article\" \/>\n<meta property=\"og:title\" content=\"Presidente da Comiss\u00e3o da Uni\u00e3o Africana afirma que a UA apoia firmemente o princ\u00edpio de Uma S\u00f3 China - CRI e Diario de Pernambuco\" \/>\n<meta property=\"og:description\" content=\"O presidente da Comiss\u00e3o da Uni\u00e3o Africana (UA), Moussa Faki Mahamat, afirmou em entrevista exclusiva ao Grupo de M\u00eddia da China (CMG, na sigla em ingl\u00eas), em Adis Abeba, capital da Eti\u00f3pia, que\u00a0a organiza\u00e7\u00e3o estar\u00e1 sempre ao lado da China\u00a0e...\" \/>\n<meta property=\"og:url\" content=\"https:\/\/diariodepe.com.br\/cri\/2026\/01\/14\/presidente-da-comissao-da-uniao-africana-afirma-que-a-ua-apoia-firmemente-o-principio-de-uma-so-china\/\" \/>\n<meta property=\"og:site_name\" content=\"CRI e Diario de Pernambuco\" \/>\n<meta property=\"article:published_time\" content=\"2026-01-15T02:50:36+00:00\" \/>\n<meta name=\"author\" content=\"CRI Portugu\u00eas\" \/>\n<meta name=\"twitter:card\" content=\"summary_large_image\" \/>\n<meta name=\"twitter:label1\" content=\"Escrito por\" \/>\n\t<meta name=\"twitter:data1\" content=\"CRI Portugu\u00eas\" \/>\n\t<meta name=\"twitter:label2\" content=\"Est. tempo de leitura\" \/>\n\t<meta name=\"twitter:data2\" content=\"1 minuto\" \/>\n<script type=\"application\/ld+json\" class=\"yoast-schema-graph\">{\"@context\":\"https:\\\/\\\/schema.org\",\"@graph\":[{\"@type\":\"Article\",\"@id\":\"https:\\\/\\\/diariodepe.com.br\\\/cri\\\/2026\\\/01\\\/14\\\/presidente-da-comissao-da-uniao-africana-afirma-que-a-ua-apoia-firmemente-o-principio-de-uma-so-china\\\/#article\",\"isPartOf\":{\"@id\":\"https:\\\/\\\/diariodepe.com.br\\\/cri\\\/2026\\\/01\\\/14\\\/presidente-da-comissao-da-uniao-africana-afirma-que-a-ua-apoia-firmemente-o-principio-de-uma-so-china\\\/\"},\"author\":{\"name\":\"CRI Portugu\u00eas\",\"@id\":\"https:\\\/\\\/diariodepe.com.br\\\/cri\\\/#\\\/schema\\\/person\\\/e474aead631cd4098632e11d3fbce118\"},\"headline\":\"Presidente da Comiss\u00e3o da Uni\u00e3o Africana afirma que a UA apoia firmemente o princ\u00edpio de Uma S\u00f3 China\",\"datePublished\":\"2026-01-15T02:50:36+00:00\",\"mainEntityOfPage\":{\"@id\":\"https:\\\/\\\/diariodepe.com.br\\\/cri\\\/2026\\\/01\\\/14\\\/presidente-da-comissao-da-uniao-africana-afirma-que-a-ua-apoia-firmemente-o-principio-de-uma-so-china\\\/\"},\"wordCount\":205,\"commentCount\":0,\"publisher\":{\"@id\":\"https:\\\/\\\/diariodepe.com.br\\\/cri\\\/#organization\"},\"articleSection\":[\"China\"],\"inLanguage\":\"pt-BR\",\"potentialAction\":[{\"@type\":\"CommentAction\",\"name\":\"Comment\",\"target\":[\"https:\\\/\\\/diariodepe.com.br\\\/cri\\\/2026\\\/01\\\/14\\\/presidente-da-comissao-da-uniao-africana-afirma-que-a-ua-apoia-firmemente-o-principio-de-uma-so-china\\\/#respond\"]}]},{\"@type\":\"WebPage\",\"@id\":\"https:\\\/\\\/diariodepe.com.br\\\/cri\\\/2026\\\/01\\\/14\\\/presidente-da-comissao-da-uniao-africana-afirma-que-a-ua-apoia-firmemente-o-principio-de-uma-so-china\\\/\",\"url\":\"https:\\\/\\\/diariodepe.com.br\\\/cri\\\/2026\\\/01\\\/14\\\/presidente-da-comissao-da-uniao-africana-afirma-que-a-ua-apoia-firmemente-o-principio-de-uma-so-china\\\/\",\"name\":\"Presidente da Comiss\u00e3o da Uni\u00e3o Africana afirma que a UA apoia firmemente o princ\u00edpio de Uma S\u00f3 China - CRI e Diario de Pernambuco\",\"isPartOf\":{\"@id\":\"https:\\\/\\\/diariodepe.com.br\\\/cri\\\/#website\"},\"datePublished\":\"2026-01-15T02:50:36+00:00\",\"breadcrumb\":{\"@id\":\"https:\\\/\\\/diariodepe.com.br\\\/cri\\\/2026\\\/01\\\/14\\\/presidente-da-comissao-da-uniao-africana-afirma-que-a-ua-apoia-firmemente-o-principio-de-uma-so-china\\\/#breadcrumb\"},\"inLanguage\":\"pt-BR\",\"potentialAction\":[{\"@type\":\"ReadAction\",\"target\":[\"https:\\\/\\\/diariodepe.com.br\\\/cri\\\/2026\\\/01\\\/14\\\/presidente-da-comissao-da-uniao-africana-afirma-que-a-ua-apoia-firmemente-o-principio-de-uma-so-china\\\/\"]}]},{\"@type\":\"BreadcrumbList\",\"@id\":\"https:\\\/\\\/diariodepe.com.br\\\/cri\\\/2026\\\/01\\\/14\\\/presidente-da-comissao-da-uniao-africana-afirma-que-a-ua-apoia-firmemente-o-principio-de-uma-so-china\\\/#breadcrumb\",\"itemListElement\":[{\"@type\":\"ListItem\",\"position\":1,\"name\":\"In\u00edcio\",\"item\":\"https:\\\/\\\/diariodepe.com.br\\\/cri\\\/\"},{\"@type\":\"ListItem\",\"position\":2,\"name\":\"Presidente da Comiss\u00e3o da Uni\u00e3o Africana afirma que a UA apoia firmemente o princ\u00edpio de Uma S\u00f3 China\"}]},{\"@type\":\"WebSite\",\"@id\":\"https:\\\/\\\/diariodepe.com.br\\\/cri\\\/#website\",\"url\":\"https:\\\/\\\/diariodepe.com.br\\\/cri\\\/\",\"name\":\"CRI e Diario de Pernambuco\",\"description\":\"R\u00e1dio Internacional da China\",\"publisher\":{\"@id\":\"https:\\\/\\\/diariodepe.com.br\\\/cri\\\/#organization\"},\"potentialAction\":[{\"@type\":\"SearchAction\",\"target\":{\"@type\":\"EntryPoint\",\"urlTemplate\":\"https:\\\/\\\/diariodepe.com.br\\\/cri\\\/?s={search_term_string}\"},\"query-input\":{\"@type\":\"PropertyValueSpecification\",\"valueRequired\":true,\"valueName\":\"search_term_string\"}}],\"inLanguage\":\"pt-BR\"},{\"@type\":\"Organization\",\"@id\":\"https:\\\/\\\/diariodepe.com.br\\\/cri\\\/#organization\",\"name\":\"CRI e Diario de Pernambuco\",\"url\":\"https:\\\/\\\/diariodepe.com.br\\\/cri\\\/\",\"logo\":{\"@type\":\"ImageObject\",\"inLanguage\":\"pt-BR\",\"@id\":\"https:\\\/\\\/diariodepe.com.br\\\/cri\\\/#\\\/schema\\\/logo\\\/image\\\/\",\"url\":\"https:\\\/\\\/diariodepe.com.br\\\/cri\\\/wp-content\\\/uploads\\\/sites\\\/2\\\/2022\\\/12\\\/cropped-Logo.jpg\",\"contentUrl\":\"https:\\\/\\\/diariodepe.com.br\\\/cri\\\/wp-content\\\/uploads\\\/sites\\\/2\\\/2022\\\/12\\\/cropped-Logo.jpg\",\"width\":700,\"height\":59,\"caption\":\"CRI e Diario de Pernambuco\"},\"image\":{\"@id\":\"https:\\\/\\\/diariodepe.com.br\\\/cri\\\/#\\\/schema\\\/logo\\\/image\\\/\"}},{\"@type\":\"Person\",\"@id\":\"https:\\\/\\\/diariodepe.com.br\\\/cri\\\/#\\\/schema\\\/person\\\/e474aead631cd4098632e11d3fbce118\",\"name\":\"CRI Portugu\u00eas\",\"image\":{\"@type\":\"ImageObject\",\"inLanguage\":\"pt-BR\",\"@id\":\"https:\\\/\\\/secure.gravatar.com\\\/avatar\\\/e2ac889ef882d4dc53091b610766dce49106cf9fe98c76e06745abb0993b2763?s=96&d=mm&r=g\",\"url\":\"https:\\\/\\\/secure.gravatar.com\\\/avatar\\\/e2ac889ef882d4dc53091b610766dce49106cf9fe98c76e06745abb0993b2763?s=96&d=mm&r=g\",\"contentUrl\":\"https:\\\/\\\/secure.gravatar.com\\\/avatar\\\/e2ac889ef882d4dc53091b610766dce49106cf9fe98c76e06745abb0993b2763?s=96&d=mm&r=g\",\"caption\":\"CRI Portugu\u00eas\"},\"sameAs\":[\"https:\\\/\\\/www.diariodepernambuco.com.br\\\/\"],\"url\":\"https:\\\/\\\/diariodepe.com.br\\\/cri\\\/author\\\/agencia-cri\\\/\"}]}<\/script>\n<!-- \/ Yoast SEO plugin. -->","yoast_head_json":{"title":"Presidente da Comiss\u00e3o da Uni\u00e3o Africana afirma que a UA apoia firmemente o princ\u00edpio de Uma S\u00f3 China - CRI e Diario de Pernambuco","robots":{"index":"index","follow":"follow","max-snippet":"max-snippet:-1","max-image-preview":"max-image-preview:large","max-video-preview":"max-video-preview:-1"},"canonical":"https:\/\/diariodepe.com.br\/cri\/2026\/01\/14\/presidente-da-comissao-da-uniao-africana-afirma-que-a-ua-apoia-firmemente-o-principio-de-uma-so-china\/","og_locale":"pt_BR","og_type":"article","og_title":"Presidente da Comiss\u00e3o da Uni\u00e3o Africana afirma que a UA apoia firmemente o princ\u00edpio de Uma S\u00f3 China - CRI e Diario de Pernambuco","og_description":"O presidente da Comiss\u00e3o da Uni\u00e3o Africana (UA), Moussa Faki Mahamat, afirmou em entrevista exclusiva ao Grupo de M\u00eddia da China (CMG, na sigla em ingl\u00eas), em Adis Abeba, capital da Eti\u00f3pia, que\u00a0a organiza\u00e7\u00e3o estar\u00e1 sempre ao lado da China\u00a0e...","og_url":"https:\/\/diariodepe.com.br\/cri\/2026\/01\/14\/presidente-da-comissao-da-uniao-africana-afirma-que-a-ua-apoia-firmemente-o-principio-de-uma-so-china\/","og_site_name":"CRI e Diario de Pernambuco","article_published_time":"2026-01-15T02:50:36+00:00","author":"CRI Portugu\u00eas","twitter_card":"summary_large_image","twitter_misc":{"Escrito por":"CRI Portugu\u00eas","Est. tempo de leitura":"1 minuto"},"schema":{"@context":"https:\/\/schema.org","@graph":[{"@type":"Article","@id":"https:\/\/diariodepe.com.br\/cri\/2026\/01\/14\/presidente-da-comissao-da-uniao-africana-afirma-que-a-ua-apoia-firmemente-o-principio-de-uma-so-china\/#article","isPartOf":{"@id":"https:\/\/diariodepe.com.br\/cri\/2026\/01\/14\/presidente-da-comissao-da-uniao-africana-afirma-que-a-ua-apoia-firmemente-o-principio-de-uma-so-china\/"},"author":{"name":"CRI Portugu\u00eas","@id":"https:\/\/diariodepe.com.br\/cri\/#\/schema\/person\/e474aead631cd4098632e11d3fbce118"},"headline":"Presidente da Comiss\u00e3o da Uni\u00e3o Africana afirma que a UA apoia firmemente o princ\u00edpio de Uma S\u00f3 China","datePublished":"2026-01-15T02:50:36+00:00","mainEntityOfPage":{"@id":"https:\/\/diariodepe.com.br\/cri\/2026\/01\/14\/presidente-da-comissao-da-uniao-africana-afirma-que-a-ua-apoia-firmemente-o-principio-de-uma-so-china\/"},"wordCount":205,"commentCount":0,"publisher":{"@id":"https:\/\/diariodepe.com.br\/cri\/#organization"},"articleSection":["China"],"inLanguage":"pt-BR","potentialAction":[{"@type":"CommentAction","name":"Comment","target":["https:\/\/diariodepe.com.br\/cri\/2026\/01\/14\/presidente-da-comissao-da-uniao-africana-afirma-que-a-ua-apoia-firmemente-o-principio-de-uma-so-china\/#respond"]}]},{"@type":"WebPage","@id":"https:\/\/diariodepe.com.br\/cri\/2026\/01\/14\/presidente-da-comissao-da-uniao-africana-afirma-que-a-ua-apoia-firmemente-o-principio-de-uma-so-china\/","url":"https:\/\/diariodepe.com.br\/cri\/2026\/01\/14\/presidente-da-comissao-da-uniao-africana-afirma-que-a-ua-apoia-firmemente-o-principio-de-uma-so-china\/","name":"Presidente da Comiss\u00e3o da Uni\u00e3o Africana afirma que a UA apoia firmemente o princ\u00edpio de Uma S\u00f3 China - CRI e Diario de Pernambuco","isPartOf":{"@id":"https:\/\/diariodepe.com.br\/cri\/#website"},"datePublished":"2026-01-15T02:50:36+00:00","breadcrumb":{"@id":"https:\/\/diariodepe.com.br\/cri\/2026\/01\/14\/presidente-da-comissao-da-uniao-africana-afirma-que-a-ua-apoia-firmemente-o-principio-de-uma-so-china\/#breadcrumb"},"inLanguage":"pt-BR","potentialAction":[{"@type":"ReadAction","target":["https:\/\/diariodepe.com.br\/cri\/2026\/01\/14\/presidente-da-comissao-da-uniao-africana-afirma-que-a-ua-apoia-firmemente-o-principio-de-uma-so-china\/"]}]},{"@type":"BreadcrumbList","@id":"https:\/\/diariodepe.com.br\/cri\/2026\/01\/14\/presidente-da-comissao-da-uniao-africana-afirma-que-a-ua-apoia-firmemente-o-principio-de-uma-so-china\/#breadcrumb","itemListElement":[{"@type":"ListItem","position":1,"name":"In\u00edcio","item":"https:\/\/diariodepe.com.br\/cri\/"},{"@type":"ListItem","position":2,"name":"Presidente da Comiss\u00e3o da Uni\u00e3o Africana afirma que a UA apoia firmemente o princ\u00edpio de Uma S\u00f3 China"}]},{"@type":"WebSite","@id":"https:\/\/diariodepe.com.br\/cri\/#website","url":"https:\/\/diariodepe.com.br\/cri\/","name":"CRI e Diario de Pernambuco","description":"R\u00e1dio Internacional da China","publisher":{"@id":"https:\/\/diariodepe.com.br\/cri\/#organization"},"potentialAction":[{"@type":"SearchAction","target":{"@type":"EntryPoint","urlTemplate":"https:\/\/diariodepe.com.br\/cri\/?s={search_term_string}"},"query-input":{"@type":"PropertyValueSpecification","valueRequired":true,"valueName":"search_term_string"}}],"inLanguage":"pt-BR"},{"@type":"Organization","@id":"https:\/\/diariodepe.com.br\/cri\/#organization","name":"CRI e Diario de Pernambuco","url":"https:\/\/diariodepe.com.br\/cri\/","logo":{"@type":"ImageObject","inLanguage":"pt-BR","@id":"https:\/\/diariodepe.com.br\/cri\/#\/schema\/logo\/image\/","url":"https:\/\/diariodepe.com.br\/cri\/wp-content\/uploads\/sites\/2\/2022\/12\/cropped-Logo.jpg","contentUrl":"https:\/\/diariodepe.com.br\/cri\/wp-content\/uploads\/sites\/2\/2022\/12\/cropped-Logo.jpg","width":700,"height":59,"caption":"CRI e Diario de Pernambuco"},"image":{"@id":"https:\/\/diariodepe.com.br\/cri\/#\/schema\/logo\/image\/"}},{"@type":"Person","@id":"https:\/\/diariodepe.com.br\/cri\/#\/schema\/person\/e474aead631cd4098632e11d3fbce118","name":"CRI Portugu\u00eas","image":{"@type":"ImageObject","inLanguage":"pt-BR","@id":"https:\/\/secure.gravatar.com\/avatar\/e2ac889ef882d4dc53091b610766dce49106cf9fe98c76e06745abb0993b2763?s=96&d=mm&r=g","url":"https:\/\/secure.gravatar.com\/avatar\/e2ac889ef882d4dc53091b610766dce49106cf9fe98c76e06745abb0993b2763?s=96&d=mm&r=g","contentUrl":"https:\/\/secure.gravatar.com\/avatar\/e2ac889ef882d4dc53091b610766dce49106cf9fe98c76e06745abb0993b2763?s=96&d=mm&r=g","caption":"CRI Portugu\u00eas"},"sameAs":["https:\/\/www.diariodepernambuco.com.br\/"],"url":"https:\/\/diariodepe.com.br\/cri\/author\/agencia-cri\/"}]}},"cc_featured_image_caption":{"caption_text":"","source_text":"","source_url":""},"amp_enabled":true,"_links":{"self":[{"href":"https:\/\/diariodepe.com.br\/cri\/wp-json\/wp\/v2\/posts\/10422","targetHints":{"allow":["GET"]}}],"collection":[{"href":"https:\/\/diariodepe.com.br\/cri\/wp-json\/wp\/v2\/posts"}],"about":[{"href":"https:\/\/diariodepe.com.br\/cri\/wp-json\/wp\/v2\/types\/post"}],"author":[{"embeddable":true,"href":"https:\/\/diariodepe.com.br\/cri\/wp-json\/wp\/v2\/users\/5"}],"replies":[{"embeddable":true,"href":"https:\/\/diariodepe.com.br\/cri\/wp-json\/wp\/v2\/comments?post=10422"}],"version-history":[{"count":1,"href":"https:\/\/diariodepe.com.br\/cri\/wp-json\/wp\/v2\/posts\/10422\/revisions"}],"predecessor-version":[{"id":10423,"href":"https:\/\/diariodepe.com.br\/cri\/wp-json\/wp\/v2\/posts\/10422\/revisions\/10423"}],"wp:attachment":[{"href":"https:\/\/diariodepe.com.br\/cri\/wp-json\/wp\/v2\/media?parent=10422"}],"wp:term":[{"taxonomy":"category","embeddable":true,"href":"https:\/\/diariodepe.com.br\/cri\/wp-json\/wp\/v2\/categories?post=10422"},{"taxonomy":"post_tag","embeddable":true,"href":"https:\/\/diariodepe.com.br\/cri\/wp-json\/wp\/v2\/tags?post=10422"}],"curies":[{"name":"wp","href":"https:\/\/api.w.org\/{rel}","templated":true}]}}