{"id":10406,"date":"2026-01-14T23:47:26","date_gmt":"2026-01-15T02:47:26","guid":{"rendered":"https:\/\/diariodepe.com.br\/cri\/?p=10406"},"modified":"2026-01-14T23:47:26","modified_gmt":"2026-01-15T02:47:26","slug":"xi-jinping-preside-reuniao-de-lideranca-do-pcch-para-ouvir-relatorios-de-trabalho-das-instituicoes-estatais","status":"publish","type":"post","link":"https:\/\/diariodepe.com.br\/cri\/2026\/01\/14\/xi-jinping-preside-reuniao-de-lideranca-do-pcch-para-ouvir-relatorios-de-trabalho-das-instituicoes-estatais\/","title":{"rendered":"Xi Jinping preside reuni\u00e3o de lideran\u00e7a do PCCh para ouvir relat\u00f3rios de trabalho das institui\u00e7\u00f5es estatais"},"content":{"rendered":"<p>O Comit\u00ea Permanente do Bir\u00f4 Pol\u00edtico do Comit\u00ea Central do Partido Comunista da China (PCCh) realizou nesta quinta-feira (8) uma reuni\u00e3o para ouvir uma s\u00e9rie de relat\u00f3rios de trabalho dos grupos dirigentes de membros do Partido das institui\u00e7\u00f5es estatais, incluindo o Comit\u00ea Permanente da Assembleia Popular Nacional (APN), o Conselho de Estado, o Comit\u00ea Nacional da Confer\u00eancia Consultiva Pol\u00edtica do Povo Chin\u00eas (CCPPCh), o Supremo Tribunal e a Suprema Procuradoria Popular. Tamb\u00e9m foi reportado o relat\u00f3rio de trabalho do Secretariado do Comit\u00ea Central do PCCh. Xi Jinping, secret\u00e1rio-geral do Comit\u00ea Central do PCCh, presidiu e discursou na reuni\u00e3o.<\/p>\n<p>A reuni\u00e3o assinalou que, durante o per\u00edodo do 15\u00ba Plano Quinquenal (2026-2030), o ambiente de desenvolvimento da China enfrentar\u00e1 mudan\u00e7as profundas e complexas, e as tarefas de trabalho ser\u00e3o \u00e1rduas e pesadas. \u00c9 necess\u00e1rio persistir, utilizar e desenvolver bem a maior vantagem, que \u00e9 a lideran\u00e7a do Partido, oferecendo a garantia fundamental para a promo\u00e7\u00e3o da moderniza\u00e7\u00e3o chinesa.<\/p>\n<p>A reuni\u00e3o enfatizou que este ano marca o 105\u00ba anivers\u00e1rio da funda\u00e7\u00e3o do PCCh e \u00e9 o ano inaugural do 15\u00ba Plano Quinquenal. O Comit\u00ea Permanente da APN, o Conselho de Estado, o Comit\u00ea Nacional da CCPPCh, o Supremo Tribunal e a Suprema Procuradoria Popular devem ancorar-se nas principais tarefas estrat\u00e9gicas de desenvolvimento econ\u00f4mico e social dos pr\u00f3ximos cinco anos e promover, conjuntamente, os trabalhos em todas as \u00e1reas.<\/p>\n<p>A reuni\u00e3o tamb\u00e9m ressaltou que, no ano que se inicia, o Secretariado do Comit\u00ea Central do PCCh deve basear-se em suas responsabilidades para orientar a implementa\u00e7\u00e3o de tarefas-chave, como a realiza\u00e7\u00e3o de estudo coletivo no Partido, o aperfei\u00e7oamento de regulamentos e sistemas partid\u00e1rios e a retifica\u00e7\u00e3o cont\u00ednua do formalismo, para aliviar o fardo sobre as bases.<\/p>\n","protected":false},"excerpt":{"rendered":"<p>O Comit\u00ea Permanente do Bir\u00f4 Pol\u00edtico do Comit\u00ea Central do Partido Comunista da China (PCCh) realizou nesta quinta-feira (8) uma reuni\u00e3o para ouvir uma s\u00e9rie de relat\u00f3rios de trabalho dos grupos dirigentes de membros do Partido das institui\u00e7\u00f5es estatais, incluindo&#8230;<\/p>\n","protected":false},"author":5,"featured_media":0,"comment_status":"open","ping_status":"open","sticky":false,"template":"","format":"standard","meta":{"footnotes":""},"categories":[3],"tags":[],"class_list":["post-10406","post","type-post","status-publish","format-standard","hentry","category-china"],"yoast_head":"<!-- This site is optimized with the Yoast SEO plugin v27.4 - https:\/\/yoast.com\/product\/yoast-seo-wordpress\/ -->\n<title>Xi Jinping preside reuni\u00e3o de lideran\u00e7a do PCCh para ouvir relat\u00f3rios de trabalho das institui\u00e7\u00f5es estatais - CRI e Diario de Pernambuco<\/title>\n<meta name=\"robots\" content=\"index, follow, max-snippet:-1, max-image-preview:large, max-video-preview:-1\" \/>\n<link rel=\"canonical\" href=\"https:\/\/diariodepe.com.br\/cri\/2026\/01\/14\/xi-jinping-preside-reuniao-de-lideranca-do-pcch-para-ouvir-relatorios-de-trabalho-das-instituicoes-estatais\/\" \/>\n<meta property=\"og:locale\" content=\"pt_BR\" \/>\n<meta property=\"og:type\" content=\"article\" \/>\n<meta property=\"og:title\" content=\"Xi Jinping preside reuni\u00e3o de lideran\u00e7a do PCCh para ouvir relat\u00f3rios de trabalho das institui\u00e7\u00f5es estatais - CRI e Diario de Pernambuco\" \/>\n<meta property=\"og:description\" content=\"O Comit\u00ea Permanente do Bir\u00f4 Pol\u00edtico do Comit\u00ea Central do Partido Comunista da China (PCCh) realizou nesta quinta-feira (8) uma reuni\u00e3o para ouvir uma s\u00e9rie de relat\u00f3rios de trabalho dos grupos dirigentes de membros do Partido das institui\u00e7\u00f5es estatais, incluindo...\" \/>\n<meta property=\"og:url\" content=\"https:\/\/diariodepe.com.br\/cri\/2026\/01\/14\/xi-jinping-preside-reuniao-de-lideranca-do-pcch-para-ouvir-relatorios-de-trabalho-das-instituicoes-estatais\/\" \/>\n<meta property=\"og:site_name\" content=\"CRI e Diario de Pernambuco\" \/>\n<meta property=\"article:published_time\" content=\"2026-01-15T02:47:26+00:00\" \/>\n<meta name=\"author\" content=\"CRI Portugu\u00eas\" \/>\n<meta name=\"twitter:card\" content=\"summary_large_image\" \/>\n<meta name=\"twitter:label1\" content=\"Escrito por\" \/>\n\t<meta name=\"twitter:data1\" content=\"CRI Portugu\u00eas\" \/>\n<script type=\"application\/ld+json\" class=\"yoast-schema-graph\">{\"@context\":\"https:\\\/\\\/schema.org\",\"@graph\":[{\"@type\":\"Article\",\"@id\":\"https:\\\/\\\/diariodepe.com.br\\\/cri\\\/2026\\\/01\\\/14\\\/xi-jinping-preside-reuniao-de-lideranca-do-pcch-para-ouvir-relatorios-de-trabalho-das-instituicoes-estatais\\\/#article\",\"isPartOf\":{\"@id\":\"https:\\\/\\\/diariodepe.com.br\\\/cri\\\/2026\\\/01\\\/14\\\/xi-jinping-preside-reuniao-de-lideranca-do-pcch-para-ouvir-relatorios-de-trabalho-das-instituicoes-estatais\\\/\"},\"author\":{\"name\":\"CRI Portugu\u00eas\",\"@id\":\"https:\\\/\\\/diariodepe.com.br\\\/cri\\\/#\\\/schema\\\/person\\\/e474aead631cd4098632e11d3fbce118\"},\"headline\":\"Xi Jinping preside reuni\u00e3o de lideran\u00e7a do PCCh para ouvir relat\u00f3rios de trabalho das institui\u00e7\u00f5es estatais\",\"datePublished\":\"2026-01-15T02:47:26+00:00\",\"mainEntityOfPage\":{\"@id\":\"https:\\\/\\\/diariodepe.com.br\\\/cri\\\/2026\\\/01\\\/14\\\/xi-jinping-preside-reuniao-de-lideranca-do-pcch-para-ouvir-relatorios-de-trabalho-das-instituicoes-estatais\\\/\"},\"wordCount\":328,\"commentCount\":0,\"publisher\":{\"@id\":\"https:\\\/\\\/diariodepe.com.br\\\/cri\\\/#organization\"},\"articleSection\":[\"China\"],\"inLanguage\":\"pt-BR\",\"potentialAction\":[{\"@type\":\"CommentAction\",\"name\":\"Comment\",\"target\":[\"https:\\\/\\\/diariodepe.com.br\\\/cri\\\/2026\\\/01\\\/14\\\/xi-jinping-preside-reuniao-de-lideranca-do-pcch-para-ouvir-relatorios-de-trabalho-das-instituicoes-estatais\\\/#respond\"]}]},{\"@type\":\"WebPage\",\"@id\":\"https:\\\/\\\/diariodepe.com.br\\\/cri\\\/2026\\\/01\\\/14\\\/xi-jinping-preside-reuniao-de-lideranca-do-pcch-para-ouvir-relatorios-de-trabalho-das-instituicoes-estatais\\\/\",\"url\":\"https:\\\/\\\/diariodepe.com.br\\\/cri\\\/2026\\\/01\\\/14\\\/xi-jinping-preside-reuniao-de-lideranca-do-pcch-para-ouvir-relatorios-de-trabalho-das-instituicoes-estatais\\\/\",\"name\":\"Xi Jinping preside reuni\u00e3o de lideran\u00e7a do PCCh para ouvir relat\u00f3rios de trabalho das institui\u00e7\u00f5es estatais - CRI e Diario de Pernambuco\",\"isPartOf\":{\"@id\":\"https:\\\/\\\/diariodepe.com.br\\\/cri\\\/#website\"},\"datePublished\":\"2026-01-15T02:47:26+00:00\",\"breadcrumb\":{\"@id\":\"https:\\\/\\\/diariodepe.com.br\\\/cri\\\/2026\\\/01\\\/14\\\/xi-jinping-preside-reuniao-de-lideranca-do-pcch-para-ouvir-relatorios-de-trabalho-das-instituicoes-estatais\\\/#breadcrumb\"},\"inLanguage\":\"pt-BR\",\"potentialAction\":[{\"@type\":\"ReadAction\",\"target\":[\"https:\\\/\\\/diariodepe.com.br\\\/cri\\\/2026\\\/01\\\/14\\\/xi-jinping-preside-reuniao-de-lideranca-do-pcch-para-ouvir-relatorios-de-trabalho-das-instituicoes-estatais\\\/\"]}]},{\"@type\":\"BreadcrumbList\",\"@id\":\"https:\\\/\\\/diariodepe.com.br\\\/cri\\\/2026\\\/01\\\/14\\\/xi-jinping-preside-reuniao-de-lideranca-do-pcch-para-ouvir-relatorios-de-trabalho-das-instituicoes-estatais\\\/#breadcrumb\",\"itemListElement\":[{\"@type\":\"ListItem\",\"position\":1,\"name\":\"In\u00edcio\",\"item\":\"https:\\\/\\\/diariodepe.com.br\\\/cri\\\/\"},{\"@type\":\"ListItem\",\"position\":2,\"name\":\"Xi Jinping preside reuni\u00e3o de lideran\u00e7a do PCCh para ouvir relat\u00f3rios de trabalho das institui\u00e7\u00f5es estatais\"}]},{\"@type\":\"WebSite\",\"@id\":\"https:\\\/\\\/diariodepe.com.br\\\/cri\\\/#website\",\"url\":\"https:\\\/\\\/diariodepe.com.br\\\/cri\\\/\",\"name\":\"CRI e Diario de Pernambuco\",\"description\":\"R\u00e1dio Internacional da China\",\"publisher\":{\"@id\":\"https:\\\/\\\/diariodepe.com.br\\\/cri\\\/#organization\"},\"potentialAction\":[{\"@type\":\"SearchAction\",\"target\":{\"@type\":\"EntryPoint\",\"urlTemplate\":\"https:\\\/\\\/diariodepe.com.br\\\/cri\\\/?s={search_term_string}\"},\"query-input\":{\"@type\":\"PropertyValueSpecification\",\"valueRequired\":true,\"valueName\":\"search_term_string\"}}],\"inLanguage\":\"pt-BR\"},{\"@type\":\"Organization\",\"@id\":\"https:\\\/\\\/diariodepe.com.br\\\/cri\\\/#organization\",\"name\":\"CRI e Diario de Pernambuco\",\"url\":\"https:\\\/\\\/diariodepe.com.br\\\/cri\\\/\",\"logo\":{\"@type\":\"ImageObject\",\"inLanguage\":\"pt-BR\",\"@id\":\"https:\\\/\\\/diariodepe.com.br\\\/cri\\\/#\\\/schema\\\/logo\\\/image\\\/\",\"url\":\"https:\\\/\\\/diariodepe.com.br\\\/cri\\\/wp-content\\\/uploads\\\/sites\\\/2\\\/2022\\\/12\\\/cropped-Logo.jpg\",\"contentUrl\":\"https:\\\/\\\/diariodepe.com.br\\\/cri\\\/wp-content\\\/uploads\\\/sites\\\/2\\\/2022\\\/12\\\/cropped-Logo.jpg\",\"width\":700,\"height\":59,\"caption\":\"CRI e Diario de Pernambuco\"},\"image\":{\"@id\":\"https:\\\/\\\/diariodepe.com.br\\\/cri\\\/#\\\/schema\\\/logo\\\/image\\\/\"}},{\"@type\":\"Person\",\"@id\":\"https:\\\/\\\/diariodepe.com.br\\\/cri\\\/#\\\/schema\\\/person\\\/e474aead631cd4098632e11d3fbce118\",\"name\":\"CRI Portugu\u00eas\",\"image\":{\"@type\":\"ImageObject\",\"inLanguage\":\"pt-BR\",\"@id\":\"https:\\\/\\\/secure.gravatar.com\\\/avatar\\\/e2ac889ef882d4dc53091b610766dce49106cf9fe98c76e06745abb0993b2763?s=96&d=mm&r=g\",\"url\":\"https:\\\/\\\/secure.gravatar.com\\\/avatar\\\/e2ac889ef882d4dc53091b610766dce49106cf9fe98c76e06745abb0993b2763?s=96&d=mm&r=g\",\"contentUrl\":\"https:\\\/\\\/secure.gravatar.com\\\/avatar\\\/e2ac889ef882d4dc53091b610766dce49106cf9fe98c76e06745abb0993b2763?s=96&d=mm&r=g\",\"caption\":\"CRI Portugu\u00eas\"},\"sameAs\":[\"https:\\\/\\\/www.diariodepernambuco.com.br\\\/\"],\"url\":\"https:\\\/\\\/diariodepe.com.br\\\/cri\\\/author\\\/agencia-cri\\\/\"}]}<\/script>\n<!-- \/ Yoast SEO plugin. -->","yoast_head_json":{"title":"Xi Jinping preside reuni\u00e3o de lideran\u00e7a do PCCh para ouvir relat\u00f3rios de trabalho das institui\u00e7\u00f5es estatais - CRI e Diario de Pernambuco","robots":{"index":"index","follow":"follow","max-snippet":"max-snippet:-1","max-image-preview":"max-image-preview:large","max-video-preview":"max-video-preview:-1"},"canonical":"https:\/\/diariodepe.com.br\/cri\/2026\/01\/14\/xi-jinping-preside-reuniao-de-lideranca-do-pcch-para-ouvir-relatorios-de-trabalho-das-instituicoes-estatais\/","og_locale":"pt_BR","og_type":"article","og_title":"Xi Jinping preside reuni\u00e3o de lideran\u00e7a do PCCh para ouvir relat\u00f3rios de trabalho das institui\u00e7\u00f5es estatais - CRI e Diario de Pernambuco","og_description":"O Comit\u00ea Permanente do Bir\u00f4 Pol\u00edtico do Comit\u00ea Central do Partido Comunista da China (PCCh) realizou nesta quinta-feira (8) uma reuni\u00e3o para ouvir uma s\u00e9rie de relat\u00f3rios de trabalho dos grupos dirigentes de membros do Partido das institui\u00e7\u00f5es estatais, incluindo...","og_url":"https:\/\/diariodepe.com.br\/cri\/2026\/01\/14\/xi-jinping-preside-reuniao-de-lideranca-do-pcch-para-ouvir-relatorios-de-trabalho-das-instituicoes-estatais\/","og_site_name":"CRI e Diario de Pernambuco","article_published_time":"2026-01-15T02:47:26+00:00","author":"CRI Portugu\u00eas","twitter_card":"summary_large_image","twitter_misc":{"Escrito por":"CRI Portugu\u00eas"},"schema":{"@context":"https:\/\/schema.org","@graph":[{"@type":"Article","@id":"https:\/\/diariodepe.com.br\/cri\/2026\/01\/14\/xi-jinping-preside-reuniao-de-lideranca-do-pcch-para-ouvir-relatorios-de-trabalho-das-instituicoes-estatais\/#article","isPartOf":{"@id":"https:\/\/diariodepe.com.br\/cri\/2026\/01\/14\/xi-jinping-preside-reuniao-de-lideranca-do-pcch-para-ouvir-relatorios-de-trabalho-das-instituicoes-estatais\/"},"author":{"name":"CRI Portugu\u00eas","@id":"https:\/\/diariodepe.com.br\/cri\/#\/schema\/person\/e474aead631cd4098632e11d3fbce118"},"headline":"Xi Jinping preside reuni\u00e3o de lideran\u00e7a do PCCh para ouvir relat\u00f3rios de trabalho das institui\u00e7\u00f5es estatais","datePublished":"2026-01-15T02:47:26+00:00","mainEntityOfPage":{"@id":"https:\/\/diariodepe.com.br\/cri\/2026\/01\/14\/xi-jinping-preside-reuniao-de-lideranca-do-pcch-para-ouvir-relatorios-de-trabalho-das-instituicoes-estatais\/"},"wordCount":328,"commentCount":0,"publisher":{"@id":"https:\/\/diariodepe.com.br\/cri\/#organization"},"articleSection":["China"],"inLanguage":"pt-BR","potentialAction":[{"@type":"CommentAction","name":"Comment","target":["https:\/\/diariodepe.com.br\/cri\/2026\/01\/14\/xi-jinping-preside-reuniao-de-lideranca-do-pcch-para-ouvir-relatorios-de-trabalho-das-instituicoes-estatais\/#respond"]}]},{"@type":"WebPage","@id":"https:\/\/diariodepe.com.br\/cri\/2026\/01\/14\/xi-jinping-preside-reuniao-de-lideranca-do-pcch-para-ouvir-relatorios-de-trabalho-das-instituicoes-estatais\/","url":"https:\/\/diariodepe.com.br\/cri\/2026\/01\/14\/xi-jinping-preside-reuniao-de-lideranca-do-pcch-para-ouvir-relatorios-de-trabalho-das-instituicoes-estatais\/","name":"Xi Jinping preside reuni\u00e3o de lideran\u00e7a do PCCh para ouvir relat\u00f3rios de trabalho das institui\u00e7\u00f5es estatais - CRI e Diario de Pernambuco","isPartOf":{"@id":"https:\/\/diariodepe.com.br\/cri\/#website"},"datePublished":"2026-01-15T02:47:26+00:00","breadcrumb":{"@id":"https:\/\/diariodepe.com.br\/cri\/2026\/01\/14\/xi-jinping-preside-reuniao-de-lideranca-do-pcch-para-ouvir-relatorios-de-trabalho-das-instituicoes-estatais\/#breadcrumb"},"inLanguage":"pt-BR","potentialAction":[{"@type":"ReadAction","target":["https:\/\/diariodepe.com.br\/cri\/2026\/01\/14\/xi-jinping-preside-reuniao-de-lideranca-do-pcch-para-ouvir-relatorios-de-trabalho-das-instituicoes-estatais\/"]}]},{"@type":"BreadcrumbList","@id":"https:\/\/diariodepe.com.br\/cri\/2026\/01\/14\/xi-jinping-preside-reuniao-de-lideranca-do-pcch-para-ouvir-relatorios-de-trabalho-das-instituicoes-estatais\/#breadcrumb","itemListElement":[{"@type":"ListItem","position":1,"name":"In\u00edcio","item":"https:\/\/diariodepe.com.br\/cri\/"},{"@type":"ListItem","position":2,"name":"Xi Jinping preside reuni\u00e3o de lideran\u00e7a do PCCh para ouvir relat\u00f3rios de trabalho das institui\u00e7\u00f5es estatais"}]},{"@type":"WebSite","@id":"https:\/\/diariodepe.com.br\/cri\/#website","url":"https:\/\/diariodepe.com.br\/cri\/","name":"CRI e Diario de Pernambuco","description":"R\u00e1dio Internacional da China","publisher":{"@id":"https:\/\/diariodepe.com.br\/cri\/#organization"},"potentialAction":[{"@type":"SearchAction","target":{"@type":"EntryPoint","urlTemplate":"https:\/\/diariodepe.com.br\/cri\/?s={search_term_string}"},"query-input":{"@type":"PropertyValueSpecification","valueRequired":true,"valueName":"search_term_string"}}],"inLanguage":"pt-BR"},{"@type":"Organization","@id":"https:\/\/diariodepe.com.br\/cri\/#organization","name":"CRI e Diario de Pernambuco","url":"https:\/\/diariodepe.com.br\/cri\/","logo":{"@type":"ImageObject","inLanguage":"pt-BR","@id":"https:\/\/diariodepe.com.br\/cri\/#\/schema\/logo\/image\/","url":"https:\/\/diariodepe.com.br\/cri\/wp-content\/uploads\/sites\/2\/2022\/12\/cropped-Logo.jpg","contentUrl":"https:\/\/diariodepe.com.br\/cri\/wp-content\/uploads\/sites\/2\/2022\/12\/cropped-Logo.jpg","width":700,"height":59,"caption":"CRI e Diario de Pernambuco"},"image":{"@id":"https:\/\/diariodepe.com.br\/cri\/#\/schema\/logo\/image\/"}},{"@type":"Person","@id":"https:\/\/diariodepe.com.br\/cri\/#\/schema\/person\/e474aead631cd4098632e11d3fbce118","name":"CRI Portugu\u00eas","image":{"@type":"ImageObject","inLanguage":"pt-BR","@id":"https:\/\/secure.gravatar.com\/avatar\/e2ac889ef882d4dc53091b610766dce49106cf9fe98c76e06745abb0993b2763?s=96&d=mm&r=g","url":"https:\/\/secure.gravatar.com\/avatar\/e2ac889ef882d4dc53091b610766dce49106cf9fe98c76e06745abb0993b2763?s=96&d=mm&r=g","contentUrl":"https:\/\/secure.gravatar.com\/avatar\/e2ac889ef882d4dc53091b610766dce49106cf9fe98c76e06745abb0993b2763?s=96&d=mm&r=g","caption":"CRI Portugu\u00eas"},"sameAs":["https:\/\/www.diariodepernambuco.com.br\/"],"url":"https:\/\/diariodepe.com.br\/cri\/author\/agencia-cri\/"}]}},"cc_featured_image_caption":{"caption_text":"","source_text":"","source_url":""},"amp_enabled":true,"_links":{"self":[{"href":"https:\/\/diariodepe.com.br\/cri\/wp-json\/wp\/v2\/posts\/10406","targetHints":{"allow":["GET"]}}],"collection":[{"href":"https:\/\/diariodepe.com.br\/cri\/wp-json\/wp\/v2\/posts"}],"about":[{"href":"https:\/\/diariodepe.com.br\/cri\/wp-json\/wp\/v2\/types\/post"}],"author":[{"embeddable":true,"href":"https:\/\/diariodepe.com.br\/cri\/wp-json\/wp\/v2\/users\/5"}],"replies":[{"embeddable":true,"href":"https:\/\/diariodepe.com.br\/cri\/wp-json\/wp\/v2\/comments?post=10406"}],"version-history":[{"count":1,"href":"https:\/\/diariodepe.com.br\/cri\/wp-json\/wp\/v2\/posts\/10406\/revisions"}],"predecessor-version":[{"id":10407,"href":"https:\/\/diariodepe.com.br\/cri\/wp-json\/wp\/v2\/posts\/10406\/revisions\/10407"}],"wp:attachment":[{"href":"https:\/\/diariodepe.com.br\/cri\/wp-json\/wp\/v2\/media?parent=10406"}],"wp:term":[{"taxonomy":"category","embeddable":true,"href":"https:\/\/diariodepe.com.br\/cri\/wp-json\/wp\/v2\/categories?post=10406"},{"taxonomy":"post_tag","embeddable":true,"href":"https:\/\/diariodepe.com.br\/cri\/wp-json\/wp\/v2\/tags?post=10406"}],"curies":[{"name":"wp","href":"https:\/\/api.w.org\/{rel}","templated":true}]}}