{"id":10346,"date":"2026-01-05T23:56:22","date_gmt":"2026-01-06T02:56:22","guid":{"rendered":"https:\/\/diariodepe.com.br\/cri\/?p=10346"},"modified":"2026-01-05T23:56:22","modified_gmt":"2026-01-06T02:56:22","slug":"xi-jinping-e-lee-jae-myung-se-reunem-em-beijing","status":"publish","type":"post","link":"https:\/\/diariodepe.com.br\/cri\/2026\/01\/05\/xi-jinping-e-lee-jae-myung-se-reunem-em-beijing\/","title":{"rendered":"Xi Jinping e Lee Jae-myung se re\u00fanem em Beijing"},"content":{"rendered":"<p><img decoding=\"async\" src=\"https:\/\/38picres.cgtn.com\/photoAlbum\/page\/performance\/img\/2026\/1\/5\/1767618370318_681.jpg\" \/><\/p>\n<p>Na tarde desta segunda-feira (5), o presidente chin\u00eas, Xi Jinping, teve uma conversa com o presidente sul-coreano, Lee Jae-myung, o qual se encontra em visita de Estado \u00e0 China, no Grande Pal\u00e1cio do Povo, em Beijing.<\/p>\n<p>O l\u00edder chin\u00eas assinalou que ele e o presidente Lee Jae-myung j\u00e1 se encontraram duas vezes e realizaram visitas rec\u00edprocas, o que reflete a import\u00e2ncia que ambos os lados atribuem \u00e0s rela\u00e7\u00f5es bilaterais. Como amigos e vizinhos, a China e a Coreia do Sul devem se visitar com frequ\u00eancia, manter contatos constantes e comunicar-se de forma diligente. A parte chinesa sempre colocou as rela\u00e7\u00f5es com a Coreia do Sul em uma posi\u00e7\u00e3o importante em sua diplomacia de vizinhan\u00e7a e mant\u00e9m a continuidade e a estabilidade de sua pol\u00edtica para com o pa\u00eds. A China est\u00e1 disposta a trabalhar com a parte sul-coreana para seguir firme na dire\u00e7\u00e3o da coopera\u00e7\u00e3o amig\u00e1vel, aderir ao prop\u00f3sito de benef\u00edcios m\u00fatuos, promover a parceria de coopera\u00e7\u00e3o estrat\u00e9gica ao longo de uma trajet\u00f3ria saud\u00e1vel e aumentar de forma efetiva o bem-estar dos povos dos dois pa\u00edses, al\u00e9m de conferir energia positiva \u00e0 paz e ao desenvolvimento da regi\u00e3o e do mundo.<\/p>\n<p><img decoding=\"async\" src=\"https:\/\/38picres.cgtn.com\/photoAlbum\/page\/performance\/img\/2026\/1\/5\/1767618391291_72.jpg\" \/><\/p>\n<p>Xi Jinping enfatizou que a China e a Coreia do Sul transcenderam as diferen\u00e7as de sistemas sociais e ideologias, alcan\u00e7ando \u00eaxitos m\u00fatuos e desenvolvimento conjunto. Ambos os lados devem dar continuidade a essa excelente tradi\u00e7\u00e3o, aumentar a confian\u00e7a m\u00fatua, respeitar os respectivos caminhos de desenvolvimento escolhidos, cuidar dos interesses centrais e das principais preocupa\u00e7\u00f5es um do outro e persistir na resolu\u00e7\u00e3o adequada de diverg\u00eancias por meio do di\u00e1logo e da consulta.<\/p>\n<p>As economias da China e da Coreia do Sul est\u00e3o estreitamente ligadas, com cadeias industriais e de suprimentos profundamente integradas e uma coopera\u00e7\u00e3o mutuamente ben\u00e9fica. \u00c9 necess\u00e1rio fortalecer o alinhamento de estrat\u00e9gias de desenvolvimento e a coordena\u00e7\u00e3o de pol\u00edticas, expandir a &#8220;fatia&#8221; de interesses comuns e gerar mais resultados de colabora\u00e7\u00e3o em \u00e1reas emergentes, como intelig\u00eancia artificial, ind\u00fastrias verdes e economia prateada. Os dois pa\u00edses devem promover o interc\u00e2mbio de pessoal e fortalecer os contatos entre jovens, m\u00eddias, setor de esportes, think tanks e governos locais.<\/p>\n<p>Xi Jinping apontou que a China e a Coreia do Sul assumem responsabilidades importantes tanto na manuten\u00e7\u00e3o da paz regional quanto na promo\u00e7\u00e3o do desenvolvimento global, possuindo uma ampla converg\u00eancia de interesses. Devem permanecer firmes do lado correto da hist\u00f3ria e fazer escolhas estrat\u00e9gicas corretas. H\u00e1 mais de 80 anos, ambos os pa\u00edses pagaram enormes sacrif\u00edcios nacionais para vencer a luta contra o militarismo japon\u00eas. Hoje, devem atuar em conjunto\u00a0para defender as conquistas da vit\u00f3ria na Segunda Guerra Mundial e proteger a paz e a estabilidade do Nordeste Asi\u00e1tico.<\/p>\n<p><img decoding=\"async\" src=\"https:\/\/38picres.cgtn.com\/photoAlbum\/page\/performance\/img\/2026\/1\/5\/1767618403934_891.jpg\" \/><\/p>\n<p>Como benefici\u00e1rios da globaliza\u00e7\u00e3o econ\u00f4mica, a China e a Coreia do Sul devem se opor conjuntamente ao protecionismo, praticar o verdadeiro multilateralismo e contribuir para a promo\u00e7\u00e3o de uma multipolaridade mundial igualit\u00e1ria e ordenada, bem como de uma globaliza\u00e7\u00e3o econ\u00f4mica universalmente ben\u00e9fica e inclusiva.<\/p>\n<p>Por sua vez, Lee Jae-myung afirmou que a Coreia do Sul e a China s\u00e3o vizinhos pr\u00f3ximos e que a rela\u00e7\u00e3o entre os dois pa\u00edses tem uma longa hist\u00f3ria. A parte sul-coreana atribui grande import\u00e2ncia \u00e0s rela\u00e7\u00f5es com a China e est\u00e1 disposta a consolidar o \u00edmpeto de recupera\u00e7\u00e3o dos la\u00e7os bilaterais, aprofundar a parceria cooperativa estrat\u00e9gica e abrir conjuntamente uma nova fase no desenvolvimento das rela\u00e7\u00f5es bilaterais.<\/p>\n<p>A Coreia do Sul respeita os interesses centrais e as principais preocupa\u00e7\u00f5es da China e adere ao princ\u00edpio de &#8220;Uma S\u00f3 China&#8221;.<\/p>\n<p>A coopera\u00e7\u00e3o econ\u00f4mica e comercial bilateral vem desempenhando um papel positivo no desenvolvimento socioecon\u00f4mico de cada pa\u00eds, e a Coreia do Sul espera promover mais resultados na coopera\u00e7\u00e3o pragm\u00e1tica.<\/p>\n<p><img decoding=\"async\" src=\"https:\/\/38picres.cgtn.com\/photoAlbum\/page\/performance\/img\/2026\/1\/5\/1767618413630_890.jpg\" \/><\/p>\n<p>Os dois pa\u00edses devem promover o interc\u00e2mbio entre seus cidad\u00e3os e aumentar a compreens\u00e3o e a confian\u00e7a m\u00fatua. A parte sul-coreana est\u00e1 disposta a fortalecer a coordena\u00e7\u00e3o multilateral com a China para contribuir com a prosperidade e o desenvolvimento mundial.<\/p>\n<p>Ap\u00f3s as conversas, os dois chefes de Estado testemunharam juntos a assinatura de 15 documentos de coopera\u00e7\u00e3o em \u00e1reas como inova\u00e7\u00e3o cient\u00edfica e tecnol\u00f3gica, meio ambiente, transportes e coopera\u00e7\u00e3o econ\u00f4mica e comercial.<\/p>\n<p>Antes do encontro, Xi Jinping e sua esposa, Peng Liyuan, realizaram uma cerim\u00f4nia de boas-vindas para Lee Jae-myung e sua esposa, Kim Hye-kyung.<\/p>\n<p>\u00c0 noite, Xi Jinping e Peng Liyuan ofereceram um banquete de boas-vindas ao casal presidencial sul-coreano.<\/p>\n","protected":false},"excerpt":{"rendered":"<p>Na tarde desta segunda-feira (5), o presidente chin\u00eas, Xi Jinping, teve uma conversa com o presidente sul-coreano, Lee Jae-myung, o qual se encontra em visita de Estado \u00e0 China, no Grande Pal\u00e1cio do Povo, em Beijing. O l\u00edder chin\u00eas assinalou&#8230;<\/p>\n","protected":false},"author":5,"featured_media":0,"comment_status":"open","ping_status":"open","sticky":false,"template":"","format":"standard","meta":{"footnotes":""},"categories":[3,5],"tags":[],"class_list":["post-10346","post","type-post","status-publish","format-standard","hentry","category-china","category-destaques-capa"],"yoast_head":"<!-- This site is optimized with the Yoast SEO plugin v27.4 - https:\/\/yoast.com\/product\/yoast-seo-wordpress\/ -->\n<title>Xi Jinping e Lee Jae-myung se re\u00fanem em Beijing - CRI e Diario de Pernambuco<\/title>\n<meta name=\"robots\" content=\"index, follow, max-snippet:-1, max-image-preview:large, max-video-preview:-1\" \/>\n<link rel=\"canonical\" href=\"https:\/\/diariodepe.com.br\/cri\/2026\/01\/05\/xi-jinping-e-lee-jae-myung-se-reunem-em-beijing\/\" \/>\n<meta property=\"og:locale\" content=\"pt_BR\" \/>\n<meta property=\"og:type\" content=\"article\" \/>\n<meta property=\"og:title\" content=\"Xi Jinping e Lee Jae-myung se re\u00fanem em Beijing - CRI e Diario de Pernambuco\" \/>\n<meta property=\"og:description\" content=\"Na tarde desta segunda-feira (5), o presidente chin\u00eas, Xi Jinping, teve uma conversa com o presidente sul-coreano, Lee Jae-myung, o qual se encontra em visita de Estado \u00e0 China, no Grande Pal\u00e1cio do Povo, em Beijing. O l\u00edder chin\u00eas assinalou...\" \/>\n<meta property=\"og:url\" content=\"https:\/\/diariodepe.com.br\/cri\/2026\/01\/05\/xi-jinping-e-lee-jae-myung-se-reunem-em-beijing\/\" \/>\n<meta property=\"og:site_name\" content=\"CRI e Diario de Pernambuco\" \/>\n<meta property=\"article:published_time\" content=\"2026-01-06T02:56:22+00:00\" \/>\n<meta property=\"og:image\" content=\"https:\/\/38picres.cgtn.com\/photoAlbum\/page\/performance\/img\/2026\/1\/5\/1767618370318_681.jpg\" \/>\n<meta name=\"author\" content=\"CRI Portugu\u00eas\" \/>\n<meta name=\"twitter:card\" content=\"summary_large_image\" \/>\n<meta name=\"twitter:label1\" content=\"Escrito por\" \/>\n\t<meta name=\"twitter:data1\" content=\"CRI Portugu\u00eas\" \/>\n\t<meta name=\"twitter:label2\" content=\"Est. tempo de leitura\" \/>\n\t<meta name=\"twitter:data2\" content=\"5 minutos\" \/>\n<script type=\"application\/ld+json\" class=\"yoast-schema-graph\">{\"@context\":\"https:\\\/\\\/schema.org\",\"@graph\":[{\"@type\":\"Article\",\"@id\":\"https:\\\/\\\/diariodepe.com.br\\\/cri\\\/2026\\\/01\\\/05\\\/xi-jinping-e-lee-jae-myung-se-reunem-em-beijing\\\/#article\",\"isPartOf\":{\"@id\":\"https:\\\/\\\/diariodepe.com.br\\\/cri\\\/2026\\\/01\\\/05\\\/xi-jinping-e-lee-jae-myung-se-reunem-em-beijing\\\/\"},\"author\":{\"name\":\"CRI Portugu\u00eas\",\"@id\":\"https:\\\/\\\/diariodepe.com.br\\\/cri\\\/#\\\/schema\\\/person\\\/e474aead631cd4098632e11d3fbce118\"},\"headline\":\"Xi Jinping e Lee Jae-myung se re\u00fanem em Beijing\",\"datePublished\":\"2026-01-06T02:56:22+00:00\",\"mainEntityOfPage\":{\"@id\":\"https:\\\/\\\/diariodepe.com.br\\\/cri\\\/2026\\\/01\\\/05\\\/xi-jinping-e-lee-jae-myung-se-reunem-em-beijing\\\/\"},\"wordCount\":817,\"commentCount\":0,\"publisher\":{\"@id\":\"https:\\\/\\\/diariodepe.com.br\\\/cri\\\/#organization\"},\"image\":{\"@id\":\"https:\\\/\\\/diariodepe.com.br\\\/cri\\\/2026\\\/01\\\/05\\\/xi-jinping-e-lee-jae-myung-se-reunem-em-beijing\\\/#primaryimage\"},\"thumbnailUrl\":\"https:\\\/\\\/38picres.cgtn.com\\\/photoAlbum\\\/page\\\/performance\\\/img\\\/2026\\\/1\\\/5\\\/1767618370318_681.jpg\",\"articleSection\":[\"China\",\"Destaques Capa\"],\"inLanguage\":\"pt-BR\",\"potentialAction\":[{\"@type\":\"CommentAction\",\"name\":\"Comment\",\"target\":[\"https:\\\/\\\/diariodepe.com.br\\\/cri\\\/2026\\\/01\\\/05\\\/xi-jinping-e-lee-jae-myung-se-reunem-em-beijing\\\/#respond\"]}]},{\"@type\":\"WebPage\",\"@id\":\"https:\\\/\\\/diariodepe.com.br\\\/cri\\\/2026\\\/01\\\/05\\\/xi-jinping-e-lee-jae-myung-se-reunem-em-beijing\\\/\",\"url\":\"https:\\\/\\\/diariodepe.com.br\\\/cri\\\/2026\\\/01\\\/05\\\/xi-jinping-e-lee-jae-myung-se-reunem-em-beijing\\\/\",\"name\":\"Xi Jinping e Lee Jae-myung se re\u00fanem em Beijing - CRI e Diario de Pernambuco\",\"isPartOf\":{\"@id\":\"https:\\\/\\\/diariodepe.com.br\\\/cri\\\/#website\"},\"primaryImageOfPage\":{\"@id\":\"https:\\\/\\\/diariodepe.com.br\\\/cri\\\/2026\\\/01\\\/05\\\/xi-jinping-e-lee-jae-myung-se-reunem-em-beijing\\\/#primaryimage\"},\"image\":{\"@id\":\"https:\\\/\\\/diariodepe.com.br\\\/cri\\\/2026\\\/01\\\/05\\\/xi-jinping-e-lee-jae-myung-se-reunem-em-beijing\\\/#primaryimage\"},\"thumbnailUrl\":\"https:\\\/\\\/38picres.cgtn.com\\\/photoAlbum\\\/page\\\/performance\\\/img\\\/2026\\\/1\\\/5\\\/1767618370318_681.jpg\",\"datePublished\":\"2026-01-06T02:56:22+00:00\",\"breadcrumb\":{\"@id\":\"https:\\\/\\\/diariodepe.com.br\\\/cri\\\/2026\\\/01\\\/05\\\/xi-jinping-e-lee-jae-myung-se-reunem-em-beijing\\\/#breadcrumb\"},\"inLanguage\":\"pt-BR\",\"potentialAction\":[{\"@type\":\"ReadAction\",\"target\":[\"https:\\\/\\\/diariodepe.com.br\\\/cri\\\/2026\\\/01\\\/05\\\/xi-jinping-e-lee-jae-myung-se-reunem-em-beijing\\\/\"]}]},{\"@type\":\"ImageObject\",\"inLanguage\":\"pt-BR\",\"@id\":\"https:\\\/\\\/diariodepe.com.br\\\/cri\\\/2026\\\/01\\\/05\\\/xi-jinping-e-lee-jae-myung-se-reunem-em-beijing\\\/#primaryimage\",\"url\":\"https:\\\/\\\/38picres.cgtn.com\\\/photoAlbum\\\/page\\\/performance\\\/img\\\/2026\\\/1\\\/5\\\/1767618370318_681.jpg\",\"contentUrl\":\"https:\\\/\\\/38picres.cgtn.com\\\/photoAlbum\\\/page\\\/performance\\\/img\\\/2026\\\/1\\\/5\\\/1767618370318_681.jpg\"},{\"@type\":\"BreadcrumbList\",\"@id\":\"https:\\\/\\\/diariodepe.com.br\\\/cri\\\/2026\\\/01\\\/05\\\/xi-jinping-e-lee-jae-myung-se-reunem-em-beijing\\\/#breadcrumb\",\"itemListElement\":[{\"@type\":\"ListItem\",\"position\":1,\"name\":\"In\u00edcio\",\"item\":\"https:\\\/\\\/diariodepe.com.br\\\/cri\\\/\"},{\"@type\":\"ListItem\",\"position\":2,\"name\":\"Xi Jinping e Lee Jae-myung se re\u00fanem em Beijing\"}]},{\"@type\":\"WebSite\",\"@id\":\"https:\\\/\\\/diariodepe.com.br\\\/cri\\\/#website\",\"url\":\"https:\\\/\\\/diariodepe.com.br\\\/cri\\\/\",\"name\":\"CRI e Diario de Pernambuco\",\"description\":\"R\u00e1dio Internacional da China\",\"publisher\":{\"@id\":\"https:\\\/\\\/diariodepe.com.br\\\/cri\\\/#organization\"},\"potentialAction\":[{\"@type\":\"SearchAction\",\"target\":{\"@type\":\"EntryPoint\",\"urlTemplate\":\"https:\\\/\\\/diariodepe.com.br\\\/cri\\\/?s={search_term_string}\"},\"query-input\":{\"@type\":\"PropertyValueSpecification\",\"valueRequired\":true,\"valueName\":\"search_term_string\"}}],\"inLanguage\":\"pt-BR\"},{\"@type\":\"Organization\",\"@id\":\"https:\\\/\\\/diariodepe.com.br\\\/cri\\\/#organization\",\"name\":\"CRI e Diario de Pernambuco\",\"url\":\"https:\\\/\\\/diariodepe.com.br\\\/cri\\\/\",\"logo\":{\"@type\":\"ImageObject\",\"inLanguage\":\"pt-BR\",\"@id\":\"https:\\\/\\\/diariodepe.com.br\\\/cri\\\/#\\\/schema\\\/logo\\\/image\\\/\",\"url\":\"https:\\\/\\\/diariodepe.com.br\\\/cri\\\/wp-content\\\/uploads\\\/sites\\\/2\\\/2022\\\/12\\\/cropped-Logo.jpg\",\"contentUrl\":\"https:\\\/\\\/diariodepe.com.br\\\/cri\\\/wp-content\\\/uploads\\\/sites\\\/2\\\/2022\\\/12\\\/cropped-Logo.jpg\",\"width\":700,\"height\":59,\"caption\":\"CRI e Diario de Pernambuco\"},\"image\":{\"@id\":\"https:\\\/\\\/diariodepe.com.br\\\/cri\\\/#\\\/schema\\\/logo\\\/image\\\/\"}},{\"@type\":\"Person\",\"@id\":\"https:\\\/\\\/diariodepe.com.br\\\/cri\\\/#\\\/schema\\\/person\\\/e474aead631cd4098632e11d3fbce118\",\"name\":\"CRI Portugu\u00eas\",\"image\":{\"@type\":\"ImageObject\",\"inLanguage\":\"pt-BR\",\"@id\":\"https:\\\/\\\/secure.gravatar.com\\\/avatar\\\/e2ac889ef882d4dc53091b610766dce49106cf9fe98c76e06745abb0993b2763?s=96&d=mm&r=g\",\"url\":\"https:\\\/\\\/secure.gravatar.com\\\/avatar\\\/e2ac889ef882d4dc53091b610766dce49106cf9fe98c76e06745abb0993b2763?s=96&d=mm&r=g\",\"contentUrl\":\"https:\\\/\\\/secure.gravatar.com\\\/avatar\\\/e2ac889ef882d4dc53091b610766dce49106cf9fe98c76e06745abb0993b2763?s=96&d=mm&r=g\",\"caption\":\"CRI Portugu\u00eas\"},\"sameAs\":[\"https:\\\/\\\/www.diariodepernambuco.com.br\\\/\"],\"url\":\"https:\\\/\\\/diariodepe.com.br\\\/cri\\\/author\\\/agencia-cri\\\/\"}]}<\/script>\n<!-- \/ Yoast SEO plugin. -->","yoast_head_json":{"title":"Xi Jinping e Lee Jae-myung se re\u00fanem em Beijing - CRI e Diario de Pernambuco","robots":{"index":"index","follow":"follow","max-snippet":"max-snippet:-1","max-image-preview":"max-image-preview:large","max-video-preview":"max-video-preview:-1"},"canonical":"https:\/\/diariodepe.com.br\/cri\/2026\/01\/05\/xi-jinping-e-lee-jae-myung-se-reunem-em-beijing\/","og_locale":"pt_BR","og_type":"article","og_title":"Xi Jinping e Lee Jae-myung se re\u00fanem em Beijing - CRI e Diario de Pernambuco","og_description":"Na tarde desta segunda-feira (5), o presidente chin\u00eas, Xi Jinping, teve uma conversa com o presidente sul-coreano, Lee Jae-myung, o qual se encontra em visita de Estado \u00e0 China, no Grande Pal\u00e1cio do Povo, em Beijing. O l\u00edder chin\u00eas assinalou...","og_url":"https:\/\/diariodepe.com.br\/cri\/2026\/01\/05\/xi-jinping-e-lee-jae-myung-se-reunem-em-beijing\/","og_site_name":"CRI e Diario de Pernambuco","article_published_time":"2026-01-06T02:56:22+00:00","og_image":[{"url":"https:\/\/38picres.cgtn.com\/photoAlbum\/page\/performance\/img\/2026\/1\/5\/1767618370318_681.jpg","type":"","width":"","height":""}],"author":"CRI Portugu\u00eas","twitter_card":"summary_large_image","twitter_misc":{"Escrito por":"CRI Portugu\u00eas","Est. tempo de leitura":"5 minutos"},"schema":{"@context":"https:\/\/schema.org","@graph":[{"@type":"Article","@id":"https:\/\/diariodepe.com.br\/cri\/2026\/01\/05\/xi-jinping-e-lee-jae-myung-se-reunem-em-beijing\/#article","isPartOf":{"@id":"https:\/\/diariodepe.com.br\/cri\/2026\/01\/05\/xi-jinping-e-lee-jae-myung-se-reunem-em-beijing\/"},"author":{"name":"CRI Portugu\u00eas","@id":"https:\/\/diariodepe.com.br\/cri\/#\/schema\/person\/e474aead631cd4098632e11d3fbce118"},"headline":"Xi Jinping e Lee Jae-myung se re\u00fanem em Beijing","datePublished":"2026-01-06T02:56:22+00:00","mainEntityOfPage":{"@id":"https:\/\/diariodepe.com.br\/cri\/2026\/01\/05\/xi-jinping-e-lee-jae-myung-se-reunem-em-beijing\/"},"wordCount":817,"commentCount":0,"publisher":{"@id":"https:\/\/diariodepe.com.br\/cri\/#organization"},"image":{"@id":"https:\/\/diariodepe.com.br\/cri\/2026\/01\/05\/xi-jinping-e-lee-jae-myung-se-reunem-em-beijing\/#primaryimage"},"thumbnailUrl":"https:\/\/38picres.cgtn.com\/photoAlbum\/page\/performance\/img\/2026\/1\/5\/1767618370318_681.jpg","articleSection":["China","Destaques Capa"],"inLanguage":"pt-BR","potentialAction":[{"@type":"CommentAction","name":"Comment","target":["https:\/\/diariodepe.com.br\/cri\/2026\/01\/05\/xi-jinping-e-lee-jae-myung-se-reunem-em-beijing\/#respond"]}]},{"@type":"WebPage","@id":"https:\/\/diariodepe.com.br\/cri\/2026\/01\/05\/xi-jinping-e-lee-jae-myung-se-reunem-em-beijing\/","url":"https:\/\/diariodepe.com.br\/cri\/2026\/01\/05\/xi-jinping-e-lee-jae-myung-se-reunem-em-beijing\/","name":"Xi Jinping e Lee Jae-myung se re\u00fanem em Beijing - CRI e Diario de Pernambuco","isPartOf":{"@id":"https:\/\/diariodepe.com.br\/cri\/#website"},"primaryImageOfPage":{"@id":"https:\/\/diariodepe.com.br\/cri\/2026\/01\/05\/xi-jinping-e-lee-jae-myung-se-reunem-em-beijing\/#primaryimage"},"image":{"@id":"https:\/\/diariodepe.com.br\/cri\/2026\/01\/05\/xi-jinping-e-lee-jae-myung-se-reunem-em-beijing\/#primaryimage"},"thumbnailUrl":"https:\/\/38picres.cgtn.com\/photoAlbum\/page\/performance\/img\/2026\/1\/5\/1767618370318_681.jpg","datePublished":"2026-01-06T02:56:22+00:00","breadcrumb":{"@id":"https:\/\/diariodepe.com.br\/cri\/2026\/01\/05\/xi-jinping-e-lee-jae-myung-se-reunem-em-beijing\/#breadcrumb"},"inLanguage":"pt-BR","potentialAction":[{"@type":"ReadAction","target":["https:\/\/diariodepe.com.br\/cri\/2026\/01\/05\/xi-jinping-e-lee-jae-myung-se-reunem-em-beijing\/"]}]},{"@type":"ImageObject","inLanguage":"pt-BR","@id":"https:\/\/diariodepe.com.br\/cri\/2026\/01\/05\/xi-jinping-e-lee-jae-myung-se-reunem-em-beijing\/#primaryimage","url":"https:\/\/38picres.cgtn.com\/photoAlbum\/page\/performance\/img\/2026\/1\/5\/1767618370318_681.jpg","contentUrl":"https:\/\/38picres.cgtn.com\/photoAlbum\/page\/performance\/img\/2026\/1\/5\/1767618370318_681.jpg"},{"@type":"BreadcrumbList","@id":"https:\/\/diariodepe.com.br\/cri\/2026\/01\/05\/xi-jinping-e-lee-jae-myung-se-reunem-em-beijing\/#breadcrumb","itemListElement":[{"@type":"ListItem","position":1,"name":"In\u00edcio","item":"https:\/\/diariodepe.com.br\/cri\/"},{"@type":"ListItem","position":2,"name":"Xi Jinping e Lee Jae-myung se re\u00fanem em Beijing"}]},{"@type":"WebSite","@id":"https:\/\/diariodepe.com.br\/cri\/#website","url":"https:\/\/diariodepe.com.br\/cri\/","name":"CRI e Diario de Pernambuco","description":"R\u00e1dio Internacional da China","publisher":{"@id":"https:\/\/diariodepe.com.br\/cri\/#organization"},"potentialAction":[{"@type":"SearchAction","target":{"@type":"EntryPoint","urlTemplate":"https:\/\/diariodepe.com.br\/cri\/?s={search_term_string}"},"query-input":{"@type":"PropertyValueSpecification","valueRequired":true,"valueName":"search_term_string"}}],"inLanguage":"pt-BR"},{"@type":"Organization","@id":"https:\/\/diariodepe.com.br\/cri\/#organization","name":"CRI e Diario de Pernambuco","url":"https:\/\/diariodepe.com.br\/cri\/","logo":{"@type":"ImageObject","inLanguage":"pt-BR","@id":"https:\/\/diariodepe.com.br\/cri\/#\/schema\/logo\/image\/","url":"https:\/\/diariodepe.com.br\/cri\/wp-content\/uploads\/sites\/2\/2022\/12\/cropped-Logo.jpg","contentUrl":"https:\/\/diariodepe.com.br\/cri\/wp-content\/uploads\/sites\/2\/2022\/12\/cropped-Logo.jpg","width":700,"height":59,"caption":"CRI e Diario de Pernambuco"},"image":{"@id":"https:\/\/diariodepe.com.br\/cri\/#\/schema\/logo\/image\/"}},{"@type":"Person","@id":"https:\/\/diariodepe.com.br\/cri\/#\/schema\/person\/e474aead631cd4098632e11d3fbce118","name":"CRI Portugu\u00eas","image":{"@type":"ImageObject","inLanguage":"pt-BR","@id":"https:\/\/secure.gravatar.com\/avatar\/e2ac889ef882d4dc53091b610766dce49106cf9fe98c76e06745abb0993b2763?s=96&d=mm&r=g","url":"https:\/\/secure.gravatar.com\/avatar\/e2ac889ef882d4dc53091b610766dce49106cf9fe98c76e06745abb0993b2763?s=96&d=mm&r=g","contentUrl":"https:\/\/secure.gravatar.com\/avatar\/e2ac889ef882d4dc53091b610766dce49106cf9fe98c76e06745abb0993b2763?s=96&d=mm&r=g","caption":"CRI Portugu\u00eas"},"sameAs":["https:\/\/www.diariodepernambuco.com.br\/"],"url":"https:\/\/diariodepe.com.br\/cri\/author\/agencia-cri\/"}]}},"cc_featured_image_caption":{"caption_text":"","source_text":"","source_url":""},"amp_enabled":true,"_links":{"self":[{"href":"https:\/\/diariodepe.com.br\/cri\/wp-json\/wp\/v2\/posts\/10346","targetHints":{"allow":["GET"]}}],"collection":[{"href":"https:\/\/diariodepe.com.br\/cri\/wp-json\/wp\/v2\/posts"}],"about":[{"href":"https:\/\/diariodepe.com.br\/cri\/wp-json\/wp\/v2\/types\/post"}],"author":[{"embeddable":true,"href":"https:\/\/diariodepe.com.br\/cri\/wp-json\/wp\/v2\/users\/5"}],"replies":[{"embeddable":true,"href":"https:\/\/diariodepe.com.br\/cri\/wp-json\/wp\/v2\/comments?post=10346"}],"version-history":[{"count":1,"href":"https:\/\/diariodepe.com.br\/cri\/wp-json\/wp\/v2\/posts\/10346\/revisions"}],"predecessor-version":[{"id":10347,"href":"https:\/\/diariodepe.com.br\/cri\/wp-json\/wp\/v2\/posts\/10346\/revisions\/10347"}],"wp:attachment":[{"href":"https:\/\/diariodepe.com.br\/cri\/wp-json\/wp\/v2\/media?parent=10346"}],"wp:term":[{"taxonomy":"category","embeddable":true,"href":"https:\/\/diariodepe.com.br\/cri\/wp-json\/wp\/v2\/categories?post=10346"},{"taxonomy":"post_tag","embeddable":true,"href":"https:\/\/diariodepe.com.br\/cri\/wp-json\/wp\/v2\/tags?post=10346"}],"curies":[{"name":"wp","href":"https:\/\/api.w.org\/{rel}","templated":true}]}}