{"id":10344,"date":"2026-01-05T00:17:49","date_gmt":"2026-01-05T03:17:49","guid":{"rendered":"https:\/\/diariodepe.com.br\/cri\/?p=10344"},"modified":"2026-01-05T00:17:49","modified_gmt":"2026-01-05T03:17:49","slug":"presidente-chines-manifesta-pesar-apos-incendio-com-dezenas-de-vitimas-na-suica","status":"publish","type":"post","link":"https:\/\/diariodepe.com.br\/cri\/2026\/01\/05\/presidente-chines-manifesta-pesar-apos-incendio-com-dezenas-de-vitimas-na-suica\/","title":{"rendered":"Presidente chin\u00eas manifesta pesar ap\u00f3s inc\u00eandio com dezenas de v\u00edtimas na Su\u00ed\u00e7a"},"content":{"rendered":"<p>O presidente chin\u00eas, Xi Jinping, enviou neste domingo (4) uma mensagem de condol\u00eancias ao presidente da Confedera\u00e7\u00e3o Su\u00ed\u00e7a, Guy Parmelin, devido ao inc\u00eandio ocorrido em Crans-Montana.<\/p>\n<p>Xi Jinping afirmou que ficou chocado ao saber a not\u00edcia da trag\u00e9dia, que resultou em pesadas baixas. Em nome do governo e do povo chin\u00eas, o presidente expressou profundo pesar \u00a0pelas v\u00edtimas e estendeu sincera solidariedade \u00e0s fam\u00edlias enlutadas, desejando uma r\u00e1pida recupera\u00e7\u00e3o aos feridos.<\/p>\n<p>Na madrugada do dia 1\u00ba, um inc\u00eandio de grandes propor\u00e7\u00f5es atingiu um bar na esta\u00e7\u00e3o de esqui de Crans-Montana, deixando 40 mortos e 119 feridos. Segundo autoridades locais, todos os ind\u00edcios apontam que a trag\u00e9dia foi causada por fogos de artif\u00edcio colocados sobre garrafas de champanhe. Uma investiga\u00e7\u00e3o criminal j\u00e1 foi aberta contra os dois gestores do estabelecimento.<\/p>\n","protected":false},"excerpt":{"rendered":"<p>O presidente chin\u00eas, Xi Jinping, enviou neste domingo (4) uma mensagem de condol\u00eancias ao presidente da Confedera\u00e7\u00e3o Su\u00ed\u00e7a, Guy Parmelin, devido ao inc\u00eandio ocorrido em Crans-Montana. Xi Jinping afirmou que ficou chocado ao saber a not\u00edcia da trag\u00e9dia, que resultou&#8230;<\/p>\n","protected":false},"author":5,"featured_media":0,"comment_status":"open","ping_status":"open","sticky":false,"template":"","format":"standard","meta":{"footnotes":""},"categories":[3],"tags":[],"class_list":["post-10344","post","type-post","status-publish","format-standard","hentry","category-china"],"yoast_head":"<!-- This site is optimized with the Yoast SEO plugin v27.4 - https:\/\/yoast.com\/product\/yoast-seo-wordpress\/ -->\n<title>Presidente chin\u00eas manifesta pesar ap\u00f3s inc\u00eandio com dezenas de v\u00edtimas na Su\u00ed\u00e7a - CRI e Diario de Pernambuco<\/title>\n<meta name=\"robots\" content=\"index, follow, max-snippet:-1, max-image-preview:large, max-video-preview:-1\" \/>\n<link rel=\"canonical\" href=\"https:\/\/diariodepe.com.br\/cri\/2026\/01\/05\/presidente-chines-manifesta-pesar-apos-incendio-com-dezenas-de-vitimas-na-suica\/\" \/>\n<meta property=\"og:locale\" content=\"pt_BR\" \/>\n<meta property=\"og:type\" content=\"article\" \/>\n<meta property=\"og:title\" content=\"Presidente chin\u00eas manifesta pesar ap\u00f3s inc\u00eandio com dezenas de v\u00edtimas na Su\u00ed\u00e7a - CRI e Diario de Pernambuco\" \/>\n<meta property=\"og:description\" content=\"O presidente chin\u00eas, Xi Jinping, enviou neste domingo (4) uma mensagem de condol\u00eancias ao presidente da Confedera\u00e7\u00e3o Su\u00ed\u00e7a, Guy Parmelin, devido ao inc\u00eandio ocorrido em Crans-Montana. Xi Jinping afirmou que ficou chocado ao saber a not\u00edcia da trag\u00e9dia, que resultou...\" \/>\n<meta property=\"og:url\" content=\"https:\/\/diariodepe.com.br\/cri\/2026\/01\/05\/presidente-chines-manifesta-pesar-apos-incendio-com-dezenas-de-vitimas-na-suica\/\" \/>\n<meta property=\"og:site_name\" content=\"CRI e Diario de Pernambuco\" \/>\n<meta property=\"article:published_time\" content=\"2026-01-05T03:17:49+00:00\" \/>\n<meta name=\"author\" content=\"CRI Portugu\u00eas\" \/>\n<meta name=\"twitter:card\" content=\"summary_large_image\" \/>\n<meta name=\"twitter:label1\" content=\"Escrito por\" \/>\n\t<meta name=\"twitter:data1\" content=\"CRI Portugu\u00eas\" \/>\n<script type=\"application\/ld+json\" class=\"yoast-schema-graph\">{\"@context\":\"https:\\\/\\\/schema.org\",\"@graph\":[{\"@type\":\"Article\",\"@id\":\"https:\\\/\\\/diariodepe.com.br\\\/cri\\\/2026\\\/01\\\/05\\\/presidente-chines-manifesta-pesar-apos-incendio-com-dezenas-de-vitimas-na-suica\\\/#article\",\"isPartOf\":{\"@id\":\"https:\\\/\\\/diariodepe.com.br\\\/cri\\\/2026\\\/01\\\/05\\\/presidente-chines-manifesta-pesar-apos-incendio-com-dezenas-de-vitimas-na-suica\\\/\"},\"author\":{\"name\":\"CRI Portugu\u00eas\",\"@id\":\"https:\\\/\\\/diariodepe.com.br\\\/cri\\\/#\\\/schema\\\/person\\\/e474aead631cd4098632e11d3fbce118\"},\"headline\":\"Presidente chin\u00eas manifesta pesar ap\u00f3s inc\u00eandio com dezenas de v\u00edtimas na Su\u00ed\u00e7a\",\"datePublished\":\"2026-01-05T03:17:49+00:00\",\"mainEntityOfPage\":{\"@id\":\"https:\\\/\\\/diariodepe.com.br\\\/cri\\\/2026\\\/01\\\/05\\\/presidente-chines-manifesta-pesar-apos-incendio-com-dezenas-de-vitimas-na-suica\\\/\"},\"wordCount\":161,\"commentCount\":0,\"publisher\":{\"@id\":\"https:\\\/\\\/diariodepe.com.br\\\/cri\\\/#organization\"},\"articleSection\":[\"China\"],\"inLanguage\":\"pt-BR\",\"potentialAction\":[{\"@type\":\"CommentAction\",\"name\":\"Comment\",\"target\":[\"https:\\\/\\\/diariodepe.com.br\\\/cri\\\/2026\\\/01\\\/05\\\/presidente-chines-manifesta-pesar-apos-incendio-com-dezenas-de-vitimas-na-suica\\\/#respond\"]}]},{\"@type\":\"WebPage\",\"@id\":\"https:\\\/\\\/diariodepe.com.br\\\/cri\\\/2026\\\/01\\\/05\\\/presidente-chines-manifesta-pesar-apos-incendio-com-dezenas-de-vitimas-na-suica\\\/\",\"url\":\"https:\\\/\\\/diariodepe.com.br\\\/cri\\\/2026\\\/01\\\/05\\\/presidente-chines-manifesta-pesar-apos-incendio-com-dezenas-de-vitimas-na-suica\\\/\",\"name\":\"Presidente chin\u00eas manifesta pesar ap\u00f3s inc\u00eandio com dezenas de v\u00edtimas na Su\u00ed\u00e7a - CRI e Diario de Pernambuco\",\"isPartOf\":{\"@id\":\"https:\\\/\\\/diariodepe.com.br\\\/cri\\\/#website\"},\"datePublished\":\"2026-01-05T03:17:49+00:00\",\"breadcrumb\":{\"@id\":\"https:\\\/\\\/diariodepe.com.br\\\/cri\\\/2026\\\/01\\\/05\\\/presidente-chines-manifesta-pesar-apos-incendio-com-dezenas-de-vitimas-na-suica\\\/#breadcrumb\"},\"inLanguage\":\"pt-BR\",\"potentialAction\":[{\"@type\":\"ReadAction\",\"target\":[\"https:\\\/\\\/diariodepe.com.br\\\/cri\\\/2026\\\/01\\\/05\\\/presidente-chines-manifesta-pesar-apos-incendio-com-dezenas-de-vitimas-na-suica\\\/\"]}]},{\"@type\":\"BreadcrumbList\",\"@id\":\"https:\\\/\\\/diariodepe.com.br\\\/cri\\\/2026\\\/01\\\/05\\\/presidente-chines-manifesta-pesar-apos-incendio-com-dezenas-de-vitimas-na-suica\\\/#breadcrumb\",\"itemListElement\":[{\"@type\":\"ListItem\",\"position\":1,\"name\":\"In\u00edcio\",\"item\":\"https:\\\/\\\/diariodepe.com.br\\\/cri\\\/\"},{\"@type\":\"ListItem\",\"position\":2,\"name\":\"Presidente chin\u00eas manifesta pesar ap\u00f3s inc\u00eandio com dezenas de v\u00edtimas na Su\u00ed\u00e7a\"}]},{\"@type\":\"WebSite\",\"@id\":\"https:\\\/\\\/diariodepe.com.br\\\/cri\\\/#website\",\"url\":\"https:\\\/\\\/diariodepe.com.br\\\/cri\\\/\",\"name\":\"CRI e Diario de Pernambuco\",\"description\":\"R\u00e1dio Internacional da China\",\"publisher\":{\"@id\":\"https:\\\/\\\/diariodepe.com.br\\\/cri\\\/#organization\"},\"potentialAction\":[{\"@type\":\"SearchAction\",\"target\":{\"@type\":\"EntryPoint\",\"urlTemplate\":\"https:\\\/\\\/diariodepe.com.br\\\/cri\\\/?s={search_term_string}\"},\"query-input\":{\"@type\":\"PropertyValueSpecification\",\"valueRequired\":true,\"valueName\":\"search_term_string\"}}],\"inLanguage\":\"pt-BR\"},{\"@type\":\"Organization\",\"@id\":\"https:\\\/\\\/diariodepe.com.br\\\/cri\\\/#organization\",\"name\":\"CRI e Diario de Pernambuco\",\"url\":\"https:\\\/\\\/diariodepe.com.br\\\/cri\\\/\",\"logo\":{\"@type\":\"ImageObject\",\"inLanguage\":\"pt-BR\",\"@id\":\"https:\\\/\\\/diariodepe.com.br\\\/cri\\\/#\\\/schema\\\/logo\\\/image\\\/\",\"url\":\"https:\\\/\\\/diariodepe.com.br\\\/cri\\\/wp-content\\\/uploads\\\/sites\\\/2\\\/2022\\\/12\\\/cropped-Logo.jpg\",\"contentUrl\":\"https:\\\/\\\/diariodepe.com.br\\\/cri\\\/wp-content\\\/uploads\\\/sites\\\/2\\\/2022\\\/12\\\/cropped-Logo.jpg\",\"width\":700,\"height\":59,\"caption\":\"CRI e Diario de Pernambuco\"},\"image\":{\"@id\":\"https:\\\/\\\/diariodepe.com.br\\\/cri\\\/#\\\/schema\\\/logo\\\/image\\\/\"}},{\"@type\":\"Person\",\"@id\":\"https:\\\/\\\/diariodepe.com.br\\\/cri\\\/#\\\/schema\\\/person\\\/e474aead631cd4098632e11d3fbce118\",\"name\":\"CRI Portugu\u00eas\",\"image\":{\"@type\":\"ImageObject\",\"inLanguage\":\"pt-BR\",\"@id\":\"https:\\\/\\\/secure.gravatar.com\\\/avatar\\\/e2ac889ef882d4dc53091b610766dce49106cf9fe98c76e06745abb0993b2763?s=96&d=mm&r=g\",\"url\":\"https:\\\/\\\/secure.gravatar.com\\\/avatar\\\/e2ac889ef882d4dc53091b610766dce49106cf9fe98c76e06745abb0993b2763?s=96&d=mm&r=g\",\"contentUrl\":\"https:\\\/\\\/secure.gravatar.com\\\/avatar\\\/e2ac889ef882d4dc53091b610766dce49106cf9fe98c76e06745abb0993b2763?s=96&d=mm&r=g\",\"caption\":\"CRI Portugu\u00eas\"},\"sameAs\":[\"https:\\\/\\\/www.diariodepernambuco.com.br\\\/\"],\"url\":\"https:\\\/\\\/diariodepe.com.br\\\/cri\\\/author\\\/agencia-cri\\\/\"}]}<\/script>\n<!-- \/ Yoast SEO plugin. -->","yoast_head_json":{"title":"Presidente chin\u00eas manifesta pesar ap\u00f3s inc\u00eandio com dezenas de v\u00edtimas na Su\u00ed\u00e7a - CRI e Diario de Pernambuco","robots":{"index":"index","follow":"follow","max-snippet":"max-snippet:-1","max-image-preview":"max-image-preview:large","max-video-preview":"max-video-preview:-1"},"canonical":"https:\/\/diariodepe.com.br\/cri\/2026\/01\/05\/presidente-chines-manifesta-pesar-apos-incendio-com-dezenas-de-vitimas-na-suica\/","og_locale":"pt_BR","og_type":"article","og_title":"Presidente chin\u00eas manifesta pesar ap\u00f3s inc\u00eandio com dezenas de v\u00edtimas na Su\u00ed\u00e7a - CRI e Diario de Pernambuco","og_description":"O presidente chin\u00eas, Xi Jinping, enviou neste domingo (4) uma mensagem de condol\u00eancias ao presidente da Confedera\u00e7\u00e3o Su\u00ed\u00e7a, Guy Parmelin, devido ao inc\u00eandio ocorrido em Crans-Montana. Xi Jinping afirmou que ficou chocado ao saber a not\u00edcia da trag\u00e9dia, que resultou...","og_url":"https:\/\/diariodepe.com.br\/cri\/2026\/01\/05\/presidente-chines-manifesta-pesar-apos-incendio-com-dezenas-de-vitimas-na-suica\/","og_site_name":"CRI e Diario de Pernambuco","article_published_time":"2026-01-05T03:17:49+00:00","author":"CRI Portugu\u00eas","twitter_card":"summary_large_image","twitter_misc":{"Escrito por":"CRI Portugu\u00eas"},"schema":{"@context":"https:\/\/schema.org","@graph":[{"@type":"Article","@id":"https:\/\/diariodepe.com.br\/cri\/2026\/01\/05\/presidente-chines-manifesta-pesar-apos-incendio-com-dezenas-de-vitimas-na-suica\/#article","isPartOf":{"@id":"https:\/\/diariodepe.com.br\/cri\/2026\/01\/05\/presidente-chines-manifesta-pesar-apos-incendio-com-dezenas-de-vitimas-na-suica\/"},"author":{"name":"CRI Portugu\u00eas","@id":"https:\/\/diariodepe.com.br\/cri\/#\/schema\/person\/e474aead631cd4098632e11d3fbce118"},"headline":"Presidente chin\u00eas manifesta pesar ap\u00f3s inc\u00eandio com dezenas de v\u00edtimas na Su\u00ed\u00e7a","datePublished":"2026-01-05T03:17:49+00:00","mainEntityOfPage":{"@id":"https:\/\/diariodepe.com.br\/cri\/2026\/01\/05\/presidente-chines-manifesta-pesar-apos-incendio-com-dezenas-de-vitimas-na-suica\/"},"wordCount":161,"commentCount":0,"publisher":{"@id":"https:\/\/diariodepe.com.br\/cri\/#organization"},"articleSection":["China"],"inLanguage":"pt-BR","potentialAction":[{"@type":"CommentAction","name":"Comment","target":["https:\/\/diariodepe.com.br\/cri\/2026\/01\/05\/presidente-chines-manifesta-pesar-apos-incendio-com-dezenas-de-vitimas-na-suica\/#respond"]}]},{"@type":"WebPage","@id":"https:\/\/diariodepe.com.br\/cri\/2026\/01\/05\/presidente-chines-manifesta-pesar-apos-incendio-com-dezenas-de-vitimas-na-suica\/","url":"https:\/\/diariodepe.com.br\/cri\/2026\/01\/05\/presidente-chines-manifesta-pesar-apos-incendio-com-dezenas-de-vitimas-na-suica\/","name":"Presidente chin\u00eas manifesta pesar ap\u00f3s inc\u00eandio com dezenas de v\u00edtimas na Su\u00ed\u00e7a - CRI e Diario de Pernambuco","isPartOf":{"@id":"https:\/\/diariodepe.com.br\/cri\/#website"},"datePublished":"2026-01-05T03:17:49+00:00","breadcrumb":{"@id":"https:\/\/diariodepe.com.br\/cri\/2026\/01\/05\/presidente-chines-manifesta-pesar-apos-incendio-com-dezenas-de-vitimas-na-suica\/#breadcrumb"},"inLanguage":"pt-BR","potentialAction":[{"@type":"ReadAction","target":["https:\/\/diariodepe.com.br\/cri\/2026\/01\/05\/presidente-chines-manifesta-pesar-apos-incendio-com-dezenas-de-vitimas-na-suica\/"]}]},{"@type":"BreadcrumbList","@id":"https:\/\/diariodepe.com.br\/cri\/2026\/01\/05\/presidente-chines-manifesta-pesar-apos-incendio-com-dezenas-de-vitimas-na-suica\/#breadcrumb","itemListElement":[{"@type":"ListItem","position":1,"name":"In\u00edcio","item":"https:\/\/diariodepe.com.br\/cri\/"},{"@type":"ListItem","position":2,"name":"Presidente chin\u00eas manifesta pesar ap\u00f3s inc\u00eandio com dezenas de v\u00edtimas na Su\u00ed\u00e7a"}]},{"@type":"WebSite","@id":"https:\/\/diariodepe.com.br\/cri\/#website","url":"https:\/\/diariodepe.com.br\/cri\/","name":"CRI e Diario de Pernambuco","description":"R\u00e1dio Internacional da China","publisher":{"@id":"https:\/\/diariodepe.com.br\/cri\/#organization"},"potentialAction":[{"@type":"SearchAction","target":{"@type":"EntryPoint","urlTemplate":"https:\/\/diariodepe.com.br\/cri\/?s={search_term_string}"},"query-input":{"@type":"PropertyValueSpecification","valueRequired":true,"valueName":"search_term_string"}}],"inLanguage":"pt-BR"},{"@type":"Organization","@id":"https:\/\/diariodepe.com.br\/cri\/#organization","name":"CRI e Diario de Pernambuco","url":"https:\/\/diariodepe.com.br\/cri\/","logo":{"@type":"ImageObject","inLanguage":"pt-BR","@id":"https:\/\/diariodepe.com.br\/cri\/#\/schema\/logo\/image\/","url":"https:\/\/diariodepe.com.br\/cri\/wp-content\/uploads\/sites\/2\/2022\/12\/cropped-Logo.jpg","contentUrl":"https:\/\/diariodepe.com.br\/cri\/wp-content\/uploads\/sites\/2\/2022\/12\/cropped-Logo.jpg","width":700,"height":59,"caption":"CRI e Diario de Pernambuco"},"image":{"@id":"https:\/\/diariodepe.com.br\/cri\/#\/schema\/logo\/image\/"}},{"@type":"Person","@id":"https:\/\/diariodepe.com.br\/cri\/#\/schema\/person\/e474aead631cd4098632e11d3fbce118","name":"CRI Portugu\u00eas","image":{"@type":"ImageObject","inLanguage":"pt-BR","@id":"https:\/\/secure.gravatar.com\/avatar\/e2ac889ef882d4dc53091b610766dce49106cf9fe98c76e06745abb0993b2763?s=96&d=mm&r=g","url":"https:\/\/secure.gravatar.com\/avatar\/e2ac889ef882d4dc53091b610766dce49106cf9fe98c76e06745abb0993b2763?s=96&d=mm&r=g","contentUrl":"https:\/\/secure.gravatar.com\/avatar\/e2ac889ef882d4dc53091b610766dce49106cf9fe98c76e06745abb0993b2763?s=96&d=mm&r=g","caption":"CRI Portugu\u00eas"},"sameAs":["https:\/\/www.diariodepernambuco.com.br\/"],"url":"https:\/\/diariodepe.com.br\/cri\/author\/agencia-cri\/"}]}},"cc_featured_image_caption":{"caption_text":"","source_text":"","source_url":""},"amp_enabled":true,"_links":{"self":[{"href":"https:\/\/diariodepe.com.br\/cri\/wp-json\/wp\/v2\/posts\/10344","targetHints":{"allow":["GET"]}}],"collection":[{"href":"https:\/\/diariodepe.com.br\/cri\/wp-json\/wp\/v2\/posts"}],"about":[{"href":"https:\/\/diariodepe.com.br\/cri\/wp-json\/wp\/v2\/types\/post"}],"author":[{"embeddable":true,"href":"https:\/\/diariodepe.com.br\/cri\/wp-json\/wp\/v2\/users\/5"}],"replies":[{"embeddable":true,"href":"https:\/\/diariodepe.com.br\/cri\/wp-json\/wp\/v2\/comments?post=10344"}],"version-history":[{"count":1,"href":"https:\/\/diariodepe.com.br\/cri\/wp-json\/wp\/v2\/posts\/10344\/revisions"}],"predecessor-version":[{"id":10345,"href":"https:\/\/diariodepe.com.br\/cri\/wp-json\/wp\/v2\/posts\/10344\/revisions\/10345"}],"wp:attachment":[{"href":"https:\/\/diariodepe.com.br\/cri\/wp-json\/wp\/v2\/media?parent=10344"}],"wp:term":[{"taxonomy":"category","embeddable":true,"href":"https:\/\/diariodepe.com.br\/cri\/wp-json\/wp\/v2\/categories?post=10344"},{"taxonomy":"post_tag","embeddable":true,"href":"https:\/\/diariodepe.com.br\/cri\/wp-json\/wp\/v2\/tags?post=10344"}],"curies":[{"name":"wp","href":"https:\/\/api.w.org\/{rel}","templated":true}]}}