{"id":10341,"date":"2026-01-04T05:50:27","date_gmt":"2026-01-04T08:50:27","guid":{"rendered":"https:\/\/diariodepe.com.br\/cri\/?p=10341"},"modified":"2026-01-04T05:50:27","modified_gmt":"2026-01-04T08:50:27","slug":"venezuela-e-a-disputa-entre-eua-e-china-o-papel-crescente-de-beijing-na-america-latina","status":"publish","type":"post","link":"https:\/\/diariodepe.com.br\/cri\/2026\/01\/04\/venezuela-e-a-disputa-entre-eua-e-china-o-papel-crescente-de-beijing-na-america-latina\/","title":{"rendered":"Venezuela e a disputa entre EUA e China: o papel crescente de Beijing na Am\u00e9rica Latina"},"content":{"rendered":"<p>O ataque militar dos Estados Unidos \u00e0 Venezuela, realizado na madrugada deste s\u00e1bado (3), ocorre em meio a uma escalada das tens\u00f5es geopol\u00edticas na Am\u00e9rica Latina e no Caribe.<\/p>\n<p>O epis\u00f3dio exp\u00f5e de forma direta o choque entre projetos estrat\u00e9gicos em disputa na regi\u00e3o, com a China assumindo um papel cada vez mais central ao lado dos Estados Unidos, em um contexto de transi\u00e7\u00e3o da ordem internacional.<\/p>\n<p>Para analisar esse cen\u00e1rio, a CGTN em Portugu\u00eas conversou com exclusividade com dois analistas especializados em geopol\u00edtica latino-americana.<\/p>\n<p><img decoding=\"async\" src=\"https:\/\/38picres.cgtn.com\/photoAlbum\/page\/performance\/img\/2026\/1\/4\/1767515612631_557.png\" \/>Hugo Albuquerque<\/p>\n<p>Hugo Albuquerque \u00e9 jurista e analista pol\u00edtico, editor e publisher da\u00a0<i>Jacobin Brasil<\/i>\u00a0e fundador da Editora Autonomia Liter\u00e1ria, com atua\u00e7\u00e3o voltada \u00e0 an\u00e1lise cr\u00edtica da pol\u00edtica internacional, do imperialismo e das disputas de poder entre grandes pot\u00eancias.<\/p>\n<p><img decoding=\"async\" src=\"https:\/\/38picres.cgtn.com\/photoAlbum\/page\/performance\/img\/2026\/1\/4\/1767515548228_983.jpg\" \/>Amauri Chamorro<\/p>\n<p>Amauri Chamorro \u00e9 estrategista e consultor em comunica\u00e7\u00e3o pol\u00edtica, com experi\u00eancia junto a partidos, movimentos e governos na Am\u00e9rica Latina e no Caribe. Atua como analista internacional, com foco em integra\u00e7\u00e3o regional, rela\u00e7\u00f5es entre pot\u00eancias globais e din\u00e2micas geopol\u00edticas a partir de uma perspectiva latino-americana.<\/p>\n<h3>Ruptura de regras e rea\u00e7\u00e3o ao mundo multipolar<\/h3>\n<p>Para Hugo Albuquerque, a escalada envolvendo a Venezuela representa uma ruptura profunda nas regras que tradicionalmente organizam as rela\u00e7\u00f5es internacionais. Segundo ele, \u201co sequestro de um chefe de Estado no exerc\u00edcio de suas fun\u00e7\u00f5es \u00e9 algo marcante, porque rompe com uma perspectiva civilizada e regrada das rela\u00e7\u00f5es internacionais\u201d.<\/p>\n<p>Na avalia\u00e7\u00e3o do jurista, o epis\u00f3dio explicita uma mudan\u00e7a qualitativa na postura dos Estados Unidos. \u201c\u00c9 a aceita\u00e7\u00e3o, pela principal pot\u00eancia militar do planeta, de que as regras n\u00e3o importam\u201d, afirma.<\/p>\n<p>Albuquerque observa que, ao longo do s\u00e9culo XX, Washington recorreu a normas e institui\u00e7\u00f5es para conferir apar\u00eancia de legalidade a a\u00e7\u00f5es ilegais, mas que, no cen\u00e1rio atual, \u201cn\u00e3o h\u00e1 nem essa preocupa\u00e7\u00e3o com esse verniz\u201d.<\/p>\n<p>Ele ressalta que a crise ocorre em um momento sens\u00edvel para a ordem internacional. \u201cA multipolaridade j\u00e1 est\u00e1 em risco, porque ela emerge justamente em contraposi\u00e7\u00e3o ao mundo unipolar, que ainda tenta se manter\u201d, diz, apontando a China como ator central desse processo. \u201cA China acaba sendo a principal for\u00e7a dessa multipolaridade.\u201d<\/p>\n<p>Embora o conflito venezuelano n\u00e3o envolva Beijing de forma direta, Albuquerque avalia que o impacto \u00e9 inevit\u00e1vel. \u201cAinda que esse conflito n\u00e3o envolva diretamente a China, \u00e9 \u00f3bvio que ele tem um peso indireto, porque representa uma rea\u00e7\u00e3o do mundo unipolar \u00e0 possibilidade de um mundo multipolar.\u201d<\/p>\n<p>Para o analista, o cen\u00e1rio tende a se consolidar como \u201cum conflito indireto, mas cada vez mais objetivo, entre China e Estados Unidos\u201d.<\/p>\n<p>Ao analisar o contraste entre as estrat\u00e9gias das duas pot\u00eancias, Albuquerque observa que Washington busca refor\u00e7ar o controle sobre a Am\u00e9rica Latina em um momento de perda de influ\u00eancia global.<\/p>\n<p>\u201cOs Estados Unidos t\u00eam procurado manter influ\u00eancia na Am\u00e9rica Latina porque perderam boa parte do planeta\u201d, afirma, destacando tamb\u00e9m dificuldades pol\u00edticas e ideol\u00f3gicas para sustentar interven\u00e7\u00f5es militares de grande escala.<\/p>\n<p>\u201cUm mundo multipolar demanda uma Am\u00e9rica Latina livre\u201d, conclui.<\/p>\n<h3>Desenvolvimento, coopera\u00e7\u00e3o e autonomia regional<\/h3>\n<p>Amauri Chamorro avalia que a postura adotada por Beijing diante da crise na Venezuela envia uma mensagem clara \u00e0 regi\u00e3o. Para ele, \u201chistoricamente, a China sempre esteve no centro do mundo, com exce\u00e7\u00e3o de um curto per\u00edodo em que Europa e Estados Unidos ocuparam esse espa\u00e7o por meio de invas\u00f5es, saques e explora\u00e7\u00e3o de outros continentes\u201d.<\/p>\n<p>Segundo Chamorro, o retorno da China \u00e0 centralidade global ocorreu por um caminho distinto. \u201cA China voltou a ocupar um lugar central em apenas 40 anos sem disparar um \u00fanico m\u00edssil, sem invadir pa\u00edses ou impor sua vontade pela for\u00e7a\u201d, afirma.<\/p>\n<p>Ele destaca que a estrat\u00e9gia chinesa se baseia \u201cno respeito \u00e0 autodetermina\u00e7\u00e3o dos povos, em rela\u00e7\u00f5es comerciais mais justas e na constru\u00e7\u00e3o de um mundo mais integrado\u201d.<\/p>\n<p>Na avalia\u00e7\u00e3o do analista, essa abordagem ajuda a explicar a crescente aproxima\u00e7\u00e3o entre a China e pa\u00edses da Am\u00e9rica Latina e do Caribe. \u201cO que Estados Unidos e Europa temem \u00e9 justamente essa capacidade da China de atrair parceiros estendendo a m\u00e3o, caminhando junto para o desenvolvimento\u201d, diz.<\/p>\n<p>Chamorro afirma ainda que, diante do atual cen\u00e1rio de tens\u00e3o, o principal desafio para a regi\u00e3o \u00e9 preservar espa\u00e7o para decis\u00f5es soberanas.<\/p>\n<p>\u201cEsperamos que esse tipo de a\u00e7\u00e3o n\u00e3o leve a China a recuar em sua rela\u00e7\u00e3o com a Am\u00e9rica Latina e o Caribe\u201d, conclui, ressaltando que o momento coloca em jogo a autonomia regional diante de abordagens opostas das grandes pot\u00eancias.<\/p>\n<h3>O ataque e seus desdobramentos imediatos<\/h3>\n<p>A ofensiva foi anunciada pelo presidente norte-americano Donald Trump, que afirmou que for\u00e7as dos Estados Unidos\u00a0<a href=\"https:\/\/portuguese.cgtn.com\/2026\/01\/03\/ARTI1767441672448694\">sequestraram o presidente venezuelano Nicol\u00e1s Maduro e o retiraram do pa\u00eds<\/a>. Explos\u00f5es foram registradas em Caracas e em outros estados venezuelanos, provocando p\u00e2nico entre a popula\u00e7\u00e3o civil e interrup\u00e7\u00f5es no fornecimento de energia.<\/p>\n<p>Ap\u00f3s o ataque, o governo dos Estados Unidos passou a detalhar as medidas adotadas em rela\u00e7\u00e3o a Maduro. A procuradora-geral dos EUA, Pamela Bondi, declarou que o presidente venezuelano \u201cenfrentar\u00e1 todo o peso da justi\u00e7a americana\u201d, afirmando que os processos ocorreriam em tribunais norte-americanos.<\/p>\n<p>Segundo a narrativa oficial de Washington, Maduro e sua esposa teriam sido levados aos Estados Unidos para responder a acusa\u00e7\u00f5es criminais. O governo norte-americano, no entanto, n\u00e3o divulgou detalhes processuais completos nem esclareceu o status jur\u00eddico imediato do presidente venezuelano.<\/p>\n<p>Imagens e v\u00eddeos divulgados por canais oficiais dos Estados Unidos passaram a circular amplamente na imprensa internacional, mostrando Maduro sob escolta de agentes federais, vestindo roupas escuras e com o rosto parcialmente coberto.<\/p>\n<p>A divulga\u00e7\u00e3o foi interpretada por analistas como um gesto pol\u00edtico deliberado, com forte carga simb\u00f3lica, voltado tanto ao p\u00fablico dom\u00e9stico quanto \u00e0 arena internacional.<\/p>\n<h3>Rea\u00e7\u00f5es internacionais e posi\u00e7\u00e3o da China<\/h3>\n<p>A China reagiu de forma imediata ao ataque. Em\u00a0<a href=\"https:\/\/portuguese.cgtn.com\/2026\/01\/04\/ARTI1767491583176750\">comunicado oficial<\/a>, Beijing condenou duramente a a\u00e7\u00e3o, afirmando que o uso da for\u00e7a contra um pa\u00eds soberano viola o direito internacional, fere a soberania da Venezuela e amea\u00e7a a paz e a estabilidade da Am\u00e9rica Latina e do Caribe. O governo chin\u00eas tamb\u00e9m pediu que Washington respeite os princ\u00edpios e prop\u00f3sitos da Carta das Na\u00e7\u00f5es Unidas.<\/p>\n<p>Al\u00e9m da China, o ataque provocou rea\u00e7\u00f5es cr\u00edticas de governos e organismos internacionais, que manifestaram preocupa\u00e7\u00e3o com a escalada militar e com o precedente aberto pela captura de um chefe de Estado em exerc\u00edcio. Autoridades de pa\u00edses da regi\u00e3o defenderam a preserva\u00e7\u00e3o da soberania venezuelana e o recurso a mecanismos diplom\u00e1ticos e multilaterais para a resolu\u00e7\u00e3o da crise.<\/p>\n<p>A sequ\u00eancia dos acontecimentos \u2014 da atua\u00e7\u00e3o diplom\u00e1tica chinesa \u00e0 condena\u00e7\u00e3o formal ap\u00f3s o ataque \u2014 evidenciou o contraste entre a estrat\u00e9gia de di\u00e1logo e coopera\u00e7\u00e3o defendida por Beijing e a resposta militar adotada pelos Estados Unidos, aprofundando o debate internacional sobre soberania, legalidade e a disputa geopol\u00edtica em curso na regi\u00e3o.<\/p>\n<h3>Duas vis\u00f5es em disputa para a Am\u00e9rica Latina<\/h3>\n<p>Os acontecimentos na Venezuela se inserem em um contexto mais amplo de disputa estrat\u00e9gica entre China e Estados Unidos pela Am\u00e9rica Latina e o Caribe.<\/p>\n<p>Em dezembro, Beijing lan\u00e7ou a\u00a0<a href=\"https:\/\/portuguese.cgtn.com\/2025\/12\/10\/ARTI1765347186865264\">terceira vers\u00e3o de sua pol\u00edtica para a regi\u00e3o<\/a>, na qual descreve a Am\u00e9rica Latina como parceira estrat\u00e9gica, parte central do Sul Global e ator relevante na constru\u00e7\u00e3o de uma ordem internacional multipolar, baseada em coopera\u00e7\u00e3o, soberania e desenvolvimento conjunto.<\/p>\n<p>Semanas antes, o governo Donald Trump divulgou sua nova\u00a0<a href=\"https:\/\/www.whitehouse.gov\/wp-content\/uploads\/2025\/12\/2025-National-Security-Strategy.pdf\">Estrat\u00e9gia de Seguran\u00e7a Nacional<\/a>, que trata a Am\u00e9rica Latina e o Caribe como parte da esfera de influ\u00eancia dos Estados Unidos. O documento retoma a l\u00f3gica da Doutrina Monroe ao afirmar que pot\u00eancias externas n\u00e3o devem ampliar sua presen\u00e7a na regi\u00e3o e ao associar a atua\u00e7\u00e3o de China e R\u00fassia a riscos \u00e0 seguran\u00e7a hemisf\u00e9rica.<\/p>\n<p>A leitura conjunta desses documentos revela projetos estrat\u00e9gicos incompat\u00edveis: de um lado, uma proposta de multipolaridade e autonomia regional; de outro, a reafirma\u00e7\u00e3o de uma ordem centrada no controle hemisf\u00e9rico e na conten\u00e7\u00e3o de rivais estrat\u00e9gicos.<\/p>\n<p><i>* Iara Vidal \u00e9 pesquisadora independente dedicada ao estudo das interse\u00e7\u00f5es entre moda, pol\u00edtica e cultura. Jornalista brasileira radicada em Beijing, trabalha como editora na CGTN em portugu\u00eas, emissora do Grupo de M\u00eddia da China (CMG, na sigla em ingl\u00eas).<\/i><\/p>\n","protected":false},"excerpt":{"rendered":"<p>O ataque militar dos Estados Unidos \u00e0 Venezuela, realizado na madrugada deste s\u00e1bado (3), ocorre em meio a uma escalada das tens\u00f5es geopol\u00edticas na Am\u00e9rica Latina e no Caribe. O epis\u00f3dio exp\u00f5e de forma direta o choque entre projetos estrat\u00e9gicos&#8230;<\/p>\n","protected":false},"author":5,"featured_media":0,"comment_status":"open","ping_status":"open","sticky":false,"template":"","format":"standard","meta":{"footnotes":""},"categories":[7],"tags":[],"class_list":["post-10341","post","type-post","status-publish","format-standard","hentry","category-visao"],"yoast_head":"<!-- This site is optimized with the Yoast SEO plugin v27.4 - https:\/\/yoast.com\/product\/yoast-seo-wordpress\/ -->\n<title>Venezuela e a disputa entre EUA e China: o papel crescente de Beijing na Am\u00e9rica Latina - CRI e Diario de Pernambuco<\/title>\n<meta name=\"robots\" content=\"index, follow, max-snippet:-1, max-image-preview:large, max-video-preview:-1\" \/>\n<link rel=\"canonical\" href=\"https:\/\/diariodepe.com.br\/cri\/2026\/01\/04\/venezuela-e-a-disputa-entre-eua-e-china-o-papel-crescente-de-beijing-na-america-latina\/\" \/>\n<meta property=\"og:locale\" content=\"pt_BR\" \/>\n<meta property=\"og:type\" content=\"article\" \/>\n<meta property=\"og:title\" content=\"Venezuela e a disputa entre EUA e China: o papel crescente de Beijing na Am\u00e9rica Latina - CRI e Diario de Pernambuco\" \/>\n<meta property=\"og:description\" content=\"O ataque militar dos Estados Unidos \u00e0 Venezuela, realizado na madrugada deste s\u00e1bado (3), ocorre em meio a uma escalada das tens\u00f5es geopol\u00edticas na Am\u00e9rica Latina e no Caribe. O epis\u00f3dio exp\u00f5e de forma direta o choque entre projetos estrat\u00e9gicos...\" \/>\n<meta property=\"og:url\" content=\"https:\/\/diariodepe.com.br\/cri\/2026\/01\/04\/venezuela-e-a-disputa-entre-eua-e-china-o-papel-crescente-de-beijing-na-america-latina\/\" \/>\n<meta property=\"og:site_name\" content=\"CRI e Diario de Pernambuco\" \/>\n<meta property=\"article:published_time\" content=\"2026-01-04T08:50:27+00:00\" \/>\n<meta property=\"og:image\" content=\"https:\/\/38picres.cgtn.com\/photoAlbum\/page\/performance\/img\/2026\/1\/4\/1767515612631_557.png\" \/>\n<meta name=\"author\" content=\"CRI Portugu\u00eas\" \/>\n<meta name=\"twitter:card\" content=\"summary_large_image\" \/>\n<meta name=\"twitter:label1\" content=\"Escrito por\" \/>\n\t<meta name=\"twitter:data1\" content=\"CRI Portugu\u00eas\" \/>\n\t<meta name=\"twitter:label2\" content=\"Est. tempo de leitura\" \/>\n\t<meta name=\"twitter:data2\" content=\"8 minutos\" \/>\n<script type=\"application\/ld+json\" class=\"yoast-schema-graph\">{\"@context\":\"https:\\\/\\\/schema.org\",\"@graph\":[{\"@type\":\"Article\",\"@id\":\"https:\\\/\\\/diariodepe.com.br\\\/cri\\\/2026\\\/01\\\/04\\\/venezuela-e-a-disputa-entre-eua-e-china-o-papel-crescente-de-beijing-na-america-latina\\\/#article\",\"isPartOf\":{\"@id\":\"https:\\\/\\\/diariodepe.com.br\\\/cri\\\/2026\\\/01\\\/04\\\/venezuela-e-a-disputa-entre-eua-e-china-o-papel-crescente-de-beijing-na-america-latina\\\/\"},\"author\":{\"name\":\"CRI Portugu\u00eas\",\"@id\":\"https:\\\/\\\/diariodepe.com.br\\\/cri\\\/#\\\/schema\\\/person\\\/e474aead631cd4098632e11d3fbce118\"},\"headline\":\"Venezuela e a disputa entre EUA e China: o papel crescente de Beijing na Am\u00e9rica Latina\",\"datePublished\":\"2026-01-04T08:50:27+00:00\",\"mainEntityOfPage\":{\"@id\":\"https:\\\/\\\/diariodepe.com.br\\\/cri\\\/2026\\\/01\\\/04\\\/venezuela-e-a-disputa-entre-eua-e-china-o-papel-crescente-de-beijing-na-america-latina\\\/\"},\"wordCount\":1495,\"commentCount\":0,\"publisher\":{\"@id\":\"https:\\\/\\\/diariodepe.com.br\\\/cri\\\/#organization\"},\"image\":{\"@id\":\"https:\\\/\\\/diariodepe.com.br\\\/cri\\\/2026\\\/01\\\/04\\\/venezuela-e-a-disputa-entre-eua-e-china-o-papel-crescente-de-beijing-na-america-latina\\\/#primaryimage\"},\"thumbnailUrl\":\"https:\\\/\\\/38picres.cgtn.com\\\/photoAlbum\\\/page\\\/performance\\\/img\\\/2026\\\/1\\\/4\\\/1767515612631_557.png\",\"articleSection\":[\"Vis\u00e3o\"],\"inLanguage\":\"pt-BR\",\"potentialAction\":[{\"@type\":\"CommentAction\",\"name\":\"Comment\",\"target\":[\"https:\\\/\\\/diariodepe.com.br\\\/cri\\\/2026\\\/01\\\/04\\\/venezuela-e-a-disputa-entre-eua-e-china-o-papel-crescente-de-beijing-na-america-latina\\\/#respond\"]}]},{\"@type\":\"WebPage\",\"@id\":\"https:\\\/\\\/diariodepe.com.br\\\/cri\\\/2026\\\/01\\\/04\\\/venezuela-e-a-disputa-entre-eua-e-china-o-papel-crescente-de-beijing-na-america-latina\\\/\",\"url\":\"https:\\\/\\\/diariodepe.com.br\\\/cri\\\/2026\\\/01\\\/04\\\/venezuela-e-a-disputa-entre-eua-e-china-o-papel-crescente-de-beijing-na-america-latina\\\/\",\"name\":\"Venezuela e a disputa entre EUA e China: o papel crescente de Beijing na Am\u00e9rica Latina - CRI e Diario de Pernambuco\",\"isPartOf\":{\"@id\":\"https:\\\/\\\/diariodepe.com.br\\\/cri\\\/#website\"},\"primaryImageOfPage\":{\"@id\":\"https:\\\/\\\/diariodepe.com.br\\\/cri\\\/2026\\\/01\\\/04\\\/venezuela-e-a-disputa-entre-eua-e-china-o-papel-crescente-de-beijing-na-america-latina\\\/#primaryimage\"},\"image\":{\"@id\":\"https:\\\/\\\/diariodepe.com.br\\\/cri\\\/2026\\\/01\\\/04\\\/venezuela-e-a-disputa-entre-eua-e-china-o-papel-crescente-de-beijing-na-america-latina\\\/#primaryimage\"},\"thumbnailUrl\":\"https:\\\/\\\/38picres.cgtn.com\\\/photoAlbum\\\/page\\\/performance\\\/img\\\/2026\\\/1\\\/4\\\/1767515612631_557.png\",\"datePublished\":\"2026-01-04T08:50:27+00:00\",\"breadcrumb\":{\"@id\":\"https:\\\/\\\/diariodepe.com.br\\\/cri\\\/2026\\\/01\\\/04\\\/venezuela-e-a-disputa-entre-eua-e-china-o-papel-crescente-de-beijing-na-america-latina\\\/#breadcrumb\"},\"inLanguage\":\"pt-BR\",\"potentialAction\":[{\"@type\":\"ReadAction\",\"target\":[\"https:\\\/\\\/diariodepe.com.br\\\/cri\\\/2026\\\/01\\\/04\\\/venezuela-e-a-disputa-entre-eua-e-china-o-papel-crescente-de-beijing-na-america-latina\\\/\"]}]},{\"@type\":\"ImageObject\",\"inLanguage\":\"pt-BR\",\"@id\":\"https:\\\/\\\/diariodepe.com.br\\\/cri\\\/2026\\\/01\\\/04\\\/venezuela-e-a-disputa-entre-eua-e-china-o-papel-crescente-de-beijing-na-america-latina\\\/#primaryimage\",\"url\":\"https:\\\/\\\/38picres.cgtn.com\\\/photoAlbum\\\/page\\\/performance\\\/img\\\/2026\\\/1\\\/4\\\/1767515612631_557.png\",\"contentUrl\":\"https:\\\/\\\/38picres.cgtn.com\\\/photoAlbum\\\/page\\\/performance\\\/img\\\/2026\\\/1\\\/4\\\/1767515612631_557.png\"},{\"@type\":\"BreadcrumbList\",\"@id\":\"https:\\\/\\\/diariodepe.com.br\\\/cri\\\/2026\\\/01\\\/04\\\/venezuela-e-a-disputa-entre-eua-e-china-o-papel-crescente-de-beijing-na-america-latina\\\/#breadcrumb\",\"itemListElement\":[{\"@type\":\"ListItem\",\"position\":1,\"name\":\"In\u00edcio\",\"item\":\"https:\\\/\\\/diariodepe.com.br\\\/cri\\\/\"},{\"@type\":\"ListItem\",\"position\":2,\"name\":\"Venezuela e a disputa entre EUA e China: o papel crescente de Beijing na Am\u00e9rica Latina\"}]},{\"@type\":\"WebSite\",\"@id\":\"https:\\\/\\\/diariodepe.com.br\\\/cri\\\/#website\",\"url\":\"https:\\\/\\\/diariodepe.com.br\\\/cri\\\/\",\"name\":\"CRI e Diario de Pernambuco\",\"description\":\"R\u00e1dio Internacional da China\",\"publisher\":{\"@id\":\"https:\\\/\\\/diariodepe.com.br\\\/cri\\\/#organization\"},\"potentialAction\":[{\"@type\":\"SearchAction\",\"target\":{\"@type\":\"EntryPoint\",\"urlTemplate\":\"https:\\\/\\\/diariodepe.com.br\\\/cri\\\/?s={search_term_string}\"},\"query-input\":{\"@type\":\"PropertyValueSpecification\",\"valueRequired\":true,\"valueName\":\"search_term_string\"}}],\"inLanguage\":\"pt-BR\"},{\"@type\":\"Organization\",\"@id\":\"https:\\\/\\\/diariodepe.com.br\\\/cri\\\/#organization\",\"name\":\"CRI e Diario de Pernambuco\",\"url\":\"https:\\\/\\\/diariodepe.com.br\\\/cri\\\/\",\"logo\":{\"@type\":\"ImageObject\",\"inLanguage\":\"pt-BR\",\"@id\":\"https:\\\/\\\/diariodepe.com.br\\\/cri\\\/#\\\/schema\\\/logo\\\/image\\\/\",\"url\":\"https:\\\/\\\/diariodepe.com.br\\\/cri\\\/wp-content\\\/uploads\\\/sites\\\/2\\\/2022\\\/12\\\/cropped-Logo.jpg\",\"contentUrl\":\"https:\\\/\\\/diariodepe.com.br\\\/cri\\\/wp-content\\\/uploads\\\/sites\\\/2\\\/2022\\\/12\\\/cropped-Logo.jpg\",\"width\":700,\"height\":59,\"caption\":\"CRI e Diario de Pernambuco\"},\"image\":{\"@id\":\"https:\\\/\\\/diariodepe.com.br\\\/cri\\\/#\\\/schema\\\/logo\\\/image\\\/\"}},{\"@type\":\"Person\",\"@id\":\"https:\\\/\\\/diariodepe.com.br\\\/cri\\\/#\\\/schema\\\/person\\\/e474aead631cd4098632e11d3fbce118\",\"name\":\"CRI Portugu\u00eas\",\"image\":{\"@type\":\"ImageObject\",\"inLanguage\":\"pt-BR\",\"@id\":\"https:\\\/\\\/secure.gravatar.com\\\/avatar\\\/e2ac889ef882d4dc53091b610766dce49106cf9fe98c76e06745abb0993b2763?s=96&d=mm&r=g\",\"url\":\"https:\\\/\\\/secure.gravatar.com\\\/avatar\\\/e2ac889ef882d4dc53091b610766dce49106cf9fe98c76e06745abb0993b2763?s=96&d=mm&r=g\",\"contentUrl\":\"https:\\\/\\\/secure.gravatar.com\\\/avatar\\\/e2ac889ef882d4dc53091b610766dce49106cf9fe98c76e06745abb0993b2763?s=96&d=mm&r=g\",\"caption\":\"CRI Portugu\u00eas\"},\"sameAs\":[\"https:\\\/\\\/www.diariodepernambuco.com.br\\\/\"],\"url\":\"https:\\\/\\\/diariodepe.com.br\\\/cri\\\/author\\\/agencia-cri\\\/\"}]}<\/script>\n<!-- \/ Yoast SEO plugin. -->","yoast_head_json":{"title":"Venezuela e a disputa entre EUA e China: o papel crescente de Beijing na Am\u00e9rica Latina - CRI e Diario de Pernambuco","robots":{"index":"index","follow":"follow","max-snippet":"max-snippet:-1","max-image-preview":"max-image-preview:large","max-video-preview":"max-video-preview:-1"},"canonical":"https:\/\/diariodepe.com.br\/cri\/2026\/01\/04\/venezuela-e-a-disputa-entre-eua-e-china-o-papel-crescente-de-beijing-na-america-latina\/","og_locale":"pt_BR","og_type":"article","og_title":"Venezuela e a disputa entre EUA e China: o papel crescente de Beijing na Am\u00e9rica Latina - CRI e Diario de Pernambuco","og_description":"O ataque militar dos Estados Unidos \u00e0 Venezuela, realizado na madrugada deste s\u00e1bado (3), ocorre em meio a uma escalada das tens\u00f5es geopol\u00edticas na Am\u00e9rica Latina e no Caribe. O epis\u00f3dio exp\u00f5e de forma direta o choque entre projetos estrat\u00e9gicos...","og_url":"https:\/\/diariodepe.com.br\/cri\/2026\/01\/04\/venezuela-e-a-disputa-entre-eua-e-china-o-papel-crescente-de-beijing-na-america-latina\/","og_site_name":"CRI e Diario de Pernambuco","article_published_time":"2026-01-04T08:50:27+00:00","og_image":[{"url":"https:\/\/38picres.cgtn.com\/photoAlbum\/page\/performance\/img\/2026\/1\/4\/1767515612631_557.png","type":"","width":"","height":""}],"author":"CRI Portugu\u00eas","twitter_card":"summary_large_image","twitter_misc":{"Escrito por":"CRI Portugu\u00eas","Est. tempo de leitura":"8 minutos"},"schema":{"@context":"https:\/\/schema.org","@graph":[{"@type":"Article","@id":"https:\/\/diariodepe.com.br\/cri\/2026\/01\/04\/venezuela-e-a-disputa-entre-eua-e-china-o-papel-crescente-de-beijing-na-america-latina\/#article","isPartOf":{"@id":"https:\/\/diariodepe.com.br\/cri\/2026\/01\/04\/venezuela-e-a-disputa-entre-eua-e-china-o-papel-crescente-de-beijing-na-america-latina\/"},"author":{"name":"CRI Portugu\u00eas","@id":"https:\/\/diariodepe.com.br\/cri\/#\/schema\/person\/e474aead631cd4098632e11d3fbce118"},"headline":"Venezuela e a disputa entre EUA e China: o papel crescente de Beijing na Am\u00e9rica Latina","datePublished":"2026-01-04T08:50:27+00:00","mainEntityOfPage":{"@id":"https:\/\/diariodepe.com.br\/cri\/2026\/01\/04\/venezuela-e-a-disputa-entre-eua-e-china-o-papel-crescente-de-beijing-na-america-latina\/"},"wordCount":1495,"commentCount":0,"publisher":{"@id":"https:\/\/diariodepe.com.br\/cri\/#organization"},"image":{"@id":"https:\/\/diariodepe.com.br\/cri\/2026\/01\/04\/venezuela-e-a-disputa-entre-eua-e-china-o-papel-crescente-de-beijing-na-america-latina\/#primaryimage"},"thumbnailUrl":"https:\/\/38picres.cgtn.com\/photoAlbum\/page\/performance\/img\/2026\/1\/4\/1767515612631_557.png","articleSection":["Vis\u00e3o"],"inLanguage":"pt-BR","potentialAction":[{"@type":"CommentAction","name":"Comment","target":["https:\/\/diariodepe.com.br\/cri\/2026\/01\/04\/venezuela-e-a-disputa-entre-eua-e-china-o-papel-crescente-de-beijing-na-america-latina\/#respond"]}]},{"@type":"WebPage","@id":"https:\/\/diariodepe.com.br\/cri\/2026\/01\/04\/venezuela-e-a-disputa-entre-eua-e-china-o-papel-crescente-de-beijing-na-america-latina\/","url":"https:\/\/diariodepe.com.br\/cri\/2026\/01\/04\/venezuela-e-a-disputa-entre-eua-e-china-o-papel-crescente-de-beijing-na-america-latina\/","name":"Venezuela e a disputa entre EUA e China: o papel crescente de Beijing na Am\u00e9rica Latina - CRI e Diario de Pernambuco","isPartOf":{"@id":"https:\/\/diariodepe.com.br\/cri\/#website"},"primaryImageOfPage":{"@id":"https:\/\/diariodepe.com.br\/cri\/2026\/01\/04\/venezuela-e-a-disputa-entre-eua-e-china-o-papel-crescente-de-beijing-na-america-latina\/#primaryimage"},"image":{"@id":"https:\/\/diariodepe.com.br\/cri\/2026\/01\/04\/venezuela-e-a-disputa-entre-eua-e-china-o-papel-crescente-de-beijing-na-america-latina\/#primaryimage"},"thumbnailUrl":"https:\/\/38picres.cgtn.com\/photoAlbum\/page\/performance\/img\/2026\/1\/4\/1767515612631_557.png","datePublished":"2026-01-04T08:50:27+00:00","breadcrumb":{"@id":"https:\/\/diariodepe.com.br\/cri\/2026\/01\/04\/venezuela-e-a-disputa-entre-eua-e-china-o-papel-crescente-de-beijing-na-america-latina\/#breadcrumb"},"inLanguage":"pt-BR","potentialAction":[{"@type":"ReadAction","target":["https:\/\/diariodepe.com.br\/cri\/2026\/01\/04\/venezuela-e-a-disputa-entre-eua-e-china-o-papel-crescente-de-beijing-na-america-latina\/"]}]},{"@type":"ImageObject","inLanguage":"pt-BR","@id":"https:\/\/diariodepe.com.br\/cri\/2026\/01\/04\/venezuela-e-a-disputa-entre-eua-e-china-o-papel-crescente-de-beijing-na-america-latina\/#primaryimage","url":"https:\/\/38picres.cgtn.com\/photoAlbum\/page\/performance\/img\/2026\/1\/4\/1767515612631_557.png","contentUrl":"https:\/\/38picres.cgtn.com\/photoAlbum\/page\/performance\/img\/2026\/1\/4\/1767515612631_557.png"},{"@type":"BreadcrumbList","@id":"https:\/\/diariodepe.com.br\/cri\/2026\/01\/04\/venezuela-e-a-disputa-entre-eua-e-china-o-papel-crescente-de-beijing-na-america-latina\/#breadcrumb","itemListElement":[{"@type":"ListItem","position":1,"name":"In\u00edcio","item":"https:\/\/diariodepe.com.br\/cri\/"},{"@type":"ListItem","position":2,"name":"Venezuela e a disputa entre EUA e China: o papel crescente de Beijing na Am\u00e9rica Latina"}]},{"@type":"WebSite","@id":"https:\/\/diariodepe.com.br\/cri\/#website","url":"https:\/\/diariodepe.com.br\/cri\/","name":"CRI e Diario de Pernambuco","description":"R\u00e1dio Internacional da China","publisher":{"@id":"https:\/\/diariodepe.com.br\/cri\/#organization"},"potentialAction":[{"@type":"SearchAction","target":{"@type":"EntryPoint","urlTemplate":"https:\/\/diariodepe.com.br\/cri\/?s={search_term_string}"},"query-input":{"@type":"PropertyValueSpecification","valueRequired":true,"valueName":"search_term_string"}}],"inLanguage":"pt-BR"},{"@type":"Organization","@id":"https:\/\/diariodepe.com.br\/cri\/#organization","name":"CRI e Diario de Pernambuco","url":"https:\/\/diariodepe.com.br\/cri\/","logo":{"@type":"ImageObject","inLanguage":"pt-BR","@id":"https:\/\/diariodepe.com.br\/cri\/#\/schema\/logo\/image\/","url":"https:\/\/diariodepe.com.br\/cri\/wp-content\/uploads\/sites\/2\/2022\/12\/cropped-Logo.jpg","contentUrl":"https:\/\/diariodepe.com.br\/cri\/wp-content\/uploads\/sites\/2\/2022\/12\/cropped-Logo.jpg","width":700,"height":59,"caption":"CRI e Diario de Pernambuco"},"image":{"@id":"https:\/\/diariodepe.com.br\/cri\/#\/schema\/logo\/image\/"}},{"@type":"Person","@id":"https:\/\/diariodepe.com.br\/cri\/#\/schema\/person\/e474aead631cd4098632e11d3fbce118","name":"CRI Portugu\u00eas","image":{"@type":"ImageObject","inLanguage":"pt-BR","@id":"https:\/\/secure.gravatar.com\/avatar\/e2ac889ef882d4dc53091b610766dce49106cf9fe98c76e06745abb0993b2763?s=96&d=mm&r=g","url":"https:\/\/secure.gravatar.com\/avatar\/e2ac889ef882d4dc53091b610766dce49106cf9fe98c76e06745abb0993b2763?s=96&d=mm&r=g","contentUrl":"https:\/\/secure.gravatar.com\/avatar\/e2ac889ef882d4dc53091b610766dce49106cf9fe98c76e06745abb0993b2763?s=96&d=mm&r=g","caption":"CRI Portugu\u00eas"},"sameAs":["https:\/\/www.diariodepernambuco.com.br\/"],"url":"https:\/\/diariodepe.com.br\/cri\/author\/agencia-cri\/"}]}},"cc_featured_image_caption":{"caption_text":"","source_text":"","source_url":""},"amp_enabled":true,"_links":{"self":[{"href":"https:\/\/diariodepe.com.br\/cri\/wp-json\/wp\/v2\/posts\/10341","targetHints":{"allow":["GET"]}}],"collection":[{"href":"https:\/\/diariodepe.com.br\/cri\/wp-json\/wp\/v2\/posts"}],"about":[{"href":"https:\/\/diariodepe.com.br\/cri\/wp-json\/wp\/v2\/types\/post"}],"author":[{"embeddable":true,"href":"https:\/\/diariodepe.com.br\/cri\/wp-json\/wp\/v2\/users\/5"}],"replies":[{"embeddable":true,"href":"https:\/\/diariodepe.com.br\/cri\/wp-json\/wp\/v2\/comments?post=10341"}],"version-history":[{"count":1,"href":"https:\/\/diariodepe.com.br\/cri\/wp-json\/wp\/v2\/posts\/10341\/revisions"}],"predecessor-version":[{"id":10342,"href":"https:\/\/diariodepe.com.br\/cri\/wp-json\/wp\/v2\/posts\/10341\/revisions\/10342"}],"wp:attachment":[{"href":"https:\/\/diariodepe.com.br\/cri\/wp-json\/wp\/v2\/media?parent=10341"}],"wp:term":[{"taxonomy":"category","embeddable":true,"href":"https:\/\/diariodepe.com.br\/cri\/wp-json\/wp\/v2\/categories?post=10341"},{"taxonomy":"post_tag","embeddable":true,"href":"https:\/\/diariodepe.com.br\/cri\/wp-json\/wp\/v2\/tags?post=10341"}],"curies":[{"name":"wp","href":"https:\/\/api.w.org\/{rel}","templated":true}]}}