{"id":10337,"date":"2026-01-03T22:53:53","date_gmt":"2026-01-04T01:53:53","guid":{"rendered":"https:\/\/diariodepe.com.br\/cri\/?p=10337"},"modified":"2026-01-03T22:53:53","modified_gmt":"2026-01-04T01:53:53","slug":"lideranca-extraordinaria-a-governanca-do-secretario-geral-xi-jinping-em-2025-parte-3","status":"publish","type":"post","link":"https:\/\/diariodepe.com.br\/cri\/2026\/01\/03\/lideranca-extraordinaria-a-governanca-do-secretario-geral-xi-jinping-em-2025-parte-3\/","title":{"rendered":"Lideran\u00e7a extraordin\u00e1ria: a governan\u00e7a do secret\u00e1rio-geral Xi Jinping em 2025 (parte 3)"},"content":{"rendered":"<p><img decoding=\"async\" src=\"https:\/\/38picres.cgtn.com\/photoAlbum\/page\/performance\/img\/2026\/1\/3\/1767436940393_465.jpg\" \/><\/p>\n<p>Em 1\u00ba de setembro de 2025, a 25\u00aa Reuni\u00e3o do Conselho de Chefes de Estado da Organiza\u00e7\u00e3o de Coopera\u00e7\u00e3o de Shanghai (OCS) foi realizada em Tianjin. Trata-se da maior c\u00fapula desde a funda\u00e7\u00e3o da OCS 24 anos atr\u00e1s.<\/p>\n<p>Na 25\u00aa Reuni\u00e3o do Conselho de Chefes de Estado da OCS e na reuni\u00e3o da OCS Plus, realizadas no mesmo dia, o presidente Xi Jinping proferiu alguns discursos importantes intitulados\u00a0<i>Permanecer Fi\u00e9is \u00e0 Miss\u00e3o Fundadora da Organiza\u00e7\u00e3o de Coopera\u00e7\u00e3o de Shanghai e Abrir um Futuro Melhor<\/i>\u00a0e\u00a0<i>Reunindo a For\u00e7a da Organiza\u00e7\u00e3o de Coopera\u00e7\u00e3o de Shanghai para Melhorar a Governan\u00e7a Global<\/i>, nos quais se destacaram a comunica\u00e7\u00e3o sobre o planejamento de desenvolvimento e a coopera\u00e7\u00e3o e a promo\u00e7\u00e3o de uma melhor governan\u00e7a global.<\/p>\n<p><img decoding=\"async\" src=\"https:\/\/38picres.cgtn.com\/photoAlbum\/page\/performance\/img\/2026\/1\/3\/1767436965471_417.jpg\" \/><\/p>\n<p>Durante a reuni\u00e3o da OCS Plus, o presidente Xi Jinping prop\u00f4s a Iniciativa de Governan\u00e7a Global pela primeira vez. A Iniciativa de Governan\u00e7a Global consiste em mais uma grande iniciativa de n\u00edvel mundial apresentada por Xi Jinping, seguindo as Iniciativas Globais de Desenvolvimento, Seguran\u00e7a e Civiliza\u00e7\u00e3o.<\/p>\n<p>A Iniciativa de Governan\u00e7a Global constitui mais um bem p\u00fablico apresentado pelo l\u00edder chin\u00eas ao mundo, contribuindo ainda mais com a sabedoria e solu\u00e7\u00f5es chinesas para fortalecer e aprimorar a governan\u00e7a global.<\/p>\n<p><img decoding=\"async\" src=\"https:\/\/38picres.cgtn.com\/photoAlbum\/page\/performance\/img\/2026\/1\/3\/1767436985253_605.jpg\" \/><\/p>\n<p>Em maio de 2025, o presidente chin\u00eas, Xi Jinping, participou da cerim\u00f4nia de abertura da quarta reuni\u00e3o ministerial do F\u00f3rum China-CELAC (Comunidade de Estados Latino-Americanos e Caribenhos) em Beijing.<\/p>\n<p>Na ocasi\u00e3o, Xi Jinping disse que a China est\u00e1 disposta a fortalecer a solidariedade com os pa\u00edses da Am\u00e9rica Latina e do Caribe e continuar a apoiar uns aos outros em quest\u00f5es relativas aos seus interesses fundamentais e principais preocupa\u00e7\u00f5es.<\/p>\n<p><img decoding=\"async\" src=\"https:\/\/38picres.cgtn.com\/photoAlbum\/page\/performance\/img\/2026\/1\/3\/1767437036065_365.jpg\" \/><\/p>\n<p>Em setembro de 2025, o presidente Xi Jinping proferiu um discurso de forma virtual na C\u00fapula do Clima da ONU. Segundo o l\u00edder chin\u00eas, 2025 marca o 10\u00ba anivers\u00e1rio do Acordo de Paris, um ano crucial para os pa\u00edses submeterem suas novas Contribui\u00e7\u00f5es Nacionalmente Determinadas (NDCs, na sigla em ingl\u00eas). A governan\u00e7a clim\u00e1tica global est\u00e1 entrando em um est\u00e1gio chave.<\/p>\n<p>Na ocasi\u00e3o, o l\u00edder chin\u00eas anunciou novas NDCs da China, injetando \u00edmpeto \u00e0 coopera\u00e7\u00e3o global para lidar com mudan\u00e7as clim\u00e1ticas.<\/p>\n<p><img decoding=\"async\" src=\"https:\/\/38picres.cgtn.com\/photoAlbum\/page\/performance\/img\/2026\/1\/3\/1767437064593_958.jpg\" \/><\/p>\n<p>Em 31 de outubro, o presidente chin\u00eas, Xi Jinping, participou da primeira sess\u00e3o da 32\u00aa Reuni\u00e3o de L\u00edderes Econ\u00f4micos da APEC (Coopera\u00e7\u00e3o Econ\u00f4mica da \u00c1sia-Pac\u00edfico), realizada em Gyeongju, na Rep\u00fablica da Coreia.<\/p>\n<p>Em seu discurso, Xi Jinping afirmou que as transforma\u00e7\u00f5es globais de magnitude centen\u00e1ria t\u00eam acelerado, a situa\u00e7\u00e3o internacional apresenta m\u00faltiplos focos de instabilidade, e os fatores de instabilidade e incerteza no desenvolvimento da regi\u00e3o \u00c1sia-Pac\u00edfico continuam a aumentar. Para promover o crescimento econ\u00f4mico e melhorar o\u00a0bem-estar dos povos, o l\u00edder chin\u00eas apresentou cinco propostas principais.<\/p>\n<p>Na manh\u00e3 do dia 1\u00ba de novembro, hor\u00e1rio local, o presidente chin\u00eas, Xi Jinping, participou da cerim\u00f4nia de transmiss\u00e3o do posto de anfitri\u00e3o da 32\u00aa Reuni\u00e3o de L\u00edderes Econ\u00f4micos da APEC, na qual anunciou que a cidade chinesa de Shenzhen sediar\u00e1, em novembro de 2026, a 33\u00aa Reuni\u00e3o do bloco.<\/p>\n","protected":false},"excerpt":{"rendered":"<p>Em 1\u00ba de setembro de 2025, a 25\u00aa Reuni\u00e3o do Conselho de Chefes de Estado da Organiza\u00e7\u00e3o de Coopera\u00e7\u00e3o de Shanghai (OCS) foi realizada em Tianjin. Trata-se da maior c\u00fapula desde a funda\u00e7\u00e3o da OCS 24 anos atr\u00e1s. Na 25\u00aa&#8230;<\/p>\n","protected":false},"author":5,"featured_media":0,"comment_status":"open","ping_status":"open","sticky":false,"template":"","format":"standard","meta":{"footnotes":""},"categories":[3],"tags":[],"class_list":["post-10337","post","type-post","status-publish","format-standard","hentry","category-china"],"yoast_head":"<!-- This site is optimized with the Yoast SEO plugin v27.4 - https:\/\/yoast.com\/product\/yoast-seo-wordpress\/ -->\n<title>Lideran\u00e7a extraordin\u00e1ria: a governan\u00e7a do secret\u00e1rio-geral Xi Jinping em 2025 (parte 3) - CRI e Diario de Pernambuco<\/title>\n<meta name=\"robots\" content=\"index, follow, max-snippet:-1, max-image-preview:large, max-video-preview:-1\" \/>\n<link rel=\"canonical\" href=\"https:\/\/diariodepe.com.br\/cri\/2026\/01\/03\/lideranca-extraordinaria-a-governanca-do-secretario-geral-xi-jinping-em-2025-parte-3\/\" \/>\n<meta property=\"og:locale\" content=\"pt_BR\" \/>\n<meta property=\"og:type\" content=\"article\" \/>\n<meta property=\"og:title\" content=\"Lideran\u00e7a extraordin\u00e1ria: a governan\u00e7a do secret\u00e1rio-geral Xi Jinping em 2025 (parte 3) - CRI e Diario de Pernambuco\" \/>\n<meta property=\"og:description\" content=\"Em 1\u00ba de setembro de 2025, a 25\u00aa Reuni\u00e3o do Conselho de Chefes de Estado da Organiza\u00e7\u00e3o de Coopera\u00e7\u00e3o de Shanghai (OCS) foi realizada em Tianjin. Trata-se da maior c\u00fapula desde a funda\u00e7\u00e3o da OCS 24 anos atr\u00e1s. Na 25\u00aa...\" \/>\n<meta property=\"og:url\" content=\"https:\/\/diariodepe.com.br\/cri\/2026\/01\/03\/lideranca-extraordinaria-a-governanca-do-secretario-geral-xi-jinping-em-2025-parte-3\/\" \/>\n<meta property=\"og:site_name\" content=\"CRI e Diario de Pernambuco\" \/>\n<meta property=\"article:published_time\" content=\"2026-01-04T01:53:53+00:00\" \/>\n<meta property=\"og:image\" content=\"https:\/\/38picres.cgtn.com\/photoAlbum\/page\/performance\/img\/2026\/1\/3\/1767436940393_465.jpg\" \/>\n<meta name=\"author\" content=\"CRI Portugu\u00eas\" \/>\n<meta name=\"twitter:card\" content=\"summary_large_image\" \/>\n<meta name=\"twitter:label1\" content=\"Escrito por\" \/>\n\t<meta name=\"twitter:data1\" content=\"CRI Portugu\u00eas\" \/>\n<script type=\"application\/ld+json\" class=\"yoast-schema-graph\">{\"@context\":\"https:\\\/\\\/schema.org\",\"@graph\":[{\"@type\":\"Article\",\"@id\":\"https:\\\/\\\/diariodepe.com.br\\\/cri\\\/2026\\\/01\\\/03\\\/lideranca-extraordinaria-a-governanca-do-secretario-geral-xi-jinping-em-2025-parte-3\\\/#article\",\"isPartOf\":{\"@id\":\"https:\\\/\\\/diariodepe.com.br\\\/cri\\\/2026\\\/01\\\/03\\\/lideranca-extraordinaria-a-governanca-do-secretario-geral-xi-jinping-em-2025-parte-3\\\/\"},\"author\":{\"name\":\"CRI Portugu\u00eas\",\"@id\":\"https:\\\/\\\/diariodepe.com.br\\\/cri\\\/#\\\/schema\\\/person\\\/e474aead631cd4098632e11d3fbce118\"},\"headline\":\"Lideran\u00e7a extraordin\u00e1ria: a governan\u00e7a do secret\u00e1rio-geral Xi Jinping em 2025 (parte 3)\",\"datePublished\":\"2026-01-04T01:53:53+00:00\",\"mainEntityOfPage\":{\"@id\":\"https:\\\/\\\/diariodepe.com.br\\\/cri\\\/2026\\\/01\\\/03\\\/lideranca-extraordinaria-a-governanca-do-secretario-geral-xi-jinping-em-2025-parte-3\\\/\"},\"wordCount\":569,\"commentCount\":0,\"publisher\":{\"@id\":\"https:\\\/\\\/diariodepe.com.br\\\/cri\\\/#organization\"},\"image\":{\"@id\":\"https:\\\/\\\/diariodepe.com.br\\\/cri\\\/2026\\\/01\\\/03\\\/lideranca-extraordinaria-a-governanca-do-secretario-geral-xi-jinping-em-2025-parte-3\\\/#primaryimage\"},\"thumbnailUrl\":\"https:\\\/\\\/38picres.cgtn.com\\\/photoAlbum\\\/page\\\/performance\\\/img\\\/2026\\\/1\\\/3\\\/1767436940393_465.jpg\",\"articleSection\":[\"China\"],\"inLanguage\":\"pt-BR\",\"potentialAction\":[{\"@type\":\"CommentAction\",\"name\":\"Comment\",\"target\":[\"https:\\\/\\\/diariodepe.com.br\\\/cri\\\/2026\\\/01\\\/03\\\/lideranca-extraordinaria-a-governanca-do-secretario-geral-xi-jinping-em-2025-parte-3\\\/#respond\"]}]},{\"@type\":\"WebPage\",\"@id\":\"https:\\\/\\\/diariodepe.com.br\\\/cri\\\/2026\\\/01\\\/03\\\/lideranca-extraordinaria-a-governanca-do-secretario-geral-xi-jinping-em-2025-parte-3\\\/\",\"url\":\"https:\\\/\\\/diariodepe.com.br\\\/cri\\\/2026\\\/01\\\/03\\\/lideranca-extraordinaria-a-governanca-do-secretario-geral-xi-jinping-em-2025-parte-3\\\/\",\"name\":\"Lideran\u00e7a extraordin\u00e1ria: a governan\u00e7a do secret\u00e1rio-geral Xi Jinping em 2025 (parte 3) - CRI e Diario de Pernambuco\",\"isPartOf\":{\"@id\":\"https:\\\/\\\/diariodepe.com.br\\\/cri\\\/#website\"},\"primaryImageOfPage\":{\"@id\":\"https:\\\/\\\/diariodepe.com.br\\\/cri\\\/2026\\\/01\\\/03\\\/lideranca-extraordinaria-a-governanca-do-secretario-geral-xi-jinping-em-2025-parte-3\\\/#primaryimage\"},\"image\":{\"@id\":\"https:\\\/\\\/diariodepe.com.br\\\/cri\\\/2026\\\/01\\\/03\\\/lideranca-extraordinaria-a-governanca-do-secretario-geral-xi-jinping-em-2025-parte-3\\\/#primaryimage\"},\"thumbnailUrl\":\"https:\\\/\\\/38picres.cgtn.com\\\/photoAlbum\\\/page\\\/performance\\\/img\\\/2026\\\/1\\\/3\\\/1767436940393_465.jpg\",\"datePublished\":\"2026-01-04T01:53:53+00:00\",\"breadcrumb\":{\"@id\":\"https:\\\/\\\/diariodepe.com.br\\\/cri\\\/2026\\\/01\\\/03\\\/lideranca-extraordinaria-a-governanca-do-secretario-geral-xi-jinping-em-2025-parte-3\\\/#breadcrumb\"},\"inLanguage\":\"pt-BR\",\"potentialAction\":[{\"@type\":\"ReadAction\",\"target\":[\"https:\\\/\\\/diariodepe.com.br\\\/cri\\\/2026\\\/01\\\/03\\\/lideranca-extraordinaria-a-governanca-do-secretario-geral-xi-jinping-em-2025-parte-3\\\/\"]}]},{\"@type\":\"ImageObject\",\"inLanguage\":\"pt-BR\",\"@id\":\"https:\\\/\\\/diariodepe.com.br\\\/cri\\\/2026\\\/01\\\/03\\\/lideranca-extraordinaria-a-governanca-do-secretario-geral-xi-jinping-em-2025-parte-3\\\/#primaryimage\",\"url\":\"https:\\\/\\\/38picres.cgtn.com\\\/photoAlbum\\\/page\\\/performance\\\/img\\\/2026\\\/1\\\/3\\\/1767436940393_465.jpg\",\"contentUrl\":\"https:\\\/\\\/38picres.cgtn.com\\\/photoAlbum\\\/page\\\/performance\\\/img\\\/2026\\\/1\\\/3\\\/1767436940393_465.jpg\"},{\"@type\":\"BreadcrumbList\",\"@id\":\"https:\\\/\\\/diariodepe.com.br\\\/cri\\\/2026\\\/01\\\/03\\\/lideranca-extraordinaria-a-governanca-do-secretario-geral-xi-jinping-em-2025-parte-3\\\/#breadcrumb\",\"itemListElement\":[{\"@type\":\"ListItem\",\"position\":1,\"name\":\"In\u00edcio\",\"item\":\"https:\\\/\\\/diariodepe.com.br\\\/cri\\\/\"},{\"@type\":\"ListItem\",\"position\":2,\"name\":\"Lideran\u00e7a extraordin\u00e1ria: a governan\u00e7a do secret\u00e1rio-geral Xi Jinping em 2025 (parte 3)\"}]},{\"@type\":\"WebSite\",\"@id\":\"https:\\\/\\\/diariodepe.com.br\\\/cri\\\/#website\",\"url\":\"https:\\\/\\\/diariodepe.com.br\\\/cri\\\/\",\"name\":\"CRI e Diario de Pernambuco\",\"description\":\"R\u00e1dio Internacional da China\",\"publisher\":{\"@id\":\"https:\\\/\\\/diariodepe.com.br\\\/cri\\\/#organization\"},\"potentialAction\":[{\"@type\":\"SearchAction\",\"target\":{\"@type\":\"EntryPoint\",\"urlTemplate\":\"https:\\\/\\\/diariodepe.com.br\\\/cri\\\/?s={search_term_string}\"},\"query-input\":{\"@type\":\"PropertyValueSpecification\",\"valueRequired\":true,\"valueName\":\"search_term_string\"}}],\"inLanguage\":\"pt-BR\"},{\"@type\":\"Organization\",\"@id\":\"https:\\\/\\\/diariodepe.com.br\\\/cri\\\/#organization\",\"name\":\"CRI e Diario de Pernambuco\",\"url\":\"https:\\\/\\\/diariodepe.com.br\\\/cri\\\/\",\"logo\":{\"@type\":\"ImageObject\",\"inLanguage\":\"pt-BR\",\"@id\":\"https:\\\/\\\/diariodepe.com.br\\\/cri\\\/#\\\/schema\\\/logo\\\/image\\\/\",\"url\":\"https:\\\/\\\/diariodepe.com.br\\\/cri\\\/wp-content\\\/uploads\\\/sites\\\/2\\\/2022\\\/12\\\/cropped-Logo.jpg\",\"contentUrl\":\"https:\\\/\\\/diariodepe.com.br\\\/cri\\\/wp-content\\\/uploads\\\/sites\\\/2\\\/2022\\\/12\\\/cropped-Logo.jpg\",\"width\":700,\"height\":59,\"caption\":\"CRI e Diario de Pernambuco\"},\"image\":{\"@id\":\"https:\\\/\\\/diariodepe.com.br\\\/cri\\\/#\\\/schema\\\/logo\\\/image\\\/\"}},{\"@type\":\"Person\",\"@id\":\"https:\\\/\\\/diariodepe.com.br\\\/cri\\\/#\\\/schema\\\/person\\\/e474aead631cd4098632e11d3fbce118\",\"name\":\"CRI Portugu\u00eas\",\"image\":{\"@type\":\"ImageObject\",\"inLanguage\":\"pt-BR\",\"@id\":\"https:\\\/\\\/secure.gravatar.com\\\/avatar\\\/e2ac889ef882d4dc53091b610766dce49106cf9fe98c76e06745abb0993b2763?s=96&d=mm&r=g\",\"url\":\"https:\\\/\\\/secure.gravatar.com\\\/avatar\\\/e2ac889ef882d4dc53091b610766dce49106cf9fe98c76e06745abb0993b2763?s=96&d=mm&r=g\",\"contentUrl\":\"https:\\\/\\\/secure.gravatar.com\\\/avatar\\\/e2ac889ef882d4dc53091b610766dce49106cf9fe98c76e06745abb0993b2763?s=96&d=mm&r=g\",\"caption\":\"CRI Portugu\u00eas\"},\"sameAs\":[\"https:\\\/\\\/www.diariodepernambuco.com.br\\\/\"],\"url\":\"https:\\\/\\\/diariodepe.com.br\\\/cri\\\/author\\\/agencia-cri\\\/\"}]}<\/script>\n<!-- \/ Yoast SEO plugin. -->","yoast_head_json":{"title":"Lideran\u00e7a extraordin\u00e1ria: a governan\u00e7a do secret\u00e1rio-geral Xi Jinping em 2025 (parte 3) - CRI e Diario de Pernambuco","robots":{"index":"index","follow":"follow","max-snippet":"max-snippet:-1","max-image-preview":"max-image-preview:large","max-video-preview":"max-video-preview:-1"},"canonical":"https:\/\/diariodepe.com.br\/cri\/2026\/01\/03\/lideranca-extraordinaria-a-governanca-do-secretario-geral-xi-jinping-em-2025-parte-3\/","og_locale":"pt_BR","og_type":"article","og_title":"Lideran\u00e7a extraordin\u00e1ria: a governan\u00e7a do secret\u00e1rio-geral Xi Jinping em 2025 (parte 3) - CRI e Diario de Pernambuco","og_description":"Em 1\u00ba de setembro de 2025, a 25\u00aa Reuni\u00e3o do Conselho de Chefes de Estado da Organiza\u00e7\u00e3o de Coopera\u00e7\u00e3o de Shanghai (OCS) foi realizada em Tianjin. Trata-se da maior c\u00fapula desde a funda\u00e7\u00e3o da OCS 24 anos atr\u00e1s. Na 25\u00aa...","og_url":"https:\/\/diariodepe.com.br\/cri\/2026\/01\/03\/lideranca-extraordinaria-a-governanca-do-secretario-geral-xi-jinping-em-2025-parte-3\/","og_site_name":"CRI e Diario de Pernambuco","article_published_time":"2026-01-04T01:53:53+00:00","og_image":[{"url":"https:\/\/38picres.cgtn.com\/photoAlbum\/page\/performance\/img\/2026\/1\/3\/1767436940393_465.jpg","type":"","width":"","height":""}],"author":"CRI Portugu\u00eas","twitter_card":"summary_large_image","twitter_misc":{"Escrito por":"CRI Portugu\u00eas"},"schema":{"@context":"https:\/\/schema.org","@graph":[{"@type":"Article","@id":"https:\/\/diariodepe.com.br\/cri\/2026\/01\/03\/lideranca-extraordinaria-a-governanca-do-secretario-geral-xi-jinping-em-2025-parte-3\/#article","isPartOf":{"@id":"https:\/\/diariodepe.com.br\/cri\/2026\/01\/03\/lideranca-extraordinaria-a-governanca-do-secretario-geral-xi-jinping-em-2025-parte-3\/"},"author":{"name":"CRI Portugu\u00eas","@id":"https:\/\/diariodepe.com.br\/cri\/#\/schema\/person\/e474aead631cd4098632e11d3fbce118"},"headline":"Lideran\u00e7a extraordin\u00e1ria: a governan\u00e7a do secret\u00e1rio-geral Xi Jinping em 2025 (parte 3)","datePublished":"2026-01-04T01:53:53+00:00","mainEntityOfPage":{"@id":"https:\/\/diariodepe.com.br\/cri\/2026\/01\/03\/lideranca-extraordinaria-a-governanca-do-secretario-geral-xi-jinping-em-2025-parte-3\/"},"wordCount":569,"commentCount":0,"publisher":{"@id":"https:\/\/diariodepe.com.br\/cri\/#organization"},"image":{"@id":"https:\/\/diariodepe.com.br\/cri\/2026\/01\/03\/lideranca-extraordinaria-a-governanca-do-secretario-geral-xi-jinping-em-2025-parte-3\/#primaryimage"},"thumbnailUrl":"https:\/\/38picres.cgtn.com\/photoAlbum\/page\/performance\/img\/2026\/1\/3\/1767436940393_465.jpg","articleSection":["China"],"inLanguage":"pt-BR","potentialAction":[{"@type":"CommentAction","name":"Comment","target":["https:\/\/diariodepe.com.br\/cri\/2026\/01\/03\/lideranca-extraordinaria-a-governanca-do-secretario-geral-xi-jinping-em-2025-parte-3\/#respond"]}]},{"@type":"WebPage","@id":"https:\/\/diariodepe.com.br\/cri\/2026\/01\/03\/lideranca-extraordinaria-a-governanca-do-secretario-geral-xi-jinping-em-2025-parte-3\/","url":"https:\/\/diariodepe.com.br\/cri\/2026\/01\/03\/lideranca-extraordinaria-a-governanca-do-secretario-geral-xi-jinping-em-2025-parte-3\/","name":"Lideran\u00e7a extraordin\u00e1ria: a governan\u00e7a do secret\u00e1rio-geral Xi Jinping em 2025 (parte 3) - CRI e Diario de Pernambuco","isPartOf":{"@id":"https:\/\/diariodepe.com.br\/cri\/#website"},"primaryImageOfPage":{"@id":"https:\/\/diariodepe.com.br\/cri\/2026\/01\/03\/lideranca-extraordinaria-a-governanca-do-secretario-geral-xi-jinping-em-2025-parte-3\/#primaryimage"},"image":{"@id":"https:\/\/diariodepe.com.br\/cri\/2026\/01\/03\/lideranca-extraordinaria-a-governanca-do-secretario-geral-xi-jinping-em-2025-parte-3\/#primaryimage"},"thumbnailUrl":"https:\/\/38picres.cgtn.com\/photoAlbum\/page\/performance\/img\/2026\/1\/3\/1767436940393_465.jpg","datePublished":"2026-01-04T01:53:53+00:00","breadcrumb":{"@id":"https:\/\/diariodepe.com.br\/cri\/2026\/01\/03\/lideranca-extraordinaria-a-governanca-do-secretario-geral-xi-jinping-em-2025-parte-3\/#breadcrumb"},"inLanguage":"pt-BR","potentialAction":[{"@type":"ReadAction","target":["https:\/\/diariodepe.com.br\/cri\/2026\/01\/03\/lideranca-extraordinaria-a-governanca-do-secretario-geral-xi-jinping-em-2025-parte-3\/"]}]},{"@type":"ImageObject","inLanguage":"pt-BR","@id":"https:\/\/diariodepe.com.br\/cri\/2026\/01\/03\/lideranca-extraordinaria-a-governanca-do-secretario-geral-xi-jinping-em-2025-parte-3\/#primaryimage","url":"https:\/\/38picres.cgtn.com\/photoAlbum\/page\/performance\/img\/2026\/1\/3\/1767436940393_465.jpg","contentUrl":"https:\/\/38picres.cgtn.com\/photoAlbum\/page\/performance\/img\/2026\/1\/3\/1767436940393_465.jpg"},{"@type":"BreadcrumbList","@id":"https:\/\/diariodepe.com.br\/cri\/2026\/01\/03\/lideranca-extraordinaria-a-governanca-do-secretario-geral-xi-jinping-em-2025-parte-3\/#breadcrumb","itemListElement":[{"@type":"ListItem","position":1,"name":"In\u00edcio","item":"https:\/\/diariodepe.com.br\/cri\/"},{"@type":"ListItem","position":2,"name":"Lideran\u00e7a extraordin\u00e1ria: a governan\u00e7a do secret\u00e1rio-geral Xi Jinping em 2025 (parte 3)"}]},{"@type":"WebSite","@id":"https:\/\/diariodepe.com.br\/cri\/#website","url":"https:\/\/diariodepe.com.br\/cri\/","name":"CRI e Diario de Pernambuco","description":"R\u00e1dio Internacional da China","publisher":{"@id":"https:\/\/diariodepe.com.br\/cri\/#organization"},"potentialAction":[{"@type":"SearchAction","target":{"@type":"EntryPoint","urlTemplate":"https:\/\/diariodepe.com.br\/cri\/?s={search_term_string}"},"query-input":{"@type":"PropertyValueSpecification","valueRequired":true,"valueName":"search_term_string"}}],"inLanguage":"pt-BR"},{"@type":"Organization","@id":"https:\/\/diariodepe.com.br\/cri\/#organization","name":"CRI e Diario de Pernambuco","url":"https:\/\/diariodepe.com.br\/cri\/","logo":{"@type":"ImageObject","inLanguage":"pt-BR","@id":"https:\/\/diariodepe.com.br\/cri\/#\/schema\/logo\/image\/","url":"https:\/\/diariodepe.com.br\/cri\/wp-content\/uploads\/sites\/2\/2022\/12\/cropped-Logo.jpg","contentUrl":"https:\/\/diariodepe.com.br\/cri\/wp-content\/uploads\/sites\/2\/2022\/12\/cropped-Logo.jpg","width":700,"height":59,"caption":"CRI e Diario de Pernambuco"},"image":{"@id":"https:\/\/diariodepe.com.br\/cri\/#\/schema\/logo\/image\/"}},{"@type":"Person","@id":"https:\/\/diariodepe.com.br\/cri\/#\/schema\/person\/e474aead631cd4098632e11d3fbce118","name":"CRI Portugu\u00eas","image":{"@type":"ImageObject","inLanguage":"pt-BR","@id":"https:\/\/secure.gravatar.com\/avatar\/e2ac889ef882d4dc53091b610766dce49106cf9fe98c76e06745abb0993b2763?s=96&d=mm&r=g","url":"https:\/\/secure.gravatar.com\/avatar\/e2ac889ef882d4dc53091b610766dce49106cf9fe98c76e06745abb0993b2763?s=96&d=mm&r=g","contentUrl":"https:\/\/secure.gravatar.com\/avatar\/e2ac889ef882d4dc53091b610766dce49106cf9fe98c76e06745abb0993b2763?s=96&d=mm&r=g","caption":"CRI Portugu\u00eas"},"sameAs":["https:\/\/www.diariodepernambuco.com.br\/"],"url":"https:\/\/diariodepe.com.br\/cri\/author\/agencia-cri\/"}]}},"cc_featured_image_caption":{"caption_text":"","source_text":"","source_url":""},"amp_enabled":true,"_links":{"self":[{"href":"https:\/\/diariodepe.com.br\/cri\/wp-json\/wp\/v2\/posts\/10337","targetHints":{"allow":["GET"]}}],"collection":[{"href":"https:\/\/diariodepe.com.br\/cri\/wp-json\/wp\/v2\/posts"}],"about":[{"href":"https:\/\/diariodepe.com.br\/cri\/wp-json\/wp\/v2\/types\/post"}],"author":[{"embeddable":true,"href":"https:\/\/diariodepe.com.br\/cri\/wp-json\/wp\/v2\/users\/5"}],"replies":[{"embeddable":true,"href":"https:\/\/diariodepe.com.br\/cri\/wp-json\/wp\/v2\/comments?post=10337"}],"version-history":[{"count":1,"href":"https:\/\/diariodepe.com.br\/cri\/wp-json\/wp\/v2\/posts\/10337\/revisions"}],"predecessor-version":[{"id":10338,"href":"https:\/\/diariodepe.com.br\/cri\/wp-json\/wp\/v2\/posts\/10337\/revisions\/10338"}],"wp:attachment":[{"href":"https:\/\/diariodepe.com.br\/cri\/wp-json\/wp\/v2\/media?parent=10337"}],"wp:term":[{"taxonomy":"category","embeddable":true,"href":"https:\/\/diariodepe.com.br\/cri\/wp-json\/wp\/v2\/categories?post=10337"},{"taxonomy":"post_tag","embeddable":true,"href":"https:\/\/diariodepe.com.br\/cri\/wp-json\/wp\/v2\/tags?post=10337"}],"curies":[{"name":"wp","href":"https:\/\/api.w.org\/{rel}","templated":true}]}}