{"id":10335,"date":"2026-01-03T22:53:20","date_gmt":"2026-01-04T01:53:20","guid":{"rendered":"https:\/\/diariodepe.com.br\/cri\/?p=10335"},"modified":"2026-01-03T22:53:20","modified_gmt":"2026-01-04T01:53:20","slug":"lideranca-extraordinaria-a-governanca-do-secretario-geral-xi-jinping-em-2025-parte-2","status":"publish","type":"post","link":"https:\/\/diariodepe.com.br\/cri\/2026\/01\/03\/lideranca-extraordinaria-a-governanca-do-secretario-geral-xi-jinping-em-2025-parte-2\/","title":{"rendered":"Lideran\u00e7a extraordin\u00e1ria: a governan\u00e7a do secret\u00e1rio-geral Xi Jinping em 2025 (parte 2)"},"content":{"rendered":"<p><img decoding=\"async\" src=\"https:\/\/38picres.cgtn.com\/photoAlbum\/page\/performance\/img\/2026\/1\/3\/1767436350305_534.jpg\" \/><\/p>\n<p>Em 7 de julho de 2025, o presidente chin\u00eas, Xi Jinping, visitou o memorial da Campanha dos Cem Regimentos em Yangquan, na prov\u00edncia de Shanxi, norte da China, e colocou uma cesta de flores em homenagem aos m\u00e1rtires que morreram durante essa campanha contra a agress\u00e3o japonesa.<\/p>\n<p>No sal\u00e3o do memorial, o presidente Xi Jinping fez trocas cordiais com os jovens presentes. Ele disse que a visita ao memorial possu\u00eda um significado especial. O Incidente de 7 de julho marcou o in\u00edcio da guerra de resist\u00eancia contra a agress\u00e3o japonesa a n\u00edvel nacional, e o Partido Comunista da China foi o pilar desse combate. A Campanha dos Cem Regimentos permitiu que o mundo conhecesse a determina\u00e7\u00e3o e a for\u00e7a do Partido Comunista da China e do povo chin\u00eas nessa guerra de resist\u00eancia, a qual durou 14 anos e resultou em grandes sacrif\u00edcios dos chineses.<\/p>\n<p><img decoding=\"async\" src=\"https:\/\/38picres.cgtn.com\/photoAlbum\/page\/performance\/img\/2026\/1\/3\/1767436372834_848.jpg\" \/><\/p>\n<p>Em 3 de setembro de 2025, no 80\u00ba anivers\u00e1rio da vit\u00f3ria da Guerra de Resist\u00eancia do Povo Chin\u00eas contra a Agress\u00e3o Japonesa e da Guerra Antifascista Mundial, 61 chefes de Estado e governo participaram da Grande Reuni\u00e3o Comemorativa do 80\u00ba anivers\u00e1rio da Vit\u00f3ria.<\/p>\n<p><img decoding=\"async\" src=\"https:\/\/38picres.cgtn.com\/photoAlbum\/page\/performance\/img\/2026\/1\/3\/1767436416206_875.jpg\" \/><\/p>\n<p>No seu discurso, o l\u00edder chin\u00eas destacou que a realiza\u00e7\u00e3o da solenidade tem como objetivo lembrar a hist\u00f3ria, honrar os her\u00f3is tombados, valorizar a paz e criar um futuro brilhante.<\/p>\n<p><img decoding=\"async\" src=\"https:\/\/38picres.cgtn.com\/photoAlbum\/page\/performance\/img\/2026\/1\/3\/1767436445867_226.jpg\" \/><\/p>\n<p>Xi Jinping assinalou que a hist\u00f3ria carrega o legado do passado enquanto inspira o futuro. Na nova jornada da nova era, o povo chin\u00eas, com todos os seus grupos \u00e9tnicos, sob a firme lideran\u00e7a do Partido Comunista da China, tem de seguir o marxismo-leninismo, o pensamento de Mao Zedong, a teoria de Deng Xiaoping, o importante pensamento da tr\u00edplice representatividade e o conceito de desenvolvimento cient\u00edfico. Al\u00e9m disso, tem de se implementar plenamente o pensamento sobre o socialismo com caracter\u00edsticas chinesas para a nova era, trilhar a passos firmes o caminho do socialismo com caracter\u00edsticas chinesas, herdar e promover o grande esp\u00edrito da Guerra de Resist\u00eancia, trabalhar duro com esp\u00edrito empreendedor e avan\u00e7ar com coragem e perseveran\u00e7a, lutando com uni\u00e3o pela constru\u00e7\u00e3o de um grande pa\u00eds e a revitaliza\u00e7\u00e3o nacional em todas as frentes por meio de moderniza\u00e7\u00e3o chinesa!<\/p>\n","protected":false},"excerpt":{"rendered":"<p>Em 7 de julho de 2025, o presidente chin\u00eas, Xi Jinping, visitou o memorial da Campanha dos Cem Regimentos em Yangquan, na prov\u00edncia de Shanxi, norte da China, e colocou uma cesta de flores em homenagem aos m\u00e1rtires que morreram&#8230;<\/p>\n","protected":false},"author":5,"featured_media":0,"comment_status":"open","ping_status":"open","sticky":false,"template":"","format":"standard","meta":{"footnotes":""},"categories":[3],"tags":[],"class_list":["post-10335","post","type-post","status-publish","format-standard","hentry","category-china"],"yoast_head":"<!-- This site is optimized with the Yoast SEO plugin v27.4 - https:\/\/yoast.com\/product\/yoast-seo-wordpress\/ -->\n<title>Lideran\u00e7a extraordin\u00e1ria: a governan\u00e7a do secret\u00e1rio-geral Xi Jinping em 2025 (parte 2) - CRI e Diario de Pernambuco<\/title>\n<meta name=\"robots\" content=\"index, follow, max-snippet:-1, max-image-preview:large, max-video-preview:-1\" \/>\n<link rel=\"canonical\" href=\"https:\/\/diariodepe.com.br\/cri\/2026\/01\/03\/lideranca-extraordinaria-a-governanca-do-secretario-geral-xi-jinping-em-2025-parte-2\/\" \/>\n<meta property=\"og:locale\" content=\"pt_BR\" \/>\n<meta property=\"og:type\" content=\"article\" \/>\n<meta property=\"og:title\" content=\"Lideran\u00e7a extraordin\u00e1ria: a governan\u00e7a do secret\u00e1rio-geral Xi Jinping em 2025 (parte 2) - CRI e Diario de Pernambuco\" \/>\n<meta property=\"og:description\" content=\"Em 7 de julho de 2025, o presidente chin\u00eas, Xi Jinping, visitou o memorial da Campanha dos Cem Regimentos em Yangquan, na prov\u00edncia de Shanxi, norte da China, e colocou uma cesta de flores em homenagem aos m\u00e1rtires que morreram...\" \/>\n<meta property=\"og:url\" content=\"https:\/\/diariodepe.com.br\/cri\/2026\/01\/03\/lideranca-extraordinaria-a-governanca-do-secretario-geral-xi-jinping-em-2025-parte-2\/\" \/>\n<meta property=\"og:site_name\" content=\"CRI e Diario de Pernambuco\" \/>\n<meta property=\"article:published_time\" content=\"2026-01-04T01:53:20+00:00\" \/>\n<meta property=\"og:image\" content=\"https:\/\/38picres.cgtn.com\/photoAlbum\/page\/performance\/img\/2026\/1\/3\/1767436350305_534.jpg\" \/>\n<meta name=\"author\" content=\"CRI Portugu\u00eas\" \/>\n<meta name=\"twitter:card\" content=\"summary_large_image\" \/>\n<meta name=\"twitter:label1\" content=\"Escrito por\" \/>\n\t<meta name=\"twitter:data1\" content=\"CRI Portugu\u00eas\" \/>\n\t<meta name=\"twitter:label2\" content=\"Est. tempo de leitura\" \/>\n\t<meta name=\"twitter:data2\" content=\"3 minutos\" \/>\n<script type=\"application\/ld+json\" class=\"yoast-schema-graph\">{\"@context\":\"https:\\\/\\\/schema.org\",\"@graph\":[{\"@type\":\"Article\",\"@id\":\"https:\\\/\\\/diariodepe.com.br\\\/cri\\\/2026\\\/01\\\/03\\\/lideranca-extraordinaria-a-governanca-do-secretario-geral-xi-jinping-em-2025-parte-2\\\/#article\",\"isPartOf\":{\"@id\":\"https:\\\/\\\/diariodepe.com.br\\\/cri\\\/2026\\\/01\\\/03\\\/lideranca-extraordinaria-a-governanca-do-secretario-geral-xi-jinping-em-2025-parte-2\\\/\"},\"author\":{\"name\":\"CRI Portugu\u00eas\",\"@id\":\"https:\\\/\\\/diariodepe.com.br\\\/cri\\\/#\\\/schema\\\/person\\\/e474aead631cd4098632e11d3fbce118\"},\"headline\":\"Lideran\u00e7a extraordin\u00e1ria: a governan\u00e7a do secret\u00e1rio-geral Xi Jinping em 2025 (parte 2)\",\"datePublished\":\"2026-01-04T01:53:20+00:00\",\"mainEntityOfPage\":{\"@id\":\"https:\\\/\\\/diariodepe.com.br\\\/cri\\\/2026\\\/01\\\/03\\\/lideranca-extraordinaria-a-governanca-do-secretario-geral-xi-jinping-em-2025-parte-2\\\/\"},\"wordCount\":407,\"commentCount\":0,\"publisher\":{\"@id\":\"https:\\\/\\\/diariodepe.com.br\\\/cri\\\/#organization\"},\"image\":{\"@id\":\"https:\\\/\\\/diariodepe.com.br\\\/cri\\\/2026\\\/01\\\/03\\\/lideranca-extraordinaria-a-governanca-do-secretario-geral-xi-jinping-em-2025-parte-2\\\/#primaryimage\"},\"thumbnailUrl\":\"https:\\\/\\\/38picres.cgtn.com\\\/photoAlbum\\\/page\\\/performance\\\/img\\\/2026\\\/1\\\/3\\\/1767436350305_534.jpg\",\"articleSection\":[\"China\"],\"inLanguage\":\"pt-BR\",\"potentialAction\":[{\"@type\":\"CommentAction\",\"name\":\"Comment\",\"target\":[\"https:\\\/\\\/diariodepe.com.br\\\/cri\\\/2026\\\/01\\\/03\\\/lideranca-extraordinaria-a-governanca-do-secretario-geral-xi-jinping-em-2025-parte-2\\\/#respond\"]}]},{\"@type\":\"WebPage\",\"@id\":\"https:\\\/\\\/diariodepe.com.br\\\/cri\\\/2026\\\/01\\\/03\\\/lideranca-extraordinaria-a-governanca-do-secretario-geral-xi-jinping-em-2025-parte-2\\\/\",\"url\":\"https:\\\/\\\/diariodepe.com.br\\\/cri\\\/2026\\\/01\\\/03\\\/lideranca-extraordinaria-a-governanca-do-secretario-geral-xi-jinping-em-2025-parte-2\\\/\",\"name\":\"Lideran\u00e7a extraordin\u00e1ria: a governan\u00e7a do secret\u00e1rio-geral Xi Jinping em 2025 (parte 2) - CRI e Diario de Pernambuco\",\"isPartOf\":{\"@id\":\"https:\\\/\\\/diariodepe.com.br\\\/cri\\\/#website\"},\"primaryImageOfPage\":{\"@id\":\"https:\\\/\\\/diariodepe.com.br\\\/cri\\\/2026\\\/01\\\/03\\\/lideranca-extraordinaria-a-governanca-do-secretario-geral-xi-jinping-em-2025-parte-2\\\/#primaryimage\"},\"image\":{\"@id\":\"https:\\\/\\\/diariodepe.com.br\\\/cri\\\/2026\\\/01\\\/03\\\/lideranca-extraordinaria-a-governanca-do-secretario-geral-xi-jinping-em-2025-parte-2\\\/#primaryimage\"},\"thumbnailUrl\":\"https:\\\/\\\/38picres.cgtn.com\\\/photoAlbum\\\/page\\\/performance\\\/img\\\/2026\\\/1\\\/3\\\/1767436350305_534.jpg\",\"datePublished\":\"2026-01-04T01:53:20+00:00\",\"breadcrumb\":{\"@id\":\"https:\\\/\\\/diariodepe.com.br\\\/cri\\\/2026\\\/01\\\/03\\\/lideranca-extraordinaria-a-governanca-do-secretario-geral-xi-jinping-em-2025-parte-2\\\/#breadcrumb\"},\"inLanguage\":\"pt-BR\",\"potentialAction\":[{\"@type\":\"ReadAction\",\"target\":[\"https:\\\/\\\/diariodepe.com.br\\\/cri\\\/2026\\\/01\\\/03\\\/lideranca-extraordinaria-a-governanca-do-secretario-geral-xi-jinping-em-2025-parte-2\\\/\"]}]},{\"@type\":\"ImageObject\",\"inLanguage\":\"pt-BR\",\"@id\":\"https:\\\/\\\/diariodepe.com.br\\\/cri\\\/2026\\\/01\\\/03\\\/lideranca-extraordinaria-a-governanca-do-secretario-geral-xi-jinping-em-2025-parte-2\\\/#primaryimage\",\"url\":\"https:\\\/\\\/38picres.cgtn.com\\\/photoAlbum\\\/page\\\/performance\\\/img\\\/2026\\\/1\\\/3\\\/1767436350305_534.jpg\",\"contentUrl\":\"https:\\\/\\\/38picres.cgtn.com\\\/photoAlbum\\\/page\\\/performance\\\/img\\\/2026\\\/1\\\/3\\\/1767436350305_534.jpg\"},{\"@type\":\"BreadcrumbList\",\"@id\":\"https:\\\/\\\/diariodepe.com.br\\\/cri\\\/2026\\\/01\\\/03\\\/lideranca-extraordinaria-a-governanca-do-secretario-geral-xi-jinping-em-2025-parte-2\\\/#breadcrumb\",\"itemListElement\":[{\"@type\":\"ListItem\",\"position\":1,\"name\":\"In\u00edcio\",\"item\":\"https:\\\/\\\/diariodepe.com.br\\\/cri\\\/\"},{\"@type\":\"ListItem\",\"position\":2,\"name\":\"Lideran\u00e7a extraordin\u00e1ria: a governan\u00e7a do secret\u00e1rio-geral Xi Jinping em 2025 (parte 2)\"}]},{\"@type\":\"WebSite\",\"@id\":\"https:\\\/\\\/diariodepe.com.br\\\/cri\\\/#website\",\"url\":\"https:\\\/\\\/diariodepe.com.br\\\/cri\\\/\",\"name\":\"CRI e Diario de Pernambuco\",\"description\":\"R\u00e1dio Internacional da China\",\"publisher\":{\"@id\":\"https:\\\/\\\/diariodepe.com.br\\\/cri\\\/#organization\"},\"potentialAction\":[{\"@type\":\"SearchAction\",\"target\":{\"@type\":\"EntryPoint\",\"urlTemplate\":\"https:\\\/\\\/diariodepe.com.br\\\/cri\\\/?s={search_term_string}\"},\"query-input\":{\"@type\":\"PropertyValueSpecification\",\"valueRequired\":true,\"valueName\":\"search_term_string\"}}],\"inLanguage\":\"pt-BR\"},{\"@type\":\"Organization\",\"@id\":\"https:\\\/\\\/diariodepe.com.br\\\/cri\\\/#organization\",\"name\":\"CRI e Diario de Pernambuco\",\"url\":\"https:\\\/\\\/diariodepe.com.br\\\/cri\\\/\",\"logo\":{\"@type\":\"ImageObject\",\"inLanguage\":\"pt-BR\",\"@id\":\"https:\\\/\\\/diariodepe.com.br\\\/cri\\\/#\\\/schema\\\/logo\\\/image\\\/\",\"url\":\"https:\\\/\\\/diariodepe.com.br\\\/cri\\\/wp-content\\\/uploads\\\/sites\\\/2\\\/2022\\\/12\\\/cropped-Logo.jpg\",\"contentUrl\":\"https:\\\/\\\/diariodepe.com.br\\\/cri\\\/wp-content\\\/uploads\\\/sites\\\/2\\\/2022\\\/12\\\/cropped-Logo.jpg\",\"width\":700,\"height\":59,\"caption\":\"CRI e Diario de Pernambuco\"},\"image\":{\"@id\":\"https:\\\/\\\/diariodepe.com.br\\\/cri\\\/#\\\/schema\\\/logo\\\/image\\\/\"}},{\"@type\":\"Person\",\"@id\":\"https:\\\/\\\/diariodepe.com.br\\\/cri\\\/#\\\/schema\\\/person\\\/e474aead631cd4098632e11d3fbce118\",\"name\":\"CRI Portugu\u00eas\",\"image\":{\"@type\":\"ImageObject\",\"inLanguage\":\"pt-BR\",\"@id\":\"https:\\\/\\\/secure.gravatar.com\\\/avatar\\\/e2ac889ef882d4dc53091b610766dce49106cf9fe98c76e06745abb0993b2763?s=96&d=mm&r=g\",\"url\":\"https:\\\/\\\/secure.gravatar.com\\\/avatar\\\/e2ac889ef882d4dc53091b610766dce49106cf9fe98c76e06745abb0993b2763?s=96&d=mm&r=g\",\"contentUrl\":\"https:\\\/\\\/secure.gravatar.com\\\/avatar\\\/e2ac889ef882d4dc53091b610766dce49106cf9fe98c76e06745abb0993b2763?s=96&d=mm&r=g\",\"caption\":\"CRI Portugu\u00eas\"},\"sameAs\":[\"https:\\\/\\\/www.diariodepernambuco.com.br\\\/\"],\"url\":\"https:\\\/\\\/diariodepe.com.br\\\/cri\\\/author\\\/agencia-cri\\\/\"}]}<\/script>\n<!-- \/ Yoast SEO plugin. -->","yoast_head_json":{"title":"Lideran\u00e7a extraordin\u00e1ria: a governan\u00e7a do secret\u00e1rio-geral Xi Jinping em 2025 (parte 2) - CRI e Diario de Pernambuco","robots":{"index":"index","follow":"follow","max-snippet":"max-snippet:-1","max-image-preview":"max-image-preview:large","max-video-preview":"max-video-preview:-1"},"canonical":"https:\/\/diariodepe.com.br\/cri\/2026\/01\/03\/lideranca-extraordinaria-a-governanca-do-secretario-geral-xi-jinping-em-2025-parte-2\/","og_locale":"pt_BR","og_type":"article","og_title":"Lideran\u00e7a extraordin\u00e1ria: a governan\u00e7a do secret\u00e1rio-geral Xi Jinping em 2025 (parte 2) - CRI e Diario de Pernambuco","og_description":"Em 7 de julho de 2025, o presidente chin\u00eas, Xi Jinping, visitou o memorial da Campanha dos Cem Regimentos em Yangquan, na prov\u00edncia de Shanxi, norte da China, e colocou uma cesta de flores em homenagem aos m\u00e1rtires que morreram...","og_url":"https:\/\/diariodepe.com.br\/cri\/2026\/01\/03\/lideranca-extraordinaria-a-governanca-do-secretario-geral-xi-jinping-em-2025-parte-2\/","og_site_name":"CRI e Diario de Pernambuco","article_published_time":"2026-01-04T01:53:20+00:00","og_image":[{"url":"https:\/\/38picres.cgtn.com\/photoAlbum\/page\/performance\/img\/2026\/1\/3\/1767436350305_534.jpg","type":"","width":"","height":""}],"author":"CRI Portugu\u00eas","twitter_card":"summary_large_image","twitter_misc":{"Escrito por":"CRI Portugu\u00eas","Est. tempo de leitura":"3 minutos"},"schema":{"@context":"https:\/\/schema.org","@graph":[{"@type":"Article","@id":"https:\/\/diariodepe.com.br\/cri\/2026\/01\/03\/lideranca-extraordinaria-a-governanca-do-secretario-geral-xi-jinping-em-2025-parte-2\/#article","isPartOf":{"@id":"https:\/\/diariodepe.com.br\/cri\/2026\/01\/03\/lideranca-extraordinaria-a-governanca-do-secretario-geral-xi-jinping-em-2025-parte-2\/"},"author":{"name":"CRI Portugu\u00eas","@id":"https:\/\/diariodepe.com.br\/cri\/#\/schema\/person\/e474aead631cd4098632e11d3fbce118"},"headline":"Lideran\u00e7a extraordin\u00e1ria: a governan\u00e7a do secret\u00e1rio-geral Xi Jinping em 2025 (parte 2)","datePublished":"2026-01-04T01:53:20+00:00","mainEntityOfPage":{"@id":"https:\/\/diariodepe.com.br\/cri\/2026\/01\/03\/lideranca-extraordinaria-a-governanca-do-secretario-geral-xi-jinping-em-2025-parte-2\/"},"wordCount":407,"commentCount":0,"publisher":{"@id":"https:\/\/diariodepe.com.br\/cri\/#organization"},"image":{"@id":"https:\/\/diariodepe.com.br\/cri\/2026\/01\/03\/lideranca-extraordinaria-a-governanca-do-secretario-geral-xi-jinping-em-2025-parte-2\/#primaryimage"},"thumbnailUrl":"https:\/\/38picres.cgtn.com\/photoAlbum\/page\/performance\/img\/2026\/1\/3\/1767436350305_534.jpg","articleSection":["China"],"inLanguage":"pt-BR","potentialAction":[{"@type":"CommentAction","name":"Comment","target":["https:\/\/diariodepe.com.br\/cri\/2026\/01\/03\/lideranca-extraordinaria-a-governanca-do-secretario-geral-xi-jinping-em-2025-parte-2\/#respond"]}]},{"@type":"WebPage","@id":"https:\/\/diariodepe.com.br\/cri\/2026\/01\/03\/lideranca-extraordinaria-a-governanca-do-secretario-geral-xi-jinping-em-2025-parte-2\/","url":"https:\/\/diariodepe.com.br\/cri\/2026\/01\/03\/lideranca-extraordinaria-a-governanca-do-secretario-geral-xi-jinping-em-2025-parte-2\/","name":"Lideran\u00e7a extraordin\u00e1ria: a governan\u00e7a do secret\u00e1rio-geral Xi Jinping em 2025 (parte 2) - CRI e Diario de Pernambuco","isPartOf":{"@id":"https:\/\/diariodepe.com.br\/cri\/#website"},"primaryImageOfPage":{"@id":"https:\/\/diariodepe.com.br\/cri\/2026\/01\/03\/lideranca-extraordinaria-a-governanca-do-secretario-geral-xi-jinping-em-2025-parte-2\/#primaryimage"},"image":{"@id":"https:\/\/diariodepe.com.br\/cri\/2026\/01\/03\/lideranca-extraordinaria-a-governanca-do-secretario-geral-xi-jinping-em-2025-parte-2\/#primaryimage"},"thumbnailUrl":"https:\/\/38picres.cgtn.com\/photoAlbum\/page\/performance\/img\/2026\/1\/3\/1767436350305_534.jpg","datePublished":"2026-01-04T01:53:20+00:00","breadcrumb":{"@id":"https:\/\/diariodepe.com.br\/cri\/2026\/01\/03\/lideranca-extraordinaria-a-governanca-do-secretario-geral-xi-jinping-em-2025-parte-2\/#breadcrumb"},"inLanguage":"pt-BR","potentialAction":[{"@type":"ReadAction","target":["https:\/\/diariodepe.com.br\/cri\/2026\/01\/03\/lideranca-extraordinaria-a-governanca-do-secretario-geral-xi-jinping-em-2025-parte-2\/"]}]},{"@type":"ImageObject","inLanguage":"pt-BR","@id":"https:\/\/diariodepe.com.br\/cri\/2026\/01\/03\/lideranca-extraordinaria-a-governanca-do-secretario-geral-xi-jinping-em-2025-parte-2\/#primaryimage","url":"https:\/\/38picres.cgtn.com\/photoAlbum\/page\/performance\/img\/2026\/1\/3\/1767436350305_534.jpg","contentUrl":"https:\/\/38picres.cgtn.com\/photoAlbum\/page\/performance\/img\/2026\/1\/3\/1767436350305_534.jpg"},{"@type":"BreadcrumbList","@id":"https:\/\/diariodepe.com.br\/cri\/2026\/01\/03\/lideranca-extraordinaria-a-governanca-do-secretario-geral-xi-jinping-em-2025-parte-2\/#breadcrumb","itemListElement":[{"@type":"ListItem","position":1,"name":"In\u00edcio","item":"https:\/\/diariodepe.com.br\/cri\/"},{"@type":"ListItem","position":2,"name":"Lideran\u00e7a extraordin\u00e1ria: a governan\u00e7a do secret\u00e1rio-geral Xi Jinping em 2025 (parte 2)"}]},{"@type":"WebSite","@id":"https:\/\/diariodepe.com.br\/cri\/#website","url":"https:\/\/diariodepe.com.br\/cri\/","name":"CRI e Diario de Pernambuco","description":"R\u00e1dio Internacional da China","publisher":{"@id":"https:\/\/diariodepe.com.br\/cri\/#organization"},"potentialAction":[{"@type":"SearchAction","target":{"@type":"EntryPoint","urlTemplate":"https:\/\/diariodepe.com.br\/cri\/?s={search_term_string}"},"query-input":{"@type":"PropertyValueSpecification","valueRequired":true,"valueName":"search_term_string"}}],"inLanguage":"pt-BR"},{"@type":"Organization","@id":"https:\/\/diariodepe.com.br\/cri\/#organization","name":"CRI e Diario de Pernambuco","url":"https:\/\/diariodepe.com.br\/cri\/","logo":{"@type":"ImageObject","inLanguage":"pt-BR","@id":"https:\/\/diariodepe.com.br\/cri\/#\/schema\/logo\/image\/","url":"https:\/\/diariodepe.com.br\/cri\/wp-content\/uploads\/sites\/2\/2022\/12\/cropped-Logo.jpg","contentUrl":"https:\/\/diariodepe.com.br\/cri\/wp-content\/uploads\/sites\/2\/2022\/12\/cropped-Logo.jpg","width":700,"height":59,"caption":"CRI e Diario de Pernambuco"},"image":{"@id":"https:\/\/diariodepe.com.br\/cri\/#\/schema\/logo\/image\/"}},{"@type":"Person","@id":"https:\/\/diariodepe.com.br\/cri\/#\/schema\/person\/e474aead631cd4098632e11d3fbce118","name":"CRI Portugu\u00eas","image":{"@type":"ImageObject","inLanguage":"pt-BR","@id":"https:\/\/secure.gravatar.com\/avatar\/e2ac889ef882d4dc53091b610766dce49106cf9fe98c76e06745abb0993b2763?s=96&d=mm&r=g","url":"https:\/\/secure.gravatar.com\/avatar\/e2ac889ef882d4dc53091b610766dce49106cf9fe98c76e06745abb0993b2763?s=96&d=mm&r=g","contentUrl":"https:\/\/secure.gravatar.com\/avatar\/e2ac889ef882d4dc53091b610766dce49106cf9fe98c76e06745abb0993b2763?s=96&d=mm&r=g","caption":"CRI Portugu\u00eas"},"sameAs":["https:\/\/www.diariodepernambuco.com.br\/"],"url":"https:\/\/diariodepe.com.br\/cri\/author\/agencia-cri\/"}]}},"cc_featured_image_caption":{"caption_text":"","source_text":"","source_url":""},"amp_enabled":true,"_links":{"self":[{"href":"https:\/\/diariodepe.com.br\/cri\/wp-json\/wp\/v2\/posts\/10335","targetHints":{"allow":["GET"]}}],"collection":[{"href":"https:\/\/diariodepe.com.br\/cri\/wp-json\/wp\/v2\/posts"}],"about":[{"href":"https:\/\/diariodepe.com.br\/cri\/wp-json\/wp\/v2\/types\/post"}],"author":[{"embeddable":true,"href":"https:\/\/diariodepe.com.br\/cri\/wp-json\/wp\/v2\/users\/5"}],"replies":[{"embeddable":true,"href":"https:\/\/diariodepe.com.br\/cri\/wp-json\/wp\/v2\/comments?post=10335"}],"version-history":[{"count":1,"href":"https:\/\/diariodepe.com.br\/cri\/wp-json\/wp\/v2\/posts\/10335\/revisions"}],"predecessor-version":[{"id":10336,"href":"https:\/\/diariodepe.com.br\/cri\/wp-json\/wp\/v2\/posts\/10335\/revisions\/10336"}],"wp:attachment":[{"href":"https:\/\/diariodepe.com.br\/cri\/wp-json\/wp\/v2\/media?parent=10335"}],"wp:term":[{"taxonomy":"category","embeddable":true,"href":"https:\/\/diariodepe.com.br\/cri\/wp-json\/wp\/v2\/categories?post=10335"},{"taxonomy":"post_tag","embeddable":true,"href":"https:\/\/diariodepe.com.br\/cri\/wp-json\/wp\/v2\/tags?post=10335"}],"curies":[{"name":"wp","href":"https:\/\/api.w.org\/{rel}","templated":true}]}}