{"id":10333,"date":"2026-01-03T22:52:27","date_gmt":"2026-01-04T01:52:27","guid":{"rendered":"https:\/\/diariodepe.com.br\/cri\/?p=10333"},"modified":"2026-01-03T22:52:27","modified_gmt":"2026-01-04T01:52:27","slug":"lideranca-extraordinaria-a-governanca-do-secretario-geral-xi-jinping-em-2025","status":"publish","type":"post","link":"https:\/\/diariodepe.com.br\/cri\/2026\/01\/03\/lideranca-extraordinaria-a-governanca-do-secretario-geral-xi-jinping-em-2025\/","title":{"rendered":"Lideran\u00e7a extraordin\u00e1ria: a governan\u00e7a do secret\u00e1rio-geral Xi Jinping em 2025"},"content":{"rendered":"<p><img decoding=\"async\" src=\"https:\/\/38picres.cgtn.com\/photoAlbum\/page\/performance\/img\/2026\/1\/2\/1767355888658_701.png\" \/><\/p>\n<p>O ano de 2025 foi extraordin\u00e1rio. A China realizou atividades comemorativas do 80\u00ba anivers\u00e1rio da vit\u00f3ria na Guerra de Resist\u00eancia do Povo Chin\u00eas contra a Agress\u00e3o Japonesa e na Guerra Mundial Antifascista, concluiu o 14\u00ba\u00a0Plano Quinquenal e definiu o planejamento para o 15\u00ba\u00a0Plano Quinquenal.<\/p>\n<p>No momento decisivo da moderniza\u00e7\u00e3o chinesa e da transforma\u00e7\u00e3o profunda do sistema de governan\u00e7a global em 2025, o secret\u00e1rio-geral do Comit\u00ea Central do Partido Comunista da China (PCCh) e presidente chin\u00eas, Xi Jinping, orientou o desenvolvimento da na\u00e7\u00e3o.<\/p>\n<p><img decoding=\"async\" src=\"https:\/\/38picres.cgtn.com\/photoAlbum\/page\/performance\/img\/2026\/1\/2\/1767355915565_625.png\" \/><\/p>\n<p>O l\u00edder chin\u00eas atribuiu grande import\u00e2ncia ao desenvolvimento da intelig\u00eancia artificial (IA) e fez uma s\u00e9rie de arranjos importantes. Em abril, Xi Jinping conferiu o desenvolvimento da tecnologia no Centro de Inova\u00e7\u00e3o de Modelos B\u00e1sicos de Shanghai, onde o presidente conheceu os principais avan\u00e7os na \u00e1rea de IA.<\/p>\n<p><img decoding=\"async\" src=\"https:\/\/38picres.cgtn.com\/photoAlbum\/page\/performance\/img\/2026\/1\/2\/1767355929143_911.png\" \/><\/p>\n<p>Em 2025, o secret\u00e1rio-geral do PCCh inspecionou uma sider\u00fargica na cidade de Benxi, prov\u00edncia de Liaoning, nordeste da China. O l\u00edder chin\u00eas visitou a central de controle e a linha de produ\u00e7\u00e3o da companhia para verificar o processo de transforma\u00e7\u00e3o e atualiza\u00e7\u00e3o, al\u00e9m da promo\u00e7\u00e3o do desenvolvimento de alta qualidade no setor sider\u00fargico.<\/p>\n<p>Xi aprendeu sobre a opera\u00e7\u00e3o do sistema de controle integrado inteligente e perguntou sobre o processo de lamina\u00e7\u00e3o a frio, inova\u00e7\u00e3o tecnol\u00f3gica e o desempenho do produto nas oficinas. O presidente tamb\u00e9m se reuniu com trabalhadores-modelo, jovens t\u00e9cnicos e representantes da equipe.<\/p>\n<p>A Bensteel, uma empresa consagrada pelo tempo no pa\u00eds, foi revitalizada por meio da reestrutura\u00e7\u00e3o com a Ansteel, aprimorando o sistema corporativo moderno e promovendo a transforma\u00e7\u00e3o e a atualiza\u00e7\u00e3o industrial, disse ele.<\/p>\n<p>&#8220;A ind\u00fastria sider\u00fargica \u00e9 uma importante ind\u00fastria b\u00e1sica do pa\u00eds, e a economia real \u00e9 a base da economia nacional&#8221;, disse o l\u00edder chin\u00eas, pedindo esfor\u00e7os cont\u00ednuos para fortalecer os elos fracos, otimizar as estruturas industriais e contribuir mais para a moderniza\u00e7\u00e3o chinesa.<\/p>\n<p><img decoding=\"async\" src=\"https:\/\/38picres.cgtn.com\/photoAlbum\/page\/performance\/img\/2026\/1\/2\/1767355950098_701.png\" \/><\/p>\n<p>Em 21 de agosto, o presidente Xi Jinping participou da cerim\u00f4nia comemorativa do 60\u00ba anivers\u00e1rio da funda\u00e7\u00e3o da Regi\u00e3o Aut\u00f4noma de Xizang, realizada na pra\u00e7a do Pal\u00e1cio Potala, em Lhasa. Xi Jinping, que tamb\u00e9m \u00e9 secret\u00e1rio-geral do Comit\u00ea Central do PCCh, juntou-se a mais de 20 mil pessoas, entre quadros e massas populares de diferentes setores e grupos \u00e9tnicos, para celebrar a data hist\u00f3rica.<\/p>\n<p><img decoding=\"async\" src=\"https:\/\/38picres.cgtn.com\/photoAlbum\/page\/performance\/img\/2026\/1\/2\/1767355967083_3.png\" \/><\/p>\n<p>Em 25 de setembro, o l\u00edder chin\u00eas\u00a0paparticipou, em Urumqi, da Grande Reuni\u00e3o Comemorativa do 70\u00ba Anivers\u00e1rio da Funda\u00e7\u00e3o da Regi\u00e3o Aut\u00f4noma Uigur de Xinjiang, ao lado de representantes de todas as etnias e de diversos setores da sociedade local.<\/p>\n<p>O povo \u00e9 a maior preocupa\u00e7\u00e3o de Xi Jinping e ser\u00e1 sempre o ponto de partida e o valor fundamental do desenvolvimento na majestosa jornada da revitaliza\u00e7\u00e3o nacional.<\/p>\n","protected":false},"excerpt":{"rendered":"<p>O ano de 2025 foi extraordin\u00e1rio. A China realizou atividades comemorativas do 80\u00ba anivers\u00e1rio da vit\u00f3ria na Guerra de Resist\u00eancia do Povo Chin\u00eas contra a Agress\u00e3o Japonesa e na Guerra Mundial Antifascista, concluiu o 14\u00ba\u00a0Plano Quinquenal e definiu o planejamento&#8230;<\/p>\n","protected":false},"author":5,"featured_media":0,"comment_status":"open","ping_status":"open","sticky":false,"template":"","format":"standard","meta":{"footnotes":""},"categories":[3],"tags":[],"class_list":["post-10333","post","type-post","status-publish","format-standard","hentry","category-china"],"yoast_head":"<!-- This site is optimized with the Yoast SEO plugin v27.4 - https:\/\/yoast.com\/product\/yoast-seo-wordpress\/ -->\n<title>Lideran\u00e7a extraordin\u00e1ria: a governan\u00e7a do secret\u00e1rio-geral Xi Jinping em 2025 - CRI e Diario de Pernambuco<\/title>\n<meta name=\"robots\" content=\"index, follow, max-snippet:-1, max-image-preview:large, max-video-preview:-1\" \/>\n<link rel=\"canonical\" href=\"https:\/\/diariodepe.com.br\/cri\/2026\/01\/03\/lideranca-extraordinaria-a-governanca-do-secretario-geral-xi-jinping-em-2025\/\" \/>\n<meta property=\"og:locale\" content=\"pt_BR\" \/>\n<meta property=\"og:type\" content=\"article\" \/>\n<meta property=\"og:title\" content=\"Lideran\u00e7a extraordin\u00e1ria: a governan\u00e7a do secret\u00e1rio-geral Xi Jinping em 2025 - CRI e Diario de Pernambuco\" \/>\n<meta property=\"og:description\" content=\"O ano de 2025 foi extraordin\u00e1rio. A China realizou atividades comemorativas do 80\u00ba anivers\u00e1rio da vit\u00f3ria na Guerra de Resist\u00eancia do Povo Chin\u00eas contra a Agress\u00e3o Japonesa e na Guerra Mundial Antifascista, concluiu o 14\u00ba\u00a0Plano Quinquenal e definiu o planejamento...\" \/>\n<meta property=\"og:url\" content=\"https:\/\/diariodepe.com.br\/cri\/2026\/01\/03\/lideranca-extraordinaria-a-governanca-do-secretario-geral-xi-jinping-em-2025\/\" \/>\n<meta property=\"og:site_name\" content=\"CRI e Diario de Pernambuco\" \/>\n<meta property=\"article:published_time\" content=\"2026-01-04T01:52:27+00:00\" \/>\n<meta property=\"og:image\" content=\"https:\/\/38picres.cgtn.com\/photoAlbum\/page\/performance\/img\/2026\/1\/2\/1767355888658_701.png\" \/>\n<meta name=\"author\" content=\"CRI Portugu\u00eas\" \/>\n<meta name=\"twitter:card\" content=\"summary_large_image\" \/>\n<meta name=\"twitter:label1\" content=\"Escrito por\" \/>\n\t<meta name=\"twitter:data1\" content=\"CRI Portugu\u00eas\" \/>\n\t<meta name=\"twitter:label2\" content=\"Est. tempo de leitura\" \/>\n\t<meta name=\"twitter:data2\" content=\"4 minutos\" \/>\n<script type=\"application\/ld+json\" class=\"yoast-schema-graph\">{\"@context\":\"https:\\\/\\\/schema.org\",\"@graph\":[{\"@type\":\"Article\",\"@id\":\"https:\\\/\\\/diariodepe.com.br\\\/cri\\\/2026\\\/01\\\/03\\\/lideranca-extraordinaria-a-governanca-do-secretario-geral-xi-jinping-em-2025\\\/#article\",\"isPartOf\":{\"@id\":\"https:\\\/\\\/diariodepe.com.br\\\/cri\\\/2026\\\/01\\\/03\\\/lideranca-extraordinaria-a-governanca-do-secretario-geral-xi-jinping-em-2025\\\/\"},\"author\":{\"name\":\"CRI Portugu\u00eas\",\"@id\":\"https:\\\/\\\/diariodepe.com.br\\\/cri\\\/#\\\/schema\\\/person\\\/e474aead631cd4098632e11d3fbce118\"},\"headline\":\"Lideran\u00e7a extraordin\u00e1ria: a governan\u00e7a do secret\u00e1rio-geral Xi Jinping em 2025\",\"datePublished\":\"2026-01-04T01:52:27+00:00\",\"mainEntityOfPage\":{\"@id\":\"https:\\\/\\\/diariodepe.com.br\\\/cri\\\/2026\\\/01\\\/03\\\/lideranca-extraordinaria-a-governanca-do-secretario-geral-xi-jinping-em-2025\\\/\"},\"wordCount\":503,\"commentCount\":0,\"publisher\":{\"@id\":\"https:\\\/\\\/diariodepe.com.br\\\/cri\\\/#organization\"},\"image\":{\"@id\":\"https:\\\/\\\/diariodepe.com.br\\\/cri\\\/2026\\\/01\\\/03\\\/lideranca-extraordinaria-a-governanca-do-secretario-geral-xi-jinping-em-2025\\\/#primaryimage\"},\"thumbnailUrl\":\"https:\\\/\\\/38picres.cgtn.com\\\/photoAlbum\\\/page\\\/performance\\\/img\\\/2026\\\/1\\\/2\\\/1767355888658_701.png\",\"articleSection\":[\"China\"],\"inLanguage\":\"pt-BR\",\"potentialAction\":[{\"@type\":\"CommentAction\",\"name\":\"Comment\",\"target\":[\"https:\\\/\\\/diariodepe.com.br\\\/cri\\\/2026\\\/01\\\/03\\\/lideranca-extraordinaria-a-governanca-do-secretario-geral-xi-jinping-em-2025\\\/#respond\"]}]},{\"@type\":\"WebPage\",\"@id\":\"https:\\\/\\\/diariodepe.com.br\\\/cri\\\/2026\\\/01\\\/03\\\/lideranca-extraordinaria-a-governanca-do-secretario-geral-xi-jinping-em-2025\\\/\",\"url\":\"https:\\\/\\\/diariodepe.com.br\\\/cri\\\/2026\\\/01\\\/03\\\/lideranca-extraordinaria-a-governanca-do-secretario-geral-xi-jinping-em-2025\\\/\",\"name\":\"Lideran\u00e7a extraordin\u00e1ria: a governan\u00e7a do secret\u00e1rio-geral Xi Jinping em 2025 - CRI e Diario de Pernambuco\",\"isPartOf\":{\"@id\":\"https:\\\/\\\/diariodepe.com.br\\\/cri\\\/#website\"},\"primaryImageOfPage\":{\"@id\":\"https:\\\/\\\/diariodepe.com.br\\\/cri\\\/2026\\\/01\\\/03\\\/lideranca-extraordinaria-a-governanca-do-secretario-geral-xi-jinping-em-2025\\\/#primaryimage\"},\"image\":{\"@id\":\"https:\\\/\\\/diariodepe.com.br\\\/cri\\\/2026\\\/01\\\/03\\\/lideranca-extraordinaria-a-governanca-do-secretario-geral-xi-jinping-em-2025\\\/#primaryimage\"},\"thumbnailUrl\":\"https:\\\/\\\/38picres.cgtn.com\\\/photoAlbum\\\/page\\\/performance\\\/img\\\/2026\\\/1\\\/2\\\/1767355888658_701.png\",\"datePublished\":\"2026-01-04T01:52:27+00:00\",\"breadcrumb\":{\"@id\":\"https:\\\/\\\/diariodepe.com.br\\\/cri\\\/2026\\\/01\\\/03\\\/lideranca-extraordinaria-a-governanca-do-secretario-geral-xi-jinping-em-2025\\\/#breadcrumb\"},\"inLanguage\":\"pt-BR\",\"potentialAction\":[{\"@type\":\"ReadAction\",\"target\":[\"https:\\\/\\\/diariodepe.com.br\\\/cri\\\/2026\\\/01\\\/03\\\/lideranca-extraordinaria-a-governanca-do-secretario-geral-xi-jinping-em-2025\\\/\"]}]},{\"@type\":\"ImageObject\",\"inLanguage\":\"pt-BR\",\"@id\":\"https:\\\/\\\/diariodepe.com.br\\\/cri\\\/2026\\\/01\\\/03\\\/lideranca-extraordinaria-a-governanca-do-secretario-geral-xi-jinping-em-2025\\\/#primaryimage\",\"url\":\"https:\\\/\\\/38picres.cgtn.com\\\/photoAlbum\\\/page\\\/performance\\\/img\\\/2026\\\/1\\\/2\\\/1767355888658_701.png\",\"contentUrl\":\"https:\\\/\\\/38picres.cgtn.com\\\/photoAlbum\\\/page\\\/performance\\\/img\\\/2026\\\/1\\\/2\\\/1767355888658_701.png\"},{\"@type\":\"BreadcrumbList\",\"@id\":\"https:\\\/\\\/diariodepe.com.br\\\/cri\\\/2026\\\/01\\\/03\\\/lideranca-extraordinaria-a-governanca-do-secretario-geral-xi-jinping-em-2025\\\/#breadcrumb\",\"itemListElement\":[{\"@type\":\"ListItem\",\"position\":1,\"name\":\"In\u00edcio\",\"item\":\"https:\\\/\\\/diariodepe.com.br\\\/cri\\\/\"},{\"@type\":\"ListItem\",\"position\":2,\"name\":\"Lideran\u00e7a extraordin\u00e1ria: a governan\u00e7a do secret\u00e1rio-geral Xi Jinping em 2025\"}]},{\"@type\":\"WebSite\",\"@id\":\"https:\\\/\\\/diariodepe.com.br\\\/cri\\\/#website\",\"url\":\"https:\\\/\\\/diariodepe.com.br\\\/cri\\\/\",\"name\":\"CRI e Diario de Pernambuco\",\"description\":\"R\u00e1dio Internacional da China\",\"publisher\":{\"@id\":\"https:\\\/\\\/diariodepe.com.br\\\/cri\\\/#organization\"},\"potentialAction\":[{\"@type\":\"SearchAction\",\"target\":{\"@type\":\"EntryPoint\",\"urlTemplate\":\"https:\\\/\\\/diariodepe.com.br\\\/cri\\\/?s={search_term_string}\"},\"query-input\":{\"@type\":\"PropertyValueSpecification\",\"valueRequired\":true,\"valueName\":\"search_term_string\"}}],\"inLanguage\":\"pt-BR\"},{\"@type\":\"Organization\",\"@id\":\"https:\\\/\\\/diariodepe.com.br\\\/cri\\\/#organization\",\"name\":\"CRI e Diario de Pernambuco\",\"url\":\"https:\\\/\\\/diariodepe.com.br\\\/cri\\\/\",\"logo\":{\"@type\":\"ImageObject\",\"inLanguage\":\"pt-BR\",\"@id\":\"https:\\\/\\\/diariodepe.com.br\\\/cri\\\/#\\\/schema\\\/logo\\\/image\\\/\",\"url\":\"https:\\\/\\\/diariodepe.com.br\\\/cri\\\/wp-content\\\/uploads\\\/sites\\\/2\\\/2022\\\/12\\\/cropped-Logo.jpg\",\"contentUrl\":\"https:\\\/\\\/diariodepe.com.br\\\/cri\\\/wp-content\\\/uploads\\\/sites\\\/2\\\/2022\\\/12\\\/cropped-Logo.jpg\",\"width\":700,\"height\":59,\"caption\":\"CRI e Diario de Pernambuco\"},\"image\":{\"@id\":\"https:\\\/\\\/diariodepe.com.br\\\/cri\\\/#\\\/schema\\\/logo\\\/image\\\/\"}},{\"@type\":\"Person\",\"@id\":\"https:\\\/\\\/diariodepe.com.br\\\/cri\\\/#\\\/schema\\\/person\\\/e474aead631cd4098632e11d3fbce118\",\"name\":\"CRI Portugu\u00eas\",\"image\":{\"@type\":\"ImageObject\",\"inLanguage\":\"pt-BR\",\"@id\":\"https:\\\/\\\/secure.gravatar.com\\\/avatar\\\/e2ac889ef882d4dc53091b610766dce49106cf9fe98c76e06745abb0993b2763?s=96&d=mm&r=g\",\"url\":\"https:\\\/\\\/secure.gravatar.com\\\/avatar\\\/e2ac889ef882d4dc53091b610766dce49106cf9fe98c76e06745abb0993b2763?s=96&d=mm&r=g\",\"contentUrl\":\"https:\\\/\\\/secure.gravatar.com\\\/avatar\\\/e2ac889ef882d4dc53091b610766dce49106cf9fe98c76e06745abb0993b2763?s=96&d=mm&r=g\",\"caption\":\"CRI Portugu\u00eas\"},\"sameAs\":[\"https:\\\/\\\/www.diariodepernambuco.com.br\\\/\"],\"url\":\"https:\\\/\\\/diariodepe.com.br\\\/cri\\\/author\\\/agencia-cri\\\/\"}]}<\/script>\n<!-- \/ Yoast SEO plugin. -->","yoast_head_json":{"title":"Lideran\u00e7a extraordin\u00e1ria: a governan\u00e7a do secret\u00e1rio-geral Xi Jinping em 2025 - CRI e Diario de Pernambuco","robots":{"index":"index","follow":"follow","max-snippet":"max-snippet:-1","max-image-preview":"max-image-preview:large","max-video-preview":"max-video-preview:-1"},"canonical":"https:\/\/diariodepe.com.br\/cri\/2026\/01\/03\/lideranca-extraordinaria-a-governanca-do-secretario-geral-xi-jinping-em-2025\/","og_locale":"pt_BR","og_type":"article","og_title":"Lideran\u00e7a extraordin\u00e1ria: a governan\u00e7a do secret\u00e1rio-geral Xi Jinping em 2025 - CRI e Diario de Pernambuco","og_description":"O ano de 2025 foi extraordin\u00e1rio. A China realizou atividades comemorativas do 80\u00ba anivers\u00e1rio da vit\u00f3ria na Guerra de Resist\u00eancia do Povo Chin\u00eas contra a Agress\u00e3o Japonesa e na Guerra Mundial Antifascista, concluiu o 14\u00ba\u00a0Plano Quinquenal e definiu o planejamento...","og_url":"https:\/\/diariodepe.com.br\/cri\/2026\/01\/03\/lideranca-extraordinaria-a-governanca-do-secretario-geral-xi-jinping-em-2025\/","og_site_name":"CRI e Diario de Pernambuco","article_published_time":"2026-01-04T01:52:27+00:00","og_image":[{"url":"https:\/\/38picres.cgtn.com\/photoAlbum\/page\/performance\/img\/2026\/1\/2\/1767355888658_701.png","type":"","width":"","height":""}],"author":"CRI Portugu\u00eas","twitter_card":"summary_large_image","twitter_misc":{"Escrito por":"CRI Portugu\u00eas","Est. tempo de leitura":"4 minutos"},"schema":{"@context":"https:\/\/schema.org","@graph":[{"@type":"Article","@id":"https:\/\/diariodepe.com.br\/cri\/2026\/01\/03\/lideranca-extraordinaria-a-governanca-do-secretario-geral-xi-jinping-em-2025\/#article","isPartOf":{"@id":"https:\/\/diariodepe.com.br\/cri\/2026\/01\/03\/lideranca-extraordinaria-a-governanca-do-secretario-geral-xi-jinping-em-2025\/"},"author":{"name":"CRI Portugu\u00eas","@id":"https:\/\/diariodepe.com.br\/cri\/#\/schema\/person\/e474aead631cd4098632e11d3fbce118"},"headline":"Lideran\u00e7a extraordin\u00e1ria: a governan\u00e7a do secret\u00e1rio-geral Xi Jinping em 2025","datePublished":"2026-01-04T01:52:27+00:00","mainEntityOfPage":{"@id":"https:\/\/diariodepe.com.br\/cri\/2026\/01\/03\/lideranca-extraordinaria-a-governanca-do-secretario-geral-xi-jinping-em-2025\/"},"wordCount":503,"commentCount":0,"publisher":{"@id":"https:\/\/diariodepe.com.br\/cri\/#organization"},"image":{"@id":"https:\/\/diariodepe.com.br\/cri\/2026\/01\/03\/lideranca-extraordinaria-a-governanca-do-secretario-geral-xi-jinping-em-2025\/#primaryimage"},"thumbnailUrl":"https:\/\/38picres.cgtn.com\/photoAlbum\/page\/performance\/img\/2026\/1\/2\/1767355888658_701.png","articleSection":["China"],"inLanguage":"pt-BR","potentialAction":[{"@type":"CommentAction","name":"Comment","target":["https:\/\/diariodepe.com.br\/cri\/2026\/01\/03\/lideranca-extraordinaria-a-governanca-do-secretario-geral-xi-jinping-em-2025\/#respond"]}]},{"@type":"WebPage","@id":"https:\/\/diariodepe.com.br\/cri\/2026\/01\/03\/lideranca-extraordinaria-a-governanca-do-secretario-geral-xi-jinping-em-2025\/","url":"https:\/\/diariodepe.com.br\/cri\/2026\/01\/03\/lideranca-extraordinaria-a-governanca-do-secretario-geral-xi-jinping-em-2025\/","name":"Lideran\u00e7a extraordin\u00e1ria: a governan\u00e7a do secret\u00e1rio-geral Xi Jinping em 2025 - CRI e Diario de Pernambuco","isPartOf":{"@id":"https:\/\/diariodepe.com.br\/cri\/#website"},"primaryImageOfPage":{"@id":"https:\/\/diariodepe.com.br\/cri\/2026\/01\/03\/lideranca-extraordinaria-a-governanca-do-secretario-geral-xi-jinping-em-2025\/#primaryimage"},"image":{"@id":"https:\/\/diariodepe.com.br\/cri\/2026\/01\/03\/lideranca-extraordinaria-a-governanca-do-secretario-geral-xi-jinping-em-2025\/#primaryimage"},"thumbnailUrl":"https:\/\/38picres.cgtn.com\/photoAlbum\/page\/performance\/img\/2026\/1\/2\/1767355888658_701.png","datePublished":"2026-01-04T01:52:27+00:00","breadcrumb":{"@id":"https:\/\/diariodepe.com.br\/cri\/2026\/01\/03\/lideranca-extraordinaria-a-governanca-do-secretario-geral-xi-jinping-em-2025\/#breadcrumb"},"inLanguage":"pt-BR","potentialAction":[{"@type":"ReadAction","target":["https:\/\/diariodepe.com.br\/cri\/2026\/01\/03\/lideranca-extraordinaria-a-governanca-do-secretario-geral-xi-jinping-em-2025\/"]}]},{"@type":"ImageObject","inLanguage":"pt-BR","@id":"https:\/\/diariodepe.com.br\/cri\/2026\/01\/03\/lideranca-extraordinaria-a-governanca-do-secretario-geral-xi-jinping-em-2025\/#primaryimage","url":"https:\/\/38picres.cgtn.com\/photoAlbum\/page\/performance\/img\/2026\/1\/2\/1767355888658_701.png","contentUrl":"https:\/\/38picres.cgtn.com\/photoAlbum\/page\/performance\/img\/2026\/1\/2\/1767355888658_701.png"},{"@type":"BreadcrumbList","@id":"https:\/\/diariodepe.com.br\/cri\/2026\/01\/03\/lideranca-extraordinaria-a-governanca-do-secretario-geral-xi-jinping-em-2025\/#breadcrumb","itemListElement":[{"@type":"ListItem","position":1,"name":"In\u00edcio","item":"https:\/\/diariodepe.com.br\/cri\/"},{"@type":"ListItem","position":2,"name":"Lideran\u00e7a extraordin\u00e1ria: a governan\u00e7a do secret\u00e1rio-geral Xi Jinping em 2025"}]},{"@type":"WebSite","@id":"https:\/\/diariodepe.com.br\/cri\/#website","url":"https:\/\/diariodepe.com.br\/cri\/","name":"CRI e Diario de Pernambuco","description":"R\u00e1dio Internacional da China","publisher":{"@id":"https:\/\/diariodepe.com.br\/cri\/#organization"},"potentialAction":[{"@type":"SearchAction","target":{"@type":"EntryPoint","urlTemplate":"https:\/\/diariodepe.com.br\/cri\/?s={search_term_string}"},"query-input":{"@type":"PropertyValueSpecification","valueRequired":true,"valueName":"search_term_string"}}],"inLanguage":"pt-BR"},{"@type":"Organization","@id":"https:\/\/diariodepe.com.br\/cri\/#organization","name":"CRI e Diario de Pernambuco","url":"https:\/\/diariodepe.com.br\/cri\/","logo":{"@type":"ImageObject","inLanguage":"pt-BR","@id":"https:\/\/diariodepe.com.br\/cri\/#\/schema\/logo\/image\/","url":"https:\/\/diariodepe.com.br\/cri\/wp-content\/uploads\/sites\/2\/2022\/12\/cropped-Logo.jpg","contentUrl":"https:\/\/diariodepe.com.br\/cri\/wp-content\/uploads\/sites\/2\/2022\/12\/cropped-Logo.jpg","width":700,"height":59,"caption":"CRI e Diario de Pernambuco"},"image":{"@id":"https:\/\/diariodepe.com.br\/cri\/#\/schema\/logo\/image\/"}},{"@type":"Person","@id":"https:\/\/diariodepe.com.br\/cri\/#\/schema\/person\/e474aead631cd4098632e11d3fbce118","name":"CRI Portugu\u00eas","image":{"@type":"ImageObject","inLanguage":"pt-BR","@id":"https:\/\/secure.gravatar.com\/avatar\/e2ac889ef882d4dc53091b610766dce49106cf9fe98c76e06745abb0993b2763?s=96&d=mm&r=g","url":"https:\/\/secure.gravatar.com\/avatar\/e2ac889ef882d4dc53091b610766dce49106cf9fe98c76e06745abb0993b2763?s=96&d=mm&r=g","contentUrl":"https:\/\/secure.gravatar.com\/avatar\/e2ac889ef882d4dc53091b610766dce49106cf9fe98c76e06745abb0993b2763?s=96&d=mm&r=g","caption":"CRI Portugu\u00eas"},"sameAs":["https:\/\/www.diariodepernambuco.com.br\/"],"url":"https:\/\/diariodepe.com.br\/cri\/author\/agencia-cri\/"}]}},"cc_featured_image_caption":{"caption_text":"","source_text":"","source_url":""},"amp_enabled":true,"_links":{"self":[{"href":"https:\/\/diariodepe.com.br\/cri\/wp-json\/wp\/v2\/posts\/10333","targetHints":{"allow":["GET"]}}],"collection":[{"href":"https:\/\/diariodepe.com.br\/cri\/wp-json\/wp\/v2\/posts"}],"about":[{"href":"https:\/\/diariodepe.com.br\/cri\/wp-json\/wp\/v2\/types\/post"}],"author":[{"embeddable":true,"href":"https:\/\/diariodepe.com.br\/cri\/wp-json\/wp\/v2\/users\/5"}],"replies":[{"embeddable":true,"href":"https:\/\/diariodepe.com.br\/cri\/wp-json\/wp\/v2\/comments?post=10333"}],"version-history":[{"count":1,"href":"https:\/\/diariodepe.com.br\/cri\/wp-json\/wp\/v2\/posts\/10333\/revisions"}],"predecessor-version":[{"id":10334,"href":"https:\/\/diariodepe.com.br\/cri\/wp-json\/wp\/v2\/posts\/10333\/revisions\/10334"}],"wp:attachment":[{"href":"https:\/\/diariodepe.com.br\/cri\/wp-json\/wp\/v2\/media?parent=10333"}],"wp:term":[{"taxonomy":"category","embeddable":true,"href":"https:\/\/diariodepe.com.br\/cri\/wp-json\/wp\/v2\/categories?post=10333"},{"taxonomy":"post_tag","embeddable":true,"href":"https:\/\/diariodepe.com.br\/cri\/wp-json\/wp\/v2\/tags?post=10333"}],"curies":[{"name":"wp","href":"https:\/\/api.w.org\/{rel}","templated":true}]}}