{"id":1031,"date":"2023-04-17T23:53:16","date_gmt":"2023-04-18T02:53:16","guid":{"rendered":"https:\/\/diariodepe.com.br\/cri\/?p=1031"},"modified":"2023-04-17T23:53:16","modified_gmt":"2023-04-18T02:53:16","slug":"comentario-democracia-norte-americana-destruiu-o-iraque","status":"publish","type":"post","link":"https:\/\/diariodepe.com.br\/cri\/2023\/04\/17\/comentario-democracia-norte-americana-destruiu-o-iraque\/","title":{"rendered":"Coment\u00e1rio: Democracia norte-americana destruiu o Iraque"},"content":{"rendered":"<p>A guerra contra o Iraque completou 20 anos nesta segunda-feira (20). Dias atr\u00e1s, centenas de pessoas se reuniram na Pra\u00e7a Lafayette, ao norte da Casa Branca, para manifestar suas oposi\u00e7\u00f5es contra as intermin\u00e1veis guerras desencadeadas pelos Estados Unidos.<\/p>\n<p>Vinte anos atr\u00e1s, Washington e seus aliados ocidentais invadiram o Iraque com o pretexto de que o pa\u00eds possu\u00eda armas de destrui\u00e7\u00e3o em massa. No entanto, at\u00e9 hoje n\u00e3o acharam provas para sua suposi\u00e7\u00e3o, mas um pa\u00eds com uma civiliza\u00e7\u00e3o antiga foi completamente destru\u00eddo, mais 200 mil civis morreram e mais de 9 milh\u00f5es de pessoas perderam suas casas.<\/p>\n<p>O Minist\u00e9rio das Rela\u00e7\u00f5es Exteriores da China divulgou no dia 20 em seu site oficial o Relat\u00f3rio sobre o Estado da Democracia nos Estados Unidos em 2022.<\/p>\n<p>A publica\u00e7\u00e3o revelou a realidade da democracia norte-americana com uma grande quantidade de fatos. No ano passado, os EUA ca\u00edram num c\u00edrculo vicioso no qual a democracia perdeu a fidelidade, a pol\u00edtica perdeu a fun\u00e7\u00e3o e a sociedade perdeu a harmonia. O centro de Pesquisa Pew revelou que 65% dos estadunidenses acham que o sistema democr\u00e1tico do pa\u00eds precisa de uma grande reforma e 57% deles j\u00e1 n\u00e3o consideram o pa\u00eds como um exemplo de democracia.<\/p>\n<p>Mesmo assim, o relat\u00f3rio aponta que Washington continuou dando aulas de democracia para outros pa\u00edses e produziram mentiras para dividir o mundo em democr\u00e1ticos e n\u00e3o democr\u00e1ticos. Guerra, san\u00e7\u00f5es e democracia s\u00e3o tr\u00eas instrumentos dos EUA para reprimir outros pa\u00edses e defender sua hegemonia.<\/p>\n<p>Na sua hist\u00f3ria de mais de 240 anos, os EUA n\u00e3o participaram de nenhuma guerra em apenas 16 anos. Porque o pa\u00eds \u00e9 t\u00e3o b\u00e9lico? A vice-presidente norte-americana, Kamala Harris, disse que, nos \u00faltimos anos, estadunidenses de v\u00e1rias gera\u00e7\u00f5es participaram de guerras pelo petr\u00f3leo.<\/p>\n<p>Al\u00e9m disso, os EUA aplicaram frequentemente san\u00e7\u00f5es contra outros pa\u00edses, como aconteceu com Cuba, S\u00edria, Zimb\u00e1bue, Ir\u00e3, Venezuela, Rep\u00fablica Popular Democr\u00e1tica da Coreia. As san\u00e7\u00f5es norte-americanas se espalham pelo mundo inteiro.<\/p>\n<p>O secret\u00e1rio-geral das Na\u00e7\u00f5es Unidas, Ant\u00f3nio Guterres, disse que, em 2023, n\u00f3s precisamos da paz, mais do que nunca. Por\u00e9m, para realizar a paz mundial, os EUA devem parar de interferir nos assuntos de outros pa\u00edses com o pretexto da democracia, e parar de produzir confrontos.<\/p>\n<p>O mundo precisa democratizar as rela\u00e7\u00f5es internacionais.<\/p>\n","protected":false},"excerpt":{"rendered":"<p>A guerra contra o Iraque completou 20 anos nesta segunda-feira (20). Dias atr\u00e1s, centenas de pessoas se reuniram na Pra\u00e7a Lafayette, ao norte da Casa Branca, para manifestar suas oposi\u00e7\u00f5es contra as intermin\u00e1veis guerras desencadeadas pelos Estados Unidos. Vinte anos&#8230;<\/p>\n","protected":false},"author":2,"featured_media":0,"comment_status":"open","ping_status":"open","sticky":false,"template":"","format":"standard","meta":{"footnotes":""},"categories":[7],"tags":[],"class_list":["post-1031","post","type-post","status-publish","format-standard","hentry","category-visao"],"yoast_head":"<!-- This site is optimized with the Yoast SEO plugin v27.4 - https:\/\/yoast.com\/product\/yoast-seo-wordpress\/ -->\n<title>Coment\u00e1rio: Democracia norte-americana destruiu o Iraque - CRI e Diario de Pernambuco<\/title>\n<meta name=\"robots\" content=\"index, follow, max-snippet:-1, max-image-preview:large, max-video-preview:-1\" \/>\n<link rel=\"canonical\" href=\"https:\/\/diariodepe.com.br\/cri\/2023\/04\/17\/comentario-democracia-norte-americana-destruiu-o-iraque\/\" \/>\n<meta property=\"og:locale\" content=\"pt_BR\" \/>\n<meta property=\"og:type\" content=\"article\" \/>\n<meta property=\"og:title\" content=\"Coment\u00e1rio: Democracia norte-americana destruiu o Iraque - CRI e Diario de Pernambuco\" \/>\n<meta property=\"og:description\" content=\"A guerra contra o Iraque completou 20 anos nesta segunda-feira (20). Dias atr\u00e1s, centenas de pessoas se reuniram na Pra\u00e7a Lafayette, ao norte da Casa Branca, para manifestar suas oposi\u00e7\u00f5es contra as intermin\u00e1veis guerras desencadeadas pelos Estados Unidos. Vinte anos...\" \/>\n<meta property=\"og:url\" content=\"https:\/\/diariodepe.com.br\/cri\/2023\/04\/17\/comentario-democracia-norte-americana-destruiu-o-iraque\/\" \/>\n<meta property=\"og:site_name\" content=\"CRI e Diario de Pernambuco\" \/>\n<meta property=\"article:published_time\" content=\"2023-04-18T02:53:16+00:00\" \/>\n<meta name=\"author\" content=\"Ismael Lucas S. Pereira\" \/>\n<meta name=\"twitter:card\" content=\"summary_large_image\" \/>\n<meta name=\"twitter:label1\" content=\"Escrito por\" \/>\n\t<meta name=\"twitter:data1\" content=\"Ismael Lucas S. Pereira\" \/>\n\t<meta name=\"twitter:label2\" content=\"Est. tempo de leitura\" \/>\n\t<meta name=\"twitter:data2\" content=\"3 minutos\" \/>\n<script type=\"application\/ld+json\" class=\"yoast-schema-graph\">{\"@context\":\"https:\\\/\\\/schema.org\",\"@graph\":[{\"@type\":\"Article\",\"@id\":\"https:\\\/\\\/diariodepe.com.br\\\/cri\\\/2023\\\/04\\\/17\\\/comentario-democracia-norte-americana-destruiu-o-iraque\\\/#article\",\"isPartOf\":{\"@id\":\"https:\\\/\\\/diariodepe.com.br\\\/cri\\\/2023\\\/04\\\/17\\\/comentario-democracia-norte-americana-destruiu-o-iraque\\\/\"},\"author\":{\"name\":\"Ismael Lucas S. Pereira\",\"@id\":\"https:\\\/\\\/diariodepe.com.br\\\/cri\\\/#\\\/schema\\\/person\\\/121bb28d84f1a5b1205ef4ce9c2e0c6b\"},\"headline\":\"Coment\u00e1rio: Democracia norte-americana destruiu o Iraque\",\"datePublished\":\"2023-04-18T02:53:16+00:00\",\"mainEntityOfPage\":{\"@id\":\"https:\\\/\\\/diariodepe.com.br\\\/cri\\\/2023\\\/04\\\/17\\\/comentario-democracia-norte-americana-destruiu-o-iraque\\\/\"},\"wordCount\":425,\"commentCount\":0,\"publisher\":{\"@id\":\"https:\\\/\\\/diariodepe.com.br\\\/cri\\\/#organization\"},\"articleSection\":[\"Vis\u00e3o\"],\"inLanguage\":\"pt-BR\",\"potentialAction\":[{\"@type\":\"CommentAction\",\"name\":\"Comment\",\"target\":[\"https:\\\/\\\/diariodepe.com.br\\\/cri\\\/2023\\\/04\\\/17\\\/comentario-democracia-norte-americana-destruiu-o-iraque\\\/#respond\"]}]},{\"@type\":\"WebPage\",\"@id\":\"https:\\\/\\\/diariodepe.com.br\\\/cri\\\/2023\\\/04\\\/17\\\/comentario-democracia-norte-americana-destruiu-o-iraque\\\/\",\"url\":\"https:\\\/\\\/diariodepe.com.br\\\/cri\\\/2023\\\/04\\\/17\\\/comentario-democracia-norte-americana-destruiu-o-iraque\\\/\",\"name\":\"Coment\u00e1rio: Democracia norte-americana destruiu o Iraque - CRI e Diario de Pernambuco\",\"isPartOf\":{\"@id\":\"https:\\\/\\\/diariodepe.com.br\\\/cri\\\/#website\"},\"datePublished\":\"2023-04-18T02:53:16+00:00\",\"breadcrumb\":{\"@id\":\"https:\\\/\\\/diariodepe.com.br\\\/cri\\\/2023\\\/04\\\/17\\\/comentario-democracia-norte-americana-destruiu-o-iraque\\\/#breadcrumb\"},\"inLanguage\":\"pt-BR\",\"potentialAction\":[{\"@type\":\"ReadAction\",\"target\":[\"https:\\\/\\\/diariodepe.com.br\\\/cri\\\/2023\\\/04\\\/17\\\/comentario-democracia-norte-americana-destruiu-o-iraque\\\/\"]}]},{\"@type\":\"BreadcrumbList\",\"@id\":\"https:\\\/\\\/diariodepe.com.br\\\/cri\\\/2023\\\/04\\\/17\\\/comentario-democracia-norte-americana-destruiu-o-iraque\\\/#breadcrumb\",\"itemListElement\":[{\"@type\":\"ListItem\",\"position\":1,\"name\":\"In\u00edcio\",\"item\":\"https:\\\/\\\/diariodepe.com.br\\\/cri\\\/\"},{\"@type\":\"ListItem\",\"position\":2,\"name\":\"Coment\u00e1rio: Democracia norte-americana destruiu o Iraque\"}]},{\"@type\":\"WebSite\",\"@id\":\"https:\\\/\\\/diariodepe.com.br\\\/cri\\\/#website\",\"url\":\"https:\\\/\\\/diariodepe.com.br\\\/cri\\\/\",\"name\":\"CRI e Diario de Pernambuco\",\"description\":\"R\u00e1dio Internacional da China\",\"publisher\":{\"@id\":\"https:\\\/\\\/diariodepe.com.br\\\/cri\\\/#organization\"},\"potentialAction\":[{\"@type\":\"SearchAction\",\"target\":{\"@type\":\"EntryPoint\",\"urlTemplate\":\"https:\\\/\\\/diariodepe.com.br\\\/cri\\\/?s={search_term_string}\"},\"query-input\":{\"@type\":\"PropertyValueSpecification\",\"valueRequired\":true,\"valueName\":\"search_term_string\"}}],\"inLanguage\":\"pt-BR\"},{\"@type\":\"Organization\",\"@id\":\"https:\\\/\\\/diariodepe.com.br\\\/cri\\\/#organization\",\"name\":\"CRI e Diario de Pernambuco\",\"url\":\"https:\\\/\\\/diariodepe.com.br\\\/cri\\\/\",\"logo\":{\"@type\":\"ImageObject\",\"inLanguage\":\"pt-BR\",\"@id\":\"https:\\\/\\\/diariodepe.com.br\\\/cri\\\/#\\\/schema\\\/logo\\\/image\\\/\",\"url\":\"https:\\\/\\\/diariodepe.com.br\\\/cri\\\/wp-content\\\/uploads\\\/sites\\\/2\\\/2022\\\/12\\\/cropped-Logo.jpg\",\"contentUrl\":\"https:\\\/\\\/diariodepe.com.br\\\/cri\\\/wp-content\\\/uploads\\\/sites\\\/2\\\/2022\\\/12\\\/cropped-Logo.jpg\",\"width\":700,\"height\":59,\"caption\":\"CRI e Diario de Pernambuco\"},\"image\":{\"@id\":\"https:\\\/\\\/diariodepe.com.br\\\/cri\\\/#\\\/schema\\\/logo\\\/image\\\/\"}},{\"@type\":\"Person\",\"@id\":\"https:\\\/\\\/diariodepe.com.br\\\/cri\\\/#\\\/schema\\\/person\\\/121bb28d84f1a5b1205ef4ce9c2e0c6b\",\"name\":\"Ismael Lucas S. Pereira\",\"image\":{\"@type\":\"ImageObject\",\"inLanguage\":\"pt-BR\",\"@id\":\"https:\\\/\\\/secure.gravatar.com\\\/avatar\\\/887a0f3b5a7ceea963a48499fb883ffce6b5037362def025c52c2505b15d63e4?s=96&d=mm&r=g\",\"url\":\"https:\\\/\\\/secure.gravatar.com\\\/avatar\\\/887a0f3b5a7ceea963a48499fb883ffce6b5037362def025c52c2505b15d63e4?s=96&d=mm&r=g\",\"contentUrl\":\"https:\\\/\\\/secure.gravatar.com\\\/avatar\\\/887a0f3b5a7ceea963a48499fb883ffce6b5037362def025c52c2505b15d63e4?s=96&d=mm&r=g\",\"caption\":\"Ismael Lucas S. Pereira\"},\"url\":\"https:\\\/\\\/diariodepe.com.br\\\/cri\\\/author\\\/ismael-lucas\\\/\"}]}<\/script>\n<!-- \/ Yoast SEO plugin. -->","yoast_head_json":{"title":"Coment\u00e1rio: Democracia norte-americana destruiu o Iraque - CRI e Diario de Pernambuco","robots":{"index":"index","follow":"follow","max-snippet":"max-snippet:-1","max-image-preview":"max-image-preview:large","max-video-preview":"max-video-preview:-1"},"canonical":"https:\/\/diariodepe.com.br\/cri\/2023\/04\/17\/comentario-democracia-norte-americana-destruiu-o-iraque\/","og_locale":"pt_BR","og_type":"article","og_title":"Coment\u00e1rio: Democracia norte-americana destruiu o Iraque - CRI e Diario de Pernambuco","og_description":"A guerra contra o Iraque completou 20 anos nesta segunda-feira (20). Dias atr\u00e1s, centenas de pessoas se reuniram na Pra\u00e7a Lafayette, ao norte da Casa Branca, para manifestar suas oposi\u00e7\u00f5es contra as intermin\u00e1veis guerras desencadeadas pelos Estados Unidos. Vinte anos...","og_url":"https:\/\/diariodepe.com.br\/cri\/2023\/04\/17\/comentario-democracia-norte-americana-destruiu-o-iraque\/","og_site_name":"CRI e Diario de Pernambuco","article_published_time":"2023-04-18T02:53:16+00:00","author":"Ismael Lucas S. Pereira","twitter_card":"summary_large_image","twitter_misc":{"Escrito por":"Ismael Lucas S. Pereira","Est. tempo de leitura":"3 minutos"},"schema":{"@context":"https:\/\/schema.org","@graph":[{"@type":"Article","@id":"https:\/\/diariodepe.com.br\/cri\/2023\/04\/17\/comentario-democracia-norte-americana-destruiu-o-iraque\/#article","isPartOf":{"@id":"https:\/\/diariodepe.com.br\/cri\/2023\/04\/17\/comentario-democracia-norte-americana-destruiu-o-iraque\/"},"author":{"name":"Ismael Lucas S. Pereira","@id":"https:\/\/diariodepe.com.br\/cri\/#\/schema\/person\/121bb28d84f1a5b1205ef4ce9c2e0c6b"},"headline":"Coment\u00e1rio: Democracia norte-americana destruiu o Iraque","datePublished":"2023-04-18T02:53:16+00:00","mainEntityOfPage":{"@id":"https:\/\/diariodepe.com.br\/cri\/2023\/04\/17\/comentario-democracia-norte-americana-destruiu-o-iraque\/"},"wordCount":425,"commentCount":0,"publisher":{"@id":"https:\/\/diariodepe.com.br\/cri\/#organization"},"articleSection":["Vis\u00e3o"],"inLanguage":"pt-BR","potentialAction":[{"@type":"CommentAction","name":"Comment","target":["https:\/\/diariodepe.com.br\/cri\/2023\/04\/17\/comentario-democracia-norte-americana-destruiu-o-iraque\/#respond"]}]},{"@type":"WebPage","@id":"https:\/\/diariodepe.com.br\/cri\/2023\/04\/17\/comentario-democracia-norte-americana-destruiu-o-iraque\/","url":"https:\/\/diariodepe.com.br\/cri\/2023\/04\/17\/comentario-democracia-norte-americana-destruiu-o-iraque\/","name":"Coment\u00e1rio: Democracia norte-americana destruiu o Iraque - CRI e Diario de Pernambuco","isPartOf":{"@id":"https:\/\/diariodepe.com.br\/cri\/#website"},"datePublished":"2023-04-18T02:53:16+00:00","breadcrumb":{"@id":"https:\/\/diariodepe.com.br\/cri\/2023\/04\/17\/comentario-democracia-norte-americana-destruiu-o-iraque\/#breadcrumb"},"inLanguage":"pt-BR","potentialAction":[{"@type":"ReadAction","target":["https:\/\/diariodepe.com.br\/cri\/2023\/04\/17\/comentario-democracia-norte-americana-destruiu-o-iraque\/"]}]},{"@type":"BreadcrumbList","@id":"https:\/\/diariodepe.com.br\/cri\/2023\/04\/17\/comentario-democracia-norte-americana-destruiu-o-iraque\/#breadcrumb","itemListElement":[{"@type":"ListItem","position":1,"name":"In\u00edcio","item":"https:\/\/diariodepe.com.br\/cri\/"},{"@type":"ListItem","position":2,"name":"Coment\u00e1rio: Democracia norte-americana destruiu o Iraque"}]},{"@type":"WebSite","@id":"https:\/\/diariodepe.com.br\/cri\/#website","url":"https:\/\/diariodepe.com.br\/cri\/","name":"CRI e Diario de Pernambuco","description":"R\u00e1dio Internacional da China","publisher":{"@id":"https:\/\/diariodepe.com.br\/cri\/#organization"},"potentialAction":[{"@type":"SearchAction","target":{"@type":"EntryPoint","urlTemplate":"https:\/\/diariodepe.com.br\/cri\/?s={search_term_string}"},"query-input":{"@type":"PropertyValueSpecification","valueRequired":true,"valueName":"search_term_string"}}],"inLanguage":"pt-BR"},{"@type":"Organization","@id":"https:\/\/diariodepe.com.br\/cri\/#organization","name":"CRI e Diario de Pernambuco","url":"https:\/\/diariodepe.com.br\/cri\/","logo":{"@type":"ImageObject","inLanguage":"pt-BR","@id":"https:\/\/diariodepe.com.br\/cri\/#\/schema\/logo\/image\/","url":"https:\/\/diariodepe.com.br\/cri\/wp-content\/uploads\/sites\/2\/2022\/12\/cropped-Logo.jpg","contentUrl":"https:\/\/diariodepe.com.br\/cri\/wp-content\/uploads\/sites\/2\/2022\/12\/cropped-Logo.jpg","width":700,"height":59,"caption":"CRI e Diario de Pernambuco"},"image":{"@id":"https:\/\/diariodepe.com.br\/cri\/#\/schema\/logo\/image\/"}},{"@type":"Person","@id":"https:\/\/diariodepe.com.br\/cri\/#\/schema\/person\/121bb28d84f1a5b1205ef4ce9c2e0c6b","name":"Ismael Lucas S. Pereira","image":{"@type":"ImageObject","inLanguage":"pt-BR","@id":"https:\/\/secure.gravatar.com\/avatar\/887a0f3b5a7ceea963a48499fb883ffce6b5037362def025c52c2505b15d63e4?s=96&d=mm&r=g","url":"https:\/\/secure.gravatar.com\/avatar\/887a0f3b5a7ceea963a48499fb883ffce6b5037362def025c52c2505b15d63e4?s=96&d=mm&r=g","contentUrl":"https:\/\/secure.gravatar.com\/avatar\/887a0f3b5a7ceea963a48499fb883ffce6b5037362def025c52c2505b15d63e4?s=96&d=mm&r=g","caption":"Ismael Lucas S. Pereira"},"url":"https:\/\/diariodepe.com.br\/cri\/author\/ismael-lucas\/"}]}},"cc_featured_image_caption":{"caption_text":false,"source_text":false,"source_url":false},"amp_enabled":true,"_links":{"self":[{"href":"https:\/\/diariodepe.com.br\/cri\/wp-json\/wp\/v2\/posts\/1031","targetHints":{"allow":["GET"]}}],"collection":[{"href":"https:\/\/diariodepe.com.br\/cri\/wp-json\/wp\/v2\/posts"}],"about":[{"href":"https:\/\/diariodepe.com.br\/cri\/wp-json\/wp\/v2\/types\/post"}],"author":[{"embeddable":true,"href":"https:\/\/diariodepe.com.br\/cri\/wp-json\/wp\/v2\/users\/2"}],"replies":[{"embeddable":true,"href":"https:\/\/diariodepe.com.br\/cri\/wp-json\/wp\/v2\/comments?post=1031"}],"version-history":[{"count":1,"href":"https:\/\/diariodepe.com.br\/cri\/wp-json\/wp\/v2\/posts\/1031\/revisions"}],"predecessor-version":[{"id":1032,"href":"https:\/\/diariodepe.com.br\/cri\/wp-json\/wp\/v2\/posts\/1031\/revisions\/1032"}],"wp:attachment":[{"href":"https:\/\/diariodepe.com.br\/cri\/wp-json\/wp\/v2\/media?parent=1031"}],"wp:term":[{"taxonomy":"category","embeddable":true,"href":"https:\/\/diariodepe.com.br\/cri\/wp-json\/wp\/v2\/categories?post=1031"},{"taxonomy":"post_tag","embeddable":true,"href":"https:\/\/diariodepe.com.br\/cri\/wp-json\/wp\/v2\/tags?post=1031"}],"curies":[{"name":"wp","href":"https:\/\/api.w.org\/{rel}","templated":true}]}}