{"id":10309,"date":"2025-10-30T06:20:17","date_gmt":"2025-10-30T09:20:17","guid":{"rendered":"https:\/\/diariodepe.com.br\/cri\/?p=10309"},"modified":"2025-12-27T06:20:42","modified_gmt":"2025-12-27T09:20:42","slug":"cmg-realiza-dialogo-global-sobre-inovacao-abertura-e-desenvolvimento-compartilhado-em-colombo","status":"publish","type":"post","link":"https:\/\/diariodepe.com.br\/cri\/2025\/10\/30\/cmg-realiza-dialogo-global-sobre-inovacao-abertura-e-desenvolvimento-compartilhado-em-colombo\/","title":{"rendered":"CMG realiza di\u00e1logo global sobre inova\u00e7\u00e3o, abertura e desenvolvimento compartilhado em Colombo"},"content":{"rendered":"<p><img decoding=\"async\" src=\"https:\/\/38picres.cgtn.com\/photoAlbum\/page\/performance\/img\/2025\/10\/30\/1761796887192_233.png\" \/><\/p>\n<p>No dia 27 em Colombo, Sri Lanka, foi realizado o Di\u00e1logo Global intitulado \u201cInova\u00e7\u00e3o, Abertura e Desenvolvimento Compartilhado\u201d, organizado conjuntamente pelo Grupo de M\u00eddia da China (CMG) e pela Embaixada da China no Sri Lanka .<\/p>\n<p>O vice-diretor do Departamento de Comunica\u00e7\u00e3o do Comit\u00ea Central do Partido Comunista da China (PCCh) e presidente do CMG, Shen Haixiong, enviou mensagens em v\u00eddeo para o evento. O embaixador da China no Sri Lanka, Qi Zhenhong, e ministro do Trabalho e vice-ministro do Desenvolvimento Econ\u00f4mico do Sri Lanka, Anil Jayanta Fernando, proferiram discursos presencialmente.<\/p>\n<p>Shen Haixiong destacou que a 4\u00aa Sess\u00e3o Plen\u00e1ria do 20\u00ba Comit\u00ea Central do PCCh, amplamente acompanhada pelo mundo, foi encerrada com \u00eaxito em Beijing, deixando outro marco importante na nova era do pa\u00eds. Ele lembrou que, ao final do 14\u00ba Plano Quinquenal, o desenvolvimento econ\u00f4mico e social da China atingiu um novo patamar, contribuindo com cerca de 30% para o crescimento econ\u00f4mico global. Shen afirmou ainda que o CMG continuar\u00e1 trabalhando com seus parceiros a fim de criar uma plataforma global de interc\u00e2mbio e coopera\u00e7\u00e3o, praticar as \u201cQuatro Iniciativas Globais\u201d e partilhar com o mundo as solu\u00e7\u00f5es chinesas para a governan\u00e7a global.<\/p>\n<p><img decoding=\"async\" src=\"https:\/\/38picres.cgtn.com\/photoAlbum\/page\/performance\/img\/2025\/10\/30\/1761796956916_136.jpg\" \/><\/p>\n<p>O embaixador da China no Sri Lanka, Qi Zhenhong, destacou que, nos pr\u00f3ximos cinco anos, a for\u00e7a inovadora da China continuar\u00e1 crescendo e o pa\u00eds abrir\u00e1 ainda mais suas portas ao mundo. A China est\u00e1 disposta a refor\u00e7ar a coordena\u00e7\u00e3o estrat\u00e9gica e o alinhamento de planos de desenvolvimento com o Sri Lanka, a promover conjuntamente a constru\u00e7\u00e3o de alta qualidade da Iniciativa Cintur\u00e3o e Rota e a expandir continuamente a amplitude e a profundidade da coopera\u00e7\u00e3o bilateral.<\/p>\n<p><img decoding=\"async\" src=\"https:\/\/38picres.cgtn.com\/photoAlbum\/page\/performance\/img\/2025\/10\/30\/1761796967529_899.jpg\" \/><\/p>\n<p>O ministro do Trabalho e vice-ministro do Desenvolvimento Econ\u00f4mico do Sri Lanka, Anil Jayanta Fernando, afirmou que a inova\u00e7\u00e3o \u00e9 o principal motor do crescimento econ\u00f4mico. Nas \u00faltimas d\u00e9cadas, a China alcan\u00e7ou conquistas de desenvolvimento impressionantes, e sua capacidade de inova\u00e7\u00e3o cient\u00edfica e tecnol\u00f3gica, bem como sua atitude de abertura e coopera\u00e7\u00e3o, s\u00e3o dignas de admira\u00e7\u00e3o. O Sri Lanka apoia a postura da China em favor da abertura e da coopera\u00e7\u00e3o e est\u00e1 disposto a fortalecer ainda mais a solidariedade, a coopera\u00e7\u00e3o e a amizade com a China e com outros parceiros de desenvolvimento, a fim de construir juntos um futuro mais promissor.<\/p>\n<p>Durante o evento, os participantes discutiram em profundidade temas como a amplia\u00e7\u00e3o da abertura de alto n\u00edvel da China ao exterior, o compartilhamento de oportunidades e o desenvolvimento conjunto com os demais pa\u00edses.<\/p>\n","protected":false},"excerpt":{"rendered":"<p>No dia 27 em Colombo, Sri Lanka, foi realizado o Di\u00e1logo Global intitulado \u201cInova\u00e7\u00e3o, Abertura e Desenvolvimento Compartilhado\u201d, organizado conjuntamente pelo Grupo de M\u00eddia da China (CMG) e pela Embaixada da China no Sri Lanka . O vice-diretor do Departamento&#8230;<\/p>\n","protected":false},"author":5,"featured_media":0,"comment_status":"open","ping_status":"open","sticky":false,"template":"","format":"standard","meta":{"footnotes":""},"categories":[8],"tags":[],"class_list":["post-10309","post","type-post","status-publish","format-standard","hentry","category-internacional"],"yoast_head":"<!-- This site is optimized with the Yoast SEO plugin v27.4 - https:\/\/yoast.com\/product\/yoast-seo-wordpress\/ -->\n<title>CMG realiza di\u00e1logo global sobre inova\u00e7\u00e3o, abertura e desenvolvimento compartilhado em Colombo - CRI e Diario de Pernambuco<\/title>\n<meta name=\"robots\" content=\"index, follow, max-snippet:-1, max-image-preview:large, max-video-preview:-1\" \/>\n<link rel=\"canonical\" href=\"https:\/\/diariodepe.com.br\/cri\/2025\/10\/30\/cmg-realiza-dialogo-global-sobre-inovacao-abertura-e-desenvolvimento-compartilhado-em-colombo\/\" \/>\n<meta property=\"og:locale\" content=\"pt_BR\" \/>\n<meta property=\"og:type\" content=\"article\" \/>\n<meta property=\"og:title\" content=\"CMG realiza di\u00e1logo global sobre inova\u00e7\u00e3o, abertura e desenvolvimento compartilhado em Colombo - CRI e Diario de Pernambuco\" \/>\n<meta property=\"og:description\" content=\"No dia 27 em Colombo, Sri Lanka, foi realizado o Di\u00e1logo Global intitulado \u201cInova\u00e7\u00e3o, Abertura e Desenvolvimento Compartilhado\u201d, organizado conjuntamente pelo Grupo de M\u00eddia da China (CMG) e pela Embaixada da China no Sri Lanka . O vice-diretor do Departamento...\" \/>\n<meta property=\"og:url\" content=\"https:\/\/diariodepe.com.br\/cri\/2025\/10\/30\/cmg-realiza-dialogo-global-sobre-inovacao-abertura-e-desenvolvimento-compartilhado-em-colombo\/\" \/>\n<meta property=\"og:site_name\" content=\"CRI e Diario de Pernambuco\" \/>\n<meta property=\"article:published_time\" content=\"2025-10-30T09:20:17+00:00\" \/>\n<meta property=\"article:modified_time\" content=\"2025-12-27T09:20:42+00:00\" \/>\n<meta property=\"og:image\" content=\"https:\/\/38picres.cgtn.com\/photoAlbum\/page\/performance\/img\/2025\/10\/30\/1761796887192_233.png\" \/>\n<meta name=\"author\" content=\"CRI Portugu\u00eas\" \/>\n<meta name=\"twitter:card\" content=\"summary_large_image\" \/>\n<meta name=\"twitter:label1\" content=\"Escrito por\" \/>\n\t<meta name=\"twitter:data1\" content=\"CRI Portugu\u00eas\" \/>\n\t<meta name=\"twitter:label2\" content=\"Est. tempo de leitura\" \/>\n\t<meta name=\"twitter:data2\" content=\"3 minutos\" \/>\n<script type=\"application\/ld+json\" class=\"yoast-schema-graph\">{\"@context\":\"https:\\\/\\\/schema.org\",\"@graph\":[{\"@type\":\"Article\",\"@id\":\"https:\\\/\\\/diariodepe.com.br\\\/cri\\\/2025\\\/10\\\/30\\\/cmg-realiza-dialogo-global-sobre-inovacao-abertura-e-desenvolvimento-compartilhado-em-colombo\\\/#article\",\"isPartOf\":{\"@id\":\"https:\\\/\\\/diariodepe.com.br\\\/cri\\\/2025\\\/10\\\/30\\\/cmg-realiza-dialogo-global-sobre-inovacao-abertura-e-desenvolvimento-compartilhado-em-colombo\\\/\"},\"author\":{\"name\":\"CRI Portugu\u00eas\",\"@id\":\"https:\\\/\\\/diariodepe.com.br\\\/cri\\\/#\\\/schema\\\/person\\\/e474aead631cd4098632e11d3fbce118\"},\"headline\":\"CMG realiza di\u00e1logo global sobre inova\u00e7\u00e3o, abertura e desenvolvimento compartilhado em Colombo\",\"datePublished\":\"2025-10-30T09:20:17+00:00\",\"dateModified\":\"2025-12-27T09:20:42+00:00\",\"mainEntityOfPage\":{\"@id\":\"https:\\\/\\\/diariodepe.com.br\\\/cri\\\/2025\\\/10\\\/30\\\/cmg-realiza-dialogo-global-sobre-inovacao-abertura-e-desenvolvimento-compartilhado-em-colombo\\\/\"},\"wordCount\":453,\"commentCount\":0,\"publisher\":{\"@id\":\"https:\\\/\\\/diariodepe.com.br\\\/cri\\\/#organization\"},\"image\":{\"@id\":\"https:\\\/\\\/diariodepe.com.br\\\/cri\\\/2025\\\/10\\\/30\\\/cmg-realiza-dialogo-global-sobre-inovacao-abertura-e-desenvolvimento-compartilhado-em-colombo\\\/#primaryimage\"},\"thumbnailUrl\":\"https:\\\/\\\/38picres.cgtn.com\\\/photoAlbum\\\/page\\\/performance\\\/img\\\/2025\\\/10\\\/30\\\/1761796887192_233.png\",\"articleSection\":[\"Internacional\"],\"inLanguage\":\"pt-BR\",\"potentialAction\":[{\"@type\":\"CommentAction\",\"name\":\"Comment\",\"target\":[\"https:\\\/\\\/diariodepe.com.br\\\/cri\\\/2025\\\/10\\\/30\\\/cmg-realiza-dialogo-global-sobre-inovacao-abertura-e-desenvolvimento-compartilhado-em-colombo\\\/#respond\"]}]},{\"@type\":\"WebPage\",\"@id\":\"https:\\\/\\\/diariodepe.com.br\\\/cri\\\/2025\\\/10\\\/30\\\/cmg-realiza-dialogo-global-sobre-inovacao-abertura-e-desenvolvimento-compartilhado-em-colombo\\\/\",\"url\":\"https:\\\/\\\/diariodepe.com.br\\\/cri\\\/2025\\\/10\\\/30\\\/cmg-realiza-dialogo-global-sobre-inovacao-abertura-e-desenvolvimento-compartilhado-em-colombo\\\/\",\"name\":\"CMG realiza di\u00e1logo global sobre inova\u00e7\u00e3o, abertura e desenvolvimento compartilhado em Colombo - CRI e Diario de Pernambuco\",\"isPartOf\":{\"@id\":\"https:\\\/\\\/diariodepe.com.br\\\/cri\\\/#website\"},\"primaryImageOfPage\":{\"@id\":\"https:\\\/\\\/diariodepe.com.br\\\/cri\\\/2025\\\/10\\\/30\\\/cmg-realiza-dialogo-global-sobre-inovacao-abertura-e-desenvolvimento-compartilhado-em-colombo\\\/#primaryimage\"},\"image\":{\"@id\":\"https:\\\/\\\/diariodepe.com.br\\\/cri\\\/2025\\\/10\\\/30\\\/cmg-realiza-dialogo-global-sobre-inovacao-abertura-e-desenvolvimento-compartilhado-em-colombo\\\/#primaryimage\"},\"thumbnailUrl\":\"https:\\\/\\\/38picres.cgtn.com\\\/photoAlbum\\\/page\\\/performance\\\/img\\\/2025\\\/10\\\/30\\\/1761796887192_233.png\",\"datePublished\":\"2025-10-30T09:20:17+00:00\",\"dateModified\":\"2025-12-27T09:20:42+00:00\",\"breadcrumb\":{\"@id\":\"https:\\\/\\\/diariodepe.com.br\\\/cri\\\/2025\\\/10\\\/30\\\/cmg-realiza-dialogo-global-sobre-inovacao-abertura-e-desenvolvimento-compartilhado-em-colombo\\\/#breadcrumb\"},\"inLanguage\":\"pt-BR\",\"potentialAction\":[{\"@type\":\"ReadAction\",\"target\":[\"https:\\\/\\\/diariodepe.com.br\\\/cri\\\/2025\\\/10\\\/30\\\/cmg-realiza-dialogo-global-sobre-inovacao-abertura-e-desenvolvimento-compartilhado-em-colombo\\\/\"]}]},{\"@type\":\"ImageObject\",\"inLanguage\":\"pt-BR\",\"@id\":\"https:\\\/\\\/diariodepe.com.br\\\/cri\\\/2025\\\/10\\\/30\\\/cmg-realiza-dialogo-global-sobre-inovacao-abertura-e-desenvolvimento-compartilhado-em-colombo\\\/#primaryimage\",\"url\":\"https:\\\/\\\/38picres.cgtn.com\\\/photoAlbum\\\/page\\\/performance\\\/img\\\/2025\\\/10\\\/30\\\/1761796887192_233.png\",\"contentUrl\":\"https:\\\/\\\/38picres.cgtn.com\\\/photoAlbum\\\/page\\\/performance\\\/img\\\/2025\\\/10\\\/30\\\/1761796887192_233.png\"},{\"@type\":\"BreadcrumbList\",\"@id\":\"https:\\\/\\\/diariodepe.com.br\\\/cri\\\/2025\\\/10\\\/30\\\/cmg-realiza-dialogo-global-sobre-inovacao-abertura-e-desenvolvimento-compartilhado-em-colombo\\\/#breadcrumb\",\"itemListElement\":[{\"@type\":\"ListItem\",\"position\":1,\"name\":\"In\u00edcio\",\"item\":\"https:\\\/\\\/diariodepe.com.br\\\/cri\\\/\"},{\"@type\":\"ListItem\",\"position\":2,\"name\":\"CMG realiza di\u00e1logo global sobre inova\u00e7\u00e3o, abertura e desenvolvimento compartilhado em Colombo\"}]},{\"@type\":\"WebSite\",\"@id\":\"https:\\\/\\\/diariodepe.com.br\\\/cri\\\/#website\",\"url\":\"https:\\\/\\\/diariodepe.com.br\\\/cri\\\/\",\"name\":\"CRI e Diario de Pernambuco\",\"description\":\"R\u00e1dio Internacional da China\",\"publisher\":{\"@id\":\"https:\\\/\\\/diariodepe.com.br\\\/cri\\\/#organization\"},\"potentialAction\":[{\"@type\":\"SearchAction\",\"target\":{\"@type\":\"EntryPoint\",\"urlTemplate\":\"https:\\\/\\\/diariodepe.com.br\\\/cri\\\/?s={search_term_string}\"},\"query-input\":{\"@type\":\"PropertyValueSpecification\",\"valueRequired\":true,\"valueName\":\"search_term_string\"}}],\"inLanguage\":\"pt-BR\"},{\"@type\":\"Organization\",\"@id\":\"https:\\\/\\\/diariodepe.com.br\\\/cri\\\/#organization\",\"name\":\"CRI e Diario de Pernambuco\",\"url\":\"https:\\\/\\\/diariodepe.com.br\\\/cri\\\/\",\"logo\":{\"@type\":\"ImageObject\",\"inLanguage\":\"pt-BR\",\"@id\":\"https:\\\/\\\/diariodepe.com.br\\\/cri\\\/#\\\/schema\\\/logo\\\/image\\\/\",\"url\":\"https:\\\/\\\/diariodepe.com.br\\\/cri\\\/wp-content\\\/uploads\\\/sites\\\/2\\\/2022\\\/12\\\/cropped-Logo.jpg\",\"contentUrl\":\"https:\\\/\\\/diariodepe.com.br\\\/cri\\\/wp-content\\\/uploads\\\/sites\\\/2\\\/2022\\\/12\\\/cropped-Logo.jpg\",\"width\":700,\"height\":59,\"caption\":\"CRI e Diario de Pernambuco\"},\"image\":{\"@id\":\"https:\\\/\\\/diariodepe.com.br\\\/cri\\\/#\\\/schema\\\/logo\\\/image\\\/\"}},{\"@type\":\"Person\",\"@id\":\"https:\\\/\\\/diariodepe.com.br\\\/cri\\\/#\\\/schema\\\/person\\\/e474aead631cd4098632e11d3fbce118\",\"name\":\"CRI Portugu\u00eas\",\"image\":{\"@type\":\"ImageObject\",\"inLanguage\":\"pt-BR\",\"@id\":\"https:\\\/\\\/secure.gravatar.com\\\/avatar\\\/e2ac889ef882d4dc53091b610766dce49106cf9fe98c76e06745abb0993b2763?s=96&d=mm&r=g\",\"url\":\"https:\\\/\\\/secure.gravatar.com\\\/avatar\\\/e2ac889ef882d4dc53091b610766dce49106cf9fe98c76e06745abb0993b2763?s=96&d=mm&r=g\",\"contentUrl\":\"https:\\\/\\\/secure.gravatar.com\\\/avatar\\\/e2ac889ef882d4dc53091b610766dce49106cf9fe98c76e06745abb0993b2763?s=96&d=mm&r=g\",\"caption\":\"CRI Portugu\u00eas\"},\"sameAs\":[\"https:\\\/\\\/www.diariodepernambuco.com.br\\\/\"],\"url\":\"https:\\\/\\\/diariodepe.com.br\\\/cri\\\/author\\\/agencia-cri\\\/\"}]}<\/script>\n<!-- \/ Yoast SEO plugin. -->","yoast_head_json":{"title":"CMG realiza di\u00e1logo global sobre inova\u00e7\u00e3o, abertura e desenvolvimento compartilhado em Colombo - CRI e Diario de Pernambuco","robots":{"index":"index","follow":"follow","max-snippet":"max-snippet:-1","max-image-preview":"max-image-preview:large","max-video-preview":"max-video-preview:-1"},"canonical":"https:\/\/diariodepe.com.br\/cri\/2025\/10\/30\/cmg-realiza-dialogo-global-sobre-inovacao-abertura-e-desenvolvimento-compartilhado-em-colombo\/","og_locale":"pt_BR","og_type":"article","og_title":"CMG realiza di\u00e1logo global sobre inova\u00e7\u00e3o, abertura e desenvolvimento compartilhado em Colombo - CRI e Diario de Pernambuco","og_description":"No dia 27 em Colombo, Sri Lanka, foi realizado o Di\u00e1logo Global intitulado \u201cInova\u00e7\u00e3o, Abertura e Desenvolvimento Compartilhado\u201d, organizado conjuntamente pelo Grupo de M\u00eddia da China (CMG) e pela Embaixada da China no Sri Lanka . O vice-diretor do Departamento...","og_url":"https:\/\/diariodepe.com.br\/cri\/2025\/10\/30\/cmg-realiza-dialogo-global-sobre-inovacao-abertura-e-desenvolvimento-compartilhado-em-colombo\/","og_site_name":"CRI e Diario de Pernambuco","article_published_time":"2025-10-30T09:20:17+00:00","article_modified_time":"2025-12-27T09:20:42+00:00","og_image":[{"url":"https:\/\/38picres.cgtn.com\/photoAlbum\/page\/performance\/img\/2025\/10\/30\/1761796887192_233.png","type":"","width":"","height":""}],"author":"CRI Portugu\u00eas","twitter_card":"summary_large_image","twitter_misc":{"Escrito por":"CRI Portugu\u00eas","Est. tempo de leitura":"3 minutos"},"schema":{"@context":"https:\/\/schema.org","@graph":[{"@type":"Article","@id":"https:\/\/diariodepe.com.br\/cri\/2025\/10\/30\/cmg-realiza-dialogo-global-sobre-inovacao-abertura-e-desenvolvimento-compartilhado-em-colombo\/#article","isPartOf":{"@id":"https:\/\/diariodepe.com.br\/cri\/2025\/10\/30\/cmg-realiza-dialogo-global-sobre-inovacao-abertura-e-desenvolvimento-compartilhado-em-colombo\/"},"author":{"name":"CRI Portugu\u00eas","@id":"https:\/\/diariodepe.com.br\/cri\/#\/schema\/person\/e474aead631cd4098632e11d3fbce118"},"headline":"CMG realiza di\u00e1logo global sobre inova\u00e7\u00e3o, abertura e desenvolvimento compartilhado em Colombo","datePublished":"2025-10-30T09:20:17+00:00","dateModified":"2025-12-27T09:20:42+00:00","mainEntityOfPage":{"@id":"https:\/\/diariodepe.com.br\/cri\/2025\/10\/30\/cmg-realiza-dialogo-global-sobre-inovacao-abertura-e-desenvolvimento-compartilhado-em-colombo\/"},"wordCount":453,"commentCount":0,"publisher":{"@id":"https:\/\/diariodepe.com.br\/cri\/#organization"},"image":{"@id":"https:\/\/diariodepe.com.br\/cri\/2025\/10\/30\/cmg-realiza-dialogo-global-sobre-inovacao-abertura-e-desenvolvimento-compartilhado-em-colombo\/#primaryimage"},"thumbnailUrl":"https:\/\/38picres.cgtn.com\/photoAlbum\/page\/performance\/img\/2025\/10\/30\/1761796887192_233.png","articleSection":["Internacional"],"inLanguage":"pt-BR","potentialAction":[{"@type":"CommentAction","name":"Comment","target":["https:\/\/diariodepe.com.br\/cri\/2025\/10\/30\/cmg-realiza-dialogo-global-sobre-inovacao-abertura-e-desenvolvimento-compartilhado-em-colombo\/#respond"]}]},{"@type":"WebPage","@id":"https:\/\/diariodepe.com.br\/cri\/2025\/10\/30\/cmg-realiza-dialogo-global-sobre-inovacao-abertura-e-desenvolvimento-compartilhado-em-colombo\/","url":"https:\/\/diariodepe.com.br\/cri\/2025\/10\/30\/cmg-realiza-dialogo-global-sobre-inovacao-abertura-e-desenvolvimento-compartilhado-em-colombo\/","name":"CMG realiza di\u00e1logo global sobre inova\u00e7\u00e3o, abertura e desenvolvimento compartilhado em Colombo - CRI e Diario de Pernambuco","isPartOf":{"@id":"https:\/\/diariodepe.com.br\/cri\/#website"},"primaryImageOfPage":{"@id":"https:\/\/diariodepe.com.br\/cri\/2025\/10\/30\/cmg-realiza-dialogo-global-sobre-inovacao-abertura-e-desenvolvimento-compartilhado-em-colombo\/#primaryimage"},"image":{"@id":"https:\/\/diariodepe.com.br\/cri\/2025\/10\/30\/cmg-realiza-dialogo-global-sobre-inovacao-abertura-e-desenvolvimento-compartilhado-em-colombo\/#primaryimage"},"thumbnailUrl":"https:\/\/38picres.cgtn.com\/photoAlbum\/page\/performance\/img\/2025\/10\/30\/1761796887192_233.png","datePublished":"2025-10-30T09:20:17+00:00","dateModified":"2025-12-27T09:20:42+00:00","breadcrumb":{"@id":"https:\/\/diariodepe.com.br\/cri\/2025\/10\/30\/cmg-realiza-dialogo-global-sobre-inovacao-abertura-e-desenvolvimento-compartilhado-em-colombo\/#breadcrumb"},"inLanguage":"pt-BR","potentialAction":[{"@type":"ReadAction","target":["https:\/\/diariodepe.com.br\/cri\/2025\/10\/30\/cmg-realiza-dialogo-global-sobre-inovacao-abertura-e-desenvolvimento-compartilhado-em-colombo\/"]}]},{"@type":"ImageObject","inLanguage":"pt-BR","@id":"https:\/\/diariodepe.com.br\/cri\/2025\/10\/30\/cmg-realiza-dialogo-global-sobre-inovacao-abertura-e-desenvolvimento-compartilhado-em-colombo\/#primaryimage","url":"https:\/\/38picres.cgtn.com\/photoAlbum\/page\/performance\/img\/2025\/10\/30\/1761796887192_233.png","contentUrl":"https:\/\/38picres.cgtn.com\/photoAlbum\/page\/performance\/img\/2025\/10\/30\/1761796887192_233.png"},{"@type":"BreadcrumbList","@id":"https:\/\/diariodepe.com.br\/cri\/2025\/10\/30\/cmg-realiza-dialogo-global-sobre-inovacao-abertura-e-desenvolvimento-compartilhado-em-colombo\/#breadcrumb","itemListElement":[{"@type":"ListItem","position":1,"name":"In\u00edcio","item":"https:\/\/diariodepe.com.br\/cri\/"},{"@type":"ListItem","position":2,"name":"CMG realiza di\u00e1logo global sobre inova\u00e7\u00e3o, abertura e desenvolvimento compartilhado em Colombo"}]},{"@type":"WebSite","@id":"https:\/\/diariodepe.com.br\/cri\/#website","url":"https:\/\/diariodepe.com.br\/cri\/","name":"CRI e Diario de Pernambuco","description":"R\u00e1dio Internacional da China","publisher":{"@id":"https:\/\/diariodepe.com.br\/cri\/#organization"},"potentialAction":[{"@type":"SearchAction","target":{"@type":"EntryPoint","urlTemplate":"https:\/\/diariodepe.com.br\/cri\/?s={search_term_string}"},"query-input":{"@type":"PropertyValueSpecification","valueRequired":true,"valueName":"search_term_string"}}],"inLanguage":"pt-BR"},{"@type":"Organization","@id":"https:\/\/diariodepe.com.br\/cri\/#organization","name":"CRI e Diario de Pernambuco","url":"https:\/\/diariodepe.com.br\/cri\/","logo":{"@type":"ImageObject","inLanguage":"pt-BR","@id":"https:\/\/diariodepe.com.br\/cri\/#\/schema\/logo\/image\/","url":"https:\/\/diariodepe.com.br\/cri\/wp-content\/uploads\/sites\/2\/2022\/12\/cropped-Logo.jpg","contentUrl":"https:\/\/diariodepe.com.br\/cri\/wp-content\/uploads\/sites\/2\/2022\/12\/cropped-Logo.jpg","width":700,"height":59,"caption":"CRI e Diario de Pernambuco"},"image":{"@id":"https:\/\/diariodepe.com.br\/cri\/#\/schema\/logo\/image\/"}},{"@type":"Person","@id":"https:\/\/diariodepe.com.br\/cri\/#\/schema\/person\/e474aead631cd4098632e11d3fbce118","name":"CRI Portugu\u00eas","image":{"@type":"ImageObject","inLanguage":"pt-BR","@id":"https:\/\/secure.gravatar.com\/avatar\/e2ac889ef882d4dc53091b610766dce49106cf9fe98c76e06745abb0993b2763?s=96&d=mm&r=g","url":"https:\/\/secure.gravatar.com\/avatar\/e2ac889ef882d4dc53091b610766dce49106cf9fe98c76e06745abb0993b2763?s=96&d=mm&r=g","contentUrl":"https:\/\/secure.gravatar.com\/avatar\/e2ac889ef882d4dc53091b610766dce49106cf9fe98c76e06745abb0993b2763?s=96&d=mm&r=g","caption":"CRI Portugu\u00eas"},"sameAs":["https:\/\/www.diariodepernambuco.com.br\/"],"url":"https:\/\/diariodepe.com.br\/cri\/author\/agencia-cri\/"}]}},"cc_featured_image_caption":{"caption_text":"","source_text":"","source_url":""},"amp_enabled":true,"_links":{"self":[{"href":"https:\/\/diariodepe.com.br\/cri\/wp-json\/wp\/v2\/posts\/10309","targetHints":{"allow":["GET"]}}],"collection":[{"href":"https:\/\/diariodepe.com.br\/cri\/wp-json\/wp\/v2\/posts"}],"about":[{"href":"https:\/\/diariodepe.com.br\/cri\/wp-json\/wp\/v2\/types\/post"}],"author":[{"embeddable":true,"href":"https:\/\/diariodepe.com.br\/cri\/wp-json\/wp\/v2\/users\/5"}],"replies":[{"embeddable":true,"href":"https:\/\/diariodepe.com.br\/cri\/wp-json\/wp\/v2\/comments?post=10309"}],"version-history":[{"count":1,"href":"https:\/\/diariodepe.com.br\/cri\/wp-json\/wp\/v2\/posts\/10309\/revisions"}],"predecessor-version":[{"id":10310,"href":"https:\/\/diariodepe.com.br\/cri\/wp-json\/wp\/v2\/posts\/10309\/revisions\/10310"}],"wp:attachment":[{"href":"https:\/\/diariodepe.com.br\/cri\/wp-json\/wp\/v2\/media?parent=10309"}],"wp:term":[{"taxonomy":"category","embeddable":true,"href":"https:\/\/diariodepe.com.br\/cri\/wp-json\/wp\/v2\/categories?post=10309"},{"taxonomy":"post_tag","embeddable":true,"href":"https:\/\/diariodepe.com.br\/cri\/wp-json\/wp\/v2\/tags?post=10309"}],"curies":[{"name":"wp","href":"https:\/\/api.w.org\/{rel}","templated":true}]}}