{"id":10306,"date":"2025-10-29T06:17:30","date_gmt":"2025-10-29T09:17:30","guid":{"rendered":"https:\/\/diariodepe.com.br\/cri\/?p=10306"},"modified":"2025-12-27T06:18:13","modified_gmt":"2025-12-27T09:18:13","slug":"cmg-realiza-dialogo-global-sobre-inovacao-abertura-e-desenvolvimento-compartilhado-em-moscou","status":"publish","type":"post","link":"https:\/\/diariodepe.com.br\/cri\/2025\/10\/29\/cmg-realiza-dialogo-global-sobre-inovacao-abertura-e-desenvolvimento-compartilhado-em-moscou\/","title":{"rendered":"CMG realiza Di\u00e1logo Global sobre Inova\u00e7\u00e3o, Abertura e Desenvolvimento Compartilhado em Moscou"},"content":{"rendered":"<p><img decoding=\"async\" src=\"https:\/\/38picres.cgtn.com\/photoAlbum\/page\/performance\/img\/2025\/10\/29\/1761725580445_906.jpg\" \/><\/p>\n<p>O Di\u00e1logo Global intitulado \u201cInova\u00e7\u00e3o, Abertura e Desenvolvimento Compartilhado\u201d, organizado pelo Grupo de M\u00eddia da China (CMG), foi realizado nessa segunda-feira (27) em Moscou, R\u00fassia.<\/p>\n<p>O vice-diretor do Departamento de Comunica\u00e7\u00e3o do Comit\u00ea Central do Partido Comunista da China (PCCh) e presidente do CMG, Shen Haixiong, enviou mensagem em v\u00eddeo ao evento. O Encarregado de Neg\u00f3cios da Embaixada da China na R\u00fassia, Zhang Wei; o vice-presidente do Grupo de M\u00eddia Internacional &#8220;Russia Today&#8221;, Alexander Vladimirovich Yakovenko; o representante das empresas chinesas na R\u00fassia, Sun Bohui, compareceram ao evento e proferiram discursos.<\/p>\n<p>Shen Haixiong destacou que a 4\u00aa Sess\u00e3o Plen\u00e1ria do 20\u00ba Comit\u00ea Central do PCCh, amplamente acompanhada pelo mundo, foi conclu\u00edda com \u00eaxito em Beijing, marcando outro patamar importante na nova era da China. A reuni\u00e3o passa o sinal de que o pa\u00eds vai continuar a expandir o seu n\u00edvel de abertura, e criar uma nova conjuntura de benef\u00edcio m\u00fatuo. Independentemente das mudan\u00e7as na conjuntura internacional, a China, mais aberta, inovadora e comprometida com o compartilhamento de oportunidades na nova era, injetar\u00e1 confian\u00e7a na ordem internacional. Shen afirmou ainda que o CMG continuar\u00e1 a trabalhar com seus parceiros para criar uma plataforma global de interc\u00e2mbio e coopera\u00e7\u00e3o, a praticar as \u201cQuatro Iniciativas Globais\u201de compartilhar com o mundo as solu\u00e7\u00f5es chinesas para a governan\u00e7a global.<\/p>\n<p><img decoding=\"async\" src=\"https:\/\/38picres.cgtn.com\/photoAlbum\/page\/performance\/img\/2025\/10\/29\/1761725773026_689.jpg\" \/><\/p>\n<p>Zhang Wei disse que a 4\u00aa Sess\u00e3o Plen\u00e1ria do 20\u00ba Comit\u00ea Central do PCCh estabeleceu o objetivo principal para o desenvolvimento socioecon\u00f4mico no 15\u00ba Plano Quinquenal da China, sendo um planejamento abrangente para promover a moderniza\u00e7\u00e3o chinesa. Em setembro deste ano, o presidente chin\u00eas,Xi Jinping prop\u00f4s, pela primeira vez, a Iniciativa de Governan\u00e7a Global, que recebeu apoio imediato do presidente russo, Vladimir Putin. A China deseja trabalhar em conjunto com a R\u00fassia, fortalecer a coordena\u00e7\u00e3o com base nos consensos alcan\u00e7ados pelos l\u00edderes dos dois pa\u00edses, indicar a dire\u00e7\u00e3o correta para a governan\u00e7a global, promover o desenvolvimento comum e alcan\u00e7ar a paz mundial.<\/p>\n<p><img decoding=\"async\" src=\"https:\/\/38picres.cgtn.com\/photoAlbum\/page\/performance\/img\/2025\/10\/29\/1761725786628_939.jpg\" \/><\/p>\n<p>Alexander Vladimirovich Yakovenko afirmou que a men\u00e7\u00e3o de &#8220;acelerar a autossufici\u00eancia e autoconfian\u00e7a tecnol\u00f3gica em alto n\u00edvel&#8221; , no comunicado da 4\u00aa Sess\u00e3o Plen\u00e1ria do 20\u00ba Comit\u00ea Central do PCCh, possui um significado importante. Diante do cen\u00e1rio global em r\u00e1pida transforma\u00e7\u00e3o, a China demonstra uma percep\u00e7\u00e3o aguda e abertura para o mundo. O processo de moderniza\u00e7\u00e3o da China sempre ocorre em conjunto com a coopera\u00e7\u00e3o e os resultados compartilhados com outros pa\u00edses, e esta parceria confi\u00e1vel constitui a pedra angular do desenvolvimento das rela\u00e7\u00f5es internacionais contempor\u00e2neas. A realiza\u00e7\u00e3o desse evento demonstra o esp\u00edrito de abertura pela China.<\/p>\n<p>Sun Bohui disse que o sucesso do investimento das empresas chinesas no exterior provou que o fortalecimento da coopera\u00e7\u00e3o comercial traz benef\u00edcios para consolidar a confian\u00e7a m\u00fatua e estimular o desenvolvimento comum entre os dois pa\u00edses. As empresas chinesas na R\u00fassia v\u00e3o continuar a insistir na coopera\u00e7\u00e3o de ganha-ganha, fortalecendo a base de opini\u00e3o p\u00fablica para promover o desenvolvimento das rela\u00e7\u00f5es bilaterais entre os dois pa\u00edses.<\/p>\n<p>No evento, convidados dos setores pol\u00edtico, acad\u00e9mico, empresarial e midi\u00e1tico da China e da R\u00fassia realizaram um interc\u00e2mbio profundo sobre a expans\u00e3o da abertura de alto n\u00edvel da China ao exterior.<\/p>\n<p>&nbsp;<\/p>\n","protected":false},"excerpt":{"rendered":"<p>O Di\u00e1logo Global intitulado \u201cInova\u00e7\u00e3o, Abertura e Desenvolvimento Compartilhado\u201d, organizado pelo Grupo de M\u00eddia da China (CMG), foi realizado nessa segunda-feira (27) em Moscou, R\u00fassia. O vice-diretor do Departamento de Comunica\u00e7\u00e3o do Comit\u00ea Central do Partido Comunista da China (PCCh)&#8230;<\/p>\n","protected":false},"author":5,"featured_media":0,"comment_status":"open","ping_status":"open","sticky":false,"template":"","format":"standard","meta":{"footnotes":""},"categories":[8],"tags":[],"class_list":["post-10306","post","type-post","status-publish","format-standard","hentry","category-internacional"],"yoast_head":"<!-- This site is optimized with the Yoast SEO plugin v27.4 - https:\/\/yoast.com\/product\/yoast-seo-wordpress\/ -->\n<title>CMG realiza Di\u00e1logo Global sobre Inova\u00e7\u00e3o, Abertura e Desenvolvimento Compartilhado em Moscou - CRI e Diario de Pernambuco<\/title>\n<meta name=\"robots\" content=\"index, follow, max-snippet:-1, max-image-preview:large, max-video-preview:-1\" \/>\n<link rel=\"canonical\" href=\"https:\/\/diariodepe.com.br\/cri\/2025\/10\/29\/cmg-realiza-dialogo-global-sobre-inovacao-abertura-e-desenvolvimento-compartilhado-em-moscou\/\" \/>\n<meta property=\"og:locale\" content=\"pt_BR\" \/>\n<meta property=\"og:type\" content=\"article\" \/>\n<meta property=\"og:title\" content=\"CMG realiza Di\u00e1logo Global sobre Inova\u00e7\u00e3o, Abertura e Desenvolvimento Compartilhado em Moscou - CRI e Diario de Pernambuco\" \/>\n<meta property=\"og:description\" content=\"O Di\u00e1logo Global intitulado \u201cInova\u00e7\u00e3o, Abertura e Desenvolvimento Compartilhado\u201d, organizado pelo Grupo de M\u00eddia da China (CMG), foi realizado nessa segunda-feira (27) em Moscou, R\u00fassia. O vice-diretor do Departamento de Comunica\u00e7\u00e3o do Comit\u00ea Central do Partido Comunista da China (PCCh)...\" \/>\n<meta property=\"og:url\" content=\"https:\/\/diariodepe.com.br\/cri\/2025\/10\/29\/cmg-realiza-dialogo-global-sobre-inovacao-abertura-e-desenvolvimento-compartilhado-em-moscou\/\" \/>\n<meta property=\"og:site_name\" content=\"CRI e Diario de Pernambuco\" \/>\n<meta property=\"article:published_time\" content=\"2025-10-29T09:17:30+00:00\" \/>\n<meta property=\"article:modified_time\" content=\"2025-12-27T09:18:13+00:00\" \/>\n<meta property=\"og:image\" content=\"https:\/\/38picres.cgtn.com\/photoAlbum\/page\/performance\/img\/2025\/10\/29\/1761725580445_906.jpg\" \/>\n<meta name=\"author\" content=\"CRI Portugu\u00eas\" \/>\n<meta name=\"twitter:card\" content=\"summary_large_image\" \/>\n<meta name=\"twitter:label1\" content=\"Escrito por\" \/>\n\t<meta name=\"twitter:data1\" content=\"CRI Portugu\u00eas\" \/>\n\t<meta name=\"twitter:label2\" content=\"Est. tempo de leitura\" \/>\n\t<meta name=\"twitter:data2\" content=\"4 minutos\" \/>\n<script type=\"application\/ld+json\" class=\"yoast-schema-graph\">{\"@context\":\"https:\\\/\\\/schema.org\",\"@graph\":[{\"@type\":\"Article\",\"@id\":\"https:\\\/\\\/diariodepe.com.br\\\/cri\\\/2025\\\/10\\\/29\\\/cmg-realiza-dialogo-global-sobre-inovacao-abertura-e-desenvolvimento-compartilhado-em-moscou\\\/#article\",\"isPartOf\":{\"@id\":\"https:\\\/\\\/diariodepe.com.br\\\/cri\\\/2025\\\/10\\\/29\\\/cmg-realiza-dialogo-global-sobre-inovacao-abertura-e-desenvolvimento-compartilhado-em-moscou\\\/\"},\"author\":{\"name\":\"CRI Portugu\u00eas\",\"@id\":\"https:\\\/\\\/diariodepe.com.br\\\/cri\\\/#\\\/schema\\\/person\\\/e474aead631cd4098632e11d3fbce118\"},\"headline\":\"CMG realiza Di\u00e1logo Global sobre Inova\u00e7\u00e3o, Abertura e Desenvolvimento Compartilhado em Moscou\",\"datePublished\":\"2025-10-29T09:17:30+00:00\",\"dateModified\":\"2025-12-27T09:18:13+00:00\",\"mainEntityOfPage\":{\"@id\":\"https:\\\/\\\/diariodepe.com.br\\\/cri\\\/2025\\\/10\\\/29\\\/cmg-realiza-dialogo-global-sobre-inovacao-abertura-e-desenvolvimento-compartilhado-em-moscou\\\/\"},\"wordCount\":595,\"commentCount\":0,\"publisher\":{\"@id\":\"https:\\\/\\\/diariodepe.com.br\\\/cri\\\/#organization\"},\"image\":{\"@id\":\"https:\\\/\\\/diariodepe.com.br\\\/cri\\\/2025\\\/10\\\/29\\\/cmg-realiza-dialogo-global-sobre-inovacao-abertura-e-desenvolvimento-compartilhado-em-moscou\\\/#primaryimage\"},\"thumbnailUrl\":\"https:\\\/\\\/38picres.cgtn.com\\\/photoAlbum\\\/page\\\/performance\\\/img\\\/2025\\\/10\\\/29\\\/1761725580445_906.jpg\",\"articleSection\":[\"Internacional\"],\"inLanguage\":\"pt-BR\",\"potentialAction\":[{\"@type\":\"CommentAction\",\"name\":\"Comment\",\"target\":[\"https:\\\/\\\/diariodepe.com.br\\\/cri\\\/2025\\\/10\\\/29\\\/cmg-realiza-dialogo-global-sobre-inovacao-abertura-e-desenvolvimento-compartilhado-em-moscou\\\/#respond\"]}]},{\"@type\":\"WebPage\",\"@id\":\"https:\\\/\\\/diariodepe.com.br\\\/cri\\\/2025\\\/10\\\/29\\\/cmg-realiza-dialogo-global-sobre-inovacao-abertura-e-desenvolvimento-compartilhado-em-moscou\\\/\",\"url\":\"https:\\\/\\\/diariodepe.com.br\\\/cri\\\/2025\\\/10\\\/29\\\/cmg-realiza-dialogo-global-sobre-inovacao-abertura-e-desenvolvimento-compartilhado-em-moscou\\\/\",\"name\":\"CMG realiza Di\u00e1logo Global sobre Inova\u00e7\u00e3o, Abertura e Desenvolvimento Compartilhado em Moscou - CRI e Diario de Pernambuco\",\"isPartOf\":{\"@id\":\"https:\\\/\\\/diariodepe.com.br\\\/cri\\\/#website\"},\"primaryImageOfPage\":{\"@id\":\"https:\\\/\\\/diariodepe.com.br\\\/cri\\\/2025\\\/10\\\/29\\\/cmg-realiza-dialogo-global-sobre-inovacao-abertura-e-desenvolvimento-compartilhado-em-moscou\\\/#primaryimage\"},\"image\":{\"@id\":\"https:\\\/\\\/diariodepe.com.br\\\/cri\\\/2025\\\/10\\\/29\\\/cmg-realiza-dialogo-global-sobre-inovacao-abertura-e-desenvolvimento-compartilhado-em-moscou\\\/#primaryimage\"},\"thumbnailUrl\":\"https:\\\/\\\/38picres.cgtn.com\\\/photoAlbum\\\/page\\\/performance\\\/img\\\/2025\\\/10\\\/29\\\/1761725580445_906.jpg\",\"datePublished\":\"2025-10-29T09:17:30+00:00\",\"dateModified\":\"2025-12-27T09:18:13+00:00\",\"breadcrumb\":{\"@id\":\"https:\\\/\\\/diariodepe.com.br\\\/cri\\\/2025\\\/10\\\/29\\\/cmg-realiza-dialogo-global-sobre-inovacao-abertura-e-desenvolvimento-compartilhado-em-moscou\\\/#breadcrumb\"},\"inLanguage\":\"pt-BR\",\"potentialAction\":[{\"@type\":\"ReadAction\",\"target\":[\"https:\\\/\\\/diariodepe.com.br\\\/cri\\\/2025\\\/10\\\/29\\\/cmg-realiza-dialogo-global-sobre-inovacao-abertura-e-desenvolvimento-compartilhado-em-moscou\\\/\"]}]},{\"@type\":\"ImageObject\",\"inLanguage\":\"pt-BR\",\"@id\":\"https:\\\/\\\/diariodepe.com.br\\\/cri\\\/2025\\\/10\\\/29\\\/cmg-realiza-dialogo-global-sobre-inovacao-abertura-e-desenvolvimento-compartilhado-em-moscou\\\/#primaryimage\",\"url\":\"https:\\\/\\\/38picres.cgtn.com\\\/photoAlbum\\\/page\\\/performance\\\/img\\\/2025\\\/10\\\/29\\\/1761725580445_906.jpg\",\"contentUrl\":\"https:\\\/\\\/38picres.cgtn.com\\\/photoAlbum\\\/page\\\/performance\\\/img\\\/2025\\\/10\\\/29\\\/1761725580445_906.jpg\"},{\"@type\":\"BreadcrumbList\",\"@id\":\"https:\\\/\\\/diariodepe.com.br\\\/cri\\\/2025\\\/10\\\/29\\\/cmg-realiza-dialogo-global-sobre-inovacao-abertura-e-desenvolvimento-compartilhado-em-moscou\\\/#breadcrumb\",\"itemListElement\":[{\"@type\":\"ListItem\",\"position\":1,\"name\":\"In\u00edcio\",\"item\":\"https:\\\/\\\/diariodepe.com.br\\\/cri\\\/\"},{\"@type\":\"ListItem\",\"position\":2,\"name\":\"CMG realiza Di\u00e1logo Global sobre Inova\u00e7\u00e3o, Abertura e Desenvolvimento Compartilhado em Moscou\"}]},{\"@type\":\"WebSite\",\"@id\":\"https:\\\/\\\/diariodepe.com.br\\\/cri\\\/#website\",\"url\":\"https:\\\/\\\/diariodepe.com.br\\\/cri\\\/\",\"name\":\"CRI e Diario de Pernambuco\",\"description\":\"R\u00e1dio Internacional da China\",\"publisher\":{\"@id\":\"https:\\\/\\\/diariodepe.com.br\\\/cri\\\/#organization\"},\"potentialAction\":[{\"@type\":\"SearchAction\",\"target\":{\"@type\":\"EntryPoint\",\"urlTemplate\":\"https:\\\/\\\/diariodepe.com.br\\\/cri\\\/?s={search_term_string}\"},\"query-input\":{\"@type\":\"PropertyValueSpecification\",\"valueRequired\":true,\"valueName\":\"search_term_string\"}}],\"inLanguage\":\"pt-BR\"},{\"@type\":\"Organization\",\"@id\":\"https:\\\/\\\/diariodepe.com.br\\\/cri\\\/#organization\",\"name\":\"CRI e Diario de Pernambuco\",\"url\":\"https:\\\/\\\/diariodepe.com.br\\\/cri\\\/\",\"logo\":{\"@type\":\"ImageObject\",\"inLanguage\":\"pt-BR\",\"@id\":\"https:\\\/\\\/diariodepe.com.br\\\/cri\\\/#\\\/schema\\\/logo\\\/image\\\/\",\"url\":\"https:\\\/\\\/diariodepe.com.br\\\/cri\\\/wp-content\\\/uploads\\\/sites\\\/2\\\/2022\\\/12\\\/cropped-Logo.jpg\",\"contentUrl\":\"https:\\\/\\\/diariodepe.com.br\\\/cri\\\/wp-content\\\/uploads\\\/sites\\\/2\\\/2022\\\/12\\\/cropped-Logo.jpg\",\"width\":700,\"height\":59,\"caption\":\"CRI e Diario de Pernambuco\"},\"image\":{\"@id\":\"https:\\\/\\\/diariodepe.com.br\\\/cri\\\/#\\\/schema\\\/logo\\\/image\\\/\"}},{\"@type\":\"Person\",\"@id\":\"https:\\\/\\\/diariodepe.com.br\\\/cri\\\/#\\\/schema\\\/person\\\/e474aead631cd4098632e11d3fbce118\",\"name\":\"CRI Portugu\u00eas\",\"image\":{\"@type\":\"ImageObject\",\"inLanguage\":\"pt-BR\",\"@id\":\"https:\\\/\\\/secure.gravatar.com\\\/avatar\\\/e2ac889ef882d4dc53091b610766dce49106cf9fe98c76e06745abb0993b2763?s=96&d=mm&r=g\",\"url\":\"https:\\\/\\\/secure.gravatar.com\\\/avatar\\\/e2ac889ef882d4dc53091b610766dce49106cf9fe98c76e06745abb0993b2763?s=96&d=mm&r=g\",\"contentUrl\":\"https:\\\/\\\/secure.gravatar.com\\\/avatar\\\/e2ac889ef882d4dc53091b610766dce49106cf9fe98c76e06745abb0993b2763?s=96&d=mm&r=g\",\"caption\":\"CRI Portugu\u00eas\"},\"sameAs\":[\"https:\\\/\\\/www.diariodepernambuco.com.br\\\/\"],\"url\":\"https:\\\/\\\/diariodepe.com.br\\\/cri\\\/author\\\/agencia-cri\\\/\"}]}<\/script>\n<!-- \/ Yoast SEO plugin. -->","yoast_head_json":{"title":"CMG realiza Di\u00e1logo Global sobre Inova\u00e7\u00e3o, Abertura e Desenvolvimento Compartilhado em Moscou - CRI e Diario de Pernambuco","robots":{"index":"index","follow":"follow","max-snippet":"max-snippet:-1","max-image-preview":"max-image-preview:large","max-video-preview":"max-video-preview:-1"},"canonical":"https:\/\/diariodepe.com.br\/cri\/2025\/10\/29\/cmg-realiza-dialogo-global-sobre-inovacao-abertura-e-desenvolvimento-compartilhado-em-moscou\/","og_locale":"pt_BR","og_type":"article","og_title":"CMG realiza Di\u00e1logo Global sobre Inova\u00e7\u00e3o, Abertura e Desenvolvimento Compartilhado em Moscou - CRI e Diario de Pernambuco","og_description":"O Di\u00e1logo Global intitulado \u201cInova\u00e7\u00e3o, Abertura e Desenvolvimento Compartilhado\u201d, organizado pelo Grupo de M\u00eddia da China (CMG), foi realizado nessa segunda-feira (27) em Moscou, R\u00fassia. O vice-diretor do Departamento de Comunica\u00e7\u00e3o do Comit\u00ea Central do Partido Comunista da China (PCCh)...","og_url":"https:\/\/diariodepe.com.br\/cri\/2025\/10\/29\/cmg-realiza-dialogo-global-sobre-inovacao-abertura-e-desenvolvimento-compartilhado-em-moscou\/","og_site_name":"CRI e Diario de Pernambuco","article_published_time":"2025-10-29T09:17:30+00:00","article_modified_time":"2025-12-27T09:18:13+00:00","og_image":[{"url":"https:\/\/38picres.cgtn.com\/photoAlbum\/page\/performance\/img\/2025\/10\/29\/1761725580445_906.jpg","type":"","width":"","height":""}],"author":"CRI Portugu\u00eas","twitter_card":"summary_large_image","twitter_misc":{"Escrito por":"CRI Portugu\u00eas","Est. tempo de leitura":"4 minutos"},"schema":{"@context":"https:\/\/schema.org","@graph":[{"@type":"Article","@id":"https:\/\/diariodepe.com.br\/cri\/2025\/10\/29\/cmg-realiza-dialogo-global-sobre-inovacao-abertura-e-desenvolvimento-compartilhado-em-moscou\/#article","isPartOf":{"@id":"https:\/\/diariodepe.com.br\/cri\/2025\/10\/29\/cmg-realiza-dialogo-global-sobre-inovacao-abertura-e-desenvolvimento-compartilhado-em-moscou\/"},"author":{"name":"CRI Portugu\u00eas","@id":"https:\/\/diariodepe.com.br\/cri\/#\/schema\/person\/e474aead631cd4098632e11d3fbce118"},"headline":"CMG realiza Di\u00e1logo Global sobre Inova\u00e7\u00e3o, Abertura e Desenvolvimento Compartilhado em Moscou","datePublished":"2025-10-29T09:17:30+00:00","dateModified":"2025-12-27T09:18:13+00:00","mainEntityOfPage":{"@id":"https:\/\/diariodepe.com.br\/cri\/2025\/10\/29\/cmg-realiza-dialogo-global-sobre-inovacao-abertura-e-desenvolvimento-compartilhado-em-moscou\/"},"wordCount":595,"commentCount":0,"publisher":{"@id":"https:\/\/diariodepe.com.br\/cri\/#organization"},"image":{"@id":"https:\/\/diariodepe.com.br\/cri\/2025\/10\/29\/cmg-realiza-dialogo-global-sobre-inovacao-abertura-e-desenvolvimento-compartilhado-em-moscou\/#primaryimage"},"thumbnailUrl":"https:\/\/38picres.cgtn.com\/photoAlbum\/page\/performance\/img\/2025\/10\/29\/1761725580445_906.jpg","articleSection":["Internacional"],"inLanguage":"pt-BR","potentialAction":[{"@type":"CommentAction","name":"Comment","target":["https:\/\/diariodepe.com.br\/cri\/2025\/10\/29\/cmg-realiza-dialogo-global-sobre-inovacao-abertura-e-desenvolvimento-compartilhado-em-moscou\/#respond"]}]},{"@type":"WebPage","@id":"https:\/\/diariodepe.com.br\/cri\/2025\/10\/29\/cmg-realiza-dialogo-global-sobre-inovacao-abertura-e-desenvolvimento-compartilhado-em-moscou\/","url":"https:\/\/diariodepe.com.br\/cri\/2025\/10\/29\/cmg-realiza-dialogo-global-sobre-inovacao-abertura-e-desenvolvimento-compartilhado-em-moscou\/","name":"CMG realiza Di\u00e1logo Global sobre Inova\u00e7\u00e3o, Abertura e Desenvolvimento Compartilhado em Moscou - CRI e Diario de Pernambuco","isPartOf":{"@id":"https:\/\/diariodepe.com.br\/cri\/#website"},"primaryImageOfPage":{"@id":"https:\/\/diariodepe.com.br\/cri\/2025\/10\/29\/cmg-realiza-dialogo-global-sobre-inovacao-abertura-e-desenvolvimento-compartilhado-em-moscou\/#primaryimage"},"image":{"@id":"https:\/\/diariodepe.com.br\/cri\/2025\/10\/29\/cmg-realiza-dialogo-global-sobre-inovacao-abertura-e-desenvolvimento-compartilhado-em-moscou\/#primaryimage"},"thumbnailUrl":"https:\/\/38picres.cgtn.com\/photoAlbum\/page\/performance\/img\/2025\/10\/29\/1761725580445_906.jpg","datePublished":"2025-10-29T09:17:30+00:00","dateModified":"2025-12-27T09:18:13+00:00","breadcrumb":{"@id":"https:\/\/diariodepe.com.br\/cri\/2025\/10\/29\/cmg-realiza-dialogo-global-sobre-inovacao-abertura-e-desenvolvimento-compartilhado-em-moscou\/#breadcrumb"},"inLanguage":"pt-BR","potentialAction":[{"@type":"ReadAction","target":["https:\/\/diariodepe.com.br\/cri\/2025\/10\/29\/cmg-realiza-dialogo-global-sobre-inovacao-abertura-e-desenvolvimento-compartilhado-em-moscou\/"]}]},{"@type":"ImageObject","inLanguage":"pt-BR","@id":"https:\/\/diariodepe.com.br\/cri\/2025\/10\/29\/cmg-realiza-dialogo-global-sobre-inovacao-abertura-e-desenvolvimento-compartilhado-em-moscou\/#primaryimage","url":"https:\/\/38picres.cgtn.com\/photoAlbum\/page\/performance\/img\/2025\/10\/29\/1761725580445_906.jpg","contentUrl":"https:\/\/38picres.cgtn.com\/photoAlbum\/page\/performance\/img\/2025\/10\/29\/1761725580445_906.jpg"},{"@type":"BreadcrumbList","@id":"https:\/\/diariodepe.com.br\/cri\/2025\/10\/29\/cmg-realiza-dialogo-global-sobre-inovacao-abertura-e-desenvolvimento-compartilhado-em-moscou\/#breadcrumb","itemListElement":[{"@type":"ListItem","position":1,"name":"In\u00edcio","item":"https:\/\/diariodepe.com.br\/cri\/"},{"@type":"ListItem","position":2,"name":"CMG realiza Di\u00e1logo Global sobre Inova\u00e7\u00e3o, Abertura e Desenvolvimento Compartilhado em Moscou"}]},{"@type":"WebSite","@id":"https:\/\/diariodepe.com.br\/cri\/#website","url":"https:\/\/diariodepe.com.br\/cri\/","name":"CRI e Diario de Pernambuco","description":"R\u00e1dio Internacional da China","publisher":{"@id":"https:\/\/diariodepe.com.br\/cri\/#organization"},"potentialAction":[{"@type":"SearchAction","target":{"@type":"EntryPoint","urlTemplate":"https:\/\/diariodepe.com.br\/cri\/?s={search_term_string}"},"query-input":{"@type":"PropertyValueSpecification","valueRequired":true,"valueName":"search_term_string"}}],"inLanguage":"pt-BR"},{"@type":"Organization","@id":"https:\/\/diariodepe.com.br\/cri\/#organization","name":"CRI e Diario de Pernambuco","url":"https:\/\/diariodepe.com.br\/cri\/","logo":{"@type":"ImageObject","inLanguage":"pt-BR","@id":"https:\/\/diariodepe.com.br\/cri\/#\/schema\/logo\/image\/","url":"https:\/\/diariodepe.com.br\/cri\/wp-content\/uploads\/sites\/2\/2022\/12\/cropped-Logo.jpg","contentUrl":"https:\/\/diariodepe.com.br\/cri\/wp-content\/uploads\/sites\/2\/2022\/12\/cropped-Logo.jpg","width":700,"height":59,"caption":"CRI e Diario de Pernambuco"},"image":{"@id":"https:\/\/diariodepe.com.br\/cri\/#\/schema\/logo\/image\/"}},{"@type":"Person","@id":"https:\/\/diariodepe.com.br\/cri\/#\/schema\/person\/e474aead631cd4098632e11d3fbce118","name":"CRI Portugu\u00eas","image":{"@type":"ImageObject","inLanguage":"pt-BR","@id":"https:\/\/secure.gravatar.com\/avatar\/e2ac889ef882d4dc53091b610766dce49106cf9fe98c76e06745abb0993b2763?s=96&d=mm&r=g","url":"https:\/\/secure.gravatar.com\/avatar\/e2ac889ef882d4dc53091b610766dce49106cf9fe98c76e06745abb0993b2763?s=96&d=mm&r=g","contentUrl":"https:\/\/secure.gravatar.com\/avatar\/e2ac889ef882d4dc53091b610766dce49106cf9fe98c76e06745abb0993b2763?s=96&d=mm&r=g","caption":"CRI Portugu\u00eas"},"sameAs":["https:\/\/www.diariodepernambuco.com.br\/"],"url":"https:\/\/diariodepe.com.br\/cri\/author\/agencia-cri\/"}]}},"cc_featured_image_caption":{"caption_text":"","source_text":"","source_url":""},"amp_enabled":true,"_links":{"self":[{"href":"https:\/\/diariodepe.com.br\/cri\/wp-json\/wp\/v2\/posts\/10306","targetHints":{"allow":["GET"]}}],"collection":[{"href":"https:\/\/diariodepe.com.br\/cri\/wp-json\/wp\/v2\/posts"}],"about":[{"href":"https:\/\/diariodepe.com.br\/cri\/wp-json\/wp\/v2\/types\/post"}],"author":[{"embeddable":true,"href":"https:\/\/diariodepe.com.br\/cri\/wp-json\/wp\/v2\/users\/5"}],"replies":[{"embeddable":true,"href":"https:\/\/diariodepe.com.br\/cri\/wp-json\/wp\/v2\/comments?post=10306"}],"version-history":[{"count":1,"href":"https:\/\/diariodepe.com.br\/cri\/wp-json\/wp\/v2\/posts\/10306\/revisions"}],"predecessor-version":[{"id":10307,"href":"https:\/\/diariodepe.com.br\/cri\/wp-json\/wp\/v2\/posts\/10306\/revisions\/10307"}],"wp:attachment":[{"href":"https:\/\/diariodepe.com.br\/cri\/wp-json\/wp\/v2\/media?parent=10306"}],"wp:term":[{"taxonomy":"category","embeddable":true,"href":"https:\/\/diariodepe.com.br\/cri\/wp-json\/wp\/v2\/categories?post=10306"},{"taxonomy":"post_tag","embeddable":true,"href":"https:\/\/diariodepe.com.br\/cri\/wp-json\/wp\/v2\/tags?post=10306"}],"curies":[{"name":"wp","href":"https:\/\/api.w.org\/{rel}","templated":true}]}}