{"id":10304,"date":"2025-10-29T06:15:45","date_gmt":"2025-10-29T09:15:45","guid":{"rendered":"https:\/\/diariodepe.com.br\/cri\/?p=10304"},"modified":"2025-12-27T06:16:09","modified_gmt":"2025-12-27T09:16:09","slug":"cmg-realiza-dialogo-global-sobre-inovacao-abertura-e-desenvolvimento-compartilhado-em-budapeste","status":"publish","type":"post","link":"https:\/\/diariodepe.com.br\/cri\/2025\/10\/29\/cmg-realiza-dialogo-global-sobre-inovacao-abertura-e-desenvolvimento-compartilhado-em-budapeste\/","title":{"rendered":"CMG realiza Di\u00e1logo Global sobre Inova\u00e7\u00e3o, Abertura e Desenvolvimento Compartilhado em Budapeste"},"content":{"rendered":"<p><img decoding=\"async\" src=\"https:\/\/38picres.cgtn.com\/photoAlbum\/page\/performance\/img\/2025\/10\/29\/1761723633214_949.png\" \/><\/p>\n<p>O Di\u00e1logo Global intitulado \u201cInova\u00e7\u00e3o, Abertura e Desenvolvimento Compartilhado\u201d, organizado conjuntamente pelo Grupo de M\u00eddia da China (CMG) e pela Sociedade de Amizade Hungria-China, foi realizado nessa segunda-feira (27) em Budapeste, Hungria.<\/p>\n<p>O vice-diretor do Departamento de Comunica\u00e7\u00e3o do Comit\u00ea Central do Partido Comunista da China (PCCh) e presidente do CMG, Shen Haixiong, enviou mensagem em v\u00eddeo ao evento. O embaixador da China na Hungria, Gong Tao, e o presidente do Partido dos Trabalhadores H\u00fangaros, Gyula Thurmer, participaram do evento e fizeram discursos.<\/p>\n<p>Shen Haixiong destacou que a 4\u00aa Sess\u00e3o Plen\u00e1ria do 20\u00ba Comit\u00ea Central do PCCh, amplamente acompanhada pelo mundo, foi conclu\u00edda com \u00eaxito em Beijing, marcando outro patamar importante na nova era da China. O vice-diretor do Departamento de Comunica\u00e7\u00e3o revelou que, segundo uma pesquisa global da CGTN, mais de 84% dos entrevistados consideram a China um pa\u00eds bem-sucedido e 86,4% reconhecem plenamente a contribui\u00e7\u00e3o da economia chinesa para o desenvolvimento global.<\/p>\n<p>Shen afirmou ainda que o CMG continuar\u00e1 a trabalhar com seus parceiros para criar uma plataforma global de interc\u00e2mbio e coopera\u00e7\u00e3o, a praticar as \u201cQuatro Iniciativas Globais\u201d e partilhar com o mundo as solu\u00e7\u00f5es chinesas para a governan\u00e7a global.<\/p>\n<p><img decoding=\"async\" src=\"https:\/\/38picres.cgtn.com\/photoAlbum\/page\/performance\/img\/2025\/10\/29\/1761723701961_794.jpg\" \/><\/p>\n<p>O embaixador da China na Hungria disse que China e Hungria est\u00e3o em fases cruciais de desenvolvimento e, sob a lideran\u00e7a estrat\u00e9gica dos seus l\u00edderes, as duas partes continuar\u00e3o a aprofundar a confian\u00e7a pol\u00edtica m\u00fatua, al\u00e9m de expandir a coopera\u00e7\u00e3o pr\u00e1tica e intensificar os interc\u00e2mbios culturais.<\/p>\n<p><img decoding=\"async\" src=\"https:\/\/38picres.cgtn.com\/photoAlbum\/page\/performance\/img\/2025\/10\/29\/1761723733567_537.jpg\" \/><\/p>\n<p>O presidente do Partido dos Trabalhadores H\u00fangaros, Gyula Thurmer, observou que o PCCh sempre coloca o povo no centro e liderou o pa\u00eds na conquista de resultados hist\u00f3ricos em estabilidade pol\u00edtica, desenvolvimento econ\u00f4mico, inova\u00e7\u00e3o cient\u00edfica e bem-estar social. Thurmer destacou que os planos quinquenais chineses refletem as vantagens do sistema socialista com caracter\u00edsticas chinesas, trazendo mais estabilidade e energia positiva ao mundo.<\/p>\n<p><img decoding=\"async\" src=\"https:\/\/38picres.cgtn.com\/photoAlbum\/page\/performance\/img\/2025\/10\/29\/1761723785495_12.jpg\" \/><\/p>\n<p>Durante o evento, os participantes discutiram profundamente o significado global da moderniza\u00e7\u00e3o ao estilo chin\u00eas e as novas oportunidades de coopera\u00e7\u00e3o entre a China e a Hungria.<\/p>\n","protected":false},"excerpt":{"rendered":"<p>O Di\u00e1logo Global intitulado \u201cInova\u00e7\u00e3o, Abertura e Desenvolvimento Compartilhado\u201d, organizado conjuntamente pelo Grupo de M\u00eddia da China (CMG) e pela Sociedade de Amizade Hungria-China, foi realizado nessa segunda-feira (27) em Budapeste, Hungria. O vice-diretor do Departamento de Comunica\u00e7\u00e3o do Comit\u00ea&#8230;<\/p>\n","protected":false},"author":5,"featured_media":0,"comment_status":"open","ping_status":"open","sticky":false,"template":"","format":"standard","meta":{"footnotes":""},"categories":[3],"tags":[],"class_list":["post-10304","post","type-post","status-publish","format-standard","hentry","category-china"],"yoast_head":"<!-- This site is optimized with the Yoast SEO plugin v27.4 - https:\/\/yoast.com\/product\/yoast-seo-wordpress\/ -->\n<title>CMG realiza Di\u00e1logo Global sobre Inova\u00e7\u00e3o, Abertura e Desenvolvimento Compartilhado em Budapeste - CRI e Diario de Pernambuco<\/title>\n<meta name=\"robots\" content=\"index, follow, max-snippet:-1, max-image-preview:large, max-video-preview:-1\" \/>\n<link rel=\"canonical\" href=\"https:\/\/diariodepe.com.br\/cri\/2025\/10\/29\/cmg-realiza-dialogo-global-sobre-inovacao-abertura-e-desenvolvimento-compartilhado-em-budapeste\/\" \/>\n<meta property=\"og:locale\" content=\"pt_BR\" \/>\n<meta property=\"og:type\" content=\"article\" \/>\n<meta property=\"og:title\" content=\"CMG realiza Di\u00e1logo Global sobre Inova\u00e7\u00e3o, Abertura e Desenvolvimento Compartilhado em Budapeste - CRI e Diario de Pernambuco\" \/>\n<meta property=\"og:description\" content=\"O Di\u00e1logo Global intitulado \u201cInova\u00e7\u00e3o, Abertura e Desenvolvimento Compartilhado\u201d, organizado conjuntamente pelo Grupo de M\u00eddia da China (CMG) e pela Sociedade de Amizade Hungria-China, foi realizado nessa segunda-feira (27) em Budapeste, Hungria. O vice-diretor do Departamento de Comunica\u00e7\u00e3o do Comit\u00ea...\" \/>\n<meta property=\"og:url\" content=\"https:\/\/diariodepe.com.br\/cri\/2025\/10\/29\/cmg-realiza-dialogo-global-sobre-inovacao-abertura-e-desenvolvimento-compartilhado-em-budapeste\/\" \/>\n<meta property=\"og:site_name\" content=\"CRI e Diario de Pernambuco\" \/>\n<meta property=\"article:published_time\" content=\"2025-10-29T09:15:45+00:00\" \/>\n<meta property=\"article:modified_time\" content=\"2025-12-27T09:16:09+00:00\" \/>\n<meta property=\"og:image\" content=\"https:\/\/38picres.cgtn.com\/photoAlbum\/page\/performance\/img\/2025\/10\/29\/1761723633214_949.png\" \/>\n<meta name=\"author\" content=\"CRI Portugu\u00eas\" \/>\n<meta name=\"twitter:card\" content=\"summary_large_image\" \/>\n<meta name=\"twitter:label1\" content=\"Escrito por\" \/>\n\t<meta name=\"twitter:data1\" content=\"CRI Portugu\u00eas\" \/>\n\t<meta name=\"twitter:label2\" content=\"Est. tempo de leitura\" \/>\n\t<meta name=\"twitter:data2\" content=\"3 minutos\" \/>\n<script type=\"application\/ld+json\" class=\"yoast-schema-graph\">{\"@context\":\"https:\\\/\\\/schema.org\",\"@graph\":[{\"@type\":\"Article\",\"@id\":\"https:\\\/\\\/diariodepe.com.br\\\/cri\\\/2025\\\/10\\\/29\\\/cmg-realiza-dialogo-global-sobre-inovacao-abertura-e-desenvolvimento-compartilhado-em-budapeste\\\/#article\",\"isPartOf\":{\"@id\":\"https:\\\/\\\/diariodepe.com.br\\\/cri\\\/2025\\\/10\\\/29\\\/cmg-realiza-dialogo-global-sobre-inovacao-abertura-e-desenvolvimento-compartilhado-em-budapeste\\\/\"},\"author\":{\"name\":\"CRI Portugu\u00eas\",\"@id\":\"https:\\\/\\\/diariodepe.com.br\\\/cri\\\/#\\\/schema\\\/person\\\/e474aead631cd4098632e11d3fbce118\"},\"headline\":\"CMG realiza Di\u00e1logo Global sobre Inova\u00e7\u00e3o, Abertura e Desenvolvimento Compartilhado em Budapeste\",\"datePublished\":\"2025-10-29T09:15:45+00:00\",\"dateModified\":\"2025-12-27T09:16:09+00:00\",\"mainEntityOfPage\":{\"@id\":\"https:\\\/\\\/diariodepe.com.br\\\/cri\\\/2025\\\/10\\\/29\\\/cmg-realiza-dialogo-global-sobre-inovacao-abertura-e-desenvolvimento-compartilhado-em-budapeste\\\/\"},\"wordCount\":376,\"commentCount\":0,\"publisher\":{\"@id\":\"https:\\\/\\\/diariodepe.com.br\\\/cri\\\/#organization\"},\"image\":{\"@id\":\"https:\\\/\\\/diariodepe.com.br\\\/cri\\\/2025\\\/10\\\/29\\\/cmg-realiza-dialogo-global-sobre-inovacao-abertura-e-desenvolvimento-compartilhado-em-budapeste\\\/#primaryimage\"},\"thumbnailUrl\":\"https:\\\/\\\/38picres.cgtn.com\\\/photoAlbum\\\/page\\\/performance\\\/img\\\/2025\\\/10\\\/29\\\/1761723633214_949.png\",\"articleSection\":[\"China\"],\"inLanguage\":\"pt-BR\",\"potentialAction\":[{\"@type\":\"CommentAction\",\"name\":\"Comment\",\"target\":[\"https:\\\/\\\/diariodepe.com.br\\\/cri\\\/2025\\\/10\\\/29\\\/cmg-realiza-dialogo-global-sobre-inovacao-abertura-e-desenvolvimento-compartilhado-em-budapeste\\\/#respond\"]}]},{\"@type\":\"WebPage\",\"@id\":\"https:\\\/\\\/diariodepe.com.br\\\/cri\\\/2025\\\/10\\\/29\\\/cmg-realiza-dialogo-global-sobre-inovacao-abertura-e-desenvolvimento-compartilhado-em-budapeste\\\/\",\"url\":\"https:\\\/\\\/diariodepe.com.br\\\/cri\\\/2025\\\/10\\\/29\\\/cmg-realiza-dialogo-global-sobre-inovacao-abertura-e-desenvolvimento-compartilhado-em-budapeste\\\/\",\"name\":\"CMG realiza Di\u00e1logo Global sobre Inova\u00e7\u00e3o, Abertura e Desenvolvimento Compartilhado em Budapeste - CRI e Diario de Pernambuco\",\"isPartOf\":{\"@id\":\"https:\\\/\\\/diariodepe.com.br\\\/cri\\\/#website\"},\"primaryImageOfPage\":{\"@id\":\"https:\\\/\\\/diariodepe.com.br\\\/cri\\\/2025\\\/10\\\/29\\\/cmg-realiza-dialogo-global-sobre-inovacao-abertura-e-desenvolvimento-compartilhado-em-budapeste\\\/#primaryimage\"},\"image\":{\"@id\":\"https:\\\/\\\/diariodepe.com.br\\\/cri\\\/2025\\\/10\\\/29\\\/cmg-realiza-dialogo-global-sobre-inovacao-abertura-e-desenvolvimento-compartilhado-em-budapeste\\\/#primaryimage\"},\"thumbnailUrl\":\"https:\\\/\\\/38picres.cgtn.com\\\/photoAlbum\\\/page\\\/performance\\\/img\\\/2025\\\/10\\\/29\\\/1761723633214_949.png\",\"datePublished\":\"2025-10-29T09:15:45+00:00\",\"dateModified\":\"2025-12-27T09:16:09+00:00\",\"breadcrumb\":{\"@id\":\"https:\\\/\\\/diariodepe.com.br\\\/cri\\\/2025\\\/10\\\/29\\\/cmg-realiza-dialogo-global-sobre-inovacao-abertura-e-desenvolvimento-compartilhado-em-budapeste\\\/#breadcrumb\"},\"inLanguage\":\"pt-BR\",\"potentialAction\":[{\"@type\":\"ReadAction\",\"target\":[\"https:\\\/\\\/diariodepe.com.br\\\/cri\\\/2025\\\/10\\\/29\\\/cmg-realiza-dialogo-global-sobre-inovacao-abertura-e-desenvolvimento-compartilhado-em-budapeste\\\/\"]}]},{\"@type\":\"ImageObject\",\"inLanguage\":\"pt-BR\",\"@id\":\"https:\\\/\\\/diariodepe.com.br\\\/cri\\\/2025\\\/10\\\/29\\\/cmg-realiza-dialogo-global-sobre-inovacao-abertura-e-desenvolvimento-compartilhado-em-budapeste\\\/#primaryimage\",\"url\":\"https:\\\/\\\/38picres.cgtn.com\\\/photoAlbum\\\/page\\\/performance\\\/img\\\/2025\\\/10\\\/29\\\/1761723633214_949.png\",\"contentUrl\":\"https:\\\/\\\/38picres.cgtn.com\\\/photoAlbum\\\/page\\\/performance\\\/img\\\/2025\\\/10\\\/29\\\/1761723633214_949.png\"},{\"@type\":\"BreadcrumbList\",\"@id\":\"https:\\\/\\\/diariodepe.com.br\\\/cri\\\/2025\\\/10\\\/29\\\/cmg-realiza-dialogo-global-sobre-inovacao-abertura-e-desenvolvimento-compartilhado-em-budapeste\\\/#breadcrumb\",\"itemListElement\":[{\"@type\":\"ListItem\",\"position\":1,\"name\":\"In\u00edcio\",\"item\":\"https:\\\/\\\/diariodepe.com.br\\\/cri\\\/\"},{\"@type\":\"ListItem\",\"position\":2,\"name\":\"CMG realiza Di\u00e1logo Global sobre Inova\u00e7\u00e3o, Abertura e Desenvolvimento Compartilhado em Budapeste\"}]},{\"@type\":\"WebSite\",\"@id\":\"https:\\\/\\\/diariodepe.com.br\\\/cri\\\/#website\",\"url\":\"https:\\\/\\\/diariodepe.com.br\\\/cri\\\/\",\"name\":\"CRI e Diario de Pernambuco\",\"description\":\"R\u00e1dio Internacional da China\",\"publisher\":{\"@id\":\"https:\\\/\\\/diariodepe.com.br\\\/cri\\\/#organization\"},\"potentialAction\":[{\"@type\":\"SearchAction\",\"target\":{\"@type\":\"EntryPoint\",\"urlTemplate\":\"https:\\\/\\\/diariodepe.com.br\\\/cri\\\/?s={search_term_string}\"},\"query-input\":{\"@type\":\"PropertyValueSpecification\",\"valueRequired\":true,\"valueName\":\"search_term_string\"}}],\"inLanguage\":\"pt-BR\"},{\"@type\":\"Organization\",\"@id\":\"https:\\\/\\\/diariodepe.com.br\\\/cri\\\/#organization\",\"name\":\"CRI e Diario de Pernambuco\",\"url\":\"https:\\\/\\\/diariodepe.com.br\\\/cri\\\/\",\"logo\":{\"@type\":\"ImageObject\",\"inLanguage\":\"pt-BR\",\"@id\":\"https:\\\/\\\/diariodepe.com.br\\\/cri\\\/#\\\/schema\\\/logo\\\/image\\\/\",\"url\":\"https:\\\/\\\/diariodepe.com.br\\\/cri\\\/wp-content\\\/uploads\\\/sites\\\/2\\\/2022\\\/12\\\/cropped-Logo.jpg\",\"contentUrl\":\"https:\\\/\\\/diariodepe.com.br\\\/cri\\\/wp-content\\\/uploads\\\/sites\\\/2\\\/2022\\\/12\\\/cropped-Logo.jpg\",\"width\":700,\"height\":59,\"caption\":\"CRI e Diario de Pernambuco\"},\"image\":{\"@id\":\"https:\\\/\\\/diariodepe.com.br\\\/cri\\\/#\\\/schema\\\/logo\\\/image\\\/\"}},{\"@type\":\"Person\",\"@id\":\"https:\\\/\\\/diariodepe.com.br\\\/cri\\\/#\\\/schema\\\/person\\\/e474aead631cd4098632e11d3fbce118\",\"name\":\"CRI Portugu\u00eas\",\"image\":{\"@type\":\"ImageObject\",\"inLanguage\":\"pt-BR\",\"@id\":\"https:\\\/\\\/secure.gravatar.com\\\/avatar\\\/e2ac889ef882d4dc53091b610766dce49106cf9fe98c76e06745abb0993b2763?s=96&d=mm&r=g\",\"url\":\"https:\\\/\\\/secure.gravatar.com\\\/avatar\\\/e2ac889ef882d4dc53091b610766dce49106cf9fe98c76e06745abb0993b2763?s=96&d=mm&r=g\",\"contentUrl\":\"https:\\\/\\\/secure.gravatar.com\\\/avatar\\\/e2ac889ef882d4dc53091b610766dce49106cf9fe98c76e06745abb0993b2763?s=96&d=mm&r=g\",\"caption\":\"CRI Portugu\u00eas\"},\"sameAs\":[\"https:\\\/\\\/www.diariodepernambuco.com.br\\\/\"],\"url\":\"https:\\\/\\\/diariodepe.com.br\\\/cri\\\/author\\\/agencia-cri\\\/\"}]}<\/script>\n<!-- \/ Yoast SEO plugin. -->","yoast_head_json":{"title":"CMG realiza Di\u00e1logo Global sobre Inova\u00e7\u00e3o, Abertura e Desenvolvimento Compartilhado em Budapeste - CRI e Diario de Pernambuco","robots":{"index":"index","follow":"follow","max-snippet":"max-snippet:-1","max-image-preview":"max-image-preview:large","max-video-preview":"max-video-preview:-1"},"canonical":"https:\/\/diariodepe.com.br\/cri\/2025\/10\/29\/cmg-realiza-dialogo-global-sobre-inovacao-abertura-e-desenvolvimento-compartilhado-em-budapeste\/","og_locale":"pt_BR","og_type":"article","og_title":"CMG realiza Di\u00e1logo Global sobre Inova\u00e7\u00e3o, Abertura e Desenvolvimento Compartilhado em Budapeste - CRI e Diario de Pernambuco","og_description":"O Di\u00e1logo Global intitulado \u201cInova\u00e7\u00e3o, Abertura e Desenvolvimento Compartilhado\u201d, organizado conjuntamente pelo Grupo de M\u00eddia da China (CMG) e pela Sociedade de Amizade Hungria-China, foi realizado nessa segunda-feira (27) em Budapeste, Hungria. O vice-diretor do Departamento de Comunica\u00e7\u00e3o do Comit\u00ea...","og_url":"https:\/\/diariodepe.com.br\/cri\/2025\/10\/29\/cmg-realiza-dialogo-global-sobre-inovacao-abertura-e-desenvolvimento-compartilhado-em-budapeste\/","og_site_name":"CRI e Diario de Pernambuco","article_published_time":"2025-10-29T09:15:45+00:00","article_modified_time":"2025-12-27T09:16:09+00:00","og_image":[{"url":"https:\/\/38picres.cgtn.com\/photoAlbum\/page\/performance\/img\/2025\/10\/29\/1761723633214_949.png","type":"","width":"","height":""}],"author":"CRI Portugu\u00eas","twitter_card":"summary_large_image","twitter_misc":{"Escrito por":"CRI Portugu\u00eas","Est. tempo de leitura":"3 minutos"},"schema":{"@context":"https:\/\/schema.org","@graph":[{"@type":"Article","@id":"https:\/\/diariodepe.com.br\/cri\/2025\/10\/29\/cmg-realiza-dialogo-global-sobre-inovacao-abertura-e-desenvolvimento-compartilhado-em-budapeste\/#article","isPartOf":{"@id":"https:\/\/diariodepe.com.br\/cri\/2025\/10\/29\/cmg-realiza-dialogo-global-sobre-inovacao-abertura-e-desenvolvimento-compartilhado-em-budapeste\/"},"author":{"name":"CRI Portugu\u00eas","@id":"https:\/\/diariodepe.com.br\/cri\/#\/schema\/person\/e474aead631cd4098632e11d3fbce118"},"headline":"CMG realiza Di\u00e1logo Global sobre Inova\u00e7\u00e3o, Abertura e Desenvolvimento Compartilhado em Budapeste","datePublished":"2025-10-29T09:15:45+00:00","dateModified":"2025-12-27T09:16:09+00:00","mainEntityOfPage":{"@id":"https:\/\/diariodepe.com.br\/cri\/2025\/10\/29\/cmg-realiza-dialogo-global-sobre-inovacao-abertura-e-desenvolvimento-compartilhado-em-budapeste\/"},"wordCount":376,"commentCount":0,"publisher":{"@id":"https:\/\/diariodepe.com.br\/cri\/#organization"},"image":{"@id":"https:\/\/diariodepe.com.br\/cri\/2025\/10\/29\/cmg-realiza-dialogo-global-sobre-inovacao-abertura-e-desenvolvimento-compartilhado-em-budapeste\/#primaryimage"},"thumbnailUrl":"https:\/\/38picres.cgtn.com\/photoAlbum\/page\/performance\/img\/2025\/10\/29\/1761723633214_949.png","articleSection":["China"],"inLanguage":"pt-BR","potentialAction":[{"@type":"CommentAction","name":"Comment","target":["https:\/\/diariodepe.com.br\/cri\/2025\/10\/29\/cmg-realiza-dialogo-global-sobre-inovacao-abertura-e-desenvolvimento-compartilhado-em-budapeste\/#respond"]}]},{"@type":"WebPage","@id":"https:\/\/diariodepe.com.br\/cri\/2025\/10\/29\/cmg-realiza-dialogo-global-sobre-inovacao-abertura-e-desenvolvimento-compartilhado-em-budapeste\/","url":"https:\/\/diariodepe.com.br\/cri\/2025\/10\/29\/cmg-realiza-dialogo-global-sobre-inovacao-abertura-e-desenvolvimento-compartilhado-em-budapeste\/","name":"CMG realiza Di\u00e1logo Global sobre Inova\u00e7\u00e3o, Abertura e Desenvolvimento Compartilhado em Budapeste - CRI e Diario de Pernambuco","isPartOf":{"@id":"https:\/\/diariodepe.com.br\/cri\/#website"},"primaryImageOfPage":{"@id":"https:\/\/diariodepe.com.br\/cri\/2025\/10\/29\/cmg-realiza-dialogo-global-sobre-inovacao-abertura-e-desenvolvimento-compartilhado-em-budapeste\/#primaryimage"},"image":{"@id":"https:\/\/diariodepe.com.br\/cri\/2025\/10\/29\/cmg-realiza-dialogo-global-sobre-inovacao-abertura-e-desenvolvimento-compartilhado-em-budapeste\/#primaryimage"},"thumbnailUrl":"https:\/\/38picres.cgtn.com\/photoAlbum\/page\/performance\/img\/2025\/10\/29\/1761723633214_949.png","datePublished":"2025-10-29T09:15:45+00:00","dateModified":"2025-12-27T09:16:09+00:00","breadcrumb":{"@id":"https:\/\/diariodepe.com.br\/cri\/2025\/10\/29\/cmg-realiza-dialogo-global-sobre-inovacao-abertura-e-desenvolvimento-compartilhado-em-budapeste\/#breadcrumb"},"inLanguage":"pt-BR","potentialAction":[{"@type":"ReadAction","target":["https:\/\/diariodepe.com.br\/cri\/2025\/10\/29\/cmg-realiza-dialogo-global-sobre-inovacao-abertura-e-desenvolvimento-compartilhado-em-budapeste\/"]}]},{"@type":"ImageObject","inLanguage":"pt-BR","@id":"https:\/\/diariodepe.com.br\/cri\/2025\/10\/29\/cmg-realiza-dialogo-global-sobre-inovacao-abertura-e-desenvolvimento-compartilhado-em-budapeste\/#primaryimage","url":"https:\/\/38picres.cgtn.com\/photoAlbum\/page\/performance\/img\/2025\/10\/29\/1761723633214_949.png","contentUrl":"https:\/\/38picres.cgtn.com\/photoAlbum\/page\/performance\/img\/2025\/10\/29\/1761723633214_949.png"},{"@type":"BreadcrumbList","@id":"https:\/\/diariodepe.com.br\/cri\/2025\/10\/29\/cmg-realiza-dialogo-global-sobre-inovacao-abertura-e-desenvolvimento-compartilhado-em-budapeste\/#breadcrumb","itemListElement":[{"@type":"ListItem","position":1,"name":"In\u00edcio","item":"https:\/\/diariodepe.com.br\/cri\/"},{"@type":"ListItem","position":2,"name":"CMG realiza Di\u00e1logo Global sobre Inova\u00e7\u00e3o, Abertura e Desenvolvimento Compartilhado em Budapeste"}]},{"@type":"WebSite","@id":"https:\/\/diariodepe.com.br\/cri\/#website","url":"https:\/\/diariodepe.com.br\/cri\/","name":"CRI e Diario de Pernambuco","description":"R\u00e1dio Internacional da China","publisher":{"@id":"https:\/\/diariodepe.com.br\/cri\/#organization"},"potentialAction":[{"@type":"SearchAction","target":{"@type":"EntryPoint","urlTemplate":"https:\/\/diariodepe.com.br\/cri\/?s={search_term_string}"},"query-input":{"@type":"PropertyValueSpecification","valueRequired":true,"valueName":"search_term_string"}}],"inLanguage":"pt-BR"},{"@type":"Organization","@id":"https:\/\/diariodepe.com.br\/cri\/#organization","name":"CRI e Diario de Pernambuco","url":"https:\/\/diariodepe.com.br\/cri\/","logo":{"@type":"ImageObject","inLanguage":"pt-BR","@id":"https:\/\/diariodepe.com.br\/cri\/#\/schema\/logo\/image\/","url":"https:\/\/diariodepe.com.br\/cri\/wp-content\/uploads\/sites\/2\/2022\/12\/cropped-Logo.jpg","contentUrl":"https:\/\/diariodepe.com.br\/cri\/wp-content\/uploads\/sites\/2\/2022\/12\/cropped-Logo.jpg","width":700,"height":59,"caption":"CRI e Diario de Pernambuco"},"image":{"@id":"https:\/\/diariodepe.com.br\/cri\/#\/schema\/logo\/image\/"}},{"@type":"Person","@id":"https:\/\/diariodepe.com.br\/cri\/#\/schema\/person\/e474aead631cd4098632e11d3fbce118","name":"CRI Portugu\u00eas","image":{"@type":"ImageObject","inLanguage":"pt-BR","@id":"https:\/\/secure.gravatar.com\/avatar\/e2ac889ef882d4dc53091b610766dce49106cf9fe98c76e06745abb0993b2763?s=96&d=mm&r=g","url":"https:\/\/secure.gravatar.com\/avatar\/e2ac889ef882d4dc53091b610766dce49106cf9fe98c76e06745abb0993b2763?s=96&d=mm&r=g","contentUrl":"https:\/\/secure.gravatar.com\/avatar\/e2ac889ef882d4dc53091b610766dce49106cf9fe98c76e06745abb0993b2763?s=96&d=mm&r=g","caption":"CRI Portugu\u00eas"},"sameAs":["https:\/\/www.diariodepernambuco.com.br\/"],"url":"https:\/\/diariodepe.com.br\/cri\/author\/agencia-cri\/"}]}},"cc_featured_image_caption":{"caption_text":"","source_text":"","source_url":""},"amp_enabled":true,"_links":{"self":[{"href":"https:\/\/diariodepe.com.br\/cri\/wp-json\/wp\/v2\/posts\/10304","targetHints":{"allow":["GET"]}}],"collection":[{"href":"https:\/\/diariodepe.com.br\/cri\/wp-json\/wp\/v2\/posts"}],"about":[{"href":"https:\/\/diariodepe.com.br\/cri\/wp-json\/wp\/v2\/types\/post"}],"author":[{"embeddable":true,"href":"https:\/\/diariodepe.com.br\/cri\/wp-json\/wp\/v2\/users\/5"}],"replies":[{"embeddable":true,"href":"https:\/\/diariodepe.com.br\/cri\/wp-json\/wp\/v2\/comments?post=10304"}],"version-history":[{"count":1,"href":"https:\/\/diariodepe.com.br\/cri\/wp-json\/wp\/v2\/posts\/10304\/revisions"}],"predecessor-version":[{"id":10305,"href":"https:\/\/diariodepe.com.br\/cri\/wp-json\/wp\/v2\/posts\/10304\/revisions\/10305"}],"wp:attachment":[{"href":"https:\/\/diariodepe.com.br\/cri\/wp-json\/wp\/v2\/media?parent=10304"}],"wp:term":[{"taxonomy":"category","embeddable":true,"href":"https:\/\/diariodepe.com.br\/cri\/wp-json\/wp\/v2\/categories?post=10304"},{"taxonomy":"post_tag","embeddable":true,"href":"https:\/\/diariodepe.com.br\/cri\/wp-json\/wp\/v2\/tags?post=10304"}],"curies":[{"name":"wp","href":"https:\/\/api.w.org\/{rel}","templated":true}]}}