{"id":10300,"date":"2025-10-27T06:09:19","date_gmt":"2025-10-27T09:09:19","guid":{"rendered":"https:\/\/diariodepe.com.br\/cri\/?p=10300"},"modified":"2025-12-27T06:10:01","modified_gmt":"2025-12-27T09:10:01","slug":"empresas-estrangeiras-acompanham-4a-sessao-plenaria-do-20o-comite-central-do-pcch","status":"publish","type":"post","link":"https:\/\/diariodepe.com.br\/cri\/2025\/10\/27\/empresas-estrangeiras-acompanham-4a-sessao-plenaria-do-20o-comite-central-do-pcch\/","title":{"rendered":"Empresas estrangeiras acompanham 4\u00aa sess\u00e3o plen\u00e1ria do 20\u00ba Comit\u00ea Central do PCCh"},"content":{"rendered":"<p>Nesta semana, a 4\u00aa sess\u00e3o plen\u00e1ria do 20\u00ba Comit\u00ea Central do Partido Comunista da China atraiu a aten\u00e7\u00e3o de todo o mundo. Empresas estrangeiras com opera\u00e7\u00f5es profundas na China tamb\u00e9m acompanharam atentamente a reuni\u00e3o.<\/p>\n<p>O presidente da C\u00e2mara Americana de Com\u00e9rcio no Sul da China, Harley Seyedin, afirmou que as pol\u00edticas da China para os pr\u00f3ximos cinco anos est\u00e3o muito claras, o que permite que as empresas estrangeiras prevejam tend\u00eancias e identifiquem as melhores dire\u00e7\u00f5es de investimento. A coer\u00eancia pol\u00edtica \u00e9 fundamental para o setor empresarial.<\/p>\n<p>O presidente executivo da Funda\u00e7\u00e3o da Parceria Am\u00e9rica-China, John Milligan-Whyte, enfatizou que a China possui o governo mais eficiente do mundo, capaz de ajustar pol\u00edticas quando necess\u00e1rio e de elaborar planos econ\u00f4micos eficazes de longo prazo.<\/p>\n<p>O diretor-geral da GVS Technology Suzhou, Lucas Galuppo, comentou que as novas pol\u00edticas anunciadas recentemente, juntamente com a cont\u00ednua abertura da China, deram confian\u00e7a \u00e0s empresas. O forte investimento da China no desenvolvimento tecnol\u00f3gico \u00e9 um sinal muito positivo, mostrando que escolher operar na China \u00e9 uma decis\u00e3o correta.<\/p>\n","protected":false},"excerpt":{"rendered":"<p>Nesta semana, a 4\u00aa sess\u00e3o plen\u00e1ria do 20\u00ba Comit\u00ea Central do Partido Comunista da China atraiu a aten\u00e7\u00e3o de todo o mundo. Empresas estrangeiras com opera\u00e7\u00f5es profundas na China tamb\u00e9m acompanharam atentamente a reuni\u00e3o. O presidente da C\u00e2mara Americana de&#8230;<\/p>\n","protected":false},"author":5,"featured_media":0,"comment_status":"open","ping_status":"open","sticky":false,"template":"","format":"standard","meta":{"footnotes":""},"categories":[3],"tags":[],"class_list":["post-10300","post","type-post","status-publish","format-standard","hentry","category-china"],"yoast_head":"<!-- This site is optimized with the Yoast SEO plugin v27.4 - https:\/\/yoast.com\/product\/yoast-seo-wordpress\/ -->\n<title>Empresas estrangeiras acompanham 4\u00aa sess\u00e3o plen\u00e1ria do 20\u00ba Comit\u00ea Central do PCCh - CRI e Diario de Pernambuco<\/title>\n<meta name=\"robots\" content=\"index, follow, max-snippet:-1, max-image-preview:large, max-video-preview:-1\" \/>\n<link rel=\"canonical\" href=\"https:\/\/diariodepe.com.br\/cri\/2025\/10\/27\/empresas-estrangeiras-acompanham-4a-sessao-plenaria-do-20o-comite-central-do-pcch\/\" \/>\n<meta property=\"og:locale\" content=\"pt_BR\" \/>\n<meta property=\"og:type\" content=\"article\" \/>\n<meta property=\"og:title\" content=\"Empresas estrangeiras acompanham 4\u00aa sess\u00e3o plen\u00e1ria do 20\u00ba Comit\u00ea Central do PCCh - CRI e Diario de Pernambuco\" \/>\n<meta property=\"og:description\" content=\"Nesta semana, a 4\u00aa sess\u00e3o plen\u00e1ria do 20\u00ba Comit\u00ea Central do Partido Comunista da China atraiu a aten\u00e7\u00e3o de todo o mundo. Empresas estrangeiras com opera\u00e7\u00f5es profundas na China tamb\u00e9m acompanharam atentamente a reuni\u00e3o. O presidente da C\u00e2mara Americana de...\" \/>\n<meta property=\"og:url\" content=\"https:\/\/diariodepe.com.br\/cri\/2025\/10\/27\/empresas-estrangeiras-acompanham-4a-sessao-plenaria-do-20o-comite-central-do-pcch\/\" \/>\n<meta property=\"og:site_name\" content=\"CRI e Diario de Pernambuco\" \/>\n<meta property=\"article:published_time\" content=\"2025-10-27T09:09:19+00:00\" \/>\n<meta property=\"article:modified_time\" content=\"2025-12-27T09:10:01+00:00\" \/>\n<meta name=\"author\" content=\"CRI Portugu\u00eas\" \/>\n<meta name=\"twitter:card\" content=\"summary_large_image\" \/>\n<meta name=\"twitter:label1\" content=\"Escrito por\" \/>\n\t<meta name=\"twitter:data1\" content=\"CRI Portugu\u00eas\" \/>\n\t<meta name=\"twitter:label2\" content=\"Est. tempo de leitura\" \/>\n\t<meta name=\"twitter:data2\" content=\"1 minuto\" \/>\n<script type=\"application\/ld+json\" class=\"yoast-schema-graph\">{\"@context\":\"https:\\\/\\\/schema.org\",\"@graph\":[{\"@type\":\"Article\",\"@id\":\"https:\\\/\\\/diariodepe.com.br\\\/cri\\\/2025\\\/10\\\/27\\\/empresas-estrangeiras-acompanham-4a-sessao-plenaria-do-20o-comite-central-do-pcch\\\/#article\",\"isPartOf\":{\"@id\":\"https:\\\/\\\/diariodepe.com.br\\\/cri\\\/2025\\\/10\\\/27\\\/empresas-estrangeiras-acompanham-4a-sessao-plenaria-do-20o-comite-central-do-pcch\\\/\"},\"author\":{\"name\":\"CRI Portugu\u00eas\",\"@id\":\"https:\\\/\\\/diariodepe.com.br\\\/cri\\\/#\\\/schema\\\/person\\\/e474aead631cd4098632e11d3fbce118\"},\"headline\":\"Empresas estrangeiras acompanham 4\u00aa sess\u00e3o plen\u00e1ria do 20\u00ba Comit\u00ea Central do PCCh\",\"datePublished\":\"2025-10-27T09:09:19+00:00\",\"dateModified\":\"2025-12-27T09:10:01+00:00\",\"mainEntityOfPage\":{\"@id\":\"https:\\\/\\\/diariodepe.com.br\\\/cri\\\/2025\\\/10\\\/27\\\/empresas-estrangeiras-acompanham-4a-sessao-plenaria-do-20o-comite-central-do-pcch\\\/\"},\"wordCount\":203,\"commentCount\":0,\"publisher\":{\"@id\":\"https:\\\/\\\/diariodepe.com.br\\\/cri\\\/#organization\"},\"articleSection\":[\"China\"],\"inLanguage\":\"pt-BR\",\"potentialAction\":[{\"@type\":\"CommentAction\",\"name\":\"Comment\",\"target\":[\"https:\\\/\\\/diariodepe.com.br\\\/cri\\\/2025\\\/10\\\/27\\\/empresas-estrangeiras-acompanham-4a-sessao-plenaria-do-20o-comite-central-do-pcch\\\/#respond\"]}]},{\"@type\":\"WebPage\",\"@id\":\"https:\\\/\\\/diariodepe.com.br\\\/cri\\\/2025\\\/10\\\/27\\\/empresas-estrangeiras-acompanham-4a-sessao-plenaria-do-20o-comite-central-do-pcch\\\/\",\"url\":\"https:\\\/\\\/diariodepe.com.br\\\/cri\\\/2025\\\/10\\\/27\\\/empresas-estrangeiras-acompanham-4a-sessao-plenaria-do-20o-comite-central-do-pcch\\\/\",\"name\":\"Empresas estrangeiras acompanham 4\u00aa sess\u00e3o plen\u00e1ria do 20\u00ba Comit\u00ea Central do PCCh - CRI e Diario de Pernambuco\",\"isPartOf\":{\"@id\":\"https:\\\/\\\/diariodepe.com.br\\\/cri\\\/#website\"},\"datePublished\":\"2025-10-27T09:09:19+00:00\",\"dateModified\":\"2025-12-27T09:10:01+00:00\",\"breadcrumb\":{\"@id\":\"https:\\\/\\\/diariodepe.com.br\\\/cri\\\/2025\\\/10\\\/27\\\/empresas-estrangeiras-acompanham-4a-sessao-plenaria-do-20o-comite-central-do-pcch\\\/#breadcrumb\"},\"inLanguage\":\"pt-BR\",\"potentialAction\":[{\"@type\":\"ReadAction\",\"target\":[\"https:\\\/\\\/diariodepe.com.br\\\/cri\\\/2025\\\/10\\\/27\\\/empresas-estrangeiras-acompanham-4a-sessao-plenaria-do-20o-comite-central-do-pcch\\\/\"]}]},{\"@type\":\"BreadcrumbList\",\"@id\":\"https:\\\/\\\/diariodepe.com.br\\\/cri\\\/2025\\\/10\\\/27\\\/empresas-estrangeiras-acompanham-4a-sessao-plenaria-do-20o-comite-central-do-pcch\\\/#breadcrumb\",\"itemListElement\":[{\"@type\":\"ListItem\",\"position\":1,\"name\":\"In\u00edcio\",\"item\":\"https:\\\/\\\/diariodepe.com.br\\\/cri\\\/\"},{\"@type\":\"ListItem\",\"position\":2,\"name\":\"Empresas estrangeiras acompanham 4\u00aa sess\u00e3o plen\u00e1ria do 20\u00ba Comit\u00ea Central do PCCh\"}]},{\"@type\":\"WebSite\",\"@id\":\"https:\\\/\\\/diariodepe.com.br\\\/cri\\\/#website\",\"url\":\"https:\\\/\\\/diariodepe.com.br\\\/cri\\\/\",\"name\":\"CRI e Diario de Pernambuco\",\"description\":\"R\u00e1dio Internacional da China\",\"publisher\":{\"@id\":\"https:\\\/\\\/diariodepe.com.br\\\/cri\\\/#organization\"},\"potentialAction\":[{\"@type\":\"SearchAction\",\"target\":{\"@type\":\"EntryPoint\",\"urlTemplate\":\"https:\\\/\\\/diariodepe.com.br\\\/cri\\\/?s={search_term_string}\"},\"query-input\":{\"@type\":\"PropertyValueSpecification\",\"valueRequired\":true,\"valueName\":\"search_term_string\"}}],\"inLanguage\":\"pt-BR\"},{\"@type\":\"Organization\",\"@id\":\"https:\\\/\\\/diariodepe.com.br\\\/cri\\\/#organization\",\"name\":\"CRI e Diario de Pernambuco\",\"url\":\"https:\\\/\\\/diariodepe.com.br\\\/cri\\\/\",\"logo\":{\"@type\":\"ImageObject\",\"inLanguage\":\"pt-BR\",\"@id\":\"https:\\\/\\\/diariodepe.com.br\\\/cri\\\/#\\\/schema\\\/logo\\\/image\\\/\",\"url\":\"https:\\\/\\\/diariodepe.com.br\\\/cri\\\/wp-content\\\/uploads\\\/sites\\\/2\\\/2022\\\/12\\\/cropped-Logo.jpg\",\"contentUrl\":\"https:\\\/\\\/diariodepe.com.br\\\/cri\\\/wp-content\\\/uploads\\\/sites\\\/2\\\/2022\\\/12\\\/cropped-Logo.jpg\",\"width\":700,\"height\":59,\"caption\":\"CRI e Diario de Pernambuco\"},\"image\":{\"@id\":\"https:\\\/\\\/diariodepe.com.br\\\/cri\\\/#\\\/schema\\\/logo\\\/image\\\/\"}},{\"@type\":\"Person\",\"@id\":\"https:\\\/\\\/diariodepe.com.br\\\/cri\\\/#\\\/schema\\\/person\\\/e474aead631cd4098632e11d3fbce118\",\"name\":\"CRI Portugu\u00eas\",\"image\":{\"@type\":\"ImageObject\",\"inLanguage\":\"pt-BR\",\"@id\":\"https:\\\/\\\/secure.gravatar.com\\\/avatar\\\/e2ac889ef882d4dc53091b610766dce49106cf9fe98c76e06745abb0993b2763?s=96&d=mm&r=g\",\"url\":\"https:\\\/\\\/secure.gravatar.com\\\/avatar\\\/e2ac889ef882d4dc53091b610766dce49106cf9fe98c76e06745abb0993b2763?s=96&d=mm&r=g\",\"contentUrl\":\"https:\\\/\\\/secure.gravatar.com\\\/avatar\\\/e2ac889ef882d4dc53091b610766dce49106cf9fe98c76e06745abb0993b2763?s=96&d=mm&r=g\",\"caption\":\"CRI Portugu\u00eas\"},\"sameAs\":[\"https:\\\/\\\/www.diariodepernambuco.com.br\\\/\"],\"url\":\"https:\\\/\\\/diariodepe.com.br\\\/cri\\\/author\\\/agencia-cri\\\/\"}]}<\/script>\n<!-- \/ Yoast SEO plugin. -->","yoast_head_json":{"title":"Empresas estrangeiras acompanham 4\u00aa sess\u00e3o plen\u00e1ria do 20\u00ba Comit\u00ea Central do PCCh - CRI e Diario de Pernambuco","robots":{"index":"index","follow":"follow","max-snippet":"max-snippet:-1","max-image-preview":"max-image-preview:large","max-video-preview":"max-video-preview:-1"},"canonical":"https:\/\/diariodepe.com.br\/cri\/2025\/10\/27\/empresas-estrangeiras-acompanham-4a-sessao-plenaria-do-20o-comite-central-do-pcch\/","og_locale":"pt_BR","og_type":"article","og_title":"Empresas estrangeiras acompanham 4\u00aa sess\u00e3o plen\u00e1ria do 20\u00ba Comit\u00ea Central do PCCh - CRI e Diario de Pernambuco","og_description":"Nesta semana, a 4\u00aa sess\u00e3o plen\u00e1ria do 20\u00ba Comit\u00ea Central do Partido Comunista da China atraiu a aten\u00e7\u00e3o de todo o mundo. Empresas estrangeiras com opera\u00e7\u00f5es profundas na China tamb\u00e9m acompanharam atentamente a reuni\u00e3o. O presidente da C\u00e2mara Americana de...","og_url":"https:\/\/diariodepe.com.br\/cri\/2025\/10\/27\/empresas-estrangeiras-acompanham-4a-sessao-plenaria-do-20o-comite-central-do-pcch\/","og_site_name":"CRI e Diario de Pernambuco","article_published_time":"2025-10-27T09:09:19+00:00","article_modified_time":"2025-12-27T09:10:01+00:00","author":"CRI Portugu\u00eas","twitter_card":"summary_large_image","twitter_misc":{"Escrito por":"CRI Portugu\u00eas","Est. tempo de leitura":"1 minuto"},"schema":{"@context":"https:\/\/schema.org","@graph":[{"@type":"Article","@id":"https:\/\/diariodepe.com.br\/cri\/2025\/10\/27\/empresas-estrangeiras-acompanham-4a-sessao-plenaria-do-20o-comite-central-do-pcch\/#article","isPartOf":{"@id":"https:\/\/diariodepe.com.br\/cri\/2025\/10\/27\/empresas-estrangeiras-acompanham-4a-sessao-plenaria-do-20o-comite-central-do-pcch\/"},"author":{"name":"CRI Portugu\u00eas","@id":"https:\/\/diariodepe.com.br\/cri\/#\/schema\/person\/e474aead631cd4098632e11d3fbce118"},"headline":"Empresas estrangeiras acompanham 4\u00aa sess\u00e3o plen\u00e1ria do 20\u00ba Comit\u00ea Central do PCCh","datePublished":"2025-10-27T09:09:19+00:00","dateModified":"2025-12-27T09:10:01+00:00","mainEntityOfPage":{"@id":"https:\/\/diariodepe.com.br\/cri\/2025\/10\/27\/empresas-estrangeiras-acompanham-4a-sessao-plenaria-do-20o-comite-central-do-pcch\/"},"wordCount":203,"commentCount":0,"publisher":{"@id":"https:\/\/diariodepe.com.br\/cri\/#organization"},"articleSection":["China"],"inLanguage":"pt-BR","potentialAction":[{"@type":"CommentAction","name":"Comment","target":["https:\/\/diariodepe.com.br\/cri\/2025\/10\/27\/empresas-estrangeiras-acompanham-4a-sessao-plenaria-do-20o-comite-central-do-pcch\/#respond"]}]},{"@type":"WebPage","@id":"https:\/\/diariodepe.com.br\/cri\/2025\/10\/27\/empresas-estrangeiras-acompanham-4a-sessao-plenaria-do-20o-comite-central-do-pcch\/","url":"https:\/\/diariodepe.com.br\/cri\/2025\/10\/27\/empresas-estrangeiras-acompanham-4a-sessao-plenaria-do-20o-comite-central-do-pcch\/","name":"Empresas estrangeiras acompanham 4\u00aa sess\u00e3o plen\u00e1ria do 20\u00ba Comit\u00ea Central do PCCh - CRI e Diario de Pernambuco","isPartOf":{"@id":"https:\/\/diariodepe.com.br\/cri\/#website"},"datePublished":"2025-10-27T09:09:19+00:00","dateModified":"2025-12-27T09:10:01+00:00","breadcrumb":{"@id":"https:\/\/diariodepe.com.br\/cri\/2025\/10\/27\/empresas-estrangeiras-acompanham-4a-sessao-plenaria-do-20o-comite-central-do-pcch\/#breadcrumb"},"inLanguage":"pt-BR","potentialAction":[{"@type":"ReadAction","target":["https:\/\/diariodepe.com.br\/cri\/2025\/10\/27\/empresas-estrangeiras-acompanham-4a-sessao-plenaria-do-20o-comite-central-do-pcch\/"]}]},{"@type":"BreadcrumbList","@id":"https:\/\/diariodepe.com.br\/cri\/2025\/10\/27\/empresas-estrangeiras-acompanham-4a-sessao-plenaria-do-20o-comite-central-do-pcch\/#breadcrumb","itemListElement":[{"@type":"ListItem","position":1,"name":"In\u00edcio","item":"https:\/\/diariodepe.com.br\/cri\/"},{"@type":"ListItem","position":2,"name":"Empresas estrangeiras acompanham 4\u00aa sess\u00e3o plen\u00e1ria do 20\u00ba Comit\u00ea Central do PCCh"}]},{"@type":"WebSite","@id":"https:\/\/diariodepe.com.br\/cri\/#website","url":"https:\/\/diariodepe.com.br\/cri\/","name":"CRI e Diario de Pernambuco","description":"R\u00e1dio Internacional da China","publisher":{"@id":"https:\/\/diariodepe.com.br\/cri\/#organization"},"potentialAction":[{"@type":"SearchAction","target":{"@type":"EntryPoint","urlTemplate":"https:\/\/diariodepe.com.br\/cri\/?s={search_term_string}"},"query-input":{"@type":"PropertyValueSpecification","valueRequired":true,"valueName":"search_term_string"}}],"inLanguage":"pt-BR"},{"@type":"Organization","@id":"https:\/\/diariodepe.com.br\/cri\/#organization","name":"CRI e Diario de Pernambuco","url":"https:\/\/diariodepe.com.br\/cri\/","logo":{"@type":"ImageObject","inLanguage":"pt-BR","@id":"https:\/\/diariodepe.com.br\/cri\/#\/schema\/logo\/image\/","url":"https:\/\/diariodepe.com.br\/cri\/wp-content\/uploads\/sites\/2\/2022\/12\/cropped-Logo.jpg","contentUrl":"https:\/\/diariodepe.com.br\/cri\/wp-content\/uploads\/sites\/2\/2022\/12\/cropped-Logo.jpg","width":700,"height":59,"caption":"CRI e Diario de Pernambuco"},"image":{"@id":"https:\/\/diariodepe.com.br\/cri\/#\/schema\/logo\/image\/"}},{"@type":"Person","@id":"https:\/\/diariodepe.com.br\/cri\/#\/schema\/person\/e474aead631cd4098632e11d3fbce118","name":"CRI Portugu\u00eas","image":{"@type":"ImageObject","inLanguage":"pt-BR","@id":"https:\/\/secure.gravatar.com\/avatar\/e2ac889ef882d4dc53091b610766dce49106cf9fe98c76e06745abb0993b2763?s=96&d=mm&r=g","url":"https:\/\/secure.gravatar.com\/avatar\/e2ac889ef882d4dc53091b610766dce49106cf9fe98c76e06745abb0993b2763?s=96&d=mm&r=g","contentUrl":"https:\/\/secure.gravatar.com\/avatar\/e2ac889ef882d4dc53091b610766dce49106cf9fe98c76e06745abb0993b2763?s=96&d=mm&r=g","caption":"CRI Portugu\u00eas"},"sameAs":["https:\/\/www.diariodepernambuco.com.br\/"],"url":"https:\/\/diariodepe.com.br\/cri\/author\/agencia-cri\/"}]}},"cc_featured_image_caption":{"caption_text":"","source_text":"","source_url":""},"amp_enabled":true,"_links":{"self":[{"href":"https:\/\/diariodepe.com.br\/cri\/wp-json\/wp\/v2\/posts\/10300","targetHints":{"allow":["GET"]}}],"collection":[{"href":"https:\/\/diariodepe.com.br\/cri\/wp-json\/wp\/v2\/posts"}],"about":[{"href":"https:\/\/diariodepe.com.br\/cri\/wp-json\/wp\/v2\/types\/post"}],"author":[{"embeddable":true,"href":"https:\/\/diariodepe.com.br\/cri\/wp-json\/wp\/v2\/users\/5"}],"replies":[{"embeddable":true,"href":"https:\/\/diariodepe.com.br\/cri\/wp-json\/wp\/v2\/comments?post=10300"}],"version-history":[{"count":1,"href":"https:\/\/diariodepe.com.br\/cri\/wp-json\/wp\/v2\/posts\/10300\/revisions"}],"predecessor-version":[{"id":10301,"href":"https:\/\/diariodepe.com.br\/cri\/wp-json\/wp\/v2\/posts\/10300\/revisions\/10301"}],"wp:attachment":[{"href":"https:\/\/diariodepe.com.br\/cri\/wp-json\/wp\/v2\/media?parent=10300"}],"wp:term":[{"taxonomy":"category","embeddable":true,"href":"https:\/\/diariodepe.com.br\/cri\/wp-json\/wp\/v2\/categories?post=10300"},{"taxonomy":"post_tag","embeddable":true,"href":"https:\/\/diariodepe.com.br\/cri\/wp-json\/wp\/v2\/tags?post=10300"}],"curies":[{"name":"wp","href":"https:\/\/api.w.org\/{rel}","templated":true}]}}