{"id":10281,"date":"2025-12-22T06:11:25","date_gmt":"2025-12-22T09:11:25","guid":{"rendered":"https:\/\/diariodepe.com.br\/cri\/?p=10281"},"modified":"2025-12-22T06:11:25","modified_gmt":"2025-12-22T09:11:25","slug":"beijing-tianjin-e-hebei-abrem-novo-capitulo-de-inovacao-cientifica-e-tecnologica","status":"publish","type":"post","link":"https:\/\/diariodepe.com.br\/cri\/2025\/12\/22\/beijing-tianjin-e-hebei-abrem-novo-capitulo-de-inovacao-cientifica-e-tecnologica\/","title":{"rendered":"Beijing, Tianjin e Hebei abrem novo cap\u00edtulo de inova\u00e7\u00e3o cient\u00edfica e tecnol\u00f3gica"},"content":{"rendered":"<p>O presidente chin\u00eas, Xi Jinping,\u00a0determinou a meta de transformar Beijing em um centro internacional de inova\u00e7\u00e3o tecnol\u00f3gica e em um polo de talentos de alto n\u00edvel.<\/p>\n<p>Desde o 18\u00ba Congresso Nacional do Partido Comunista da China (PCCh), realizado em 2012, Beijing\u00a0vem aplicando a diretriz do l\u00edder chin\u00eas e\u00a0coordenando\u00a0com Tianjin e Hebei para promover o avan\u00e7o do n\u00edvel de inova\u00e7\u00e3o cient\u00edfica e tecnol\u00f3gica na regi\u00e3o.<\/p>\n<p>Hoje, Zhongguancun, em Beijing,\u00a0vive uma onda constante de inova\u00e7\u00e3o, pulsando com o vigor de um desenvolvimento de alta qualidade. Este terreno f\u00e9rtil para a inova\u00e7\u00e3o, que ocupa menos de 4% da \u00e1rea da capital chinesa, contribui com cerca de um ter\u00e7o do PIB da cidade.<\/p>\n<p><img decoding=\"async\" src=\"https:\/\/38picres.cgtn.com\/photoAlbum\/page\/performance\/img\/2025\/12\/22\/1766388493061_436.jpeg\" \/><\/p>\n<p>Em Zhongguancun, o n\u00famero de grandes modelos desenvolvidos\u00a0por chineses ultrapassa 200, representando quase um ter\u00e7o do total\u00a0nacional.\u00a0Mais de 90 empresas unic\u00f3rnio nasceram\u00a0no local. Al\u00e9m disso, avan\u00e7os cont\u00ednuos est\u00e3o sendo realizados em \u00e1reas de ponta,\u00a0como tecnologia qu\u00e2ntica e intelig\u00eancia artificial. Em 2025, a receita total das\u00a0companhias\u00a0de Zhongguancun dever\u00e1 ultrapassar pela primeira vez a marca de 10 trilh\u00f5es de yuans.<\/p>\n<p>O secret\u00e1rio-geral do Comit\u00ea Central do PCCh, Xi Jinping,\u00a0acompanha de perto o desenvolvimento de Zhongguancun. Vale lembrar que,\u00a0em setembro de 2013, foi a primeira vez que um estudo coletivo do Bir\u00f4 Pol\u00edtico do Comit\u00ea Central do PCCh\u00a0foi realizado fora de Zhongnanhai, em Zhongguancun.<\/p>\n<p>No Parque de Ci\u00eancia e Tecnologia Zhongguancun da Nova \u00c1rea de Xiong&#8217;an, situado\u00a0na prov\u00edncia de Hebei, 11 plataformas e institui\u00e7\u00f5es de pesquisa em tecnologia, finan\u00e7as e ind\u00fastria de Beijing foram integradas em um\u00a0sistema completo de servi\u00e7os,\u00a0permitindo que as empresas\u00a0usufruam\u00a0de recursos de inova\u00e7\u00e3o cient\u00edfica e tecnol\u00f3gica de alta qualidade sem sair da nova \u00e1rea.<\/p>\n<p>Atualmente, Beijing, Tianjin e Hebei j\u00e1 financiaram conjuntamente mais de 220 projetos de pesquisa b\u00e1sica.<\/p>\n","protected":false},"excerpt":{"rendered":"<p>O presidente chin\u00eas, Xi Jinping,\u00a0determinou a meta de transformar Beijing em um centro internacional de inova\u00e7\u00e3o tecnol\u00f3gica e em um polo de talentos de alto n\u00edvel. Desde o 18\u00ba Congresso Nacional do Partido Comunista da China (PCCh), realizado em 2012,&#8230;<\/p>\n","protected":false},"author":5,"featured_media":0,"comment_status":"open","ping_status":"open","sticky":false,"template":"","format":"standard","meta":{"footnotes":""},"categories":[3],"tags":[],"class_list":["post-10281","post","type-post","status-publish","format-standard","hentry","category-china"],"yoast_head":"<!-- This site is optimized with the Yoast SEO plugin v27.4 - https:\/\/yoast.com\/product\/yoast-seo-wordpress\/ -->\n<title>Beijing, Tianjin e Hebei abrem novo cap\u00edtulo de inova\u00e7\u00e3o cient\u00edfica e tecnol\u00f3gica - CRI e Diario de Pernambuco<\/title>\n<meta name=\"robots\" content=\"index, follow, max-snippet:-1, max-image-preview:large, max-video-preview:-1\" \/>\n<link rel=\"canonical\" href=\"https:\/\/diariodepe.com.br\/cri\/2025\/12\/22\/beijing-tianjin-e-hebei-abrem-novo-capitulo-de-inovacao-cientifica-e-tecnologica\/\" \/>\n<meta property=\"og:locale\" content=\"pt_BR\" \/>\n<meta property=\"og:type\" content=\"article\" \/>\n<meta property=\"og:title\" content=\"Beijing, Tianjin e Hebei abrem novo cap\u00edtulo de inova\u00e7\u00e3o cient\u00edfica e tecnol\u00f3gica - CRI e Diario de Pernambuco\" \/>\n<meta property=\"og:description\" content=\"O presidente chin\u00eas, Xi Jinping,\u00a0determinou a meta de transformar Beijing em um centro internacional de inova\u00e7\u00e3o tecnol\u00f3gica e em um polo de talentos de alto n\u00edvel. Desde o 18\u00ba Congresso Nacional do Partido Comunista da China (PCCh), realizado em 2012,...\" \/>\n<meta property=\"og:url\" content=\"https:\/\/diariodepe.com.br\/cri\/2025\/12\/22\/beijing-tianjin-e-hebei-abrem-novo-capitulo-de-inovacao-cientifica-e-tecnologica\/\" \/>\n<meta property=\"og:site_name\" content=\"CRI e Diario de Pernambuco\" \/>\n<meta property=\"article:published_time\" content=\"2025-12-22T09:11:25+00:00\" \/>\n<meta property=\"og:image\" content=\"https:\/\/38picres.cgtn.com\/photoAlbum\/page\/performance\/img\/2025\/12\/22\/1766388493061_436.jpeg\" \/>\n<meta name=\"author\" content=\"CRI Portugu\u00eas\" \/>\n<meta name=\"twitter:card\" content=\"summary_large_image\" \/>\n<meta name=\"twitter:label1\" content=\"Escrito por\" \/>\n\t<meta name=\"twitter:data1\" content=\"CRI Portugu\u00eas\" \/>\n\t<meta name=\"twitter:label2\" content=\"Est. tempo de leitura\" \/>\n\t<meta name=\"twitter:data2\" content=\"2 minutos\" \/>\n<script type=\"application\/ld+json\" class=\"yoast-schema-graph\">{\"@context\":\"https:\\\/\\\/schema.org\",\"@graph\":[{\"@type\":\"Article\",\"@id\":\"https:\\\/\\\/diariodepe.com.br\\\/cri\\\/2025\\\/12\\\/22\\\/beijing-tianjin-e-hebei-abrem-novo-capitulo-de-inovacao-cientifica-e-tecnologica\\\/#article\",\"isPartOf\":{\"@id\":\"https:\\\/\\\/diariodepe.com.br\\\/cri\\\/2025\\\/12\\\/22\\\/beijing-tianjin-e-hebei-abrem-novo-capitulo-de-inovacao-cientifica-e-tecnologica\\\/\"},\"author\":{\"name\":\"CRI Portugu\u00eas\",\"@id\":\"https:\\\/\\\/diariodepe.com.br\\\/cri\\\/#\\\/schema\\\/person\\\/e474aead631cd4098632e11d3fbce118\"},\"headline\":\"Beijing, Tianjin e Hebei abrem novo cap\u00edtulo de inova\u00e7\u00e3o cient\u00edfica e tecnol\u00f3gica\",\"datePublished\":\"2025-12-22T09:11:25+00:00\",\"mainEntityOfPage\":{\"@id\":\"https:\\\/\\\/diariodepe.com.br\\\/cri\\\/2025\\\/12\\\/22\\\/beijing-tianjin-e-hebei-abrem-novo-capitulo-de-inovacao-cientifica-e-tecnologica\\\/\"},\"wordCount\":343,\"commentCount\":0,\"publisher\":{\"@id\":\"https:\\\/\\\/diariodepe.com.br\\\/cri\\\/#organization\"},\"image\":{\"@id\":\"https:\\\/\\\/diariodepe.com.br\\\/cri\\\/2025\\\/12\\\/22\\\/beijing-tianjin-e-hebei-abrem-novo-capitulo-de-inovacao-cientifica-e-tecnologica\\\/#primaryimage\"},\"thumbnailUrl\":\"https:\\\/\\\/38picres.cgtn.com\\\/photoAlbum\\\/page\\\/performance\\\/img\\\/2025\\\/12\\\/22\\\/1766388493061_436.jpeg\",\"articleSection\":[\"China\"],\"inLanguage\":\"pt-BR\",\"potentialAction\":[{\"@type\":\"CommentAction\",\"name\":\"Comment\",\"target\":[\"https:\\\/\\\/diariodepe.com.br\\\/cri\\\/2025\\\/12\\\/22\\\/beijing-tianjin-e-hebei-abrem-novo-capitulo-de-inovacao-cientifica-e-tecnologica\\\/#respond\"]}]},{\"@type\":\"WebPage\",\"@id\":\"https:\\\/\\\/diariodepe.com.br\\\/cri\\\/2025\\\/12\\\/22\\\/beijing-tianjin-e-hebei-abrem-novo-capitulo-de-inovacao-cientifica-e-tecnologica\\\/\",\"url\":\"https:\\\/\\\/diariodepe.com.br\\\/cri\\\/2025\\\/12\\\/22\\\/beijing-tianjin-e-hebei-abrem-novo-capitulo-de-inovacao-cientifica-e-tecnologica\\\/\",\"name\":\"Beijing, Tianjin e Hebei abrem novo cap\u00edtulo de inova\u00e7\u00e3o cient\u00edfica e tecnol\u00f3gica - CRI e Diario de Pernambuco\",\"isPartOf\":{\"@id\":\"https:\\\/\\\/diariodepe.com.br\\\/cri\\\/#website\"},\"primaryImageOfPage\":{\"@id\":\"https:\\\/\\\/diariodepe.com.br\\\/cri\\\/2025\\\/12\\\/22\\\/beijing-tianjin-e-hebei-abrem-novo-capitulo-de-inovacao-cientifica-e-tecnologica\\\/#primaryimage\"},\"image\":{\"@id\":\"https:\\\/\\\/diariodepe.com.br\\\/cri\\\/2025\\\/12\\\/22\\\/beijing-tianjin-e-hebei-abrem-novo-capitulo-de-inovacao-cientifica-e-tecnologica\\\/#primaryimage\"},\"thumbnailUrl\":\"https:\\\/\\\/38picres.cgtn.com\\\/photoAlbum\\\/page\\\/performance\\\/img\\\/2025\\\/12\\\/22\\\/1766388493061_436.jpeg\",\"datePublished\":\"2025-12-22T09:11:25+00:00\",\"breadcrumb\":{\"@id\":\"https:\\\/\\\/diariodepe.com.br\\\/cri\\\/2025\\\/12\\\/22\\\/beijing-tianjin-e-hebei-abrem-novo-capitulo-de-inovacao-cientifica-e-tecnologica\\\/#breadcrumb\"},\"inLanguage\":\"pt-BR\",\"potentialAction\":[{\"@type\":\"ReadAction\",\"target\":[\"https:\\\/\\\/diariodepe.com.br\\\/cri\\\/2025\\\/12\\\/22\\\/beijing-tianjin-e-hebei-abrem-novo-capitulo-de-inovacao-cientifica-e-tecnologica\\\/\"]}]},{\"@type\":\"ImageObject\",\"inLanguage\":\"pt-BR\",\"@id\":\"https:\\\/\\\/diariodepe.com.br\\\/cri\\\/2025\\\/12\\\/22\\\/beijing-tianjin-e-hebei-abrem-novo-capitulo-de-inovacao-cientifica-e-tecnologica\\\/#primaryimage\",\"url\":\"https:\\\/\\\/38picres.cgtn.com\\\/photoAlbum\\\/page\\\/performance\\\/img\\\/2025\\\/12\\\/22\\\/1766388493061_436.jpeg\",\"contentUrl\":\"https:\\\/\\\/38picres.cgtn.com\\\/photoAlbum\\\/page\\\/performance\\\/img\\\/2025\\\/12\\\/22\\\/1766388493061_436.jpeg\"},{\"@type\":\"BreadcrumbList\",\"@id\":\"https:\\\/\\\/diariodepe.com.br\\\/cri\\\/2025\\\/12\\\/22\\\/beijing-tianjin-e-hebei-abrem-novo-capitulo-de-inovacao-cientifica-e-tecnologica\\\/#breadcrumb\",\"itemListElement\":[{\"@type\":\"ListItem\",\"position\":1,\"name\":\"In\u00edcio\",\"item\":\"https:\\\/\\\/diariodepe.com.br\\\/cri\\\/\"},{\"@type\":\"ListItem\",\"position\":2,\"name\":\"Beijing, Tianjin e Hebei abrem novo cap\u00edtulo de inova\u00e7\u00e3o cient\u00edfica e tecnol\u00f3gica\"}]},{\"@type\":\"WebSite\",\"@id\":\"https:\\\/\\\/diariodepe.com.br\\\/cri\\\/#website\",\"url\":\"https:\\\/\\\/diariodepe.com.br\\\/cri\\\/\",\"name\":\"CRI e Diario de Pernambuco\",\"description\":\"R\u00e1dio Internacional da China\",\"publisher\":{\"@id\":\"https:\\\/\\\/diariodepe.com.br\\\/cri\\\/#organization\"},\"potentialAction\":[{\"@type\":\"SearchAction\",\"target\":{\"@type\":\"EntryPoint\",\"urlTemplate\":\"https:\\\/\\\/diariodepe.com.br\\\/cri\\\/?s={search_term_string}\"},\"query-input\":{\"@type\":\"PropertyValueSpecification\",\"valueRequired\":true,\"valueName\":\"search_term_string\"}}],\"inLanguage\":\"pt-BR\"},{\"@type\":\"Organization\",\"@id\":\"https:\\\/\\\/diariodepe.com.br\\\/cri\\\/#organization\",\"name\":\"CRI e Diario de Pernambuco\",\"url\":\"https:\\\/\\\/diariodepe.com.br\\\/cri\\\/\",\"logo\":{\"@type\":\"ImageObject\",\"inLanguage\":\"pt-BR\",\"@id\":\"https:\\\/\\\/diariodepe.com.br\\\/cri\\\/#\\\/schema\\\/logo\\\/image\\\/\",\"url\":\"https:\\\/\\\/diariodepe.com.br\\\/cri\\\/wp-content\\\/uploads\\\/sites\\\/2\\\/2022\\\/12\\\/cropped-Logo.jpg\",\"contentUrl\":\"https:\\\/\\\/diariodepe.com.br\\\/cri\\\/wp-content\\\/uploads\\\/sites\\\/2\\\/2022\\\/12\\\/cropped-Logo.jpg\",\"width\":700,\"height\":59,\"caption\":\"CRI e Diario de Pernambuco\"},\"image\":{\"@id\":\"https:\\\/\\\/diariodepe.com.br\\\/cri\\\/#\\\/schema\\\/logo\\\/image\\\/\"}},{\"@type\":\"Person\",\"@id\":\"https:\\\/\\\/diariodepe.com.br\\\/cri\\\/#\\\/schema\\\/person\\\/e474aead631cd4098632e11d3fbce118\",\"name\":\"CRI Portugu\u00eas\",\"image\":{\"@type\":\"ImageObject\",\"inLanguage\":\"pt-BR\",\"@id\":\"https:\\\/\\\/secure.gravatar.com\\\/avatar\\\/e2ac889ef882d4dc53091b610766dce49106cf9fe98c76e06745abb0993b2763?s=96&d=mm&r=g\",\"url\":\"https:\\\/\\\/secure.gravatar.com\\\/avatar\\\/e2ac889ef882d4dc53091b610766dce49106cf9fe98c76e06745abb0993b2763?s=96&d=mm&r=g\",\"contentUrl\":\"https:\\\/\\\/secure.gravatar.com\\\/avatar\\\/e2ac889ef882d4dc53091b610766dce49106cf9fe98c76e06745abb0993b2763?s=96&d=mm&r=g\",\"caption\":\"CRI Portugu\u00eas\"},\"sameAs\":[\"https:\\\/\\\/www.diariodepernambuco.com.br\\\/\"],\"url\":\"https:\\\/\\\/diariodepe.com.br\\\/cri\\\/author\\\/agencia-cri\\\/\"}]}<\/script>\n<!-- \/ Yoast SEO plugin. -->","yoast_head_json":{"title":"Beijing, Tianjin e Hebei abrem novo cap\u00edtulo de inova\u00e7\u00e3o cient\u00edfica e tecnol\u00f3gica - CRI e Diario de Pernambuco","robots":{"index":"index","follow":"follow","max-snippet":"max-snippet:-1","max-image-preview":"max-image-preview:large","max-video-preview":"max-video-preview:-1"},"canonical":"https:\/\/diariodepe.com.br\/cri\/2025\/12\/22\/beijing-tianjin-e-hebei-abrem-novo-capitulo-de-inovacao-cientifica-e-tecnologica\/","og_locale":"pt_BR","og_type":"article","og_title":"Beijing, Tianjin e Hebei abrem novo cap\u00edtulo de inova\u00e7\u00e3o cient\u00edfica e tecnol\u00f3gica - CRI e Diario de Pernambuco","og_description":"O presidente chin\u00eas, Xi Jinping,\u00a0determinou a meta de transformar Beijing em um centro internacional de inova\u00e7\u00e3o tecnol\u00f3gica e em um polo de talentos de alto n\u00edvel. Desde o 18\u00ba Congresso Nacional do Partido Comunista da China (PCCh), realizado em 2012,...","og_url":"https:\/\/diariodepe.com.br\/cri\/2025\/12\/22\/beijing-tianjin-e-hebei-abrem-novo-capitulo-de-inovacao-cientifica-e-tecnologica\/","og_site_name":"CRI e Diario de Pernambuco","article_published_time":"2025-12-22T09:11:25+00:00","og_image":[{"url":"https:\/\/38picres.cgtn.com\/photoAlbum\/page\/performance\/img\/2025\/12\/22\/1766388493061_436.jpeg","type":"","width":"","height":""}],"author":"CRI Portugu\u00eas","twitter_card":"summary_large_image","twitter_misc":{"Escrito por":"CRI Portugu\u00eas","Est. tempo de leitura":"2 minutos"},"schema":{"@context":"https:\/\/schema.org","@graph":[{"@type":"Article","@id":"https:\/\/diariodepe.com.br\/cri\/2025\/12\/22\/beijing-tianjin-e-hebei-abrem-novo-capitulo-de-inovacao-cientifica-e-tecnologica\/#article","isPartOf":{"@id":"https:\/\/diariodepe.com.br\/cri\/2025\/12\/22\/beijing-tianjin-e-hebei-abrem-novo-capitulo-de-inovacao-cientifica-e-tecnologica\/"},"author":{"name":"CRI Portugu\u00eas","@id":"https:\/\/diariodepe.com.br\/cri\/#\/schema\/person\/e474aead631cd4098632e11d3fbce118"},"headline":"Beijing, Tianjin e Hebei abrem novo cap\u00edtulo de inova\u00e7\u00e3o cient\u00edfica e tecnol\u00f3gica","datePublished":"2025-12-22T09:11:25+00:00","mainEntityOfPage":{"@id":"https:\/\/diariodepe.com.br\/cri\/2025\/12\/22\/beijing-tianjin-e-hebei-abrem-novo-capitulo-de-inovacao-cientifica-e-tecnologica\/"},"wordCount":343,"commentCount":0,"publisher":{"@id":"https:\/\/diariodepe.com.br\/cri\/#organization"},"image":{"@id":"https:\/\/diariodepe.com.br\/cri\/2025\/12\/22\/beijing-tianjin-e-hebei-abrem-novo-capitulo-de-inovacao-cientifica-e-tecnologica\/#primaryimage"},"thumbnailUrl":"https:\/\/38picres.cgtn.com\/photoAlbum\/page\/performance\/img\/2025\/12\/22\/1766388493061_436.jpeg","articleSection":["China"],"inLanguage":"pt-BR","potentialAction":[{"@type":"CommentAction","name":"Comment","target":["https:\/\/diariodepe.com.br\/cri\/2025\/12\/22\/beijing-tianjin-e-hebei-abrem-novo-capitulo-de-inovacao-cientifica-e-tecnologica\/#respond"]}]},{"@type":"WebPage","@id":"https:\/\/diariodepe.com.br\/cri\/2025\/12\/22\/beijing-tianjin-e-hebei-abrem-novo-capitulo-de-inovacao-cientifica-e-tecnologica\/","url":"https:\/\/diariodepe.com.br\/cri\/2025\/12\/22\/beijing-tianjin-e-hebei-abrem-novo-capitulo-de-inovacao-cientifica-e-tecnologica\/","name":"Beijing, Tianjin e Hebei abrem novo cap\u00edtulo de inova\u00e7\u00e3o cient\u00edfica e tecnol\u00f3gica - CRI e Diario de Pernambuco","isPartOf":{"@id":"https:\/\/diariodepe.com.br\/cri\/#website"},"primaryImageOfPage":{"@id":"https:\/\/diariodepe.com.br\/cri\/2025\/12\/22\/beijing-tianjin-e-hebei-abrem-novo-capitulo-de-inovacao-cientifica-e-tecnologica\/#primaryimage"},"image":{"@id":"https:\/\/diariodepe.com.br\/cri\/2025\/12\/22\/beijing-tianjin-e-hebei-abrem-novo-capitulo-de-inovacao-cientifica-e-tecnologica\/#primaryimage"},"thumbnailUrl":"https:\/\/38picres.cgtn.com\/photoAlbum\/page\/performance\/img\/2025\/12\/22\/1766388493061_436.jpeg","datePublished":"2025-12-22T09:11:25+00:00","breadcrumb":{"@id":"https:\/\/diariodepe.com.br\/cri\/2025\/12\/22\/beijing-tianjin-e-hebei-abrem-novo-capitulo-de-inovacao-cientifica-e-tecnologica\/#breadcrumb"},"inLanguage":"pt-BR","potentialAction":[{"@type":"ReadAction","target":["https:\/\/diariodepe.com.br\/cri\/2025\/12\/22\/beijing-tianjin-e-hebei-abrem-novo-capitulo-de-inovacao-cientifica-e-tecnologica\/"]}]},{"@type":"ImageObject","inLanguage":"pt-BR","@id":"https:\/\/diariodepe.com.br\/cri\/2025\/12\/22\/beijing-tianjin-e-hebei-abrem-novo-capitulo-de-inovacao-cientifica-e-tecnologica\/#primaryimage","url":"https:\/\/38picres.cgtn.com\/photoAlbum\/page\/performance\/img\/2025\/12\/22\/1766388493061_436.jpeg","contentUrl":"https:\/\/38picres.cgtn.com\/photoAlbum\/page\/performance\/img\/2025\/12\/22\/1766388493061_436.jpeg"},{"@type":"BreadcrumbList","@id":"https:\/\/diariodepe.com.br\/cri\/2025\/12\/22\/beijing-tianjin-e-hebei-abrem-novo-capitulo-de-inovacao-cientifica-e-tecnologica\/#breadcrumb","itemListElement":[{"@type":"ListItem","position":1,"name":"In\u00edcio","item":"https:\/\/diariodepe.com.br\/cri\/"},{"@type":"ListItem","position":2,"name":"Beijing, Tianjin e Hebei abrem novo cap\u00edtulo de inova\u00e7\u00e3o cient\u00edfica e tecnol\u00f3gica"}]},{"@type":"WebSite","@id":"https:\/\/diariodepe.com.br\/cri\/#website","url":"https:\/\/diariodepe.com.br\/cri\/","name":"CRI e Diario de Pernambuco","description":"R\u00e1dio Internacional da China","publisher":{"@id":"https:\/\/diariodepe.com.br\/cri\/#organization"},"potentialAction":[{"@type":"SearchAction","target":{"@type":"EntryPoint","urlTemplate":"https:\/\/diariodepe.com.br\/cri\/?s={search_term_string}"},"query-input":{"@type":"PropertyValueSpecification","valueRequired":true,"valueName":"search_term_string"}}],"inLanguage":"pt-BR"},{"@type":"Organization","@id":"https:\/\/diariodepe.com.br\/cri\/#organization","name":"CRI e Diario de Pernambuco","url":"https:\/\/diariodepe.com.br\/cri\/","logo":{"@type":"ImageObject","inLanguage":"pt-BR","@id":"https:\/\/diariodepe.com.br\/cri\/#\/schema\/logo\/image\/","url":"https:\/\/diariodepe.com.br\/cri\/wp-content\/uploads\/sites\/2\/2022\/12\/cropped-Logo.jpg","contentUrl":"https:\/\/diariodepe.com.br\/cri\/wp-content\/uploads\/sites\/2\/2022\/12\/cropped-Logo.jpg","width":700,"height":59,"caption":"CRI e Diario de Pernambuco"},"image":{"@id":"https:\/\/diariodepe.com.br\/cri\/#\/schema\/logo\/image\/"}},{"@type":"Person","@id":"https:\/\/diariodepe.com.br\/cri\/#\/schema\/person\/e474aead631cd4098632e11d3fbce118","name":"CRI Portugu\u00eas","image":{"@type":"ImageObject","inLanguage":"pt-BR","@id":"https:\/\/secure.gravatar.com\/avatar\/e2ac889ef882d4dc53091b610766dce49106cf9fe98c76e06745abb0993b2763?s=96&d=mm&r=g","url":"https:\/\/secure.gravatar.com\/avatar\/e2ac889ef882d4dc53091b610766dce49106cf9fe98c76e06745abb0993b2763?s=96&d=mm&r=g","contentUrl":"https:\/\/secure.gravatar.com\/avatar\/e2ac889ef882d4dc53091b610766dce49106cf9fe98c76e06745abb0993b2763?s=96&d=mm&r=g","caption":"CRI Portugu\u00eas"},"sameAs":["https:\/\/www.diariodepernambuco.com.br\/"],"url":"https:\/\/diariodepe.com.br\/cri\/author\/agencia-cri\/"}]}},"cc_featured_image_caption":{"caption_text":"","source_text":"","source_url":""},"amp_enabled":true,"_links":{"self":[{"href":"https:\/\/diariodepe.com.br\/cri\/wp-json\/wp\/v2\/posts\/10281","targetHints":{"allow":["GET"]}}],"collection":[{"href":"https:\/\/diariodepe.com.br\/cri\/wp-json\/wp\/v2\/posts"}],"about":[{"href":"https:\/\/diariodepe.com.br\/cri\/wp-json\/wp\/v2\/types\/post"}],"author":[{"embeddable":true,"href":"https:\/\/diariodepe.com.br\/cri\/wp-json\/wp\/v2\/users\/5"}],"replies":[{"embeddable":true,"href":"https:\/\/diariodepe.com.br\/cri\/wp-json\/wp\/v2\/comments?post=10281"}],"version-history":[{"count":1,"href":"https:\/\/diariodepe.com.br\/cri\/wp-json\/wp\/v2\/posts\/10281\/revisions"}],"predecessor-version":[{"id":10282,"href":"https:\/\/diariodepe.com.br\/cri\/wp-json\/wp\/v2\/posts\/10281\/revisions\/10282"}],"wp:attachment":[{"href":"https:\/\/diariodepe.com.br\/cri\/wp-json\/wp\/v2\/media?parent=10281"}],"wp:term":[{"taxonomy":"category","embeddable":true,"href":"https:\/\/diariodepe.com.br\/cri\/wp-json\/wp\/v2\/categories?post=10281"},{"taxonomy":"post_tag","embeddable":true,"href":"https:\/\/diariodepe.com.br\/cri\/wp-json\/wp\/v2\/tags?post=10281"}],"curies":[{"name":"wp","href":"https:\/\/api.w.org\/{rel}","templated":true}]}}