{"id":10277,"date":"2025-12-21T08:59:29","date_gmt":"2025-12-21T11:59:29","guid":{"rendered":"https:\/\/diariodepe.com.br\/cri\/?p=10277"},"modified":"2025-12-21T08:59:29","modified_gmt":"2025-12-21T11:59:29","slug":"estreia-da-primeira-minisserie-produzida-pelo-cmg-no-canal-cctv-1-sera-em-22-de-dezembro","status":"publish","type":"post","link":"https:\/\/diariodepe.com.br\/cri\/2025\/12\/21\/estreia-da-primeira-minisserie-produzida-pelo-cmg-no-canal-cctv-1-sera-em-22-de-dezembro\/","title":{"rendered":"Estreia da primeira miniss\u00e9rie produzida pelo CMG no canal CCTV-1 ser\u00e1 em 22 de dezembro"},"content":{"rendered":"<p>A estreia de O\u00a0<i>Milagre<\/i>, a primeira miniss\u00e9rie produzida pelo Grupo de M\u00eddia da China (CMG, na sigla em ingl\u00eas), acontecer\u00e1 no hor\u00e1rio nobre do canal CCTV-1 no dia\u00a022 de dezembro e no CCTV-8 ser\u00e1 no dia\u00a012 de janeiro de 2026. Tamb\u00e9m ser\u00e1 transmitida na plataforma online Tencent Video.<\/p>\n<p><img decoding=\"async\" src=\"https:\/\/38picres.cgtn.com\/photoAlbum\/page\/performance\/img\/2025\/12\/20\/1766232446720_84.jpg\" \/><\/p>\n<p>Com 15 temporadas compostas de 24 epis\u00f3dios,\u00a0<i>O<\/i><i>\u00a0<\/i><i>Milagre\u00a0<\/i>vai\u00a0tra\u00e7ar a transforma\u00e7\u00e3o dram\u00e1tica de Shenzhen de uma pequena vila de pescaria para uma metr\u00f3pole internacional ao longo de 45 anos. A s\u00e9rie foca nos indiv\u00edduos por tr\u00e1s desse milagre de desenvolvimento, contando hist\u00f3rias v\u00edvidas da cidade e de seus habitantes.<\/p>\n<p><img decoding=\"async\" src=\"https:\/\/38picres.cgtn.com\/photoAlbum\/page\/performance\/img\/2025\/12\/20\/1766232459513_407.jpg\" \/><\/p>\n","protected":false},"excerpt":{"rendered":"<p>A estreia de O\u00a0Milagre, a primeira miniss\u00e9rie produzida pelo Grupo de M\u00eddia da China (CMG, na sigla em ingl\u00eas), acontecer\u00e1 no hor\u00e1rio nobre do canal CCTV-1 no dia\u00a022 de dezembro e no CCTV-8 ser\u00e1 no dia\u00a012 de janeiro de 2026&#8230;.<\/p>\n","protected":false},"author":5,"featured_media":0,"comment_status":"open","ping_status":"open","sticky":false,"template":"","format":"standard","meta":{"footnotes":""},"categories":[3],"tags":[],"class_list":["post-10277","post","type-post","status-publish","format-standard","hentry","category-china"],"yoast_head":"<!-- This site is optimized with the Yoast SEO plugin v27.4 - https:\/\/yoast.com\/product\/yoast-seo-wordpress\/ -->\n<title>Estreia da primeira miniss\u00e9rie produzida pelo CMG no canal CCTV-1 ser\u00e1 em 22 de dezembro - CRI e Diario de Pernambuco<\/title>\n<meta name=\"robots\" content=\"index, follow, max-snippet:-1, max-image-preview:large, max-video-preview:-1\" \/>\n<link rel=\"canonical\" href=\"https:\/\/diariodepe.com.br\/cri\/2025\/12\/21\/estreia-da-primeira-minisserie-produzida-pelo-cmg-no-canal-cctv-1-sera-em-22-de-dezembro\/\" \/>\n<meta property=\"og:locale\" content=\"pt_BR\" \/>\n<meta property=\"og:type\" content=\"article\" \/>\n<meta property=\"og:title\" content=\"Estreia da primeira miniss\u00e9rie produzida pelo CMG no canal CCTV-1 ser\u00e1 em 22 de dezembro - CRI e Diario de Pernambuco\" \/>\n<meta property=\"og:description\" content=\"A estreia de O\u00a0Milagre, a primeira miniss\u00e9rie produzida pelo Grupo de M\u00eddia da China (CMG, na sigla em ingl\u00eas), acontecer\u00e1 no hor\u00e1rio nobre do canal CCTV-1 no dia\u00a022 de dezembro e no CCTV-8 ser\u00e1 no dia\u00a012 de janeiro de 2026....\" \/>\n<meta property=\"og:url\" content=\"https:\/\/diariodepe.com.br\/cri\/2025\/12\/21\/estreia-da-primeira-minisserie-produzida-pelo-cmg-no-canal-cctv-1-sera-em-22-de-dezembro\/\" \/>\n<meta property=\"og:site_name\" content=\"CRI e Diario de Pernambuco\" \/>\n<meta property=\"article:published_time\" content=\"2025-12-21T11:59:29+00:00\" \/>\n<meta property=\"og:image\" content=\"https:\/\/38picres.cgtn.com\/photoAlbum\/page\/performance\/img\/2025\/12\/20\/1766232446720_84.jpg\" \/>\n<meta name=\"author\" content=\"CRI Portugu\u00eas\" \/>\n<meta name=\"twitter:card\" content=\"summary_large_image\" \/>\n<meta name=\"twitter:label1\" content=\"Escrito por\" \/>\n\t<meta name=\"twitter:data1\" content=\"CRI Portugu\u00eas\" \/>\n<script type=\"application\/ld+json\" class=\"yoast-schema-graph\">{\"@context\":\"https:\\\/\\\/schema.org\",\"@graph\":[{\"@type\":\"Article\",\"@id\":\"https:\\\/\\\/diariodepe.com.br\\\/cri\\\/2025\\\/12\\\/21\\\/estreia-da-primeira-minisserie-produzida-pelo-cmg-no-canal-cctv-1-sera-em-22-de-dezembro\\\/#article\",\"isPartOf\":{\"@id\":\"https:\\\/\\\/diariodepe.com.br\\\/cri\\\/2025\\\/12\\\/21\\\/estreia-da-primeira-minisserie-produzida-pelo-cmg-no-canal-cctv-1-sera-em-22-de-dezembro\\\/\"},\"author\":{\"name\":\"CRI Portugu\u00eas\",\"@id\":\"https:\\\/\\\/diariodepe.com.br\\\/cri\\\/#\\\/schema\\\/person\\\/e474aead631cd4098632e11d3fbce118\"},\"headline\":\"Estreia da primeira miniss\u00e9rie produzida pelo CMG no canal CCTV-1 ser\u00e1 em 22 de dezembro\",\"datePublished\":\"2025-12-21T11:59:29+00:00\",\"mainEntityOfPage\":{\"@id\":\"https:\\\/\\\/diariodepe.com.br\\\/cri\\\/2025\\\/12\\\/21\\\/estreia-da-primeira-minisserie-produzida-pelo-cmg-no-canal-cctv-1-sera-em-22-de-dezembro\\\/\"},\"wordCount\":126,\"commentCount\":0,\"publisher\":{\"@id\":\"https:\\\/\\\/diariodepe.com.br\\\/cri\\\/#organization\"},\"image\":{\"@id\":\"https:\\\/\\\/diariodepe.com.br\\\/cri\\\/2025\\\/12\\\/21\\\/estreia-da-primeira-minisserie-produzida-pelo-cmg-no-canal-cctv-1-sera-em-22-de-dezembro\\\/#primaryimage\"},\"thumbnailUrl\":\"https:\\\/\\\/38picres.cgtn.com\\\/photoAlbum\\\/page\\\/performance\\\/img\\\/2025\\\/12\\\/20\\\/1766232446720_84.jpg\",\"articleSection\":[\"China\"],\"inLanguage\":\"pt-BR\",\"potentialAction\":[{\"@type\":\"CommentAction\",\"name\":\"Comment\",\"target\":[\"https:\\\/\\\/diariodepe.com.br\\\/cri\\\/2025\\\/12\\\/21\\\/estreia-da-primeira-minisserie-produzida-pelo-cmg-no-canal-cctv-1-sera-em-22-de-dezembro\\\/#respond\"]}]},{\"@type\":\"WebPage\",\"@id\":\"https:\\\/\\\/diariodepe.com.br\\\/cri\\\/2025\\\/12\\\/21\\\/estreia-da-primeira-minisserie-produzida-pelo-cmg-no-canal-cctv-1-sera-em-22-de-dezembro\\\/\",\"url\":\"https:\\\/\\\/diariodepe.com.br\\\/cri\\\/2025\\\/12\\\/21\\\/estreia-da-primeira-minisserie-produzida-pelo-cmg-no-canal-cctv-1-sera-em-22-de-dezembro\\\/\",\"name\":\"Estreia da primeira miniss\u00e9rie produzida pelo CMG no canal CCTV-1 ser\u00e1 em 22 de dezembro - CRI e Diario de Pernambuco\",\"isPartOf\":{\"@id\":\"https:\\\/\\\/diariodepe.com.br\\\/cri\\\/#website\"},\"primaryImageOfPage\":{\"@id\":\"https:\\\/\\\/diariodepe.com.br\\\/cri\\\/2025\\\/12\\\/21\\\/estreia-da-primeira-minisserie-produzida-pelo-cmg-no-canal-cctv-1-sera-em-22-de-dezembro\\\/#primaryimage\"},\"image\":{\"@id\":\"https:\\\/\\\/diariodepe.com.br\\\/cri\\\/2025\\\/12\\\/21\\\/estreia-da-primeira-minisserie-produzida-pelo-cmg-no-canal-cctv-1-sera-em-22-de-dezembro\\\/#primaryimage\"},\"thumbnailUrl\":\"https:\\\/\\\/38picres.cgtn.com\\\/photoAlbum\\\/page\\\/performance\\\/img\\\/2025\\\/12\\\/20\\\/1766232446720_84.jpg\",\"datePublished\":\"2025-12-21T11:59:29+00:00\",\"breadcrumb\":{\"@id\":\"https:\\\/\\\/diariodepe.com.br\\\/cri\\\/2025\\\/12\\\/21\\\/estreia-da-primeira-minisserie-produzida-pelo-cmg-no-canal-cctv-1-sera-em-22-de-dezembro\\\/#breadcrumb\"},\"inLanguage\":\"pt-BR\",\"potentialAction\":[{\"@type\":\"ReadAction\",\"target\":[\"https:\\\/\\\/diariodepe.com.br\\\/cri\\\/2025\\\/12\\\/21\\\/estreia-da-primeira-minisserie-produzida-pelo-cmg-no-canal-cctv-1-sera-em-22-de-dezembro\\\/\"]}]},{\"@type\":\"ImageObject\",\"inLanguage\":\"pt-BR\",\"@id\":\"https:\\\/\\\/diariodepe.com.br\\\/cri\\\/2025\\\/12\\\/21\\\/estreia-da-primeira-minisserie-produzida-pelo-cmg-no-canal-cctv-1-sera-em-22-de-dezembro\\\/#primaryimage\",\"url\":\"https:\\\/\\\/38picres.cgtn.com\\\/photoAlbum\\\/page\\\/performance\\\/img\\\/2025\\\/12\\\/20\\\/1766232446720_84.jpg\",\"contentUrl\":\"https:\\\/\\\/38picres.cgtn.com\\\/photoAlbum\\\/page\\\/performance\\\/img\\\/2025\\\/12\\\/20\\\/1766232446720_84.jpg\"},{\"@type\":\"BreadcrumbList\",\"@id\":\"https:\\\/\\\/diariodepe.com.br\\\/cri\\\/2025\\\/12\\\/21\\\/estreia-da-primeira-minisserie-produzida-pelo-cmg-no-canal-cctv-1-sera-em-22-de-dezembro\\\/#breadcrumb\",\"itemListElement\":[{\"@type\":\"ListItem\",\"position\":1,\"name\":\"In\u00edcio\",\"item\":\"https:\\\/\\\/diariodepe.com.br\\\/cri\\\/\"},{\"@type\":\"ListItem\",\"position\":2,\"name\":\"Estreia da primeira miniss\u00e9rie produzida pelo CMG no canal CCTV-1 ser\u00e1 em 22 de dezembro\"}]},{\"@type\":\"WebSite\",\"@id\":\"https:\\\/\\\/diariodepe.com.br\\\/cri\\\/#website\",\"url\":\"https:\\\/\\\/diariodepe.com.br\\\/cri\\\/\",\"name\":\"CRI e Diario de Pernambuco\",\"description\":\"R\u00e1dio Internacional da China\",\"publisher\":{\"@id\":\"https:\\\/\\\/diariodepe.com.br\\\/cri\\\/#organization\"},\"potentialAction\":[{\"@type\":\"SearchAction\",\"target\":{\"@type\":\"EntryPoint\",\"urlTemplate\":\"https:\\\/\\\/diariodepe.com.br\\\/cri\\\/?s={search_term_string}\"},\"query-input\":{\"@type\":\"PropertyValueSpecification\",\"valueRequired\":true,\"valueName\":\"search_term_string\"}}],\"inLanguage\":\"pt-BR\"},{\"@type\":\"Organization\",\"@id\":\"https:\\\/\\\/diariodepe.com.br\\\/cri\\\/#organization\",\"name\":\"CRI e Diario de Pernambuco\",\"url\":\"https:\\\/\\\/diariodepe.com.br\\\/cri\\\/\",\"logo\":{\"@type\":\"ImageObject\",\"inLanguage\":\"pt-BR\",\"@id\":\"https:\\\/\\\/diariodepe.com.br\\\/cri\\\/#\\\/schema\\\/logo\\\/image\\\/\",\"url\":\"https:\\\/\\\/diariodepe.com.br\\\/cri\\\/wp-content\\\/uploads\\\/sites\\\/2\\\/2022\\\/12\\\/cropped-Logo.jpg\",\"contentUrl\":\"https:\\\/\\\/diariodepe.com.br\\\/cri\\\/wp-content\\\/uploads\\\/sites\\\/2\\\/2022\\\/12\\\/cropped-Logo.jpg\",\"width\":700,\"height\":59,\"caption\":\"CRI e Diario de Pernambuco\"},\"image\":{\"@id\":\"https:\\\/\\\/diariodepe.com.br\\\/cri\\\/#\\\/schema\\\/logo\\\/image\\\/\"}},{\"@type\":\"Person\",\"@id\":\"https:\\\/\\\/diariodepe.com.br\\\/cri\\\/#\\\/schema\\\/person\\\/e474aead631cd4098632e11d3fbce118\",\"name\":\"CRI Portugu\u00eas\",\"image\":{\"@type\":\"ImageObject\",\"inLanguage\":\"pt-BR\",\"@id\":\"https:\\\/\\\/secure.gravatar.com\\\/avatar\\\/e2ac889ef882d4dc53091b610766dce49106cf9fe98c76e06745abb0993b2763?s=96&d=mm&r=g\",\"url\":\"https:\\\/\\\/secure.gravatar.com\\\/avatar\\\/e2ac889ef882d4dc53091b610766dce49106cf9fe98c76e06745abb0993b2763?s=96&d=mm&r=g\",\"contentUrl\":\"https:\\\/\\\/secure.gravatar.com\\\/avatar\\\/e2ac889ef882d4dc53091b610766dce49106cf9fe98c76e06745abb0993b2763?s=96&d=mm&r=g\",\"caption\":\"CRI Portugu\u00eas\"},\"sameAs\":[\"https:\\\/\\\/www.diariodepernambuco.com.br\\\/\"],\"url\":\"https:\\\/\\\/diariodepe.com.br\\\/cri\\\/author\\\/agencia-cri\\\/\"}]}<\/script>\n<!-- \/ Yoast SEO plugin. -->","yoast_head_json":{"title":"Estreia da primeira miniss\u00e9rie produzida pelo CMG no canal CCTV-1 ser\u00e1 em 22 de dezembro - CRI e Diario de Pernambuco","robots":{"index":"index","follow":"follow","max-snippet":"max-snippet:-1","max-image-preview":"max-image-preview:large","max-video-preview":"max-video-preview:-1"},"canonical":"https:\/\/diariodepe.com.br\/cri\/2025\/12\/21\/estreia-da-primeira-minisserie-produzida-pelo-cmg-no-canal-cctv-1-sera-em-22-de-dezembro\/","og_locale":"pt_BR","og_type":"article","og_title":"Estreia da primeira miniss\u00e9rie produzida pelo CMG no canal CCTV-1 ser\u00e1 em 22 de dezembro - CRI e Diario de Pernambuco","og_description":"A estreia de O\u00a0Milagre, a primeira miniss\u00e9rie produzida pelo Grupo de M\u00eddia da China (CMG, na sigla em ingl\u00eas), acontecer\u00e1 no hor\u00e1rio nobre do canal CCTV-1 no dia\u00a022 de dezembro e no CCTV-8 ser\u00e1 no dia\u00a012 de janeiro de 2026....","og_url":"https:\/\/diariodepe.com.br\/cri\/2025\/12\/21\/estreia-da-primeira-minisserie-produzida-pelo-cmg-no-canal-cctv-1-sera-em-22-de-dezembro\/","og_site_name":"CRI e Diario de Pernambuco","article_published_time":"2025-12-21T11:59:29+00:00","og_image":[{"url":"https:\/\/38picres.cgtn.com\/photoAlbum\/page\/performance\/img\/2025\/12\/20\/1766232446720_84.jpg","type":"","width":"","height":""}],"author":"CRI Portugu\u00eas","twitter_card":"summary_large_image","twitter_misc":{"Escrito por":"CRI Portugu\u00eas"},"schema":{"@context":"https:\/\/schema.org","@graph":[{"@type":"Article","@id":"https:\/\/diariodepe.com.br\/cri\/2025\/12\/21\/estreia-da-primeira-minisserie-produzida-pelo-cmg-no-canal-cctv-1-sera-em-22-de-dezembro\/#article","isPartOf":{"@id":"https:\/\/diariodepe.com.br\/cri\/2025\/12\/21\/estreia-da-primeira-minisserie-produzida-pelo-cmg-no-canal-cctv-1-sera-em-22-de-dezembro\/"},"author":{"name":"CRI Portugu\u00eas","@id":"https:\/\/diariodepe.com.br\/cri\/#\/schema\/person\/e474aead631cd4098632e11d3fbce118"},"headline":"Estreia da primeira miniss\u00e9rie produzida pelo CMG no canal CCTV-1 ser\u00e1 em 22 de dezembro","datePublished":"2025-12-21T11:59:29+00:00","mainEntityOfPage":{"@id":"https:\/\/diariodepe.com.br\/cri\/2025\/12\/21\/estreia-da-primeira-minisserie-produzida-pelo-cmg-no-canal-cctv-1-sera-em-22-de-dezembro\/"},"wordCount":126,"commentCount":0,"publisher":{"@id":"https:\/\/diariodepe.com.br\/cri\/#organization"},"image":{"@id":"https:\/\/diariodepe.com.br\/cri\/2025\/12\/21\/estreia-da-primeira-minisserie-produzida-pelo-cmg-no-canal-cctv-1-sera-em-22-de-dezembro\/#primaryimage"},"thumbnailUrl":"https:\/\/38picres.cgtn.com\/photoAlbum\/page\/performance\/img\/2025\/12\/20\/1766232446720_84.jpg","articleSection":["China"],"inLanguage":"pt-BR","potentialAction":[{"@type":"CommentAction","name":"Comment","target":["https:\/\/diariodepe.com.br\/cri\/2025\/12\/21\/estreia-da-primeira-minisserie-produzida-pelo-cmg-no-canal-cctv-1-sera-em-22-de-dezembro\/#respond"]}]},{"@type":"WebPage","@id":"https:\/\/diariodepe.com.br\/cri\/2025\/12\/21\/estreia-da-primeira-minisserie-produzida-pelo-cmg-no-canal-cctv-1-sera-em-22-de-dezembro\/","url":"https:\/\/diariodepe.com.br\/cri\/2025\/12\/21\/estreia-da-primeira-minisserie-produzida-pelo-cmg-no-canal-cctv-1-sera-em-22-de-dezembro\/","name":"Estreia da primeira miniss\u00e9rie produzida pelo CMG no canal CCTV-1 ser\u00e1 em 22 de dezembro - CRI e Diario de Pernambuco","isPartOf":{"@id":"https:\/\/diariodepe.com.br\/cri\/#website"},"primaryImageOfPage":{"@id":"https:\/\/diariodepe.com.br\/cri\/2025\/12\/21\/estreia-da-primeira-minisserie-produzida-pelo-cmg-no-canal-cctv-1-sera-em-22-de-dezembro\/#primaryimage"},"image":{"@id":"https:\/\/diariodepe.com.br\/cri\/2025\/12\/21\/estreia-da-primeira-minisserie-produzida-pelo-cmg-no-canal-cctv-1-sera-em-22-de-dezembro\/#primaryimage"},"thumbnailUrl":"https:\/\/38picres.cgtn.com\/photoAlbum\/page\/performance\/img\/2025\/12\/20\/1766232446720_84.jpg","datePublished":"2025-12-21T11:59:29+00:00","breadcrumb":{"@id":"https:\/\/diariodepe.com.br\/cri\/2025\/12\/21\/estreia-da-primeira-minisserie-produzida-pelo-cmg-no-canal-cctv-1-sera-em-22-de-dezembro\/#breadcrumb"},"inLanguage":"pt-BR","potentialAction":[{"@type":"ReadAction","target":["https:\/\/diariodepe.com.br\/cri\/2025\/12\/21\/estreia-da-primeira-minisserie-produzida-pelo-cmg-no-canal-cctv-1-sera-em-22-de-dezembro\/"]}]},{"@type":"ImageObject","inLanguage":"pt-BR","@id":"https:\/\/diariodepe.com.br\/cri\/2025\/12\/21\/estreia-da-primeira-minisserie-produzida-pelo-cmg-no-canal-cctv-1-sera-em-22-de-dezembro\/#primaryimage","url":"https:\/\/38picres.cgtn.com\/photoAlbum\/page\/performance\/img\/2025\/12\/20\/1766232446720_84.jpg","contentUrl":"https:\/\/38picres.cgtn.com\/photoAlbum\/page\/performance\/img\/2025\/12\/20\/1766232446720_84.jpg"},{"@type":"BreadcrumbList","@id":"https:\/\/diariodepe.com.br\/cri\/2025\/12\/21\/estreia-da-primeira-minisserie-produzida-pelo-cmg-no-canal-cctv-1-sera-em-22-de-dezembro\/#breadcrumb","itemListElement":[{"@type":"ListItem","position":1,"name":"In\u00edcio","item":"https:\/\/diariodepe.com.br\/cri\/"},{"@type":"ListItem","position":2,"name":"Estreia da primeira miniss\u00e9rie produzida pelo CMG no canal CCTV-1 ser\u00e1 em 22 de dezembro"}]},{"@type":"WebSite","@id":"https:\/\/diariodepe.com.br\/cri\/#website","url":"https:\/\/diariodepe.com.br\/cri\/","name":"CRI e Diario de Pernambuco","description":"R\u00e1dio Internacional da China","publisher":{"@id":"https:\/\/diariodepe.com.br\/cri\/#organization"},"potentialAction":[{"@type":"SearchAction","target":{"@type":"EntryPoint","urlTemplate":"https:\/\/diariodepe.com.br\/cri\/?s={search_term_string}"},"query-input":{"@type":"PropertyValueSpecification","valueRequired":true,"valueName":"search_term_string"}}],"inLanguage":"pt-BR"},{"@type":"Organization","@id":"https:\/\/diariodepe.com.br\/cri\/#organization","name":"CRI e Diario de Pernambuco","url":"https:\/\/diariodepe.com.br\/cri\/","logo":{"@type":"ImageObject","inLanguage":"pt-BR","@id":"https:\/\/diariodepe.com.br\/cri\/#\/schema\/logo\/image\/","url":"https:\/\/diariodepe.com.br\/cri\/wp-content\/uploads\/sites\/2\/2022\/12\/cropped-Logo.jpg","contentUrl":"https:\/\/diariodepe.com.br\/cri\/wp-content\/uploads\/sites\/2\/2022\/12\/cropped-Logo.jpg","width":700,"height":59,"caption":"CRI e Diario de Pernambuco"},"image":{"@id":"https:\/\/diariodepe.com.br\/cri\/#\/schema\/logo\/image\/"}},{"@type":"Person","@id":"https:\/\/diariodepe.com.br\/cri\/#\/schema\/person\/e474aead631cd4098632e11d3fbce118","name":"CRI Portugu\u00eas","image":{"@type":"ImageObject","inLanguage":"pt-BR","@id":"https:\/\/secure.gravatar.com\/avatar\/e2ac889ef882d4dc53091b610766dce49106cf9fe98c76e06745abb0993b2763?s=96&d=mm&r=g","url":"https:\/\/secure.gravatar.com\/avatar\/e2ac889ef882d4dc53091b610766dce49106cf9fe98c76e06745abb0993b2763?s=96&d=mm&r=g","contentUrl":"https:\/\/secure.gravatar.com\/avatar\/e2ac889ef882d4dc53091b610766dce49106cf9fe98c76e06745abb0993b2763?s=96&d=mm&r=g","caption":"CRI Portugu\u00eas"},"sameAs":["https:\/\/www.diariodepernambuco.com.br\/"],"url":"https:\/\/diariodepe.com.br\/cri\/author\/agencia-cri\/"}]}},"cc_featured_image_caption":{"caption_text":"","source_text":"","source_url":""},"amp_enabled":true,"_links":{"self":[{"href":"https:\/\/diariodepe.com.br\/cri\/wp-json\/wp\/v2\/posts\/10277","targetHints":{"allow":["GET"]}}],"collection":[{"href":"https:\/\/diariodepe.com.br\/cri\/wp-json\/wp\/v2\/posts"}],"about":[{"href":"https:\/\/diariodepe.com.br\/cri\/wp-json\/wp\/v2\/types\/post"}],"author":[{"embeddable":true,"href":"https:\/\/diariodepe.com.br\/cri\/wp-json\/wp\/v2\/users\/5"}],"replies":[{"embeddable":true,"href":"https:\/\/diariodepe.com.br\/cri\/wp-json\/wp\/v2\/comments?post=10277"}],"version-history":[{"count":1,"href":"https:\/\/diariodepe.com.br\/cri\/wp-json\/wp\/v2\/posts\/10277\/revisions"}],"predecessor-version":[{"id":10278,"href":"https:\/\/diariodepe.com.br\/cri\/wp-json\/wp\/v2\/posts\/10277\/revisions\/10278"}],"wp:attachment":[{"href":"https:\/\/diariodepe.com.br\/cri\/wp-json\/wp\/v2\/media?parent=10277"}],"wp:term":[{"taxonomy":"category","embeddable":true,"href":"https:\/\/diariodepe.com.br\/cri\/wp-json\/wp\/v2\/categories?post=10277"},{"taxonomy":"post_tag","embeddable":true,"href":"https:\/\/diariodepe.com.br\/cri\/wp-json\/wp\/v2\/tags?post=10277"}],"curies":[{"name":"wp","href":"https:\/\/api.w.org\/{rel}","templated":true}]}}