{"id":10273,"date":"2025-12-21T08:58:23","date_gmt":"2025-12-21T11:58:23","guid":{"rendered":"https:\/\/diariodepe.com.br\/cri\/?p=10273"},"modified":"2025-12-21T08:58:23","modified_gmt":"2025-12-21T11:58:23","slug":"cmg-lanca-mascotes-da-gala-do-festival-da-primavera-de-2026","status":"publish","type":"post","link":"https:\/\/diariodepe.com.br\/cri\/2025\/12\/21\/cmg-lanca-mascotes-da-gala-do-festival-da-primavera-de-2026\/","title":{"rendered":"CMG lan\u00e7a mascotes da Gala do Festival da Primavera de 2026"},"content":{"rendered":"<p>O Grupo de M\u00eddia da China (CMG) lan\u00e7ou, nesta quinta-feira (18),\u00a0as mascotes da Gala do Festival da Primavera de 2026. S\u00e3o quatro cavalos:\u00a0Qiqi, Jiji, Chichi e Chengcheng.<\/p>\n<p>Como 2026 ser\u00e1 o Ano do Cavalo no zod\u00edaco chin\u00eas, as mascotes foram inspiradas\u00a0em representa\u00e7\u00f5es cl\u00e1ssicas do animal\u00a0ao longo da hist\u00f3ria da China. O design\u00a0harmoniza\u00a0motivos tradicionais com tra\u00e7os contempor\u00e2neos, unindo a eleg\u00e2ncia da est\u00e9tica cl\u00e1ssica ao dinamismo da nova era.<\/p>\n<p>Confira os detalhes de cada mascote:<\/p>\n<p>&#8211;\u00a0Qiqi (Q\u00edq\u00ed): Sua inspira\u00e7\u00e3ovem da imagem do cavalo\u00a0em vasos de bronze da dinastia Zhou Ocidental\u00a0(1046 a.C. a 771 a.C.).\u00a0Seu nome\u00a0remete \u00e0 cor caracter\u00edstica desse animal\u00a0\u2014 um tom preto-azulado\u00a0esverdeado, t\u00edpico da est\u00e9tica dos artesanatos da \u00e9poca.<\/p>\n<p><img decoding=\"async\" src=\"https:\/\/38picres.cgtn.com\/photoAlbum\/page\/performance\/img\/2025\/12\/18\/1766043697129_517.jpg\" \/><\/p>\n<p>&nbsp;<\/p>\n<p>&#8211;\u00a0Jiji (J\u00ecj\u00ec): Derivado\u00a0do\u00a0&#8220;cavalo celestial&#8221; da Dinastia Han (206 a.C. a 220 d.C.). Sua postura toma como refer\u00eancia\u00a0o famoso &#8220;Cavalo de Bronze Galopante&#8221;, uma rel\u00edquia nacional de valor inestim\u00e1vel.<\/p>\n<p><img decoding=\"async\" src=\"https:\/\/38picres.cgtn.com\/photoAlbum\/page\/performance\/img\/2025\/12\/18\/1766043697142_67.jpg\" \/><\/p>\n<p>&nbsp;<\/p>\n<p>&#8211;\u00a0Chichi (Ch\u00edch\u00ed): Prov\u00e9m\u00a0do\u00a0&#8220;cavalo de tr\u00eas flores&#8221; da Dinastia Tang (618 d.C. a 907 d.C.). O nome deve-se \u00e0 crina aparada no formato de tr\u00eas flores.\u00a0Este era considerado o padr\u00e3o est\u00e9tico mais elevado para os cavalos naquele per\u00edodo.<\/p>\n<p><img decoding=\"async\" src=\"https:\/\/38picres.cgtn.com\/photoAlbum\/page\/performance\/img\/2025\/12\/18\/1766043697132_946.jpg\" \/><\/p>\n<p>&nbsp;<\/p>\n<p>&#8211;\u00a0Chengcheng (Ch\u011bngch\u011bng): Seu prot\u00f3tipo \u00e9 o Cavalo de Przewalski. Sendo a\u00a0\u00fanica esp\u00e9cie\u00a0de cavalo selvagem ainda existente na Terra, ele \u00e9 considerado um &#8220;f\u00f3ssil vivo&#8221;,com uma hist\u00f3ria evolutiva de 60 milh\u00f5es de anos. Hoje, a China det\u00e9m a maior popula\u00e7\u00e3o\u00a0desses equinos no mundo \u2014 um resultado importante\u00a0da conserva\u00e7\u00e3o da biodiversidade e da constru\u00e7\u00e3o da civiliza\u00e7\u00e3o ecol\u00f3gica do pa\u00eds.<\/p>\n<p><img decoding=\"async\" src=\"https:\/\/38picres.cgtn.com\/photoAlbum\/page\/performance\/img\/2025\/12\/18\/1766043729499_827.jpg\" \/><\/p>\n<p>&nbsp;<\/p>\n<p>A Gala do Festival da Primavera do CMG acompanhar\u00e1\u00a0os chineses em todo o mundo na celebra\u00e7\u00e3o de um\u00a0Ano do Cavalo vigoroso e auspicioso.<\/p>\n","protected":false},"excerpt":{"rendered":"<p>O Grupo de M\u00eddia da China (CMG) lan\u00e7ou, nesta quinta-feira (18),\u00a0as mascotes da Gala do Festival da Primavera de 2026. S\u00e3o quatro cavalos:\u00a0Qiqi, Jiji, Chichi e Chengcheng. Como 2026 ser\u00e1 o Ano do Cavalo no zod\u00edaco chin\u00eas, as mascotes foram&#8230;<\/p>\n","protected":false},"author":5,"featured_media":0,"comment_status":"open","ping_status":"open","sticky":false,"template":"","format":"standard","meta":{"footnotes":""},"categories":[3],"tags":[],"class_list":["post-10273","post","type-post","status-publish","format-standard","hentry","category-china"],"yoast_head":"<!-- This site is optimized with the Yoast SEO plugin v27.4 - https:\/\/yoast.com\/product\/yoast-seo-wordpress\/ -->\n<title>CMG lan\u00e7a mascotes da Gala do Festival da Primavera de 2026 - CRI e Diario de Pernambuco<\/title>\n<meta name=\"robots\" content=\"index, follow, max-snippet:-1, max-image-preview:large, max-video-preview:-1\" \/>\n<link rel=\"canonical\" href=\"https:\/\/diariodepe.com.br\/cri\/2025\/12\/21\/cmg-lanca-mascotes-da-gala-do-festival-da-primavera-de-2026\/\" \/>\n<meta property=\"og:locale\" content=\"pt_BR\" \/>\n<meta property=\"og:type\" content=\"article\" \/>\n<meta property=\"og:title\" content=\"CMG lan\u00e7a mascotes da Gala do Festival da Primavera de 2026 - CRI e Diario de Pernambuco\" \/>\n<meta property=\"og:description\" content=\"O Grupo de M\u00eddia da China (CMG) lan\u00e7ou, nesta quinta-feira (18),\u00a0as mascotes da Gala do Festival da Primavera de 2026. S\u00e3o quatro cavalos:\u00a0Qiqi, Jiji, Chichi e Chengcheng. Como 2026 ser\u00e1 o Ano do Cavalo no zod\u00edaco chin\u00eas, as mascotes foram...\" \/>\n<meta property=\"og:url\" content=\"https:\/\/diariodepe.com.br\/cri\/2025\/12\/21\/cmg-lanca-mascotes-da-gala-do-festival-da-primavera-de-2026\/\" \/>\n<meta property=\"og:site_name\" content=\"CRI e Diario de Pernambuco\" \/>\n<meta property=\"article:published_time\" content=\"2025-12-21T11:58:23+00:00\" \/>\n<meta property=\"og:image\" content=\"https:\/\/38picres.cgtn.com\/photoAlbum\/page\/performance\/img\/2025\/12\/18\/1766043697129_517.jpg\" \/>\n<meta name=\"author\" content=\"CRI Portugu\u00eas\" \/>\n<meta name=\"twitter:card\" content=\"summary_large_image\" \/>\n<meta name=\"twitter:label1\" content=\"Escrito por\" \/>\n\t<meta name=\"twitter:data1\" content=\"CRI Portugu\u00eas\" \/>\n\t<meta name=\"twitter:label2\" content=\"Est. tempo de leitura\" \/>\n\t<meta name=\"twitter:data2\" content=\"3 minutos\" \/>\n<script type=\"application\/ld+json\" class=\"yoast-schema-graph\">{\"@context\":\"https:\\\/\\\/schema.org\",\"@graph\":[{\"@type\":\"Article\",\"@id\":\"https:\\\/\\\/diariodepe.com.br\\\/cri\\\/2025\\\/12\\\/21\\\/cmg-lanca-mascotes-da-gala-do-festival-da-primavera-de-2026\\\/#article\",\"isPartOf\":{\"@id\":\"https:\\\/\\\/diariodepe.com.br\\\/cri\\\/2025\\\/12\\\/21\\\/cmg-lanca-mascotes-da-gala-do-festival-da-primavera-de-2026\\\/\"},\"author\":{\"name\":\"CRI Portugu\u00eas\",\"@id\":\"https:\\\/\\\/diariodepe.com.br\\\/cri\\\/#\\\/schema\\\/person\\\/e474aead631cd4098632e11d3fbce118\"},\"headline\":\"CMG lan\u00e7a mascotes da Gala do Festival da Primavera de 2026\",\"datePublished\":\"2025-12-21T11:58:23+00:00\",\"mainEntityOfPage\":{\"@id\":\"https:\\\/\\\/diariodepe.com.br\\\/cri\\\/2025\\\/12\\\/21\\\/cmg-lanca-mascotes-da-gala-do-festival-da-primavera-de-2026\\\/\"},\"wordCount\":331,\"commentCount\":0,\"publisher\":{\"@id\":\"https:\\\/\\\/diariodepe.com.br\\\/cri\\\/#organization\"},\"image\":{\"@id\":\"https:\\\/\\\/diariodepe.com.br\\\/cri\\\/2025\\\/12\\\/21\\\/cmg-lanca-mascotes-da-gala-do-festival-da-primavera-de-2026\\\/#primaryimage\"},\"thumbnailUrl\":\"https:\\\/\\\/38picres.cgtn.com\\\/photoAlbum\\\/page\\\/performance\\\/img\\\/2025\\\/12\\\/18\\\/1766043697129_517.jpg\",\"articleSection\":[\"China\"],\"inLanguage\":\"pt-BR\",\"potentialAction\":[{\"@type\":\"CommentAction\",\"name\":\"Comment\",\"target\":[\"https:\\\/\\\/diariodepe.com.br\\\/cri\\\/2025\\\/12\\\/21\\\/cmg-lanca-mascotes-da-gala-do-festival-da-primavera-de-2026\\\/#respond\"]}]},{\"@type\":\"WebPage\",\"@id\":\"https:\\\/\\\/diariodepe.com.br\\\/cri\\\/2025\\\/12\\\/21\\\/cmg-lanca-mascotes-da-gala-do-festival-da-primavera-de-2026\\\/\",\"url\":\"https:\\\/\\\/diariodepe.com.br\\\/cri\\\/2025\\\/12\\\/21\\\/cmg-lanca-mascotes-da-gala-do-festival-da-primavera-de-2026\\\/\",\"name\":\"CMG lan\u00e7a mascotes da Gala do Festival da Primavera de 2026 - CRI e Diario de Pernambuco\",\"isPartOf\":{\"@id\":\"https:\\\/\\\/diariodepe.com.br\\\/cri\\\/#website\"},\"primaryImageOfPage\":{\"@id\":\"https:\\\/\\\/diariodepe.com.br\\\/cri\\\/2025\\\/12\\\/21\\\/cmg-lanca-mascotes-da-gala-do-festival-da-primavera-de-2026\\\/#primaryimage\"},\"image\":{\"@id\":\"https:\\\/\\\/diariodepe.com.br\\\/cri\\\/2025\\\/12\\\/21\\\/cmg-lanca-mascotes-da-gala-do-festival-da-primavera-de-2026\\\/#primaryimage\"},\"thumbnailUrl\":\"https:\\\/\\\/38picres.cgtn.com\\\/photoAlbum\\\/page\\\/performance\\\/img\\\/2025\\\/12\\\/18\\\/1766043697129_517.jpg\",\"datePublished\":\"2025-12-21T11:58:23+00:00\",\"breadcrumb\":{\"@id\":\"https:\\\/\\\/diariodepe.com.br\\\/cri\\\/2025\\\/12\\\/21\\\/cmg-lanca-mascotes-da-gala-do-festival-da-primavera-de-2026\\\/#breadcrumb\"},\"inLanguage\":\"pt-BR\",\"potentialAction\":[{\"@type\":\"ReadAction\",\"target\":[\"https:\\\/\\\/diariodepe.com.br\\\/cri\\\/2025\\\/12\\\/21\\\/cmg-lanca-mascotes-da-gala-do-festival-da-primavera-de-2026\\\/\"]}]},{\"@type\":\"ImageObject\",\"inLanguage\":\"pt-BR\",\"@id\":\"https:\\\/\\\/diariodepe.com.br\\\/cri\\\/2025\\\/12\\\/21\\\/cmg-lanca-mascotes-da-gala-do-festival-da-primavera-de-2026\\\/#primaryimage\",\"url\":\"https:\\\/\\\/38picres.cgtn.com\\\/photoAlbum\\\/page\\\/performance\\\/img\\\/2025\\\/12\\\/18\\\/1766043697129_517.jpg\",\"contentUrl\":\"https:\\\/\\\/38picres.cgtn.com\\\/photoAlbum\\\/page\\\/performance\\\/img\\\/2025\\\/12\\\/18\\\/1766043697129_517.jpg\"},{\"@type\":\"BreadcrumbList\",\"@id\":\"https:\\\/\\\/diariodepe.com.br\\\/cri\\\/2025\\\/12\\\/21\\\/cmg-lanca-mascotes-da-gala-do-festival-da-primavera-de-2026\\\/#breadcrumb\",\"itemListElement\":[{\"@type\":\"ListItem\",\"position\":1,\"name\":\"In\u00edcio\",\"item\":\"https:\\\/\\\/diariodepe.com.br\\\/cri\\\/\"},{\"@type\":\"ListItem\",\"position\":2,\"name\":\"CMG lan\u00e7a mascotes da Gala do Festival da Primavera de 2026\"}]},{\"@type\":\"WebSite\",\"@id\":\"https:\\\/\\\/diariodepe.com.br\\\/cri\\\/#website\",\"url\":\"https:\\\/\\\/diariodepe.com.br\\\/cri\\\/\",\"name\":\"CRI e Diario de Pernambuco\",\"description\":\"R\u00e1dio Internacional da China\",\"publisher\":{\"@id\":\"https:\\\/\\\/diariodepe.com.br\\\/cri\\\/#organization\"},\"potentialAction\":[{\"@type\":\"SearchAction\",\"target\":{\"@type\":\"EntryPoint\",\"urlTemplate\":\"https:\\\/\\\/diariodepe.com.br\\\/cri\\\/?s={search_term_string}\"},\"query-input\":{\"@type\":\"PropertyValueSpecification\",\"valueRequired\":true,\"valueName\":\"search_term_string\"}}],\"inLanguage\":\"pt-BR\"},{\"@type\":\"Organization\",\"@id\":\"https:\\\/\\\/diariodepe.com.br\\\/cri\\\/#organization\",\"name\":\"CRI e Diario de Pernambuco\",\"url\":\"https:\\\/\\\/diariodepe.com.br\\\/cri\\\/\",\"logo\":{\"@type\":\"ImageObject\",\"inLanguage\":\"pt-BR\",\"@id\":\"https:\\\/\\\/diariodepe.com.br\\\/cri\\\/#\\\/schema\\\/logo\\\/image\\\/\",\"url\":\"https:\\\/\\\/diariodepe.com.br\\\/cri\\\/wp-content\\\/uploads\\\/sites\\\/2\\\/2022\\\/12\\\/cropped-Logo.jpg\",\"contentUrl\":\"https:\\\/\\\/diariodepe.com.br\\\/cri\\\/wp-content\\\/uploads\\\/sites\\\/2\\\/2022\\\/12\\\/cropped-Logo.jpg\",\"width\":700,\"height\":59,\"caption\":\"CRI e Diario de Pernambuco\"},\"image\":{\"@id\":\"https:\\\/\\\/diariodepe.com.br\\\/cri\\\/#\\\/schema\\\/logo\\\/image\\\/\"}},{\"@type\":\"Person\",\"@id\":\"https:\\\/\\\/diariodepe.com.br\\\/cri\\\/#\\\/schema\\\/person\\\/e474aead631cd4098632e11d3fbce118\",\"name\":\"CRI Portugu\u00eas\",\"image\":{\"@type\":\"ImageObject\",\"inLanguage\":\"pt-BR\",\"@id\":\"https:\\\/\\\/secure.gravatar.com\\\/avatar\\\/e2ac889ef882d4dc53091b610766dce49106cf9fe98c76e06745abb0993b2763?s=96&d=mm&r=g\",\"url\":\"https:\\\/\\\/secure.gravatar.com\\\/avatar\\\/e2ac889ef882d4dc53091b610766dce49106cf9fe98c76e06745abb0993b2763?s=96&d=mm&r=g\",\"contentUrl\":\"https:\\\/\\\/secure.gravatar.com\\\/avatar\\\/e2ac889ef882d4dc53091b610766dce49106cf9fe98c76e06745abb0993b2763?s=96&d=mm&r=g\",\"caption\":\"CRI Portugu\u00eas\"},\"sameAs\":[\"https:\\\/\\\/www.diariodepernambuco.com.br\\\/\"],\"url\":\"https:\\\/\\\/diariodepe.com.br\\\/cri\\\/author\\\/agencia-cri\\\/\"}]}<\/script>\n<!-- \/ Yoast SEO plugin. -->","yoast_head_json":{"title":"CMG lan\u00e7a mascotes da Gala do Festival da Primavera de 2026 - CRI e Diario de Pernambuco","robots":{"index":"index","follow":"follow","max-snippet":"max-snippet:-1","max-image-preview":"max-image-preview:large","max-video-preview":"max-video-preview:-1"},"canonical":"https:\/\/diariodepe.com.br\/cri\/2025\/12\/21\/cmg-lanca-mascotes-da-gala-do-festival-da-primavera-de-2026\/","og_locale":"pt_BR","og_type":"article","og_title":"CMG lan\u00e7a mascotes da Gala do Festival da Primavera de 2026 - CRI e Diario de Pernambuco","og_description":"O Grupo de M\u00eddia da China (CMG) lan\u00e7ou, nesta quinta-feira (18),\u00a0as mascotes da Gala do Festival da Primavera de 2026. S\u00e3o quatro cavalos:\u00a0Qiqi, Jiji, Chichi e Chengcheng. Como 2026 ser\u00e1 o Ano do Cavalo no zod\u00edaco chin\u00eas, as mascotes foram...","og_url":"https:\/\/diariodepe.com.br\/cri\/2025\/12\/21\/cmg-lanca-mascotes-da-gala-do-festival-da-primavera-de-2026\/","og_site_name":"CRI e Diario de Pernambuco","article_published_time":"2025-12-21T11:58:23+00:00","og_image":[{"url":"https:\/\/38picres.cgtn.com\/photoAlbum\/page\/performance\/img\/2025\/12\/18\/1766043697129_517.jpg","type":"","width":"","height":""}],"author":"CRI Portugu\u00eas","twitter_card":"summary_large_image","twitter_misc":{"Escrito por":"CRI Portugu\u00eas","Est. tempo de leitura":"3 minutos"},"schema":{"@context":"https:\/\/schema.org","@graph":[{"@type":"Article","@id":"https:\/\/diariodepe.com.br\/cri\/2025\/12\/21\/cmg-lanca-mascotes-da-gala-do-festival-da-primavera-de-2026\/#article","isPartOf":{"@id":"https:\/\/diariodepe.com.br\/cri\/2025\/12\/21\/cmg-lanca-mascotes-da-gala-do-festival-da-primavera-de-2026\/"},"author":{"name":"CRI Portugu\u00eas","@id":"https:\/\/diariodepe.com.br\/cri\/#\/schema\/person\/e474aead631cd4098632e11d3fbce118"},"headline":"CMG lan\u00e7a mascotes da Gala do Festival da Primavera de 2026","datePublished":"2025-12-21T11:58:23+00:00","mainEntityOfPage":{"@id":"https:\/\/diariodepe.com.br\/cri\/2025\/12\/21\/cmg-lanca-mascotes-da-gala-do-festival-da-primavera-de-2026\/"},"wordCount":331,"commentCount":0,"publisher":{"@id":"https:\/\/diariodepe.com.br\/cri\/#organization"},"image":{"@id":"https:\/\/diariodepe.com.br\/cri\/2025\/12\/21\/cmg-lanca-mascotes-da-gala-do-festival-da-primavera-de-2026\/#primaryimage"},"thumbnailUrl":"https:\/\/38picres.cgtn.com\/photoAlbum\/page\/performance\/img\/2025\/12\/18\/1766043697129_517.jpg","articleSection":["China"],"inLanguage":"pt-BR","potentialAction":[{"@type":"CommentAction","name":"Comment","target":["https:\/\/diariodepe.com.br\/cri\/2025\/12\/21\/cmg-lanca-mascotes-da-gala-do-festival-da-primavera-de-2026\/#respond"]}]},{"@type":"WebPage","@id":"https:\/\/diariodepe.com.br\/cri\/2025\/12\/21\/cmg-lanca-mascotes-da-gala-do-festival-da-primavera-de-2026\/","url":"https:\/\/diariodepe.com.br\/cri\/2025\/12\/21\/cmg-lanca-mascotes-da-gala-do-festival-da-primavera-de-2026\/","name":"CMG lan\u00e7a mascotes da Gala do Festival da Primavera de 2026 - CRI e Diario de Pernambuco","isPartOf":{"@id":"https:\/\/diariodepe.com.br\/cri\/#website"},"primaryImageOfPage":{"@id":"https:\/\/diariodepe.com.br\/cri\/2025\/12\/21\/cmg-lanca-mascotes-da-gala-do-festival-da-primavera-de-2026\/#primaryimage"},"image":{"@id":"https:\/\/diariodepe.com.br\/cri\/2025\/12\/21\/cmg-lanca-mascotes-da-gala-do-festival-da-primavera-de-2026\/#primaryimage"},"thumbnailUrl":"https:\/\/38picres.cgtn.com\/photoAlbum\/page\/performance\/img\/2025\/12\/18\/1766043697129_517.jpg","datePublished":"2025-12-21T11:58:23+00:00","breadcrumb":{"@id":"https:\/\/diariodepe.com.br\/cri\/2025\/12\/21\/cmg-lanca-mascotes-da-gala-do-festival-da-primavera-de-2026\/#breadcrumb"},"inLanguage":"pt-BR","potentialAction":[{"@type":"ReadAction","target":["https:\/\/diariodepe.com.br\/cri\/2025\/12\/21\/cmg-lanca-mascotes-da-gala-do-festival-da-primavera-de-2026\/"]}]},{"@type":"ImageObject","inLanguage":"pt-BR","@id":"https:\/\/diariodepe.com.br\/cri\/2025\/12\/21\/cmg-lanca-mascotes-da-gala-do-festival-da-primavera-de-2026\/#primaryimage","url":"https:\/\/38picres.cgtn.com\/photoAlbum\/page\/performance\/img\/2025\/12\/18\/1766043697129_517.jpg","contentUrl":"https:\/\/38picres.cgtn.com\/photoAlbum\/page\/performance\/img\/2025\/12\/18\/1766043697129_517.jpg"},{"@type":"BreadcrumbList","@id":"https:\/\/diariodepe.com.br\/cri\/2025\/12\/21\/cmg-lanca-mascotes-da-gala-do-festival-da-primavera-de-2026\/#breadcrumb","itemListElement":[{"@type":"ListItem","position":1,"name":"In\u00edcio","item":"https:\/\/diariodepe.com.br\/cri\/"},{"@type":"ListItem","position":2,"name":"CMG lan\u00e7a mascotes da Gala do Festival da Primavera de 2026"}]},{"@type":"WebSite","@id":"https:\/\/diariodepe.com.br\/cri\/#website","url":"https:\/\/diariodepe.com.br\/cri\/","name":"CRI e Diario de Pernambuco","description":"R\u00e1dio Internacional da China","publisher":{"@id":"https:\/\/diariodepe.com.br\/cri\/#organization"},"potentialAction":[{"@type":"SearchAction","target":{"@type":"EntryPoint","urlTemplate":"https:\/\/diariodepe.com.br\/cri\/?s={search_term_string}"},"query-input":{"@type":"PropertyValueSpecification","valueRequired":true,"valueName":"search_term_string"}}],"inLanguage":"pt-BR"},{"@type":"Organization","@id":"https:\/\/diariodepe.com.br\/cri\/#organization","name":"CRI e Diario de Pernambuco","url":"https:\/\/diariodepe.com.br\/cri\/","logo":{"@type":"ImageObject","inLanguage":"pt-BR","@id":"https:\/\/diariodepe.com.br\/cri\/#\/schema\/logo\/image\/","url":"https:\/\/diariodepe.com.br\/cri\/wp-content\/uploads\/sites\/2\/2022\/12\/cropped-Logo.jpg","contentUrl":"https:\/\/diariodepe.com.br\/cri\/wp-content\/uploads\/sites\/2\/2022\/12\/cropped-Logo.jpg","width":700,"height":59,"caption":"CRI e Diario de Pernambuco"},"image":{"@id":"https:\/\/diariodepe.com.br\/cri\/#\/schema\/logo\/image\/"}},{"@type":"Person","@id":"https:\/\/diariodepe.com.br\/cri\/#\/schema\/person\/e474aead631cd4098632e11d3fbce118","name":"CRI Portugu\u00eas","image":{"@type":"ImageObject","inLanguage":"pt-BR","@id":"https:\/\/secure.gravatar.com\/avatar\/e2ac889ef882d4dc53091b610766dce49106cf9fe98c76e06745abb0993b2763?s=96&d=mm&r=g","url":"https:\/\/secure.gravatar.com\/avatar\/e2ac889ef882d4dc53091b610766dce49106cf9fe98c76e06745abb0993b2763?s=96&d=mm&r=g","contentUrl":"https:\/\/secure.gravatar.com\/avatar\/e2ac889ef882d4dc53091b610766dce49106cf9fe98c76e06745abb0993b2763?s=96&d=mm&r=g","caption":"CRI Portugu\u00eas"},"sameAs":["https:\/\/www.diariodepernambuco.com.br\/"],"url":"https:\/\/diariodepe.com.br\/cri\/author\/agencia-cri\/"}]}},"cc_featured_image_caption":{"caption_text":"","source_text":"","source_url":""},"amp_enabled":true,"_links":{"self":[{"href":"https:\/\/diariodepe.com.br\/cri\/wp-json\/wp\/v2\/posts\/10273","targetHints":{"allow":["GET"]}}],"collection":[{"href":"https:\/\/diariodepe.com.br\/cri\/wp-json\/wp\/v2\/posts"}],"about":[{"href":"https:\/\/diariodepe.com.br\/cri\/wp-json\/wp\/v2\/types\/post"}],"author":[{"embeddable":true,"href":"https:\/\/diariodepe.com.br\/cri\/wp-json\/wp\/v2\/users\/5"}],"replies":[{"embeddable":true,"href":"https:\/\/diariodepe.com.br\/cri\/wp-json\/wp\/v2\/comments?post=10273"}],"version-history":[{"count":1,"href":"https:\/\/diariodepe.com.br\/cri\/wp-json\/wp\/v2\/posts\/10273\/revisions"}],"predecessor-version":[{"id":10274,"href":"https:\/\/diariodepe.com.br\/cri\/wp-json\/wp\/v2\/posts\/10273\/revisions\/10274"}],"wp:attachment":[{"href":"https:\/\/diariodepe.com.br\/cri\/wp-json\/wp\/v2\/media?parent=10273"}],"wp:term":[{"taxonomy":"category","embeddable":true,"href":"https:\/\/diariodepe.com.br\/cri\/wp-json\/wp\/v2\/categories?post=10273"},{"taxonomy":"post_tag","embeddable":true,"href":"https:\/\/diariodepe.com.br\/cri\/wp-json\/wp\/v2\/tags?post=10273"}],"curies":[{"name":"wp","href":"https:\/\/api.w.org\/{rel}","templated":true}]}}