{"id":10271,"date":"2025-12-21T08:57:56","date_gmt":"2025-12-21T11:57:56","guid":{"rendered":"https:\/\/diariodepe.com.br\/cri\/?p=10271"},"modified":"2025-12-21T08:57:56","modified_gmt":"2025-12-21T11:57:56","slug":"entram-em-funcionamento-as-operacoes-alfandegarias-especiais-em-toda-a-ilha-de-hainan-2","status":"publish","type":"post","link":"https:\/\/diariodepe.com.br\/cri\/2025\/12\/21\/entram-em-funcionamento-as-operacoes-alfandegarias-especiais-em-toda-a-ilha-de-hainan-2\/","title":{"rendered":"Entram em funcionamento as opera\u00e7\u00f5es alfandeg\u00e1rias especiais em toda a ilha de Hainan"},"content":{"rendered":"<p><img decoding=\"async\" src=\"https:\/\/38picres.cgtn.com\/photoAlbum\/page\/performance\/img\/2025\/12\/18\/1766027356839_957.jpg\" \/><\/p>\n<p><span dir=\"LTR\">A partir de<\/span><span dir=\"LTR\">sta quinta-feira (<\/span><span dir=\"LTR\">18<\/span><span dir=\"LTR\">),\u00a0<\/span><span dir=\"LTR\">e<\/span><span dir=\"LTR\">ntram em funcionamento as opera\u00e7\u00f5es alfandeg\u00e1rias especiais\u00a0<\/span><span dir=\"LTR\">n<\/span><span dir=\"LTR\">o Porto de Livre Com\u00e9rcio (FTP, na sigla em ingl\u00eas) de Hainan<\/span><span dir=\"LTR\">, ilha localizada no sul da China<\/span><span dir=\"LTR\">.<\/span><\/p>\n<p><span dir=\"LTR\">Tamb\u00e9m\u00a0<\/span><span dir=\"LTR\">ser\u00e1 implementada uma s\u00e9rie de pol\u00edticas e documentos\u00a0<\/span><span dir=\"LTR\">relacionados \u00e0s\u00a0<\/span><span dir=\"LTR\">opera\u00e7\u00f5es alfandeg\u00e1rias especiais, incluindo o cat\u00e1logo de produtos sujeitos a impostos de importa\u00e7\u00e3o, pol\u00edticas fiscais para circula\u00e7\u00e3o de mercadorias, listas de proibi\u00e7\u00f5es e restri\u00e7\u00f5es, pol\u00edticas de isen\u00e7\u00e3o de tarifas alfandeg\u00e1rias para vendas internas com valor agregado por processamento,\u00a0<\/span><span dir=\"LTR\">bem<\/span><span dir=\"LTR\">\u00a0como medidas de supervis\u00e3o alfandeg\u00e1ria.<\/span><\/p>\n<p><span dir=\"LTR\">As opera\u00e7\u00f5es alfandeg\u00e1rias especiais marcam o in\u00edcio de uma nova fase na constru\u00e7\u00e3o do\u00a0<\/span><span dir=\"LTR\">FTP<\/span><span dir=\"LTR\">\u00a0de Hainan. Ap\u00f3s o lan\u00e7amento\u00a0<\/span><span dir=\"LTR\">dessas<\/span><span dir=\"LTR\">\u00a0opera\u00e7\u00f5es<\/span><span dir=\"LTR\">, as \u00e1reas de abertura continuar\u00e3o a ser expandidas, o sistema de pol\u00edticas e regulamentos ser\u00e1 aprimorado continuamente, e esfor\u00e7os ser\u00e3o feitos para construir um importante portal que lidere a abertura da China na nova era.<\/span><\/p>\n","protected":false},"excerpt":{"rendered":"<p>A partir desta quinta-feira (18),\u00a0entram em funcionamento as opera\u00e7\u00f5es alfandeg\u00e1rias especiais\u00a0no Porto de Livre Com\u00e9rcio (FTP, na sigla em ingl\u00eas) de Hainan, ilha localizada no sul da China. Tamb\u00e9m\u00a0ser\u00e1 implementada uma s\u00e9rie de pol\u00edticas e documentos\u00a0relacionados \u00e0s\u00a0opera\u00e7\u00f5es alfandeg\u00e1rias especiais, incluindo&#8230;<\/p>\n","protected":false},"author":5,"featured_media":0,"comment_status":"open","ping_status":"open","sticky":false,"template":"","format":"standard","meta":{"footnotes":""},"categories":[3],"tags":[],"class_list":["post-10271","post","type-post","status-publish","format-standard","hentry","category-china"],"yoast_head":"<!-- This site is optimized with the Yoast SEO plugin v27.4 - https:\/\/yoast.com\/product\/yoast-seo-wordpress\/ -->\n<title>Entram em funcionamento as opera\u00e7\u00f5es alfandeg\u00e1rias especiais em toda a ilha de Hainan - CRI e Diario de Pernambuco<\/title>\n<meta name=\"robots\" content=\"index, follow, max-snippet:-1, max-image-preview:large, max-video-preview:-1\" \/>\n<link rel=\"canonical\" href=\"https:\/\/diariodepe.com.br\/cri\/2025\/12\/21\/entram-em-funcionamento-as-operacoes-alfandegarias-especiais-em-toda-a-ilha-de-hainan-2\/\" \/>\n<meta property=\"og:locale\" content=\"pt_BR\" \/>\n<meta property=\"og:type\" content=\"article\" \/>\n<meta property=\"og:title\" content=\"Entram em funcionamento as opera\u00e7\u00f5es alfandeg\u00e1rias especiais em toda a ilha de Hainan - CRI e Diario de Pernambuco\" \/>\n<meta property=\"og:description\" content=\"A partir desta quinta-feira (18),\u00a0entram em funcionamento as opera\u00e7\u00f5es alfandeg\u00e1rias especiais\u00a0no Porto de Livre Com\u00e9rcio (FTP, na sigla em ingl\u00eas) de Hainan, ilha localizada no sul da China. Tamb\u00e9m\u00a0ser\u00e1 implementada uma s\u00e9rie de pol\u00edticas e documentos\u00a0relacionados \u00e0s\u00a0opera\u00e7\u00f5es alfandeg\u00e1rias especiais, incluindo...\" \/>\n<meta property=\"og:url\" content=\"https:\/\/diariodepe.com.br\/cri\/2025\/12\/21\/entram-em-funcionamento-as-operacoes-alfandegarias-especiais-em-toda-a-ilha-de-hainan-2\/\" \/>\n<meta property=\"og:site_name\" content=\"CRI e Diario de Pernambuco\" \/>\n<meta property=\"article:published_time\" content=\"2025-12-21T11:57:56+00:00\" \/>\n<meta property=\"og:image\" content=\"https:\/\/38picres.cgtn.com\/photoAlbum\/page\/performance\/img\/2025\/12\/18\/1766027356839_957.jpg\" \/>\n<meta name=\"author\" content=\"CRI Portugu\u00eas\" \/>\n<meta name=\"twitter:card\" content=\"summary_large_image\" \/>\n<meta name=\"twitter:label1\" content=\"Escrito por\" \/>\n\t<meta name=\"twitter:data1\" content=\"CRI Portugu\u00eas\" \/>\n\t<meta name=\"twitter:label2\" content=\"Est. tempo de leitura\" \/>\n\t<meta name=\"twitter:data2\" content=\"2 minutos\" \/>\n<script type=\"application\/ld+json\" class=\"yoast-schema-graph\">{\"@context\":\"https:\\\/\\\/schema.org\",\"@graph\":[{\"@type\":\"Article\",\"@id\":\"https:\\\/\\\/diariodepe.com.br\\\/cri\\\/2025\\\/12\\\/21\\\/entram-em-funcionamento-as-operacoes-alfandegarias-especiais-em-toda-a-ilha-de-hainan-2\\\/#article\",\"isPartOf\":{\"@id\":\"https:\\\/\\\/diariodepe.com.br\\\/cri\\\/2025\\\/12\\\/21\\\/entram-em-funcionamento-as-operacoes-alfandegarias-especiais-em-toda-a-ilha-de-hainan-2\\\/\"},\"author\":{\"name\":\"CRI Portugu\u00eas\",\"@id\":\"https:\\\/\\\/diariodepe.com.br\\\/cri\\\/#\\\/schema\\\/person\\\/e474aead631cd4098632e11d3fbce118\"},\"headline\":\"Entram em funcionamento as opera\u00e7\u00f5es alfandeg\u00e1rias especiais em toda a ilha de Hainan\",\"datePublished\":\"2025-12-21T11:57:56+00:00\",\"mainEntityOfPage\":{\"@id\":\"https:\\\/\\\/diariodepe.com.br\\\/cri\\\/2025\\\/12\\\/21\\\/entram-em-funcionamento-as-operacoes-alfandegarias-especiais-em-toda-a-ilha-de-hainan-2\\\/\"},\"wordCount\":190,\"commentCount\":0,\"publisher\":{\"@id\":\"https:\\\/\\\/diariodepe.com.br\\\/cri\\\/#organization\"},\"image\":{\"@id\":\"https:\\\/\\\/diariodepe.com.br\\\/cri\\\/2025\\\/12\\\/21\\\/entram-em-funcionamento-as-operacoes-alfandegarias-especiais-em-toda-a-ilha-de-hainan-2\\\/#primaryimage\"},\"thumbnailUrl\":\"https:\\\/\\\/38picres.cgtn.com\\\/photoAlbum\\\/page\\\/performance\\\/img\\\/2025\\\/12\\\/18\\\/1766027356839_957.jpg\",\"articleSection\":[\"China\"],\"inLanguage\":\"pt-BR\",\"potentialAction\":[{\"@type\":\"CommentAction\",\"name\":\"Comment\",\"target\":[\"https:\\\/\\\/diariodepe.com.br\\\/cri\\\/2025\\\/12\\\/21\\\/entram-em-funcionamento-as-operacoes-alfandegarias-especiais-em-toda-a-ilha-de-hainan-2\\\/#respond\"]}]},{\"@type\":\"WebPage\",\"@id\":\"https:\\\/\\\/diariodepe.com.br\\\/cri\\\/2025\\\/12\\\/21\\\/entram-em-funcionamento-as-operacoes-alfandegarias-especiais-em-toda-a-ilha-de-hainan-2\\\/\",\"url\":\"https:\\\/\\\/diariodepe.com.br\\\/cri\\\/2025\\\/12\\\/21\\\/entram-em-funcionamento-as-operacoes-alfandegarias-especiais-em-toda-a-ilha-de-hainan-2\\\/\",\"name\":\"Entram em funcionamento as opera\u00e7\u00f5es alfandeg\u00e1rias especiais em toda a ilha de Hainan - CRI e Diario de Pernambuco\",\"isPartOf\":{\"@id\":\"https:\\\/\\\/diariodepe.com.br\\\/cri\\\/#website\"},\"primaryImageOfPage\":{\"@id\":\"https:\\\/\\\/diariodepe.com.br\\\/cri\\\/2025\\\/12\\\/21\\\/entram-em-funcionamento-as-operacoes-alfandegarias-especiais-em-toda-a-ilha-de-hainan-2\\\/#primaryimage\"},\"image\":{\"@id\":\"https:\\\/\\\/diariodepe.com.br\\\/cri\\\/2025\\\/12\\\/21\\\/entram-em-funcionamento-as-operacoes-alfandegarias-especiais-em-toda-a-ilha-de-hainan-2\\\/#primaryimage\"},\"thumbnailUrl\":\"https:\\\/\\\/38picres.cgtn.com\\\/photoAlbum\\\/page\\\/performance\\\/img\\\/2025\\\/12\\\/18\\\/1766027356839_957.jpg\",\"datePublished\":\"2025-12-21T11:57:56+00:00\",\"breadcrumb\":{\"@id\":\"https:\\\/\\\/diariodepe.com.br\\\/cri\\\/2025\\\/12\\\/21\\\/entram-em-funcionamento-as-operacoes-alfandegarias-especiais-em-toda-a-ilha-de-hainan-2\\\/#breadcrumb\"},\"inLanguage\":\"pt-BR\",\"potentialAction\":[{\"@type\":\"ReadAction\",\"target\":[\"https:\\\/\\\/diariodepe.com.br\\\/cri\\\/2025\\\/12\\\/21\\\/entram-em-funcionamento-as-operacoes-alfandegarias-especiais-em-toda-a-ilha-de-hainan-2\\\/\"]}]},{\"@type\":\"ImageObject\",\"inLanguage\":\"pt-BR\",\"@id\":\"https:\\\/\\\/diariodepe.com.br\\\/cri\\\/2025\\\/12\\\/21\\\/entram-em-funcionamento-as-operacoes-alfandegarias-especiais-em-toda-a-ilha-de-hainan-2\\\/#primaryimage\",\"url\":\"https:\\\/\\\/38picres.cgtn.com\\\/photoAlbum\\\/page\\\/performance\\\/img\\\/2025\\\/12\\\/18\\\/1766027356839_957.jpg\",\"contentUrl\":\"https:\\\/\\\/38picres.cgtn.com\\\/photoAlbum\\\/page\\\/performance\\\/img\\\/2025\\\/12\\\/18\\\/1766027356839_957.jpg\"},{\"@type\":\"BreadcrumbList\",\"@id\":\"https:\\\/\\\/diariodepe.com.br\\\/cri\\\/2025\\\/12\\\/21\\\/entram-em-funcionamento-as-operacoes-alfandegarias-especiais-em-toda-a-ilha-de-hainan-2\\\/#breadcrumb\",\"itemListElement\":[{\"@type\":\"ListItem\",\"position\":1,\"name\":\"In\u00edcio\",\"item\":\"https:\\\/\\\/diariodepe.com.br\\\/cri\\\/\"},{\"@type\":\"ListItem\",\"position\":2,\"name\":\"Entram em funcionamento as opera\u00e7\u00f5es alfandeg\u00e1rias especiais em toda a ilha de Hainan\"}]},{\"@type\":\"WebSite\",\"@id\":\"https:\\\/\\\/diariodepe.com.br\\\/cri\\\/#website\",\"url\":\"https:\\\/\\\/diariodepe.com.br\\\/cri\\\/\",\"name\":\"CRI e Diario de Pernambuco\",\"description\":\"R\u00e1dio Internacional da China\",\"publisher\":{\"@id\":\"https:\\\/\\\/diariodepe.com.br\\\/cri\\\/#organization\"},\"potentialAction\":[{\"@type\":\"SearchAction\",\"target\":{\"@type\":\"EntryPoint\",\"urlTemplate\":\"https:\\\/\\\/diariodepe.com.br\\\/cri\\\/?s={search_term_string}\"},\"query-input\":{\"@type\":\"PropertyValueSpecification\",\"valueRequired\":true,\"valueName\":\"search_term_string\"}}],\"inLanguage\":\"pt-BR\"},{\"@type\":\"Organization\",\"@id\":\"https:\\\/\\\/diariodepe.com.br\\\/cri\\\/#organization\",\"name\":\"CRI e Diario de Pernambuco\",\"url\":\"https:\\\/\\\/diariodepe.com.br\\\/cri\\\/\",\"logo\":{\"@type\":\"ImageObject\",\"inLanguage\":\"pt-BR\",\"@id\":\"https:\\\/\\\/diariodepe.com.br\\\/cri\\\/#\\\/schema\\\/logo\\\/image\\\/\",\"url\":\"https:\\\/\\\/diariodepe.com.br\\\/cri\\\/wp-content\\\/uploads\\\/sites\\\/2\\\/2022\\\/12\\\/cropped-Logo.jpg\",\"contentUrl\":\"https:\\\/\\\/diariodepe.com.br\\\/cri\\\/wp-content\\\/uploads\\\/sites\\\/2\\\/2022\\\/12\\\/cropped-Logo.jpg\",\"width\":700,\"height\":59,\"caption\":\"CRI e Diario de Pernambuco\"},\"image\":{\"@id\":\"https:\\\/\\\/diariodepe.com.br\\\/cri\\\/#\\\/schema\\\/logo\\\/image\\\/\"}},{\"@type\":\"Person\",\"@id\":\"https:\\\/\\\/diariodepe.com.br\\\/cri\\\/#\\\/schema\\\/person\\\/e474aead631cd4098632e11d3fbce118\",\"name\":\"CRI Portugu\u00eas\",\"image\":{\"@type\":\"ImageObject\",\"inLanguage\":\"pt-BR\",\"@id\":\"https:\\\/\\\/secure.gravatar.com\\\/avatar\\\/e2ac889ef882d4dc53091b610766dce49106cf9fe98c76e06745abb0993b2763?s=96&d=mm&r=g\",\"url\":\"https:\\\/\\\/secure.gravatar.com\\\/avatar\\\/e2ac889ef882d4dc53091b610766dce49106cf9fe98c76e06745abb0993b2763?s=96&d=mm&r=g\",\"contentUrl\":\"https:\\\/\\\/secure.gravatar.com\\\/avatar\\\/e2ac889ef882d4dc53091b610766dce49106cf9fe98c76e06745abb0993b2763?s=96&d=mm&r=g\",\"caption\":\"CRI Portugu\u00eas\"},\"sameAs\":[\"https:\\\/\\\/www.diariodepernambuco.com.br\\\/\"],\"url\":\"https:\\\/\\\/diariodepe.com.br\\\/cri\\\/author\\\/agencia-cri\\\/\"}]}<\/script>\n<!-- \/ Yoast SEO plugin. -->","yoast_head_json":{"title":"Entram em funcionamento as opera\u00e7\u00f5es alfandeg\u00e1rias especiais em toda a ilha de Hainan - CRI e Diario de Pernambuco","robots":{"index":"index","follow":"follow","max-snippet":"max-snippet:-1","max-image-preview":"max-image-preview:large","max-video-preview":"max-video-preview:-1"},"canonical":"https:\/\/diariodepe.com.br\/cri\/2025\/12\/21\/entram-em-funcionamento-as-operacoes-alfandegarias-especiais-em-toda-a-ilha-de-hainan-2\/","og_locale":"pt_BR","og_type":"article","og_title":"Entram em funcionamento as opera\u00e7\u00f5es alfandeg\u00e1rias especiais em toda a ilha de Hainan - CRI e Diario de Pernambuco","og_description":"A partir desta quinta-feira (18),\u00a0entram em funcionamento as opera\u00e7\u00f5es alfandeg\u00e1rias especiais\u00a0no Porto de Livre Com\u00e9rcio (FTP, na sigla em ingl\u00eas) de Hainan, ilha localizada no sul da China. Tamb\u00e9m\u00a0ser\u00e1 implementada uma s\u00e9rie de pol\u00edticas e documentos\u00a0relacionados \u00e0s\u00a0opera\u00e7\u00f5es alfandeg\u00e1rias especiais, incluindo...","og_url":"https:\/\/diariodepe.com.br\/cri\/2025\/12\/21\/entram-em-funcionamento-as-operacoes-alfandegarias-especiais-em-toda-a-ilha-de-hainan-2\/","og_site_name":"CRI e Diario de Pernambuco","article_published_time":"2025-12-21T11:57:56+00:00","og_image":[{"url":"https:\/\/38picres.cgtn.com\/photoAlbum\/page\/performance\/img\/2025\/12\/18\/1766027356839_957.jpg","type":"","width":"","height":""}],"author":"CRI Portugu\u00eas","twitter_card":"summary_large_image","twitter_misc":{"Escrito por":"CRI Portugu\u00eas","Est. tempo de leitura":"2 minutos"},"schema":{"@context":"https:\/\/schema.org","@graph":[{"@type":"Article","@id":"https:\/\/diariodepe.com.br\/cri\/2025\/12\/21\/entram-em-funcionamento-as-operacoes-alfandegarias-especiais-em-toda-a-ilha-de-hainan-2\/#article","isPartOf":{"@id":"https:\/\/diariodepe.com.br\/cri\/2025\/12\/21\/entram-em-funcionamento-as-operacoes-alfandegarias-especiais-em-toda-a-ilha-de-hainan-2\/"},"author":{"name":"CRI Portugu\u00eas","@id":"https:\/\/diariodepe.com.br\/cri\/#\/schema\/person\/e474aead631cd4098632e11d3fbce118"},"headline":"Entram em funcionamento as opera\u00e7\u00f5es alfandeg\u00e1rias especiais em toda a ilha de Hainan","datePublished":"2025-12-21T11:57:56+00:00","mainEntityOfPage":{"@id":"https:\/\/diariodepe.com.br\/cri\/2025\/12\/21\/entram-em-funcionamento-as-operacoes-alfandegarias-especiais-em-toda-a-ilha-de-hainan-2\/"},"wordCount":190,"commentCount":0,"publisher":{"@id":"https:\/\/diariodepe.com.br\/cri\/#organization"},"image":{"@id":"https:\/\/diariodepe.com.br\/cri\/2025\/12\/21\/entram-em-funcionamento-as-operacoes-alfandegarias-especiais-em-toda-a-ilha-de-hainan-2\/#primaryimage"},"thumbnailUrl":"https:\/\/38picres.cgtn.com\/photoAlbum\/page\/performance\/img\/2025\/12\/18\/1766027356839_957.jpg","articleSection":["China"],"inLanguage":"pt-BR","potentialAction":[{"@type":"CommentAction","name":"Comment","target":["https:\/\/diariodepe.com.br\/cri\/2025\/12\/21\/entram-em-funcionamento-as-operacoes-alfandegarias-especiais-em-toda-a-ilha-de-hainan-2\/#respond"]}]},{"@type":"WebPage","@id":"https:\/\/diariodepe.com.br\/cri\/2025\/12\/21\/entram-em-funcionamento-as-operacoes-alfandegarias-especiais-em-toda-a-ilha-de-hainan-2\/","url":"https:\/\/diariodepe.com.br\/cri\/2025\/12\/21\/entram-em-funcionamento-as-operacoes-alfandegarias-especiais-em-toda-a-ilha-de-hainan-2\/","name":"Entram em funcionamento as opera\u00e7\u00f5es alfandeg\u00e1rias especiais em toda a ilha de Hainan - CRI e Diario de Pernambuco","isPartOf":{"@id":"https:\/\/diariodepe.com.br\/cri\/#website"},"primaryImageOfPage":{"@id":"https:\/\/diariodepe.com.br\/cri\/2025\/12\/21\/entram-em-funcionamento-as-operacoes-alfandegarias-especiais-em-toda-a-ilha-de-hainan-2\/#primaryimage"},"image":{"@id":"https:\/\/diariodepe.com.br\/cri\/2025\/12\/21\/entram-em-funcionamento-as-operacoes-alfandegarias-especiais-em-toda-a-ilha-de-hainan-2\/#primaryimage"},"thumbnailUrl":"https:\/\/38picres.cgtn.com\/photoAlbum\/page\/performance\/img\/2025\/12\/18\/1766027356839_957.jpg","datePublished":"2025-12-21T11:57:56+00:00","breadcrumb":{"@id":"https:\/\/diariodepe.com.br\/cri\/2025\/12\/21\/entram-em-funcionamento-as-operacoes-alfandegarias-especiais-em-toda-a-ilha-de-hainan-2\/#breadcrumb"},"inLanguage":"pt-BR","potentialAction":[{"@type":"ReadAction","target":["https:\/\/diariodepe.com.br\/cri\/2025\/12\/21\/entram-em-funcionamento-as-operacoes-alfandegarias-especiais-em-toda-a-ilha-de-hainan-2\/"]}]},{"@type":"ImageObject","inLanguage":"pt-BR","@id":"https:\/\/diariodepe.com.br\/cri\/2025\/12\/21\/entram-em-funcionamento-as-operacoes-alfandegarias-especiais-em-toda-a-ilha-de-hainan-2\/#primaryimage","url":"https:\/\/38picres.cgtn.com\/photoAlbum\/page\/performance\/img\/2025\/12\/18\/1766027356839_957.jpg","contentUrl":"https:\/\/38picres.cgtn.com\/photoAlbum\/page\/performance\/img\/2025\/12\/18\/1766027356839_957.jpg"},{"@type":"BreadcrumbList","@id":"https:\/\/diariodepe.com.br\/cri\/2025\/12\/21\/entram-em-funcionamento-as-operacoes-alfandegarias-especiais-em-toda-a-ilha-de-hainan-2\/#breadcrumb","itemListElement":[{"@type":"ListItem","position":1,"name":"In\u00edcio","item":"https:\/\/diariodepe.com.br\/cri\/"},{"@type":"ListItem","position":2,"name":"Entram em funcionamento as opera\u00e7\u00f5es alfandeg\u00e1rias especiais em toda a ilha de Hainan"}]},{"@type":"WebSite","@id":"https:\/\/diariodepe.com.br\/cri\/#website","url":"https:\/\/diariodepe.com.br\/cri\/","name":"CRI e Diario de Pernambuco","description":"R\u00e1dio Internacional da China","publisher":{"@id":"https:\/\/diariodepe.com.br\/cri\/#organization"},"potentialAction":[{"@type":"SearchAction","target":{"@type":"EntryPoint","urlTemplate":"https:\/\/diariodepe.com.br\/cri\/?s={search_term_string}"},"query-input":{"@type":"PropertyValueSpecification","valueRequired":true,"valueName":"search_term_string"}}],"inLanguage":"pt-BR"},{"@type":"Organization","@id":"https:\/\/diariodepe.com.br\/cri\/#organization","name":"CRI e Diario de Pernambuco","url":"https:\/\/diariodepe.com.br\/cri\/","logo":{"@type":"ImageObject","inLanguage":"pt-BR","@id":"https:\/\/diariodepe.com.br\/cri\/#\/schema\/logo\/image\/","url":"https:\/\/diariodepe.com.br\/cri\/wp-content\/uploads\/sites\/2\/2022\/12\/cropped-Logo.jpg","contentUrl":"https:\/\/diariodepe.com.br\/cri\/wp-content\/uploads\/sites\/2\/2022\/12\/cropped-Logo.jpg","width":700,"height":59,"caption":"CRI e Diario de Pernambuco"},"image":{"@id":"https:\/\/diariodepe.com.br\/cri\/#\/schema\/logo\/image\/"}},{"@type":"Person","@id":"https:\/\/diariodepe.com.br\/cri\/#\/schema\/person\/e474aead631cd4098632e11d3fbce118","name":"CRI Portugu\u00eas","image":{"@type":"ImageObject","inLanguage":"pt-BR","@id":"https:\/\/secure.gravatar.com\/avatar\/e2ac889ef882d4dc53091b610766dce49106cf9fe98c76e06745abb0993b2763?s=96&d=mm&r=g","url":"https:\/\/secure.gravatar.com\/avatar\/e2ac889ef882d4dc53091b610766dce49106cf9fe98c76e06745abb0993b2763?s=96&d=mm&r=g","contentUrl":"https:\/\/secure.gravatar.com\/avatar\/e2ac889ef882d4dc53091b610766dce49106cf9fe98c76e06745abb0993b2763?s=96&d=mm&r=g","caption":"CRI Portugu\u00eas"},"sameAs":["https:\/\/www.diariodepernambuco.com.br\/"],"url":"https:\/\/diariodepe.com.br\/cri\/author\/agencia-cri\/"}]}},"cc_featured_image_caption":{"caption_text":"","source_text":"","source_url":""},"amp_enabled":true,"_links":{"self":[{"href":"https:\/\/diariodepe.com.br\/cri\/wp-json\/wp\/v2\/posts\/10271","targetHints":{"allow":["GET"]}}],"collection":[{"href":"https:\/\/diariodepe.com.br\/cri\/wp-json\/wp\/v2\/posts"}],"about":[{"href":"https:\/\/diariodepe.com.br\/cri\/wp-json\/wp\/v2\/types\/post"}],"author":[{"embeddable":true,"href":"https:\/\/diariodepe.com.br\/cri\/wp-json\/wp\/v2\/users\/5"}],"replies":[{"embeddable":true,"href":"https:\/\/diariodepe.com.br\/cri\/wp-json\/wp\/v2\/comments?post=10271"}],"version-history":[{"count":1,"href":"https:\/\/diariodepe.com.br\/cri\/wp-json\/wp\/v2\/posts\/10271\/revisions"}],"predecessor-version":[{"id":10272,"href":"https:\/\/diariodepe.com.br\/cri\/wp-json\/wp\/v2\/posts\/10271\/revisions\/10272"}],"wp:attachment":[{"href":"https:\/\/diariodepe.com.br\/cri\/wp-json\/wp\/v2\/media?parent=10271"}],"wp:term":[{"taxonomy":"category","embeddable":true,"href":"https:\/\/diariodepe.com.br\/cri\/wp-json\/wp\/v2\/categories?post=10271"},{"taxonomy":"post_tag","embeddable":true,"href":"https:\/\/diariodepe.com.br\/cri\/wp-json\/wp\/v2\/tags?post=10271"}],"curies":[{"name":"wp","href":"https:\/\/api.w.org\/{rel}","templated":true}]}}