{"id":10259,"date":"2025-12-21T08:54:26","date_gmt":"2025-12-21T11:54:26","guid":{"rendered":"https:\/\/diariodepe.com.br\/cri\/?p=10259"},"modified":"2025-12-21T08:54:26","modified_gmt":"2025-12-21T11:54:26","slug":"embaixador-chines-japao-deve-fazer-profunda-reflexao-sobre-seus-crimes-historicos","status":"publish","type":"post","link":"https:\/\/diariodepe.com.br\/cri\/2025\/12\/21\/embaixador-chines-japao-deve-fazer-profunda-reflexao-sobre-seus-crimes-historicos\/","title":{"rendered":"Embaixador chin\u00eas: Jap\u00e3o deve fazer profunda reflex\u00e3o sobre seus crimes hist\u00f3ricos"},"content":{"rendered":"<p>O Jap\u00e3o, como pa\u00eds derrotado na Segunda Guerra Mundial, deve fazer uma profunda reflex\u00e3o sobre seus crimes hist\u00f3ricos, cumprir os compromissos pol\u00edticos\u00a0assumidos\u00a0sobre a quest\u00e3o de Taiwan,\u00a0cessar\u00a0imediatamente a\u00e7\u00f5es provocativas que\u00a0ultrapassam\u00a0limites\u00a0e retratar suas declara\u00e7\u00f5es\u00a0equivocadas, disse o representante permanente da China nas Na\u00e7\u00f5es Unidas, Fu Cong, na quinta-feira\u00a0(18).<\/p>\n<p>Durante\u00a0a\u00a0reuni\u00e3o plen\u00e1ria de alto n\u00edvel da Assembleia Geral da ONU,\u00a0em alus\u00e3o ao\u00a0primeiro Dia Internacional contra o Colonialismo em Todas as Formas e Manifesta\u00e7\u00f5es,\u00a0Fu Cong afirmou que\u00a0o mundo ainda n\u00e3o saiu da sombra do colonialismo, apesar do fim da ocupa\u00e7\u00e3o colonial e do colapso do sistema colonial.<\/p>\n<p>Ele instou a comunidade internacional a se opor firmemente a quaisquer palavras ou a\u00e7\u00f5es que desafiem ou busquem subverter a ordem internacional\u00a0do\u00a0p\u00f3s-guerra.<\/p>\n<p>&#8220;A hist\u00f3ria da Guerra Mundial Antifascista nos ensina que a paz precisa ser buscada e salvaguardada&#8221;,\u00a0ressaltou\u00a0Fu.<\/p>\n<p>Segundo ele, ap\u00f3s\u00a0a vit\u00f3ria\u00a0na\u00a0Segunda Guerra Mundial, os julgamentos de criminosos de guerra no Tribunal Militar Internacional de Nuremberg e no Tribunal Militar Internacional para o Extremo Oriente\u00a0garantiram que os principais\u00a0respons\u00e1veis pela\u00a0guerra de agress\u00e3o,\u00a0com as m\u00e3os\u00a0manchadas\u00a0pelo\u00a0sangue de povos de muitas na\u00e7\u00f5es, recebessem a puni\u00e7\u00e3o que mereciam.<\/p>\n<p>&#8220;A justi\u00e7a e a integridade desses\u00a0julgamentos s\u00e3o inabal\u00e1veis e\u00a0est\u00e3o al\u00e9m de qualquer questionamento\u201d, frisou.<\/p>\n<p>Fu observou que,\u00a0historicamente,\u00a0o Jap\u00e3o invadiu a China, a Pen\u00ednsula Coreana e o Sudeste Asi\u00e1tico,\u00a0impondo regimes coloniais de extrema brutalidade.<\/p>\n<p>Segundo o diplomata,\u00a0agressores japoneses\u00a0cometeram in\u00fameros crimes e atrocidades\u00a0em Taiwan,\u00a0incluindo o assassinato de\u00a0mais de 650 mil compatriotas taiwaneses, o recrutamento for\u00e7ado de cerca de 200 mil jovens para servir no ex\u00e9rcito, a coer\u00e7\u00e3o de mais de 2 mil mulheres taiwanesas\u00a0a se tornarem &#8220;mulheres de conforto&#8221;,\u00a0a ocupa\u00e7\u00e3o de 70% das terras da ilha e a explora\u00e7\u00e3o predat\u00f3ria de recursos naturais, como minas de carv\u00e3o e ouro.<\/p>\n<p>\u201cEsse foi o cap\u00edtulo mais sombrio\u00a0da hist\u00f3ria de Taiwan&#8221;, enfatizou Fu,\u00a0ao pedir que a comunidade internacional defenda firmemente\u00a0os resultados vitoriosos da Guerra de Resist\u00eancia do Povo Chin\u00eas contra a Agress\u00e3o Japonesa e da Guerra Mundial Antifascista,\u00a0bem como a ordem internacional do p\u00f3s-guerra.<\/p>\n<p>&#8220;Nunca devemos permitir\u00a0a\u00a0nega\u00e7\u00e3o ou\u00a0a\u00a0distor\u00e7\u00e3o da hist\u00f3ria de\u00a0agress\u00e3o,\u00a0o ressurgimento do militarismo ou a repeti\u00e7\u00e3o de trag\u00e9dias hist\u00f3ricas\u201d, salientou\u00a0o diplomata\u00a0chin\u00eas.<\/p>\n<p>Fu advertiu ainda que\u00a0quaisquer\u00a0palavras ou a\u00e7\u00f5es que desafiem ou busquem subverter a ordem internacional\u00a0do\u00a0p\u00f3s-guerra podem\u00a0gerar instabilidade global e impor\u00a0imenso sofrimento \u00e0 humanidade,\u00a0como uma\u00a0comunidade com futuro compartilhado.<\/p>\n","protected":false},"excerpt":{"rendered":"<p>O Jap\u00e3o, como pa\u00eds derrotado na Segunda Guerra Mundial, deve fazer uma profunda reflex\u00e3o sobre seus crimes hist\u00f3ricos, cumprir os compromissos pol\u00edticos\u00a0assumidos\u00a0sobre a quest\u00e3o de Taiwan,\u00a0cessar\u00a0imediatamente a\u00e7\u00f5es provocativas que\u00a0ultrapassam\u00a0limites\u00a0e retratar suas declara\u00e7\u00f5es\u00a0equivocadas, disse o representante permanente da China nas Na\u00e7\u00f5es&#8230;<\/p>\n","protected":false},"author":5,"featured_media":0,"comment_status":"open","ping_status":"open","sticky":false,"template":"","format":"standard","meta":{"footnotes":""},"categories":[3],"tags":[],"class_list":["post-10259","post","type-post","status-publish","format-standard","hentry","category-china"],"yoast_head":"<!-- This site is optimized with the Yoast SEO plugin v27.4 - https:\/\/yoast.com\/product\/yoast-seo-wordpress\/ -->\n<title>Embaixador chin\u00eas: Jap\u00e3o deve fazer profunda reflex\u00e3o sobre seus crimes hist\u00f3ricos - CRI e Diario de Pernambuco<\/title>\n<meta name=\"robots\" content=\"index, follow, max-snippet:-1, max-image-preview:large, max-video-preview:-1\" \/>\n<link rel=\"canonical\" href=\"https:\/\/diariodepe.com.br\/cri\/2025\/12\/21\/embaixador-chines-japao-deve-fazer-profunda-reflexao-sobre-seus-crimes-historicos\/\" \/>\n<meta property=\"og:locale\" content=\"pt_BR\" \/>\n<meta property=\"og:type\" content=\"article\" \/>\n<meta property=\"og:title\" content=\"Embaixador chin\u00eas: Jap\u00e3o deve fazer profunda reflex\u00e3o sobre seus crimes hist\u00f3ricos - CRI e Diario de Pernambuco\" \/>\n<meta property=\"og:description\" content=\"O Jap\u00e3o, como pa\u00eds derrotado na Segunda Guerra Mundial, deve fazer uma profunda reflex\u00e3o sobre seus crimes hist\u00f3ricos, cumprir os compromissos pol\u00edticos\u00a0assumidos\u00a0sobre a quest\u00e3o de Taiwan,\u00a0cessar\u00a0imediatamente a\u00e7\u00f5es provocativas que\u00a0ultrapassam\u00a0limites\u00a0e retratar suas declara\u00e7\u00f5es\u00a0equivocadas, disse o representante permanente da China nas Na\u00e7\u00f5es...\" \/>\n<meta property=\"og:url\" content=\"https:\/\/diariodepe.com.br\/cri\/2025\/12\/21\/embaixador-chines-japao-deve-fazer-profunda-reflexao-sobre-seus-crimes-historicos\/\" \/>\n<meta property=\"og:site_name\" content=\"CRI e Diario de Pernambuco\" \/>\n<meta property=\"article:published_time\" content=\"2025-12-21T11:54:26+00:00\" \/>\n<meta name=\"author\" content=\"CRI Portugu\u00eas\" \/>\n<meta name=\"twitter:card\" content=\"summary_large_image\" \/>\n<meta name=\"twitter:label1\" content=\"Escrito por\" \/>\n\t<meta name=\"twitter:data1\" content=\"CRI Portugu\u00eas\" \/>\n\t<meta name=\"twitter:label2\" content=\"Est. tempo de leitura\" \/>\n\t<meta name=\"twitter:data2\" content=\"3 minutos\" \/>\n<script type=\"application\/ld+json\" class=\"yoast-schema-graph\">{\"@context\":\"https:\\\/\\\/schema.org\",\"@graph\":[{\"@type\":\"Article\",\"@id\":\"https:\\\/\\\/diariodepe.com.br\\\/cri\\\/2025\\\/12\\\/21\\\/embaixador-chines-japao-deve-fazer-profunda-reflexao-sobre-seus-crimes-historicos\\\/#article\",\"isPartOf\":{\"@id\":\"https:\\\/\\\/diariodepe.com.br\\\/cri\\\/2025\\\/12\\\/21\\\/embaixador-chines-japao-deve-fazer-profunda-reflexao-sobre-seus-crimes-historicos\\\/\"},\"author\":{\"name\":\"CRI Portugu\u00eas\",\"@id\":\"https:\\\/\\\/diariodepe.com.br\\\/cri\\\/#\\\/schema\\\/person\\\/e474aead631cd4098632e11d3fbce118\"},\"headline\":\"Embaixador chin\u00eas: Jap\u00e3o deve fazer profunda reflex\u00e3o sobre seus crimes hist\u00f3ricos\",\"datePublished\":\"2025-12-21T11:54:26+00:00\",\"mainEntityOfPage\":{\"@id\":\"https:\\\/\\\/diariodepe.com.br\\\/cri\\\/2025\\\/12\\\/21\\\/embaixador-chines-japao-deve-fazer-profunda-reflexao-sobre-seus-crimes-historicos\\\/\"},\"wordCount\":485,\"commentCount\":0,\"publisher\":{\"@id\":\"https:\\\/\\\/diariodepe.com.br\\\/cri\\\/#organization\"},\"articleSection\":[\"China\"],\"inLanguage\":\"pt-BR\",\"potentialAction\":[{\"@type\":\"CommentAction\",\"name\":\"Comment\",\"target\":[\"https:\\\/\\\/diariodepe.com.br\\\/cri\\\/2025\\\/12\\\/21\\\/embaixador-chines-japao-deve-fazer-profunda-reflexao-sobre-seus-crimes-historicos\\\/#respond\"]}]},{\"@type\":\"WebPage\",\"@id\":\"https:\\\/\\\/diariodepe.com.br\\\/cri\\\/2025\\\/12\\\/21\\\/embaixador-chines-japao-deve-fazer-profunda-reflexao-sobre-seus-crimes-historicos\\\/\",\"url\":\"https:\\\/\\\/diariodepe.com.br\\\/cri\\\/2025\\\/12\\\/21\\\/embaixador-chines-japao-deve-fazer-profunda-reflexao-sobre-seus-crimes-historicos\\\/\",\"name\":\"Embaixador chin\u00eas: Jap\u00e3o deve fazer profunda reflex\u00e3o sobre seus crimes hist\u00f3ricos - CRI e Diario de Pernambuco\",\"isPartOf\":{\"@id\":\"https:\\\/\\\/diariodepe.com.br\\\/cri\\\/#website\"},\"datePublished\":\"2025-12-21T11:54:26+00:00\",\"breadcrumb\":{\"@id\":\"https:\\\/\\\/diariodepe.com.br\\\/cri\\\/2025\\\/12\\\/21\\\/embaixador-chines-japao-deve-fazer-profunda-reflexao-sobre-seus-crimes-historicos\\\/#breadcrumb\"},\"inLanguage\":\"pt-BR\",\"potentialAction\":[{\"@type\":\"ReadAction\",\"target\":[\"https:\\\/\\\/diariodepe.com.br\\\/cri\\\/2025\\\/12\\\/21\\\/embaixador-chines-japao-deve-fazer-profunda-reflexao-sobre-seus-crimes-historicos\\\/\"]}]},{\"@type\":\"BreadcrumbList\",\"@id\":\"https:\\\/\\\/diariodepe.com.br\\\/cri\\\/2025\\\/12\\\/21\\\/embaixador-chines-japao-deve-fazer-profunda-reflexao-sobre-seus-crimes-historicos\\\/#breadcrumb\",\"itemListElement\":[{\"@type\":\"ListItem\",\"position\":1,\"name\":\"In\u00edcio\",\"item\":\"https:\\\/\\\/diariodepe.com.br\\\/cri\\\/\"},{\"@type\":\"ListItem\",\"position\":2,\"name\":\"Embaixador chin\u00eas: Jap\u00e3o deve fazer profunda reflex\u00e3o sobre seus crimes hist\u00f3ricos\"}]},{\"@type\":\"WebSite\",\"@id\":\"https:\\\/\\\/diariodepe.com.br\\\/cri\\\/#website\",\"url\":\"https:\\\/\\\/diariodepe.com.br\\\/cri\\\/\",\"name\":\"CRI e Diario de Pernambuco\",\"description\":\"R\u00e1dio Internacional da China\",\"publisher\":{\"@id\":\"https:\\\/\\\/diariodepe.com.br\\\/cri\\\/#organization\"},\"potentialAction\":[{\"@type\":\"SearchAction\",\"target\":{\"@type\":\"EntryPoint\",\"urlTemplate\":\"https:\\\/\\\/diariodepe.com.br\\\/cri\\\/?s={search_term_string}\"},\"query-input\":{\"@type\":\"PropertyValueSpecification\",\"valueRequired\":true,\"valueName\":\"search_term_string\"}}],\"inLanguage\":\"pt-BR\"},{\"@type\":\"Organization\",\"@id\":\"https:\\\/\\\/diariodepe.com.br\\\/cri\\\/#organization\",\"name\":\"CRI e Diario de Pernambuco\",\"url\":\"https:\\\/\\\/diariodepe.com.br\\\/cri\\\/\",\"logo\":{\"@type\":\"ImageObject\",\"inLanguage\":\"pt-BR\",\"@id\":\"https:\\\/\\\/diariodepe.com.br\\\/cri\\\/#\\\/schema\\\/logo\\\/image\\\/\",\"url\":\"https:\\\/\\\/diariodepe.com.br\\\/cri\\\/wp-content\\\/uploads\\\/sites\\\/2\\\/2022\\\/12\\\/cropped-Logo.jpg\",\"contentUrl\":\"https:\\\/\\\/diariodepe.com.br\\\/cri\\\/wp-content\\\/uploads\\\/sites\\\/2\\\/2022\\\/12\\\/cropped-Logo.jpg\",\"width\":700,\"height\":59,\"caption\":\"CRI e Diario de Pernambuco\"},\"image\":{\"@id\":\"https:\\\/\\\/diariodepe.com.br\\\/cri\\\/#\\\/schema\\\/logo\\\/image\\\/\"}},{\"@type\":\"Person\",\"@id\":\"https:\\\/\\\/diariodepe.com.br\\\/cri\\\/#\\\/schema\\\/person\\\/e474aead631cd4098632e11d3fbce118\",\"name\":\"CRI Portugu\u00eas\",\"image\":{\"@type\":\"ImageObject\",\"inLanguage\":\"pt-BR\",\"@id\":\"https:\\\/\\\/secure.gravatar.com\\\/avatar\\\/e2ac889ef882d4dc53091b610766dce49106cf9fe98c76e06745abb0993b2763?s=96&d=mm&r=g\",\"url\":\"https:\\\/\\\/secure.gravatar.com\\\/avatar\\\/e2ac889ef882d4dc53091b610766dce49106cf9fe98c76e06745abb0993b2763?s=96&d=mm&r=g\",\"contentUrl\":\"https:\\\/\\\/secure.gravatar.com\\\/avatar\\\/e2ac889ef882d4dc53091b610766dce49106cf9fe98c76e06745abb0993b2763?s=96&d=mm&r=g\",\"caption\":\"CRI Portugu\u00eas\"},\"sameAs\":[\"https:\\\/\\\/www.diariodepernambuco.com.br\\\/\"],\"url\":\"https:\\\/\\\/diariodepe.com.br\\\/cri\\\/author\\\/agencia-cri\\\/\"}]}<\/script>\n<!-- \/ Yoast SEO plugin. -->","yoast_head_json":{"title":"Embaixador chin\u00eas: Jap\u00e3o deve fazer profunda reflex\u00e3o sobre seus crimes hist\u00f3ricos - CRI e Diario de Pernambuco","robots":{"index":"index","follow":"follow","max-snippet":"max-snippet:-1","max-image-preview":"max-image-preview:large","max-video-preview":"max-video-preview:-1"},"canonical":"https:\/\/diariodepe.com.br\/cri\/2025\/12\/21\/embaixador-chines-japao-deve-fazer-profunda-reflexao-sobre-seus-crimes-historicos\/","og_locale":"pt_BR","og_type":"article","og_title":"Embaixador chin\u00eas: Jap\u00e3o deve fazer profunda reflex\u00e3o sobre seus crimes hist\u00f3ricos - CRI e Diario de Pernambuco","og_description":"O Jap\u00e3o, como pa\u00eds derrotado na Segunda Guerra Mundial, deve fazer uma profunda reflex\u00e3o sobre seus crimes hist\u00f3ricos, cumprir os compromissos pol\u00edticos\u00a0assumidos\u00a0sobre a quest\u00e3o de Taiwan,\u00a0cessar\u00a0imediatamente a\u00e7\u00f5es provocativas que\u00a0ultrapassam\u00a0limites\u00a0e retratar suas declara\u00e7\u00f5es\u00a0equivocadas, disse o representante permanente da China nas Na\u00e7\u00f5es...","og_url":"https:\/\/diariodepe.com.br\/cri\/2025\/12\/21\/embaixador-chines-japao-deve-fazer-profunda-reflexao-sobre-seus-crimes-historicos\/","og_site_name":"CRI e Diario de Pernambuco","article_published_time":"2025-12-21T11:54:26+00:00","author":"CRI Portugu\u00eas","twitter_card":"summary_large_image","twitter_misc":{"Escrito por":"CRI Portugu\u00eas","Est. tempo de leitura":"3 minutos"},"schema":{"@context":"https:\/\/schema.org","@graph":[{"@type":"Article","@id":"https:\/\/diariodepe.com.br\/cri\/2025\/12\/21\/embaixador-chines-japao-deve-fazer-profunda-reflexao-sobre-seus-crimes-historicos\/#article","isPartOf":{"@id":"https:\/\/diariodepe.com.br\/cri\/2025\/12\/21\/embaixador-chines-japao-deve-fazer-profunda-reflexao-sobre-seus-crimes-historicos\/"},"author":{"name":"CRI Portugu\u00eas","@id":"https:\/\/diariodepe.com.br\/cri\/#\/schema\/person\/e474aead631cd4098632e11d3fbce118"},"headline":"Embaixador chin\u00eas: Jap\u00e3o deve fazer profunda reflex\u00e3o sobre seus crimes hist\u00f3ricos","datePublished":"2025-12-21T11:54:26+00:00","mainEntityOfPage":{"@id":"https:\/\/diariodepe.com.br\/cri\/2025\/12\/21\/embaixador-chines-japao-deve-fazer-profunda-reflexao-sobre-seus-crimes-historicos\/"},"wordCount":485,"commentCount":0,"publisher":{"@id":"https:\/\/diariodepe.com.br\/cri\/#organization"},"articleSection":["China"],"inLanguage":"pt-BR","potentialAction":[{"@type":"CommentAction","name":"Comment","target":["https:\/\/diariodepe.com.br\/cri\/2025\/12\/21\/embaixador-chines-japao-deve-fazer-profunda-reflexao-sobre-seus-crimes-historicos\/#respond"]}]},{"@type":"WebPage","@id":"https:\/\/diariodepe.com.br\/cri\/2025\/12\/21\/embaixador-chines-japao-deve-fazer-profunda-reflexao-sobre-seus-crimes-historicos\/","url":"https:\/\/diariodepe.com.br\/cri\/2025\/12\/21\/embaixador-chines-japao-deve-fazer-profunda-reflexao-sobre-seus-crimes-historicos\/","name":"Embaixador chin\u00eas: Jap\u00e3o deve fazer profunda reflex\u00e3o sobre seus crimes hist\u00f3ricos - CRI e Diario de Pernambuco","isPartOf":{"@id":"https:\/\/diariodepe.com.br\/cri\/#website"},"datePublished":"2025-12-21T11:54:26+00:00","breadcrumb":{"@id":"https:\/\/diariodepe.com.br\/cri\/2025\/12\/21\/embaixador-chines-japao-deve-fazer-profunda-reflexao-sobre-seus-crimes-historicos\/#breadcrumb"},"inLanguage":"pt-BR","potentialAction":[{"@type":"ReadAction","target":["https:\/\/diariodepe.com.br\/cri\/2025\/12\/21\/embaixador-chines-japao-deve-fazer-profunda-reflexao-sobre-seus-crimes-historicos\/"]}]},{"@type":"BreadcrumbList","@id":"https:\/\/diariodepe.com.br\/cri\/2025\/12\/21\/embaixador-chines-japao-deve-fazer-profunda-reflexao-sobre-seus-crimes-historicos\/#breadcrumb","itemListElement":[{"@type":"ListItem","position":1,"name":"In\u00edcio","item":"https:\/\/diariodepe.com.br\/cri\/"},{"@type":"ListItem","position":2,"name":"Embaixador chin\u00eas: Jap\u00e3o deve fazer profunda reflex\u00e3o sobre seus crimes hist\u00f3ricos"}]},{"@type":"WebSite","@id":"https:\/\/diariodepe.com.br\/cri\/#website","url":"https:\/\/diariodepe.com.br\/cri\/","name":"CRI e Diario de Pernambuco","description":"R\u00e1dio Internacional da China","publisher":{"@id":"https:\/\/diariodepe.com.br\/cri\/#organization"},"potentialAction":[{"@type":"SearchAction","target":{"@type":"EntryPoint","urlTemplate":"https:\/\/diariodepe.com.br\/cri\/?s={search_term_string}"},"query-input":{"@type":"PropertyValueSpecification","valueRequired":true,"valueName":"search_term_string"}}],"inLanguage":"pt-BR"},{"@type":"Organization","@id":"https:\/\/diariodepe.com.br\/cri\/#organization","name":"CRI e Diario de Pernambuco","url":"https:\/\/diariodepe.com.br\/cri\/","logo":{"@type":"ImageObject","inLanguage":"pt-BR","@id":"https:\/\/diariodepe.com.br\/cri\/#\/schema\/logo\/image\/","url":"https:\/\/diariodepe.com.br\/cri\/wp-content\/uploads\/sites\/2\/2022\/12\/cropped-Logo.jpg","contentUrl":"https:\/\/diariodepe.com.br\/cri\/wp-content\/uploads\/sites\/2\/2022\/12\/cropped-Logo.jpg","width":700,"height":59,"caption":"CRI e Diario de Pernambuco"},"image":{"@id":"https:\/\/diariodepe.com.br\/cri\/#\/schema\/logo\/image\/"}},{"@type":"Person","@id":"https:\/\/diariodepe.com.br\/cri\/#\/schema\/person\/e474aead631cd4098632e11d3fbce118","name":"CRI Portugu\u00eas","image":{"@type":"ImageObject","inLanguage":"pt-BR","@id":"https:\/\/secure.gravatar.com\/avatar\/e2ac889ef882d4dc53091b610766dce49106cf9fe98c76e06745abb0993b2763?s=96&d=mm&r=g","url":"https:\/\/secure.gravatar.com\/avatar\/e2ac889ef882d4dc53091b610766dce49106cf9fe98c76e06745abb0993b2763?s=96&d=mm&r=g","contentUrl":"https:\/\/secure.gravatar.com\/avatar\/e2ac889ef882d4dc53091b610766dce49106cf9fe98c76e06745abb0993b2763?s=96&d=mm&r=g","caption":"CRI Portugu\u00eas"},"sameAs":["https:\/\/www.diariodepernambuco.com.br\/"],"url":"https:\/\/diariodepe.com.br\/cri\/author\/agencia-cri\/"}]}},"cc_featured_image_caption":{"caption_text":"","source_text":"","source_url":""},"amp_enabled":true,"_links":{"self":[{"href":"https:\/\/diariodepe.com.br\/cri\/wp-json\/wp\/v2\/posts\/10259","targetHints":{"allow":["GET"]}}],"collection":[{"href":"https:\/\/diariodepe.com.br\/cri\/wp-json\/wp\/v2\/posts"}],"about":[{"href":"https:\/\/diariodepe.com.br\/cri\/wp-json\/wp\/v2\/types\/post"}],"author":[{"embeddable":true,"href":"https:\/\/diariodepe.com.br\/cri\/wp-json\/wp\/v2\/users\/5"}],"replies":[{"embeddable":true,"href":"https:\/\/diariodepe.com.br\/cri\/wp-json\/wp\/v2\/comments?post=10259"}],"version-history":[{"count":1,"href":"https:\/\/diariodepe.com.br\/cri\/wp-json\/wp\/v2\/posts\/10259\/revisions"}],"predecessor-version":[{"id":10260,"href":"https:\/\/diariodepe.com.br\/cri\/wp-json\/wp\/v2\/posts\/10259\/revisions\/10260"}],"wp:attachment":[{"href":"https:\/\/diariodepe.com.br\/cri\/wp-json\/wp\/v2\/media?parent=10259"}],"wp:term":[{"taxonomy":"category","embeddable":true,"href":"https:\/\/diariodepe.com.br\/cri\/wp-json\/wp\/v2\/categories?post=10259"},{"taxonomy":"post_tag","embeddable":true,"href":"https:\/\/diariodepe.com.br\/cri\/wp-json\/wp\/v2\/tags?post=10259"}],"curies":[{"name":"wp","href":"https:\/\/api.w.org\/{rel}","templated":true}]}}