{"id":10201,"date":"2025-12-13T04:41:17","date_gmt":"2025-12-13T07:41:17","guid":{"rendered":"https:\/\/diariodepe.com.br\/cri\/?p=10201"},"modified":"2025-12-13T04:41:17","modified_gmt":"2025-12-13T07:41:17","slug":"militarismo-japones-e-inimigo-comum-dos-povos-do-mundo-afirma-porta-voz-chines","status":"publish","type":"post","link":"https:\/\/diariodepe.com.br\/cri\/2025\/12\/13\/militarismo-japones-e-inimigo-comum-dos-povos-do-mundo-afirma-porta-voz-chines\/","title":{"rendered":"Militarismo japon\u00eas \u00e9 inimigo comum dos povos do mundo, afirma porta-voz chin\u00eas"},"content":{"rendered":"<p><span dir=\"LTR\">O porta-voz do Minist\u00e9rio das Rela\u00e7\u00f5es Exteriores da China, Guo Jiakun, afirmou nesta sexta-feira (12) que o militarismo japon\u00eas \u00e9 &#8220;inimigo comum dos povos de todo o mundo&#8221;. <\/span><\/p>\n<p><span dir=\"LTR\">Numa coletiva de imprensa regular, Guo disse que a China trabalhar\u00e1 junto a todos os pa\u00edses e indiv\u00edduos que valorizam a paz para preservar os frutos da vit\u00f3ria da Segunda Guerra Mundial e proteger a ordem internacional estabelecida no p\u00f3s-guerra. <\/span><\/p>\n<p><span dir=\"LTR\">\u201cN\u00e3o permitiremos que as for\u00e7as de direita do Jap\u00e3o revertam o curso da hist\u00f3ria, que as for\u00e7as externas intervenham<\/span><span dir=\"LTR\">\u00a0na regi\u00e3o de Taiwan<\/span><span dir=\"LTR\">, nem que o militarismo japon\u00eas volte a surgir\u201d, salientou Guo. <\/span><\/p>\n<p><span dir=\"LTR\">O diplomata tamb\u00e9m instou o Jap\u00e3o a refletir profundamente sobre seu passado, aprender com as li\u00e7\u00f5es da hist\u00f3ria e romper de forma completa e concreta com o militarismo, eliminando seus resqu\u00edcios por meio de a\u00e7\u00f5es efetivas.<\/span><\/p>\n","protected":false},"excerpt":{"rendered":"<p>O porta-voz do Minist\u00e9rio das Rela\u00e7\u00f5es Exteriores da China, Guo Jiakun, afirmou nesta sexta-feira (12) que o militarismo japon\u00eas \u00e9 &#8220;inimigo comum dos povos de todo o mundo&#8221;. Numa coletiva de imprensa regular, Guo disse que a China trabalhar\u00e1 junto&#8230;<\/p>\n","protected":false},"author":5,"featured_media":0,"comment_status":"open","ping_status":"open","sticky":false,"template":"","format":"standard","meta":{"footnotes":""},"categories":[3],"tags":[],"class_list":["post-10201","post","type-post","status-publish","format-standard","hentry","category-china"],"yoast_head":"<!-- This site is optimized with the Yoast SEO plugin v27.4 - https:\/\/yoast.com\/product\/yoast-seo-wordpress\/ -->\n<title>Militarismo japon\u00eas \u00e9 inimigo comum dos povos do mundo, afirma porta-voz chin\u00eas - CRI e Diario de Pernambuco<\/title>\n<meta name=\"robots\" content=\"index, follow, max-snippet:-1, max-image-preview:large, max-video-preview:-1\" \/>\n<link rel=\"canonical\" href=\"https:\/\/diariodepe.com.br\/cri\/2025\/12\/13\/militarismo-japones-e-inimigo-comum-dos-povos-do-mundo-afirma-porta-voz-chines\/\" \/>\n<meta property=\"og:locale\" content=\"pt_BR\" \/>\n<meta property=\"og:type\" content=\"article\" \/>\n<meta property=\"og:title\" content=\"Militarismo japon\u00eas \u00e9 inimigo comum dos povos do mundo, afirma porta-voz chin\u00eas - CRI e Diario de Pernambuco\" \/>\n<meta property=\"og:description\" content=\"O porta-voz do Minist\u00e9rio das Rela\u00e7\u00f5es Exteriores da China, Guo Jiakun, afirmou nesta sexta-feira (12) que o militarismo japon\u00eas \u00e9 &#8220;inimigo comum dos povos de todo o mundo&#8221;. Numa coletiva de imprensa regular, Guo disse que a China trabalhar\u00e1 junto...\" \/>\n<meta property=\"og:url\" content=\"https:\/\/diariodepe.com.br\/cri\/2025\/12\/13\/militarismo-japones-e-inimigo-comum-dos-povos-do-mundo-afirma-porta-voz-chines\/\" \/>\n<meta property=\"og:site_name\" content=\"CRI e Diario de Pernambuco\" \/>\n<meta property=\"article:published_time\" content=\"2025-12-13T07:41:17+00:00\" \/>\n<meta name=\"author\" content=\"CRI Portugu\u00eas\" \/>\n<meta name=\"twitter:card\" content=\"summary_large_image\" \/>\n<meta name=\"twitter:label1\" content=\"Escrito por\" \/>\n\t<meta name=\"twitter:data1\" content=\"CRI Portugu\u00eas\" \/>\n\t<meta name=\"twitter:label2\" content=\"Est. tempo de leitura\" \/>\n\t<meta name=\"twitter:data2\" content=\"1 minuto\" \/>\n<script type=\"application\/ld+json\" class=\"yoast-schema-graph\">{\"@context\":\"https:\\\/\\\/schema.org\",\"@graph\":[{\"@type\":\"Article\",\"@id\":\"https:\\\/\\\/diariodepe.com.br\\\/cri\\\/2025\\\/12\\\/13\\\/militarismo-japones-e-inimigo-comum-dos-povos-do-mundo-afirma-porta-voz-chines\\\/#article\",\"isPartOf\":{\"@id\":\"https:\\\/\\\/diariodepe.com.br\\\/cri\\\/2025\\\/12\\\/13\\\/militarismo-japones-e-inimigo-comum-dos-povos-do-mundo-afirma-porta-voz-chines\\\/\"},\"author\":{\"name\":\"CRI Portugu\u00eas\",\"@id\":\"https:\\\/\\\/diariodepe.com.br\\\/cri\\\/#\\\/schema\\\/person\\\/e474aead631cd4098632e11d3fbce118\"},\"headline\":\"Militarismo japon\u00eas \u00e9 inimigo comum dos povos do mundo, afirma porta-voz chin\u00eas\",\"datePublished\":\"2025-12-13T07:41:17+00:00\",\"mainEntityOfPage\":{\"@id\":\"https:\\\/\\\/diariodepe.com.br\\\/cri\\\/2025\\\/12\\\/13\\\/militarismo-japones-e-inimigo-comum-dos-povos-do-mundo-afirma-porta-voz-chines\\\/\"},\"wordCount\":168,\"commentCount\":0,\"publisher\":{\"@id\":\"https:\\\/\\\/diariodepe.com.br\\\/cri\\\/#organization\"},\"articleSection\":[\"China\"],\"inLanguage\":\"pt-BR\",\"potentialAction\":[{\"@type\":\"CommentAction\",\"name\":\"Comment\",\"target\":[\"https:\\\/\\\/diariodepe.com.br\\\/cri\\\/2025\\\/12\\\/13\\\/militarismo-japones-e-inimigo-comum-dos-povos-do-mundo-afirma-porta-voz-chines\\\/#respond\"]}]},{\"@type\":\"WebPage\",\"@id\":\"https:\\\/\\\/diariodepe.com.br\\\/cri\\\/2025\\\/12\\\/13\\\/militarismo-japones-e-inimigo-comum-dos-povos-do-mundo-afirma-porta-voz-chines\\\/\",\"url\":\"https:\\\/\\\/diariodepe.com.br\\\/cri\\\/2025\\\/12\\\/13\\\/militarismo-japones-e-inimigo-comum-dos-povos-do-mundo-afirma-porta-voz-chines\\\/\",\"name\":\"Militarismo japon\u00eas \u00e9 inimigo comum dos povos do mundo, afirma porta-voz chin\u00eas - CRI e Diario de Pernambuco\",\"isPartOf\":{\"@id\":\"https:\\\/\\\/diariodepe.com.br\\\/cri\\\/#website\"},\"datePublished\":\"2025-12-13T07:41:17+00:00\",\"breadcrumb\":{\"@id\":\"https:\\\/\\\/diariodepe.com.br\\\/cri\\\/2025\\\/12\\\/13\\\/militarismo-japones-e-inimigo-comum-dos-povos-do-mundo-afirma-porta-voz-chines\\\/#breadcrumb\"},\"inLanguage\":\"pt-BR\",\"potentialAction\":[{\"@type\":\"ReadAction\",\"target\":[\"https:\\\/\\\/diariodepe.com.br\\\/cri\\\/2025\\\/12\\\/13\\\/militarismo-japones-e-inimigo-comum-dos-povos-do-mundo-afirma-porta-voz-chines\\\/\"]}]},{\"@type\":\"BreadcrumbList\",\"@id\":\"https:\\\/\\\/diariodepe.com.br\\\/cri\\\/2025\\\/12\\\/13\\\/militarismo-japones-e-inimigo-comum-dos-povos-do-mundo-afirma-porta-voz-chines\\\/#breadcrumb\",\"itemListElement\":[{\"@type\":\"ListItem\",\"position\":1,\"name\":\"In\u00edcio\",\"item\":\"https:\\\/\\\/diariodepe.com.br\\\/cri\\\/\"},{\"@type\":\"ListItem\",\"position\":2,\"name\":\"Militarismo japon\u00eas \u00e9 inimigo comum dos povos do mundo, afirma porta-voz chin\u00eas\"}]},{\"@type\":\"WebSite\",\"@id\":\"https:\\\/\\\/diariodepe.com.br\\\/cri\\\/#website\",\"url\":\"https:\\\/\\\/diariodepe.com.br\\\/cri\\\/\",\"name\":\"CRI e Diario de Pernambuco\",\"description\":\"R\u00e1dio Internacional da China\",\"publisher\":{\"@id\":\"https:\\\/\\\/diariodepe.com.br\\\/cri\\\/#organization\"},\"potentialAction\":[{\"@type\":\"SearchAction\",\"target\":{\"@type\":\"EntryPoint\",\"urlTemplate\":\"https:\\\/\\\/diariodepe.com.br\\\/cri\\\/?s={search_term_string}\"},\"query-input\":{\"@type\":\"PropertyValueSpecification\",\"valueRequired\":true,\"valueName\":\"search_term_string\"}}],\"inLanguage\":\"pt-BR\"},{\"@type\":\"Organization\",\"@id\":\"https:\\\/\\\/diariodepe.com.br\\\/cri\\\/#organization\",\"name\":\"CRI e Diario de Pernambuco\",\"url\":\"https:\\\/\\\/diariodepe.com.br\\\/cri\\\/\",\"logo\":{\"@type\":\"ImageObject\",\"inLanguage\":\"pt-BR\",\"@id\":\"https:\\\/\\\/diariodepe.com.br\\\/cri\\\/#\\\/schema\\\/logo\\\/image\\\/\",\"url\":\"https:\\\/\\\/diariodepe.com.br\\\/cri\\\/wp-content\\\/uploads\\\/sites\\\/2\\\/2022\\\/12\\\/cropped-Logo.jpg\",\"contentUrl\":\"https:\\\/\\\/diariodepe.com.br\\\/cri\\\/wp-content\\\/uploads\\\/sites\\\/2\\\/2022\\\/12\\\/cropped-Logo.jpg\",\"width\":700,\"height\":59,\"caption\":\"CRI e Diario de Pernambuco\"},\"image\":{\"@id\":\"https:\\\/\\\/diariodepe.com.br\\\/cri\\\/#\\\/schema\\\/logo\\\/image\\\/\"}},{\"@type\":\"Person\",\"@id\":\"https:\\\/\\\/diariodepe.com.br\\\/cri\\\/#\\\/schema\\\/person\\\/e474aead631cd4098632e11d3fbce118\",\"name\":\"CRI Portugu\u00eas\",\"image\":{\"@type\":\"ImageObject\",\"inLanguage\":\"pt-BR\",\"@id\":\"https:\\\/\\\/secure.gravatar.com\\\/avatar\\\/e2ac889ef882d4dc53091b610766dce49106cf9fe98c76e06745abb0993b2763?s=96&d=mm&r=g\",\"url\":\"https:\\\/\\\/secure.gravatar.com\\\/avatar\\\/e2ac889ef882d4dc53091b610766dce49106cf9fe98c76e06745abb0993b2763?s=96&d=mm&r=g\",\"contentUrl\":\"https:\\\/\\\/secure.gravatar.com\\\/avatar\\\/e2ac889ef882d4dc53091b610766dce49106cf9fe98c76e06745abb0993b2763?s=96&d=mm&r=g\",\"caption\":\"CRI Portugu\u00eas\"},\"sameAs\":[\"https:\\\/\\\/www.diariodepernambuco.com.br\\\/\"],\"url\":\"https:\\\/\\\/diariodepe.com.br\\\/cri\\\/author\\\/agencia-cri\\\/\"}]}<\/script>\n<!-- \/ Yoast SEO plugin. -->","yoast_head_json":{"title":"Militarismo japon\u00eas \u00e9 inimigo comum dos povos do mundo, afirma porta-voz chin\u00eas - CRI e Diario de Pernambuco","robots":{"index":"index","follow":"follow","max-snippet":"max-snippet:-1","max-image-preview":"max-image-preview:large","max-video-preview":"max-video-preview:-1"},"canonical":"https:\/\/diariodepe.com.br\/cri\/2025\/12\/13\/militarismo-japones-e-inimigo-comum-dos-povos-do-mundo-afirma-porta-voz-chines\/","og_locale":"pt_BR","og_type":"article","og_title":"Militarismo japon\u00eas \u00e9 inimigo comum dos povos do mundo, afirma porta-voz chin\u00eas - CRI e Diario de Pernambuco","og_description":"O porta-voz do Minist\u00e9rio das Rela\u00e7\u00f5es Exteriores da China, Guo Jiakun, afirmou nesta sexta-feira (12) que o militarismo japon\u00eas \u00e9 &#8220;inimigo comum dos povos de todo o mundo&#8221;. Numa coletiva de imprensa regular, Guo disse que a China trabalhar\u00e1 junto...","og_url":"https:\/\/diariodepe.com.br\/cri\/2025\/12\/13\/militarismo-japones-e-inimigo-comum-dos-povos-do-mundo-afirma-porta-voz-chines\/","og_site_name":"CRI e Diario de Pernambuco","article_published_time":"2025-12-13T07:41:17+00:00","author":"CRI Portugu\u00eas","twitter_card":"summary_large_image","twitter_misc":{"Escrito por":"CRI Portugu\u00eas","Est. tempo de leitura":"1 minuto"},"schema":{"@context":"https:\/\/schema.org","@graph":[{"@type":"Article","@id":"https:\/\/diariodepe.com.br\/cri\/2025\/12\/13\/militarismo-japones-e-inimigo-comum-dos-povos-do-mundo-afirma-porta-voz-chines\/#article","isPartOf":{"@id":"https:\/\/diariodepe.com.br\/cri\/2025\/12\/13\/militarismo-japones-e-inimigo-comum-dos-povos-do-mundo-afirma-porta-voz-chines\/"},"author":{"name":"CRI Portugu\u00eas","@id":"https:\/\/diariodepe.com.br\/cri\/#\/schema\/person\/e474aead631cd4098632e11d3fbce118"},"headline":"Militarismo japon\u00eas \u00e9 inimigo comum dos povos do mundo, afirma porta-voz chin\u00eas","datePublished":"2025-12-13T07:41:17+00:00","mainEntityOfPage":{"@id":"https:\/\/diariodepe.com.br\/cri\/2025\/12\/13\/militarismo-japones-e-inimigo-comum-dos-povos-do-mundo-afirma-porta-voz-chines\/"},"wordCount":168,"commentCount":0,"publisher":{"@id":"https:\/\/diariodepe.com.br\/cri\/#organization"},"articleSection":["China"],"inLanguage":"pt-BR","potentialAction":[{"@type":"CommentAction","name":"Comment","target":["https:\/\/diariodepe.com.br\/cri\/2025\/12\/13\/militarismo-japones-e-inimigo-comum-dos-povos-do-mundo-afirma-porta-voz-chines\/#respond"]}]},{"@type":"WebPage","@id":"https:\/\/diariodepe.com.br\/cri\/2025\/12\/13\/militarismo-japones-e-inimigo-comum-dos-povos-do-mundo-afirma-porta-voz-chines\/","url":"https:\/\/diariodepe.com.br\/cri\/2025\/12\/13\/militarismo-japones-e-inimigo-comum-dos-povos-do-mundo-afirma-porta-voz-chines\/","name":"Militarismo japon\u00eas \u00e9 inimigo comum dos povos do mundo, afirma porta-voz chin\u00eas - CRI e Diario de Pernambuco","isPartOf":{"@id":"https:\/\/diariodepe.com.br\/cri\/#website"},"datePublished":"2025-12-13T07:41:17+00:00","breadcrumb":{"@id":"https:\/\/diariodepe.com.br\/cri\/2025\/12\/13\/militarismo-japones-e-inimigo-comum-dos-povos-do-mundo-afirma-porta-voz-chines\/#breadcrumb"},"inLanguage":"pt-BR","potentialAction":[{"@type":"ReadAction","target":["https:\/\/diariodepe.com.br\/cri\/2025\/12\/13\/militarismo-japones-e-inimigo-comum-dos-povos-do-mundo-afirma-porta-voz-chines\/"]}]},{"@type":"BreadcrumbList","@id":"https:\/\/diariodepe.com.br\/cri\/2025\/12\/13\/militarismo-japones-e-inimigo-comum-dos-povos-do-mundo-afirma-porta-voz-chines\/#breadcrumb","itemListElement":[{"@type":"ListItem","position":1,"name":"In\u00edcio","item":"https:\/\/diariodepe.com.br\/cri\/"},{"@type":"ListItem","position":2,"name":"Militarismo japon\u00eas \u00e9 inimigo comum dos povos do mundo, afirma porta-voz chin\u00eas"}]},{"@type":"WebSite","@id":"https:\/\/diariodepe.com.br\/cri\/#website","url":"https:\/\/diariodepe.com.br\/cri\/","name":"CRI e Diario de Pernambuco","description":"R\u00e1dio Internacional da China","publisher":{"@id":"https:\/\/diariodepe.com.br\/cri\/#organization"},"potentialAction":[{"@type":"SearchAction","target":{"@type":"EntryPoint","urlTemplate":"https:\/\/diariodepe.com.br\/cri\/?s={search_term_string}"},"query-input":{"@type":"PropertyValueSpecification","valueRequired":true,"valueName":"search_term_string"}}],"inLanguage":"pt-BR"},{"@type":"Organization","@id":"https:\/\/diariodepe.com.br\/cri\/#organization","name":"CRI e Diario de Pernambuco","url":"https:\/\/diariodepe.com.br\/cri\/","logo":{"@type":"ImageObject","inLanguage":"pt-BR","@id":"https:\/\/diariodepe.com.br\/cri\/#\/schema\/logo\/image\/","url":"https:\/\/diariodepe.com.br\/cri\/wp-content\/uploads\/sites\/2\/2022\/12\/cropped-Logo.jpg","contentUrl":"https:\/\/diariodepe.com.br\/cri\/wp-content\/uploads\/sites\/2\/2022\/12\/cropped-Logo.jpg","width":700,"height":59,"caption":"CRI e Diario de Pernambuco"},"image":{"@id":"https:\/\/diariodepe.com.br\/cri\/#\/schema\/logo\/image\/"}},{"@type":"Person","@id":"https:\/\/diariodepe.com.br\/cri\/#\/schema\/person\/e474aead631cd4098632e11d3fbce118","name":"CRI Portugu\u00eas","image":{"@type":"ImageObject","inLanguage":"pt-BR","@id":"https:\/\/secure.gravatar.com\/avatar\/e2ac889ef882d4dc53091b610766dce49106cf9fe98c76e06745abb0993b2763?s=96&d=mm&r=g","url":"https:\/\/secure.gravatar.com\/avatar\/e2ac889ef882d4dc53091b610766dce49106cf9fe98c76e06745abb0993b2763?s=96&d=mm&r=g","contentUrl":"https:\/\/secure.gravatar.com\/avatar\/e2ac889ef882d4dc53091b610766dce49106cf9fe98c76e06745abb0993b2763?s=96&d=mm&r=g","caption":"CRI Portugu\u00eas"},"sameAs":["https:\/\/www.diariodepernambuco.com.br\/"],"url":"https:\/\/diariodepe.com.br\/cri\/author\/agencia-cri\/"}]}},"cc_featured_image_caption":{"caption_text":"","source_text":"","source_url":""},"amp_enabled":true,"_links":{"self":[{"href":"https:\/\/diariodepe.com.br\/cri\/wp-json\/wp\/v2\/posts\/10201","targetHints":{"allow":["GET"]}}],"collection":[{"href":"https:\/\/diariodepe.com.br\/cri\/wp-json\/wp\/v2\/posts"}],"about":[{"href":"https:\/\/diariodepe.com.br\/cri\/wp-json\/wp\/v2\/types\/post"}],"author":[{"embeddable":true,"href":"https:\/\/diariodepe.com.br\/cri\/wp-json\/wp\/v2\/users\/5"}],"replies":[{"embeddable":true,"href":"https:\/\/diariodepe.com.br\/cri\/wp-json\/wp\/v2\/comments?post=10201"}],"version-history":[{"count":1,"href":"https:\/\/diariodepe.com.br\/cri\/wp-json\/wp\/v2\/posts\/10201\/revisions"}],"predecessor-version":[{"id":10202,"href":"https:\/\/diariodepe.com.br\/cri\/wp-json\/wp\/v2\/posts\/10201\/revisions\/10202"}],"wp:attachment":[{"href":"https:\/\/diariodepe.com.br\/cri\/wp-json\/wp\/v2\/media?parent=10201"}],"wp:term":[{"taxonomy":"category","embeddable":true,"href":"https:\/\/diariodepe.com.br\/cri\/wp-json\/wp\/v2\/categories?post=10201"},{"taxonomy":"post_tag","embeddable":true,"href":"https:\/\/diariodepe.com.br\/cri\/wp-json\/wp\/v2\/tags?post=10201"}],"curies":[{"name":"wp","href":"https:\/\/api.w.org\/{rel}","templated":true}]}}