{"id":1020,"date":"2023-04-16T06:04:40","date_gmt":"2023-04-16T09:04:40","guid":{"rendered":"https:\/\/diariodepe.com.br\/cri\/?p=1020"},"modified":"2023-04-16T06:04:40","modified_gmt":"2023-04-16T09:04:40","slug":"xi-jinping-e-lula-encontram-se-em-beijing","status":"publish","type":"post","link":"https:\/\/diariodepe.com.br\/cri\/2023\/04\/16\/xi-jinping-e-lula-encontram-se-em-beijing\/","title":{"rendered":"Xi Jinping e Lula encontram-se em Beijing"},"content":{"rendered":"<p data-spm-anchor-id=\"C01117136916.PMEHMwtIpAgu.0.i1\">O presidente chin\u00eas, Xi Jinping, encontrou-se nesta sexta-feira (14) em Beijing com o presidente brasileiro, Luiz In\u00e1cio Lula da Silva, que est\u00e1 em uma visita de Estado na China.<\/p>\n<p>Xi Jinping disse estar muito contente por receber de novo um velho amigo em Beijing. O l\u00edder chin\u00eas expressou seus votos para que Lula lidere a nova administra\u00e7\u00e3o do Brasil para ter um bom in\u00edcio de governan\u00e7a.<\/p>\n<p>O l\u00edder chin\u00eas apontou que sendo os maiores pa\u00edses em desenvolvimento e importantes mercados emergentes respectivamente dos hemisf\u00e9rios leste e oeste, a China e o Brasil s\u00e3o parceiros estrat\u00e9gicos globais e possuem amplos interesses comuns.<\/p>\n<p>A China sempre trata e promove as rela\u00e7\u00f5es com o Brasil a partir de uma vis\u00e3o estrat\u00e9gica e de longo prazo e coloca esses la\u00e7os em uma posi\u00e7\u00e3o priorit\u00e1ria em seu relacionamento exterior, afirmou Xi Jinping.<\/p>\n<p>O dirigente chin\u00eas tamb\u00e9m disse que sendo um velho amigo do povo chin\u00eas, o presidente Lula tem prestado aten\u00e7\u00e3o e apoiado o desenvolvimento da amizade sino-brasileira, promovendo assim um salto nos la\u00e7os entre os dois pa\u00edses.<\/p>\n<p>\u201cEstou disposto a trabalhar junto com o senhor para liderar e abrir um novo futuro das rela\u00e7\u00f5es entre a China e o Brasil na nova era e trazer mais benef\u00edcios para os povos dos dois pa\u00edses\u201d, apontou Xi Jinping.<\/p>\n<p>O presidente chin\u00eas frisou que os esfor\u00e7os do pa\u00eds para promover um desenvolvimento de alta qualidade, acelerar o estabelecimento de um novo paradigma de desenvolvimento e fomentar uma abertura de alto n\u00edvel trar\u00e3o mais oportunidades para outros pa\u00edses, incluindo o Brasil.<\/p>\n<p>O presidente chin\u00eas tamb\u00e9m disse acreditar que um relacionamento sino-brasileiro em avan\u00e7o cont\u00ednuo e est\u00e1vel desempenhar\u00e1 um papel ativo e relevante para a paz, estabilidade, prosperidade e desenvolvimento da regi\u00e3o e do mundo.<\/p>\n<p>Xi Jinping pediu que os dois pa\u00edses aprofundem colabora\u00e7\u00f5es pragm\u00e1ticas, promovendo, de passos s\u00f3lidos, os importantes programas de coopera\u00e7\u00e3o e desenvolvendo os potenciais cooperativos nos setores\u00a0como agricultura, energia, infraestrutura, avia\u00e7\u00e3o e espa\u00e7o e inova\u00e7\u00e3o cient\u00edfica e tecnol\u00f3gica, assim como a explora\u00e7\u00e3o da coopera\u00e7\u00e3o em \u00e1reas como economia verde, economia digital e energias limpas. A China sa\u00fada a entrada de mais produtos brasileiros de qualidade no mercado chin\u00eas.<\/p>\n<p>Xi Jinping assinalou que a China defende firmemente que os pa\u00edses latino-americanos e caribenhos consolidem a paz e estabilidade, a independ\u00eancia e autonomia e a uni\u00e3o e desenvolvimento, al\u00e9m de apoiar a integra\u00e7\u00e3o regional e um maior papel da regi\u00e3o nos assuntos internacionais.<\/p>\n<p>Por sua vez, Lula disse que \u00e9 com muito orgulho que visita a China pela quarta vez. \u201cTemos com a China um extraordin\u00e1rio relacionamento, um relacionamento que a cada dia que passa fica mais maduro e se fortalece. N\u00f3s queremos que a rela\u00e7\u00e3o Brasil-China transcenda a quest\u00e3o comercial e que ningu\u00e9m vai proibir que o Brasil aprimore a sua rela\u00e7\u00e3o com a China\u201d, disse o presidente brasileiro.<\/p>\n<p>O presidente brasileiro disse que o Brasil d\u00e1 boas-vindas \u00e0s empresas chinesas para investirem no Brasil e quer estreitar os la\u00e7os com a China em \u00e1reas como educa\u00e7\u00e3o e cultura. O pa\u00eds tamb\u00e9m est\u00e1 disposto a fomentar a coopera\u00e7\u00e3o com a China nos \u00e2mbitos multilaterais como o G20 e o BRICS, bem como fortalecer colabora\u00e7\u00f5es nas quest\u00f5es como finan\u00e7as internacionais, resposta \u00e0s mudan\u00e7as clim\u00e1ticas e prote\u00e7\u00e3o ambiental.<\/p>\n<p>Os dois chefes de Estado tamb\u00e9m trocaram opini\u00f5es sobre a crise da Ucr\u00e2nia, concordando que o di\u00e1logo e as negocia\u00e7\u00f5es representam o \u00fanico meio vi\u00e1vel para resolver o problema.<\/p>\n<p>Depois do encontro, Xi Jinping e Lula compareceram a uma cerim\u00f4nia de assinatura de acordos entre os dois pa\u00edses, os quais abrangeram setores como com\u00e9rcio e investimento, economia digital, inova\u00e7\u00e3o cient\u00edfica e tecnol\u00f3gica, informa\u00e7\u00e3o e telecomunica\u00e7\u00f5es, redu\u00e7\u00e3o da pobreza, quarentena e aeroespa\u00e7o.<\/p>\n<p>As duas partes tamb\u00e9m divulgaram uma declara\u00e7\u00e3o conjunta sobre o aprofundamento da parceria estrat\u00e9gica global.<\/p>\n<p>Na noite de sexta-feira, Xi Jinping e sua esposa, Peng Liyuan, realizaram um banquete de recep\u00e7\u00e3o para Lula e sua esposa, Ros\u00e2ngela Lula da Silva.<\/p>\n","protected":false},"excerpt":{"rendered":"<p>O presidente chin\u00eas, Xi Jinping, encontrou-se nesta sexta-feira (14) em Beijing com o presidente brasileiro, Luiz In\u00e1cio Lula da Silva, que est\u00e1 em uma visita de Estado na China. Xi Jinping disse estar muito contente por receber de novo um&#8230;<\/p>\n","protected":false},"author":2,"featured_media":1021,"comment_status":"open","ping_status":"open","sticky":false,"template":"","format":"standard","meta":{"footnotes":""},"categories":[3,5],"tags":[],"class_list":["post-1020","post","type-post","status-publish","format-standard","has-post-thumbnail","hentry","category-china","category-destaques-capa"],"yoast_head":"<!-- This site is optimized with the Yoast SEO plugin v27.4 - https:\/\/yoast.com\/product\/yoast-seo-wordpress\/ -->\n<title>Xi Jinping e Lula encontram-se em Beijing - CRI e Diario de Pernambuco<\/title>\n<meta name=\"robots\" content=\"index, follow, max-snippet:-1, max-image-preview:large, max-video-preview:-1\" \/>\n<link rel=\"canonical\" href=\"https:\/\/diariodepe.com.br\/cri\/2023\/04\/16\/xi-jinping-e-lula-encontram-se-em-beijing\/\" \/>\n<meta property=\"og:locale\" content=\"pt_BR\" \/>\n<meta property=\"og:type\" content=\"article\" \/>\n<meta property=\"og:title\" content=\"Xi Jinping e Lula encontram-se em Beijing - CRI e Diario de Pernambuco\" \/>\n<meta property=\"og:description\" content=\"O presidente chin\u00eas, Xi Jinping, encontrou-se nesta sexta-feira (14) em Beijing com o presidente brasileiro, Luiz In\u00e1cio Lula da Silva, que est\u00e1 em uma visita de Estado na China. Xi Jinping disse estar muito contente por receber de novo um...\" \/>\n<meta property=\"og:url\" content=\"https:\/\/diariodepe.com.br\/cri\/2023\/04\/16\/xi-jinping-e-lula-encontram-se-em-beijing\/\" \/>\n<meta property=\"og:site_name\" content=\"CRI e Diario de Pernambuco\" \/>\n<meta property=\"article:published_time\" content=\"2023-04-16T09:04:40+00:00\" \/>\n<meta property=\"og:image\" content=\"https:\/\/diariodepe.com.br\/cri\/wp-content\/uploads\/sites\/2\/2023\/04\/2023041423411691106.jpeg\" \/>\n\t<meta property=\"og:image:width\" content=\"900\" \/>\n\t<meta property=\"og:image:height\" content=\"451\" \/>\n\t<meta property=\"og:image:type\" content=\"image\/jpeg\" \/>\n<meta name=\"author\" content=\"Ismael Lucas S. Pereira\" \/>\n<meta name=\"twitter:card\" content=\"summary_large_image\" \/>\n<meta name=\"twitter:label1\" content=\"Escrito por\" \/>\n\t<meta name=\"twitter:data1\" content=\"Ismael Lucas S. Pereira\" \/>\n\t<meta name=\"twitter:label2\" content=\"Est. tempo de leitura\" \/>\n\t<meta name=\"twitter:data2\" content=\"4 minutos\" \/>\n<script type=\"application\/ld+json\" class=\"yoast-schema-graph\">{\"@context\":\"https:\\\/\\\/schema.org\",\"@graph\":[{\"@type\":\"Article\",\"@id\":\"https:\\\/\\\/diariodepe.com.br\\\/cri\\\/2023\\\/04\\\/16\\\/xi-jinping-e-lula-encontram-se-em-beijing\\\/#article\",\"isPartOf\":{\"@id\":\"https:\\\/\\\/diariodepe.com.br\\\/cri\\\/2023\\\/04\\\/16\\\/xi-jinping-e-lula-encontram-se-em-beijing\\\/\"},\"author\":{\"name\":\"Ismael Lucas S. Pereira\",\"@id\":\"https:\\\/\\\/diariodepe.com.br\\\/cri\\\/#\\\/schema\\\/person\\\/121bb28d84f1a5b1205ef4ce9c2e0c6b\"},\"headline\":\"Xi Jinping e Lula encontram-se em Beijing\",\"datePublished\":\"2023-04-16T09:04:40+00:00\",\"mainEntityOfPage\":{\"@id\":\"https:\\\/\\\/diariodepe.com.br\\\/cri\\\/2023\\\/04\\\/16\\\/xi-jinping-e-lula-encontram-se-em-beijing\\\/\"},\"wordCount\":745,\"commentCount\":0,\"publisher\":{\"@id\":\"https:\\\/\\\/diariodepe.com.br\\\/cri\\\/#organization\"},\"image\":{\"@id\":\"https:\\\/\\\/diariodepe.com.br\\\/cri\\\/2023\\\/04\\\/16\\\/xi-jinping-e-lula-encontram-se-em-beijing\\\/#primaryimage\"},\"thumbnailUrl\":\"https:\\\/\\\/diariodepe.com.br\\\/cri\\\/wp-content\\\/uploads\\\/sites\\\/2\\\/2023\\\/04\\\/2023041423411691106.jpeg\",\"articleSection\":[\"China\",\"Destaques Capa\"],\"inLanguage\":\"pt-BR\",\"potentialAction\":[{\"@type\":\"CommentAction\",\"name\":\"Comment\",\"target\":[\"https:\\\/\\\/diariodepe.com.br\\\/cri\\\/2023\\\/04\\\/16\\\/xi-jinping-e-lula-encontram-se-em-beijing\\\/#respond\"]}]},{\"@type\":\"WebPage\",\"@id\":\"https:\\\/\\\/diariodepe.com.br\\\/cri\\\/2023\\\/04\\\/16\\\/xi-jinping-e-lula-encontram-se-em-beijing\\\/\",\"url\":\"https:\\\/\\\/diariodepe.com.br\\\/cri\\\/2023\\\/04\\\/16\\\/xi-jinping-e-lula-encontram-se-em-beijing\\\/\",\"name\":\"Xi Jinping e Lula encontram-se em Beijing - CRI e Diario de Pernambuco\",\"isPartOf\":{\"@id\":\"https:\\\/\\\/diariodepe.com.br\\\/cri\\\/#website\"},\"primaryImageOfPage\":{\"@id\":\"https:\\\/\\\/diariodepe.com.br\\\/cri\\\/2023\\\/04\\\/16\\\/xi-jinping-e-lula-encontram-se-em-beijing\\\/#primaryimage\"},\"image\":{\"@id\":\"https:\\\/\\\/diariodepe.com.br\\\/cri\\\/2023\\\/04\\\/16\\\/xi-jinping-e-lula-encontram-se-em-beijing\\\/#primaryimage\"},\"thumbnailUrl\":\"https:\\\/\\\/diariodepe.com.br\\\/cri\\\/wp-content\\\/uploads\\\/sites\\\/2\\\/2023\\\/04\\\/2023041423411691106.jpeg\",\"datePublished\":\"2023-04-16T09:04:40+00:00\",\"breadcrumb\":{\"@id\":\"https:\\\/\\\/diariodepe.com.br\\\/cri\\\/2023\\\/04\\\/16\\\/xi-jinping-e-lula-encontram-se-em-beijing\\\/#breadcrumb\"},\"inLanguage\":\"pt-BR\",\"potentialAction\":[{\"@type\":\"ReadAction\",\"target\":[\"https:\\\/\\\/diariodepe.com.br\\\/cri\\\/2023\\\/04\\\/16\\\/xi-jinping-e-lula-encontram-se-em-beijing\\\/\"]}]},{\"@type\":\"ImageObject\",\"inLanguage\":\"pt-BR\",\"@id\":\"https:\\\/\\\/diariodepe.com.br\\\/cri\\\/2023\\\/04\\\/16\\\/xi-jinping-e-lula-encontram-se-em-beijing\\\/#primaryimage\",\"url\":\"https:\\\/\\\/diariodepe.com.br\\\/cri\\\/wp-content\\\/uploads\\\/sites\\\/2\\\/2023\\\/04\\\/2023041423411691106.jpeg\",\"contentUrl\":\"https:\\\/\\\/diariodepe.com.br\\\/cri\\\/wp-content\\\/uploads\\\/sites\\\/2\\\/2023\\\/04\\\/2023041423411691106.jpeg\",\"width\":900,\"height\":451},{\"@type\":\"BreadcrumbList\",\"@id\":\"https:\\\/\\\/diariodepe.com.br\\\/cri\\\/2023\\\/04\\\/16\\\/xi-jinping-e-lula-encontram-se-em-beijing\\\/#breadcrumb\",\"itemListElement\":[{\"@type\":\"ListItem\",\"position\":1,\"name\":\"In\u00edcio\",\"item\":\"https:\\\/\\\/diariodepe.com.br\\\/cri\\\/\"},{\"@type\":\"ListItem\",\"position\":2,\"name\":\"Xi Jinping e Lula encontram-se em Beijing\"}]},{\"@type\":\"WebSite\",\"@id\":\"https:\\\/\\\/diariodepe.com.br\\\/cri\\\/#website\",\"url\":\"https:\\\/\\\/diariodepe.com.br\\\/cri\\\/\",\"name\":\"CRI e Diario de Pernambuco\",\"description\":\"R\u00e1dio Internacional da China\",\"publisher\":{\"@id\":\"https:\\\/\\\/diariodepe.com.br\\\/cri\\\/#organization\"},\"potentialAction\":[{\"@type\":\"SearchAction\",\"target\":{\"@type\":\"EntryPoint\",\"urlTemplate\":\"https:\\\/\\\/diariodepe.com.br\\\/cri\\\/?s={search_term_string}\"},\"query-input\":{\"@type\":\"PropertyValueSpecification\",\"valueRequired\":true,\"valueName\":\"search_term_string\"}}],\"inLanguage\":\"pt-BR\"},{\"@type\":\"Organization\",\"@id\":\"https:\\\/\\\/diariodepe.com.br\\\/cri\\\/#organization\",\"name\":\"CRI e Diario de Pernambuco\",\"url\":\"https:\\\/\\\/diariodepe.com.br\\\/cri\\\/\",\"logo\":{\"@type\":\"ImageObject\",\"inLanguage\":\"pt-BR\",\"@id\":\"https:\\\/\\\/diariodepe.com.br\\\/cri\\\/#\\\/schema\\\/logo\\\/image\\\/\",\"url\":\"https:\\\/\\\/diariodepe.com.br\\\/cri\\\/wp-content\\\/uploads\\\/sites\\\/2\\\/2022\\\/12\\\/cropped-Logo.jpg\",\"contentUrl\":\"https:\\\/\\\/diariodepe.com.br\\\/cri\\\/wp-content\\\/uploads\\\/sites\\\/2\\\/2022\\\/12\\\/cropped-Logo.jpg\",\"width\":700,\"height\":59,\"caption\":\"CRI e Diario de Pernambuco\"},\"image\":{\"@id\":\"https:\\\/\\\/diariodepe.com.br\\\/cri\\\/#\\\/schema\\\/logo\\\/image\\\/\"}},{\"@type\":\"Person\",\"@id\":\"https:\\\/\\\/diariodepe.com.br\\\/cri\\\/#\\\/schema\\\/person\\\/121bb28d84f1a5b1205ef4ce9c2e0c6b\",\"name\":\"Ismael Lucas S. Pereira\",\"image\":{\"@type\":\"ImageObject\",\"inLanguage\":\"pt-BR\",\"@id\":\"https:\\\/\\\/secure.gravatar.com\\\/avatar\\\/887a0f3b5a7ceea963a48499fb883ffce6b5037362def025c52c2505b15d63e4?s=96&d=mm&r=g\",\"url\":\"https:\\\/\\\/secure.gravatar.com\\\/avatar\\\/887a0f3b5a7ceea963a48499fb883ffce6b5037362def025c52c2505b15d63e4?s=96&d=mm&r=g\",\"contentUrl\":\"https:\\\/\\\/secure.gravatar.com\\\/avatar\\\/887a0f3b5a7ceea963a48499fb883ffce6b5037362def025c52c2505b15d63e4?s=96&d=mm&r=g\",\"caption\":\"Ismael Lucas S. Pereira\"},\"url\":\"https:\\\/\\\/diariodepe.com.br\\\/cri\\\/author\\\/ismael-lucas\\\/\"}]}<\/script>\n<!-- \/ Yoast SEO plugin. -->","yoast_head_json":{"title":"Xi Jinping e Lula encontram-se em Beijing - CRI e Diario de Pernambuco","robots":{"index":"index","follow":"follow","max-snippet":"max-snippet:-1","max-image-preview":"max-image-preview:large","max-video-preview":"max-video-preview:-1"},"canonical":"https:\/\/diariodepe.com.br\/cri\/2023\/04\/16\/xi-jinping-e-lula-encontram-se-em-beijing\/","og_locale":"pt_BR","og_type":"article","og_title":"Xi Jinping e Lula encontram-se em Beijing - CRI e Diario de Pernambuco","og_description":"O presidente chin\u00eas, Xi Jinping, encontrou-se nesta sexta-feira (14) em Beijing com o presidente brasileiro, Luiz In\u00e1cio Lula da Silva, que est\u00e1 em uma visita de Estado na China. Xi Jinping disse estar muito contente por receber de novo um...","og_url":"https:\/\/diariodepe.com.br\/cri\/2023\/04\/16\/xi-jinping-e-lula-encontram-se-em-beijing\/","og_site_name":"CRI e Diario de Pernambuco","article_published_time":"2023-04-16T09:04:40+00:00","og_image":[{"width":900,"height":451,"url":"https:\/\/diariodepe.com.br\/cri\/wp-content\/uploads\/sites\/2\/2023\/04\/2023041423411691106.jpeg","type":"image\/jpeg"}],"author":"Ismael Lucas S. Pereira","twitter_card":"summary_large_image","twitter_misc":{"Escrito por":"Ismael Lucas S. Pereira","Est. tempo de leitura":"4 minutos"},"schema":{"@context":"https:\/\/schema.org","@graph":[{"@type":"Article","@id":"https:\/\/diariodepe.com.br\/cri\/2023\/04\/16\/xi-jinping-e-lula-encontram-se-em-beijing\/#article","isPartOf":{"@id":"https:\/\/diariodepe.com.br\/cri\/2023\/04\/16\/xi-jinping-e-lula-encontram-se-em-beijing\/"},"author":{"name":"Ismael Lucas S. Pereira","@id":"https:\/\/diariodepe.com.br\/cri\/#\/schema\/person\/121bb28d84f1a5b1205ef4ce9c2e0c6b"},"headline":"Xi Jinping e Lula encontram-se em Beijing","datePublished":"2023-04-16T09:04:40+00:00","mainEntityOfPage":{"@id":"https:\/\/diariodepe.com.br\/cri\/2023\/04\/16\/xi-jinping-e-lula-encontram-se-em-beijing\/"},"wordCount":745,"commentCount":0,"publisher":{"@id":"https:\/\/diariodepe.com.br\/cri\/#organization"},"image":{"@id":"https:\/\/diariodepe.com.br\/cri\/2023\/04\/16\/xi-jinping-e-lula-encontram-se-em-beijing\/#primaryimage"},"thumbnailUrl":"https:\/\/diariodepe.com.br\/cri\/wp-content\/uploads\/sites\/2\/2023\/04\/2023041423411691106.jpeg","articleSection":["China","Destaques Capa"],"inLanguage":"pt-BR","potentialAction":[{"@type":"CommentAction","name":"Comment","target":["https:\/\/diariodepe.com.br\/cri\/2023\/04\/16\/xi-jinping-e-lula-encontram-se-em-beijing\/#respond"]}]},{"@type":"WebPage","@id":"https:\/\/diariodepe.com.br\/cri\/2023\/04\/16\/xi-jinping-e-lula-encontram-se-em-beijing\/","url":"https:\/\/diariodepe.com.br\/cri\/2023\/04\/16\/xi-jinping-e-lula-encontram-se-em-beijing\/","name":"Xi Jinping e Lula encontram-se em Beijing - CRI e Diario de Pernambuco","isPartOf":{"@id":"https:\/\/diariodepe.com.br\/cri\/#website"},"primaryImageOfPage":{"@id":"https:\/\/diariodepe.com.br\/cri\/2023\/04\/16\/xi-jinping-e-lula-encontram-se-em-beijing\/#primaryimage"},"image":{"@id":"https:\/\/diariodepe.com.br\/cri\/2023\/04\/16\/xi-jinping-e-lula-encontram-se-em-beijing\/#primaryimage"},"thumbnailUrl":"https:\/\/diariodepe.com.br\/cri\/wp-content\/uploads\/sites\/2\/2023\/04\/2023041423411691106.jpeg","datePublished":"2023-04-16T09:04:40+00:00","breadcrumb":{"@id":"https:\/\/diariodepe.com.br\/cri\/2023\/04\/16\/xi-jinping-e-lula-encontram-se-em-beijing\/#breadcrumb"},"inLanguage":"pt-BR","potentialAction":[{"@type":"ReadAction","target":["https:\/\/diariodepe.com.br\/cri\/2023\/04\/16\/xi-jinping-e-lula-encontram-se-em-beijing\/"]}]},{"@type":"ImageObject","inLanguage":"pt-BR","@id":"https:\/\/diariodepe.com.br\/cri\/2023\/04\/16\/xi-jinping-e-lula-encontram-se-em-beijing\/#primaryimage","url":"https:\/\/diariodepe.com.br\/cri\/wp-content\/uploads\/sites\/2\/2023\/04\/2023041423411691106.jpeg","contentUrl":"https:\/\/diariodepe.com.br\/cri\/wp-content\/uploads\/sites\/2\/2023\/04\/2023041423411691106.jpeg","width":900,"height":451},{"@type":"BreadcrumbList","@id":"https:\/\/diariodepe.com.br\/cri\/2023\/04\/16\/xi-jinping-e-lula-encontram-se-em-beijing\/#breadcrumb","itemListElement":[{"@type":"ListItem","position":1,"name":"In\u00edcio","item":"https:\/\/diariodepe.com.br\/cri\/"},{"@type":"ListItem","position":2,"name":"Xi Jinping e Lula encontram-se em Beijing"}]},{"@type":"WebSite","@id":"https:\/\/diariodepe.com.br\/cri\/#website","url":"https:\/\/diariodepe.com.br\/cri\/","name":"CRI e Diario de Pernambuco","description":"R\u00e1dio Internacional da China","publisher":{"@id":"https:\/\/diariodepe.com.br\/cri\/#organization"},"potentialAction":[{"@type":"SearchAction","target":{"@type":"EntryPoint","urlTemplate":"https:\/\/diariodepe.com.br\/cri\/?s={search_term_string}"},"query-input":{"@type":"PropertyValueSpecification","valueRequired":true,"valueName":"search_term_string"}}],"inLanguage":"pt-BR"},{"@type":"Organization","@id":"https:\/\/diariodepe.com.br\/cri\/#organization","name":"CRI e Diario de Pernambuco","url":"https:\/\/diariodepe.com.br\/cri\/","logo":{"@type":"ImageObject","inLanguage":"pt-BR","@id":"https:\/\/diariodepe.com.br\/cri\/#\/schema\/logo\/image\/","url":"https:\/\/diariodepe.com.br\/cri\/wp-content\/uploads\/sites\/2\/2022\/12\/cropped-Logo.jpg","contentUrl":"https:\/\/diariodepe.com.br\/cri\/wp-content\/uploads\/sites\/2\/2022\/12\/cropped-Logo.jpg","width":700,"height":59,"caption":"CRI e Diario de Pernambuco"},"image":{"@id":"https:\/\/diariodepe.com.br\/cri\/#\/schema\/logo\/image\/"}},{"@type":"Person","@id":"https:\/\/diariodepe.com.br\/cri\/#\/schema\/person\/121bb28d84f1a5b1205ef4ce9c2e0c6b","name":"Ismael Lucas S. Pereira","image":{"@type":"ImageObject","inLanguage":"pt-BR","@id":"https:\/\/secure.gravatar.com\/avatar\/887a0f3b5a7ceea963a48499fb883ffce6b5037362def025c52c2505b15d63e4?s=96&d=mm&r=g","url":"https:\/\/secure.gravatar.com\/avatar\/887a0f3b5a7ceea963a48499fb883ffce6b5037362def025c52c2505b15d63e4?s=96&d=mm&r=g","contentUrl":"https:\/\/secure.gravatar.com\/avatar\/887a0f3b5a7ceea963a48499fb883ffce6b5037362def025c52c2505b15d63e4?s=96&d=mm&r=g","caption":"Ismael Lucas S. Pereira"},"url":"https:\/\/diariodepe.com.br\/cri\/author\/ismael-lucas\/"}]}},"cc_featured_image_caption":{"caption_text":false,"source_text":false,"source_url":false},"amp_enabled":true,"_links":{"self":[{"href":"https:\/\/diariodepe.com.br\/cri\/wp-json\/wp\/v2\/posts\/1020","targetHints":{"allow":["GET"]}}],"collection":[{"href":"https:\/\/diariodepe.com.br\/cri\/wp-json\/wp\/v2\/posts"}],"about":[{"href":"https:\/\/diariodepe.com.br\/cri\/wp-json\/wp\/v2\/types\/post"}],"author":[{"embeddable":true,"href":"https:\/\/diariodepe.com.br\/cri\/wp-json\/wp\/v2\/users\/2"}],"replies":[{"embeddable":true,"href":"https:\/\/diariodepe.com.br\/cri\/wp-json\/wp\/v2\/comments?post=1020"}],"version-history":[{"count":1,"href":"https:\/\/diariodepe.com.br\/cri\/wp-json\/wp\/v2\/posts\/1020\/revisions"}],"predecessor-version":[{"id":1022,"href":"https:\/\/diariodepe.com.br\/cri\/wp-json\/wp\/v2\/posts\/1020\/revisions\/1022"}],"wp:featuredmedia":[{"embeddable":true,"href":"https:\/\/diariodepe.com.br\/cri\/wp-json\/wp\/v2\/media\/1021"}],"wp:attachment":[{"href":"https:\/\/diariodepe.com.br\/cri\/wp-json\/wp\/v2\/media?parent=1020"}],"wp:term":[{"taxonomy":"category","embeddable":true,"href":"https:\/\/diariodepe.com.br\/cri\/wp-json\/wp\/v2\/categories?post=1020"},{"taxonomy":"post_tag","embeddable":true,"href":"https:\/\/diariodepe.com.br\/cri\/wp-json\/wp\/v2\/tags?post=1020"}],"curies":[{"name":"wp","href":"https:\/\/api.w.org\/{rel}","templated":true}]}}