{"id":10197,"date":"2025-12-11T22:17:58","date_gmt":"2025-12-12T01:17:58","guid":{"rendered":"https:\/\/diariodepe.com.br\/cri\/?p=10197"},"modified":"2025-12-11T22:17:58","modified_gmt":"2025-12-12T01:17:58","slug":"reuniao-central-sobre-o-trabalho-economico-da-china-e-realizada-em-beijing","status":"publish","type":"post","link":"https:\/\/diariodepe.com.br\/cri\/2025\/12\/11\/reuniao-central-sobre-o-trabalho-economico-da-china-e-realizada-em-beijing\/","title":{"rendered":"Reuni\u00e3o Central sobre o Trabalho Econ\u00f4mico da China \u00e9 realizada em Beijing"},"content":{"rendered":"<p>A Reuni\u00e3o Central sobre o Trabalho Econ\u00f4mico da China foi realizada nos dias 10 e 11 em Beijing. O secret\u00e1rio-geral do Comit\u00ea Central do Partido Comunista da China (PCCh), Xi Jinping, participou da reuni\u00e3o e proferiu um importante discurso.<\/p>\n<p><img decoding=\"async\" src=\"https:\/\/38picres.cgtn.com\/photoAlbum\/page\/performance\/img\/2025\/12\/11\/1765454717894_773.jpeg\" \/><\/p>\n<p>Outros membros do Comit\u00ea Permanente do Bir\u00f4 Pol\u00edtico do Comit\u00ea Central do PCCh, Li Qiang, Zhao Leji, Wang Huning, Cai Qi, Ding Xuexiang e Li Xi tamb\u00e9m estiveram presentes. Xi Jinping fez um resumo sobre o trabalho econ\u00f4mico de 2025 e uma disposi\u00e7\u00e3o para o pr\u00f3ximo ano.<\/p>\n<p>De acordo com a reuni\u00e3o, 2025 mostrou-se um ano extraordin\u00e1rio, pois o Comit\u00ea Central do Partido, que tem o camarada Xi Jinping como n\u00facleo, uniu e liderou todo o Partido e o povo de todas as etnias do pa\u00eds com o intuito de enfrentar as dificuldades, trabalhar com afinco, aplicar de forma firme o novo conceito de desenvolvimento, promover o desenvolvimento de alta qualidade, coordenar as situa\u00e7\u00f5es internas e internacionais e adotar pol\u00edticas macroecon\u00f4micas mais ativas e eficazes, garantindo que os principais objetivos do desenvolvimento econ\u00f4mico e social sejam alcan\u00e7ados com sucesso.<\/p>\n<p>A reuni\u00e3o definiu tamb\u00e9m oito prioridades para o trabalho econ\u00f4mico de 2026: incentivar o consumo para construir um mercado dom\u00e9stico forte, criar novas for\u00e7as motrizes por meio de inova\u00e7\u00e3o, fortalecer a din\u00e2mica e vitalidade do desenvolvimento de alta qualidade atrav\u00e9s de reforma, continuar ampliando a abertura ao exterior para promover coopera\u00e7\u00f5es e ganhos m\u00fatuos, insistir no desenvolvimento coordenado para promover a integra\u00e7\u00e3o das zonas rurais e urbanas e as intera\u00e7\u00f5es entre diferentes regi\u00f5es, promover de forma abrangente a transforma\u00e7\u00e3o de baixo carbono, trazer mais benef\u00edcios verdadeiros para o povo, especialmente no aumento de empregos e resolver de maneira pro-ativa e segura os riscos em setores-chave.<\/p>\n","protected":false},"excerpt":{"rendered":"<p>A Reuni\u00e3o Central sobre o Trabalho Econ\u00f4mico da China foi realizada nos dias 10 e 11 em Beijing. O secret\u00e1rio-geral do Comit\u00ea Central do Partido Comunista da China (PCCh), Xi Jinping, participou da reuni\u00e3o e proferiu um importante discurso. Outros&#8230;<\/p>\n","protected":false},"author":5,"featured_media":0,"comment_status":"open","ping_status":"open","sticky":false,"template":"","format":"standard","meta":{"footnotes":""},"categories":[3],"tags":[],"class_list":["post-10197","post","type-post","status-publish","format-standard","hentry","category-china"],"yoast_head":"<!-- This site is optimized with the Yoast SEO plugin v27.4 - https:\/\/yoast.com\/product\/yoast-seo-wordpress\/ -->\n<title>Reuni\u00e3o Central sobre o Trabalho Econ\u00f4mico da China \u00e9 realizada em Beijing - CRI e Diario de Pernambuco<\/title>\n<meta name=\"robots\" content=\"index, follow, max-snippet:-1, max-image-preview:large, max-video-preview:-1\" \/>\n<link rel=\"canonical\" href=\"https:\/\/diariodepe.com.br\/cri\/2025\/12\/11\/reuniao-central-sobre-o-trabalho-economico-da-china-e-realizada-em-beijing\/\" \/>\n<meta property=\"og:locale\" content=\"pt_BR\" \/>\n<meta property=\"og:type\" content=\"article\" \/>\n<meta property=\"og:title\" content=\"Reuni\u00e3o Central sobre o Trabalho Econ\u00f4mico da China \u00e9 realizada em Beijing - CRI e Diario de Pernambuco\" \/>\n<meta property=\"og:description\" content=\"A Reuni\u00e3o Central sobre o Trabalho Econ\u00f4mico da China foi realizada nos dias 10 e 11 em Beijing. O secret\u00e1rio-geral do Comit\u00ea Central do Partido Comunista da China (PCCh), Xi Jinping, participou da reuni\u00e3o e proferiu um importante discurso. Outros...\" \/>\n<meta property=\"og:url\" content=\"https:\/\/diariodepe.com.br\/cri\/2025\/12\/11\/reuniao-central-sobre-o-trabalho-economico-da-china-e-realizada-em-beijing\/\" \/>\n<meta property=\"og:site_name\" content=\"CRI e Diario de Pernambuco\" \/>\n<meta property=\"article:published_time\" content=\"2025-12-12T01:17:58+00:00\" \/>\n<meta property=\"og:image\" content=\"https:\/\/38picres.cgtn.com\/photoAlbum\/page\/performance\/img\/2025\/12\/11\/1765454717894_773.jpeg\" \/>\n<meta name=\"author\" content=\"CRI Portugu\u00eas\" \/>\n<meta name=\"twitter:card\" content=\"summary_large_image\" \/>\n<meta name=\"twitter:label1\" content=\"Escrito por\" \/>\n\t<meta name=\"twitter:data1\" content=\"CRI Portugu\u00eas\" \/>\n\t<meta name=\"twitter:label2\" content=\"Est. tempo de leitura\" \/>\n\t<meta name=\"twitter:data2\" content=\"2 minutos\" \/>\n<script type=\"application\/ld+json\" class=\"yoast-schema-graph\">{\"@context\":\"https:\\\/\\\/schema.org\",\"@graph\":[{\"@type\":\"Article\",\"@id\":\"https:\\\/\\\/diariodepe.com.br\\\/cri\\\/2025\\\/12\\\/11\\\/reuniao-central-sobre-o-trabalho-economico-da-china-e-realizada-em-beijing\\\/#article\",\"isPartOf\":{\"@id\":\"https:\\\/\\\/diariodepe.com.br\\\/cri\\\/2025\\\/12\\\/11\\\/reuniao-central-sobre-o-trabalho-economico-da-china-e-realizada-em-beijing\\\/\"},\"author\":{\"name\":\"CRI Portugu\u00eas\",\"@id\":\"https:\\\/\\\/diariodepe.com.br\\\/cri\\\/#\\\/schema\\\/person\\\/e474aead631cd4098632e11d3fbce118\"},\"headline\":\"Reuni\u00e3o Central sobre o Trabalho Econ\u00f4mico da China \u00e9 realizada em Beijing\",\"datePublished\":\"2025-12-12T01:17:58+00:00\",\"mainEntityOfPage\":{\"@id\":\"https:\\\/\\\/diariodepe.com.br\\\/cri\\\/2025\\\/12\\\/11\\\/reuniao-central-sobre-o-trabalho-economico-da-china-e-realizada-em-beijing\\\/\"},\"wordCount\":324,\"commentCount\":0,\"publisher\":{\"@id\":\"https:\\\/\\\/diariodepe.com.br\\\/cri\\\/#organization\"},\"image\":{\"@id\":\"https:\\\/\\\/diariodepe.com.br\\\/cri\\\/2025\\\/12\\\/11\\\/reuniao-central-sobre-o-trabalho-economico-da-china-e-realizada-em-beijing\\\/#primaryimage\"},\"thumbnailUrl\":\"https:\\\/\\\/38picres.cgtn.com\\\/photoAlbum\\\/page\\\/performance\\\/img\\\/2025\\\/12\\\/11\\\/1765454717894_773.jpeg\",\"articleSection\":[\"China\"],\"inLanguage\":\"pt-BR\",\"potentialAction\":[{\"@type\":\"CommentAction\",\"name\":\"Comment\",\"target\":[\"https:\\\/\\\/diariodepe.com.br\\\/cri\\\/2025\\\/12\\\/11\\\/reuniao-central-sobre-o-trabalho-economico-da-china-e-realizada-em-beijing\\\/#respond\"]}]},{\"@type\":\"WebPage\",\"@id\":\"https:\\\/\\\/diariodepe.com.br\\\/cri\\\/2025\\\/12\\\/11\\\/reuniao-central-sobre-o-trabalho-economico-da-china-e-realizada-em-beijing\\\/\",\"url\":\"https:\\\/\\\/diariodepe.com.br\\\/cri\\\/2025\\\/12\\\/11\\\/reuniao-central-sobre-o-trabalho-economico-da-china-e-realizada-em-beijing\\\/\",\"name\":\"Reuni\u00e3o Central sobre o Trabalho Econ\u00f4mico da China \u00e9 realizada em Beijing - CRI e Diario de Pernambuco\",\"isPartOf\":{\"@id\":\"https:\\\/\\\/diariodepe.com.br\\\/cri\\\/#website\"},\"primaryImageOfPage\":{\"@id\":\"https:\\\/\\\/diariodepe.com.br\\\/cri\\\/2025\\\/12\\\/11\\\/reuniao-central-sobre-o-trabalho-economico-da-china-e-realizada-em-beijing\\\/#primaryimage\"},\"image\":{\"@id\":\"https:\\\/\\\/diariodepe.com.br\\\/cri\\\/2025\\\/12\\\/11\\\/reuniao-central-sobre-o-trabalho-economico-da-china-e-realizada-em-beijing\\\/#primaryimage\"},\"thumbnailUrl\":\"https:\\\/\\\/38picres.cgtn.com\\\/photoAlbum\\\/page\\\/performance\\\/img\\\/2025\\\/12\\\/11\\\/1765454717894_773.jpeg\",\"datePublished\":\"2025-12-12T01:17:58+00:00\",\"breadcrumb\":{\"@id\":\"https:\\\/\\\/diariodepe.com.br\\\/cri\\\/2025\\\/12\\\/11\\\/reuniao-central-sobre-o-trabalho-economico-da-china-e-realizada-em-beijing\\\/#breadcrumb\"},\"inLanguage\":\"pt-BR\",\"potentialAction\":[{\"@type\":\"ReadAction\",\"target\":[\"https:\\\/\\\/diariodepe.com.br\\\/cri\\\/2025\\\/12\\\/11\\\/reuniao-central-sobre-o-trabalho-economico-da-china-e-realizada-em-beijing\\\/\"]}]},{\"@type\":\"ImageObject\",\"inLanguage\":\"pt-BR\",\"@id\":\"https:\\\/\\\/diariodepe.com.br\\\/cri\\\/2025\\\/12\\\/11\\\/reuniao-central-sobre-o-trabalho-economico-da-china-e-realizada-em-beijing\\\/#primaryimage\",\"url\":\"https:\\\/\\\/38picres.cgtn.com\\\/photoAlbum\\\/page\\\/performance\\\/img\\\/2025\\\/12\\\/11\\\/1765454717894_773.jpeg\",\"contentUrl\":\"https:\\\/\\\/38picres.cgtn.com\\\/photoAlbum\\\/page\\\/performance\\\/img\\\/2025\\\/12\\\/11\\\/1765454717894_773.jpeg\"},{\"@type\":\"BreadcrumbList\",\"@id\":\"https:\\\/\\\/diariodepe.com.br\\\/cri\\\/2025\\\/12\\\/11\\\/reuniao-central-sobre-o-trabalho-economico-da-china-e-realizada-em-beijing\\\/#breadcrumb\",\"itemListElement\":[{\"@type\":\"ListItem\",\"position\":1,\"name\":\"In\u00edcio\",\"item\":\"https:\\\/\\\/diariodepe.com.br\\\/cri\\\/\"},{\"@type\":\"ListItem\",\"position\":2,\"name\":\"Reuni\u00e3o Central sobre o Trabalho Econ\u00f4mico da China \u00e9 realizada em Beijing\"}]},{\"@type\":\"WebSite\",\"@id\":\"https:\\\/\\\/diariodepe.com.br\\\/cri\\\/#website\",\"url\":\"https:\\\/\\\/diariodepe.com.br\\\/cri\\\/\",\"name\":\"CRI e Diario de Pernambuco\",\"description\":\"R\u00e1dio Internacional da China\",\"publisher\":{\"@id\":\"https:\\\/\\\/diariodepe.com.br\\\/cri\\\/#organization\"},\"potentialAction\":[{\"@type\":\"SearchAction\",\"target\":{\"@type\":\"EntryPoint\",\"urlTemplate\":\"https:\\\/\\\/diariodepe.com.br\\\/cri\\\/?s={search_term_string}\"},\"query-input\":{\"@type\":\"PropertyValueSpecification\",\"valueRequired\":true,\"valueName\":\"search_term_string\"}}],\"inLanguage\":\"pt-BR\"},{\"@type\":\"Organization\",\"@id\":\"https:\\\/\\\/diariodepe.com.br\\\/cri\\\/#organization\",\"name\":\"CRI e Diario de Pernambuco\",\"url\":\"https:\\\/\\\/diariodepe.com.br\\\/cri\\\/\",\"logo\":{\"@type\":\"ImageObject\",\"inLanguage\":\"pt-BR\",\"@id\":\"https:\\\/\\\/diariodepe.com.br\\\/cri\\\/#\\\/schema\\\/logo\\\/image\\\/\",\"url\":\"https:\\\/\\\/diariodepe.com.br\\\/cri\\\/wp-content\\\/uploads\\\/sites\\\/2\\\/2022\\\/12\\\/cropped-Logo.jpg\",\"contentUrl\":\"https:\\\/\\\/diariodepe.com.br\\\/cri\\\/wp-content\\\/uploads\\\/sites\\\/2\\\/2022\\\/12\\\/cropped-Logo.jpg\",\"width\":700,\"height\":59,\"caption\":\"CRI e Diario de Pernambuco\"},\"image\":{\"@id\":\"https:\\\/\\\/diariodepe.com.br\\\/cri\\\/#\\\/schema\\\/logo\\\/image\\\/\"}},{\"@type\":\"Person\",\"@id\":\"https:\\\/\\\/diariodepe.com.br\\\/cri\\\/#\\\/schema\\\/person\\\/e474aead631cd4098632e11d3fbce118\",\"name\":\"CRI Portugu\u00eas\",\"image\":{\"@type\":\"ImageObject\",\"inLanguage\":\"pt-BR\",\"@id\":\"https:\\\/\\\/secure.gravatar.com\\\/avatar\\\/e2ac889ef882d4dc53091b610766dce49106cf9fe98c76e06745abb0993b2763?s=96&d=mm&r=g\",\"url\":\"https:\\\/\\\/secure.gravatar.com\\\/avatar\\\/e2ac889ef882d4dc53091b610766dce49106cf9fe98c76e06745abb0993b2763?s=96&d=mm&r=g\",\"contentUrl\":\"https:\\\/\\\/secure.gravatar.com\\\/avatar\\\/e2ac889ef882d4dc53091b610766dce49106cf9fe98c76e06745abb0993b2763?s=96&d=mm&r=g\",\"caption\":\"CRI Portugu\u00eas\"},\"sameAs\":[\"https:\\\/\\\/www.diariodepernambuco.com.br\\\/\"],\"url\":\"https:\\\/\\\/diariodepe.com.br\\\/cri\\\/author\\\/agencia-cri\\\/\"}]}<\/script>\n<!-- \/ Yoast SEO plugin. -->","yoast_head_json":{"title":"Reuni\u00e3o Central sobre o Trabalho Econ\u00f4mico da China \u00e9 realizada em Beijing - CRI e Diario de Pernambuco","robots":{"index":"index","follow":"follow","max-snippet":"max-snippet:-1","max-image-preview":"max-image-preview:large","max-video-preview":"max-video-preview:-1"},"canonical":"https:\/\/diariodepe.com.br\/cri\/2025\/12\/11\/reuniao-central-sobre-o-trabalho-economico-da-china-e-realizada-em-beijing\/","og_locale":"pt_BR","og_type":"article","og_title":"Reuni\u00e3o Central sobre o Trabalho Econ\u00f4mico da China \u00e9 realizada em Beijing - CRI e Diario de Pernambuco","og_description":"A Reuni\u00e3o Central sobre o Trabalho Econ\u00f4mico da China foi realizada nos dias 10 e 11 em Beijing. O secret\u00e1rio-geral do Comit\u00ea Central do Partido Comunista da China (PCCh), Xi Jinping, participou da reuni\u00e3o e proferiu um importante discurso. Outros...","og_url":"https:\/\/diariodepe.com.br\/cri\/2025\/12\/11\/reuniao-central-sobre-o-trabalho-economico-da-china-e-realizada-em-beijing\/","og_site_name":"CRI e Diario de Pernambuco","article_published_time":"2025-12-12T01:17:58+00:00","og_image":[{"url":"https:\/\/38picres.cgtn.com\/photoAlbum\/page\/performance\/img\/2025\/12\/11\/1765454717894_773.jpeg","type":"","width":"","height":""}],"author":"CRI Portugu\u00eas","twitter_card":"summary_large_image","twitter_misc":{"Escrito por":"CRI Portugu\u00eas","Est. tempo de leitura":"2 minutos"},"schema":{"@context":"https:\/\/schema.org","@graph":[{"@type":"Article","@id":"https:\/\/diariodepe.com.br\/cri\/2025\/12\/11\/reuniao-central-sobre-o-trabalho-economico-da-china-e-realizada-em-beijing\/#article","isPartOf":{"@id":"https:\/\/diariodepe.com.br\/cri\/2025\/12\/11\/reuniao-central-sobre-o-trabalho-economico-da-china-e-realizada-em-beijing\/"},"author":{"name":"CRI Portugu\u00eas","@id":"https:\/\/diariodepe.com.br\/cri\/#\/schema\/person\/e474aead631cd4098632e11d3fbce118"},"headline":"Reuni\u00e3o Central sobre o Trabalho Econ\u00f4mico da China \u00e9 realizada em Beijing","datePublished":"2025-12-12T01:17:58+00:00","mainEntityOfPage":{"@id":"https:\/\/diariodepe.com.br\/cri\/2025\/12\/11\/reuniao-central-sobre-o-trabalho-economico-da-china-e-realizada-em-beijing\/"},"wordCount":324,"commentCount":0,"publisher":{"@id":"https:\/\/diariodepe.com.br\/cri\/#organization"},"image":{"@id":"https:\/\/diariodepe.com.br\/cri\/2025\/12\/11\/reuniao-central-sobre-o-trabalho-economico-da-china-e-realizada-em-beijing\/#primaryimage"},"thumbnailUrl":"https:\/\/38picres.cgtn.com\/photoAlbum\/page\/performance\/img\/2025\/12\/11\/1765454717894_773.jpeg","articleSection":["China"],"inLanguage":"pt-BR","potentialAction":[{"@type":"CommentAction","name":"Comment","target":["https:\/\/diariodepe.com.br\/cri\/2025\/12\/11\/reuniao-central-sobre-o-trabalho-economico-da-china-e-realizada-em-beijing\/#respond"]}]},{"@type":"WebPage","@id":"https:\/\/diariodepe.com.br\/cri\/2025\/12\/11\/reuniao-central-sobre-o-trabalho-economico-da-china-e-realizada-em-beijing\/","url":"https:\/\/diariodepe.com.br\/cri\/2025\/12\/11\/reuniao-central-sobre-o-trabalho-economico-da-china-e-realizada-em-beijing\/","name":"Reuni\u00e3o Central sobre o Trabalho Econ\u00f4mico da China \u00e9 realizada em Beijing - CRI e Diario de Pernambuco","isPartOf":{"@id":"https:\/\/diariodepe.com.br\/cri\/#website"},"primaryImageOfPage":{"@id":"https:\/\/diariodepe.com.br\/cri\/2025\/12\/11\/reuniao-central-sobre-o-trabalho-economico-da-china-e-realizada-em-beijing\/#primaryimage"},"image":{"@id":"https:\/\/diariodepe.com.br\/cri\/2025\/12\/11\/reuniao-central-sobre-o-trabalho-economico-da-china-e-realizada-em-beijing\/#primaryimage"},"thumbnailUrl":"https:\/\/38picres.cgtn.com\/photoAlbum\/page\/performance\/img\/2025\/12\/11\/1765454717894_773.jpeg","datePublished":"2025-12-12T01:17:58+00:00","breadcrumb":{"@id":"https:\/\/diariodepe.com.br\/cri\/2025\/12\/11\/reuniao-central-sobre-o-trabalho-economico-da-china-e-realizada-em-beijing\/#breadcrumb"},"inLanguage":"pt-BR","potentialAction":[{"@type":"ReadAction","target":["https:\/\/diariodepe.com.br\/cri\/2025\/12\/11\/reuniao-central-sobre-o-trabalho-economico-da-china-e-realizada-em-beijing\/"]}]},{"@type":"ImageObject","inLanguage":"pt-BR","@id":"https:\/\/diariodepe.com.br\/cri\/2025\/12\/11\/reuniao-central-sobre-o-trabalho-economico-da-china-e-realizada-em-beijing\/#primaryimage","url":"https:\/\/38picres.cgtn.com\/photoAlbum\/page\/performance\/img\/2025\/12\/11\/1765454717894_773.jpeg","contentUrl":"https:\/\/38picres.cgtn.com\/photoAlbum\/page\/performance\/img\/2025\/12\/11\/1765454717894_773.jpeg"},{"@type":"BreadcrumbList","@id":"https:\/\/diariodepe.com.br\/cri\/2025\/12\/11\/reuniao-central-sobre-o-trabalho-economico-da-china-e-realizada-em-beijing\/#breadcrumb","itemListElement":[{"@type":"ListItem","position":1,"name":"In\u00edcio","item":"https:\/\/diariodepe.com.br\/cri\/"},{"@type":"ListItem","position":2,"name":"Reuni\u00e3o Central sobre o Trabalho Econ\u00f4mico da China \u00e9 realizada em Beijing"}]},{"@type":"WebSite","@id":"https:\/\/diariodepe.com.br\/cri\/#website","url":"https:\/\/diariodepe.com.br\/cri\/","name":"CRI e Diario de Pernambuco","description":"R\u00e1dio Internacional da China","publisher":{"@id":"https:\/\/diariodepe.com.br\/cri\/#organization"},"potentialAction":[{"@type":"SearchAction","target":{"@type":"EntryPoint","urlTemplate":"https:\/\/diariodepe.com.br\/cri\/?s={search_term_string}"},"query-input":{"@type":"PropertyValueSpecification","valueRequired":true,"valueName":"search_term_string"}}],"inLanguage":"pt-BR"},{"@type":"Organization","@id":"https:\/\/diariodepe.com.br\/cri\/#organization","name":"CRI e Diario de Pernambuco","url":"https:\/\/diariodepe.com.br\/cri\/","logo":{"@type":"ImageObject","inLanguage":"pt-BR","@id":"https:\/\/diariodepe.com.br\/cri\/#\/schema\/logo\/image\/","url":"https:\/\/diariodepe.com.br\/cri\/wp-content\/uploads\/sites\/2\/2022\/12\/cropped-Logo.jpg","contentUrl":"https:\/\/diariodepe.com.br\/cri\/wp-content\/uploads\/sites\/2\/2022\/12\/cropped-Logo.jpg","width":700,"height":59,"caption":"CRI e Diario de Pernambuco"},"image":{"@id":"https:\/\/diariodepe.com.br\/cri\/#\/schema\/logo\/image\/"}},{"@type":"Person","@id":"https:\/\/diariodepe.com.br\/cri\/#\/schema\/person\/e474aead631cd4098632e11d3fbce118","name":"CRI Portugu\u00eas","image":{"@type":"ImageObject","inLanguage":"pt-BR","@id":"https:\/\/secure.gravatar.com\/avatar\/e2ac889ef882d4dc53091b610766dce49106cf9fe98c76e06745abb0993b2763?s=96&d=mm&r=g","url":"https:\/\/secure.gravatar.com\/avatar\/e2ac889ef882d4dc53091b610766dce49106cf9fe98c76e06745abb0993b2763?s=96&d=mm&r=g","contentUrl":"https:\/\/secure.gravatar.com\/avatar\/e2ac889ef882d4dc53091b610766dce49106cf9fe98c76e06745abb0993b2763?s=96&d=mm&r=g","caption":"CRI Portugu\u00eas"},"sameAs":["https:\/\/www.diariodepernambuco.com.br\/"],"url":"https:\/\/diariodepe.com.br\/cri\/author\/agencia-cri\/"}]}},"cc_featured_image_caption":{"caption_text":"","source_text":"","source_url":""},"amp_enabled":true,"_links":{"self":[{"href":"https:\/\/diariodepe.com.br\/cri\/wp-json\/wp\/v2\/posts\/10197","targetHints":{"allow":["GET"]}}],"collection":[{"href":"https:\/\/diariodepe.com.br\/cri\/wp-json\/wp\/v2\/posts"}],"about":[{"href":"https:\/\/diariodepe.com.br\/cri\/wp-json\/wp\/v2\/types\/post"}],"author":[{"embeddable":true,"href":"https:\/\/diariodepe.com.br\/cri\/wp-json\/wp\/v2\/users\/5"}],"replies":[{"embeddable":true,"href":"https:\/\/diariodepe.com.br\/cri\/wp-json\/wp\/v2\/comments?post=10197"}],"version-history":[{"count":1,"href":"https:\/\/diariodepe.com.br\/cri\/wp-json\/wp\/v2\/posts\/10197\/revisions"}],"predecessor-version":[{"id":10198,"href":"https:\/\/diariodepe.com.br\/cri\/wp-json\/wp\/v2\/posts\/10197\/revisions\/10198"}],"wp:attachment":[{"href":"https:\/\/diariodepe.com.br\/cri\/wp-json\/wp\/v2\/media?parent=10197"}],"wp:term":[{"taxonomy":"category","embeddable":true,"href":"https:\/\/diariodepe.com.br\/cri\/wp-json\/wp\/v2\/categories?post=10197"},{"taxonomy":"post_tag","embeddable":true,"href":"https:\/\/diariodepe.com.br\/cri\/wp-json\/wp\/v2\/tags?post=10197"}],"curies":[{"name":"wp","href":"https:\/\/api.w.org\/{rel}","templated":true}]}}