{"id":10193,"date":"2025-12-11T04:24:30","date_gmt":"2025-12-11T07:24:30","guid":{"rendered":"https:\/\/diariodepe.com.br\/cri\/?p=10193"},"modified":"2025-12-11T04:24:30","modified_gmt":"2025-12-11T07:24:30","slug":"maioria-de-entrevistados-em-pesquisa-da-cgtn-critica-declaracoes-do-japao-sobre-taiwan","status":"publish","type":"post","link":"https:\/\/diariodepe.com.br\/cri\/2025\/12\/11\/maioria-de-entrevistados-em-pesquisa-da-cgtn-critica-declaracoes-do-japao-sobre-taiwan\/","title":{"rendered":"Maioria de entrevistados em pesquisa da CGTN critica declara\u00e7\u00f5es do Jap\u00e3o sobre Taiwan"},"content":{"rendered":"<p>Em 7 de dezembro de 1941, o Jap\u00e3o atacou Pearl Harbor, e mais de 1.100 marinheiros e fuzileiros navais americanos afundaram junto com o navio militar USS Arizona.<\/p>\n<p>Segundo uma pesquisa realizada pela Rede Global de Televis\u00e3o da China (CGTN, na sigla em ingl\u00eas), 89,9% dos entrevistados acham que a comunidade internacional deve ficar alerta \u00e0 restaura\u00e7\u00e3o do militarismo japon\u00eas e 78,1% deles se preocupam muito com a repeti\u00e7\u00e3o de fatos como Pearl Harbor.<\/p>\n<p>J\u00e1 65,7% dos entrevistados apoiam firmemente que as fam\u00edlias das v\u00edtimas do ataque de 1941 continuem a buscar indeniza\u00e7\u00e3o do Jap\u00e3o.<\/p>\n<p>Al\u00e9m disso, 80,2% dos pesquisados acreditam que as afirma\u00e7\u00f5es provocativas do Jap\u00e3o sobre a quest\u00e3o de Taiwan contrariam a posi\u00e7\u00e3o dos Estados Unidos sobre o assunto.<\/p>\n<p>A pesquisa foi realizada em ingl\u00eas, franc\u00eas, \u00e1rabe e russo. Mais de 10 mil internautas participaram da enquete em per\u00edodo de 24 horas.<\/p>\n","protected":false},"excerpt":{"rendered":"<p>Em 7 de dezembro de 1941, o Jap\u00e3o atacou Pearl Harbor, e mais de 1.100 marinheiros e fuzileiros navais americanos afundaram junto com o navio militar USS Arizona. Segundo uma pesquisa realizada pela Rede Global de Televis\u00e3o da China (CGTN,&#8230;<\/p>\n","protected":false},"author":5,"featured_media":0,"comment_status":"open","ping_status":"open","sticky":false,"template":"","format":"standard","meta":{"footnotes":""},"categories":[8],"tags":[],"class_list":["post-10193","post","type-post","status-publish","format-standard","hentry","category-internacional"],"yoast_head":"<!-- This site is optimized with the Yoast SEO plugin v27.4 - https:\/\/yoast.com\/product\/yoast-seo-wordpress\/ -->\n<title>Maioria de entrevistados em pesquisa da CGTN critica declara\u00e7\u00f5es do Jap\u00e3o sobre Taiwan - CRI e Diario de Pernambuco<\/title>\n<meta name=\"robots\" content=\"index, follow, max-snippet:-1, max-image-preview:large, max-video-preview:-1\" \/>\n<link rel=\"canonical\" href=\"https:\/\/diariodepe.com.br\/cri\/2025\/12\/11\/maioria-de-entrevistados-em-pesquisa-da-cgtn-critica-declaracoes-do-japao-sobre-taiwan\/\" \/>\n<meta property=\"og:locale\" content=\"pt_BR\" \/>\n<meta property=\"og:type\" content=\"article\" \/>\n<meta property=\"og:title\" content=\"Maioria de entrevistados em pesquisa da CGTN critica declara\u00e7\u00f5es do Jap\u00e3o sobre Taiwan - CRI e Diario de Pernambuco\" \/>\n<meta property=\"og:description\" content=\"Em 7 de dezembro de 1941, o Jap\u00e3o atacou Pearl Harbor, e mais de 1.100 marinheiros e fuzileiros navais americanos afundaram junto com o navio militar USS Arizona. Segundo uma pesquisa realizada pela Rede Global de Televis\u00e3o da China (CGTN,...\" \/>\n<meta property=\"og:url\" content=\"https:\/\/diariodepe.com.br\/cri\/2025\/12\/11\/maioria-de-entrevistados-em-pesquisa-da-cgtn-critica-declaracoes-do-japao-sobre-taiwan\/\" \/>\n<meta property=\"og:site_name\" content=\"CRI e Diario de Pernambuco\" \/>\n<meta property=\"article:published_time\" content=\"2025-12-11T07:24:30+00:00\" \/>\n<meta name=\"author\" content=\"CRI Portugu\u00eas\" \/>\n<meta name=\"twitter:card\" content=\"summary_large_image\" \/>\n<meta name=\"twitter:label1\" content=\"Escrito por\" \/>\n\t<meta name=\"twitter:data1\" content=\"CRI Portugu\u00eas\" \/>\n\t<meta name=\"twitter:label2\" content=\"Est. tempo de leitura\" \/>\n\t<meta name=\"twitter:data2\" content=\"1 minuto\" \/>\n<script type=\"application\/ld+json\" class=\"yoast-schema-graph\">{\"@context\":\"https:\\\/\\\/schema.org\",\"@graph\":[{\"@type\":\"Article\",\"@id\":\"https:\\\/\\\/diariodepe.com.br\\\/cri\\\/2025\\\/12\\\/11\\\/maioria-de-entrevistados-em-pesquisa-da-cgtn-critica-declaracoes-do-japao-sobre-taiwan\\\/#article\",\"isPartOf\":{\"@id\":\"https:\\\/\\\/diariodepe.com.br\\\/cri\\\/2025\\\/12\\\/11\\\/maioria-de-entrevistados-em-pesquisa-da-cgtn-critica-declaracoes-do-japao-sobre-taiwan\\\/\"},\"author\":{\"name\":\"CRI Portugu\u00eas\",\"@id\":\"https:\\\/\\\/diariodepe.com.br\\\/cri\\\/#\\\/schema\\\/person\\\/e474aead631cd4098632e11d3fbce118\"},\"headline\":\"Maioria de entrevistados em pesquisa da CGTN critica declara\u00e7\u00f5es do Jap\u00e3o sobre Taiwan\",\"datePublished\":\"2025-12-11T07:24:30+00:00\",\"mainEntityOfPage\":{\"@id\":\"https:\\\/\\\/diariodepe.com.br\\\/cri\\\/2025\\\/12\\\/11\\\/maioria-de-entrevistados-em-pesquisa-da-cgtn-critica-declaracoes-do-japao-sobre-taiwan\\\/\"},\"wordCount\":166,\"commentCount\":0,\"publisher\":{\"@id\":\"https:\\\/\\\/diariodepe.com.br\\\/cri\\\/#organization\"},\"articleSection\":[\"Internacional\"],\"inLanguage\":\"pt-BR\",\"potentialAction\":[{\"@type\":\"CommentAction\",\"name\":\"Comment\",\"target\":[\"https:\\\/\\\/diariodepe.com.br\\\/cri\\\/2025\\\/12\\\/11\\\/maioria-de-entrevistados-em-pesquisa-da-cgtn-critica-declaracoes-do-japao-sobre-taiwan\\\/#respond\"]}]},{\"@type\":\"WebPage\",\"@id\":\"https:\\\/\\\/diariodepe.com.br\\\/cri\\\/2025\\\/12\\\/11\\\/maioria-de-entrevistados-em-pesquisa-da-cgtn-critica-declaracoes-do-japao-sobre-taiwan\\\/\",\"url\":\"https:\\\/\\\/diariodepe.com.br\\\/cri\\\/2025\\\/12\\\/11\\\/maioria-de-entrevistados-em-pesquisa-da-cgtn-critica-declaracoes-do-japao-sobre-taiwan\\\/\",\"name\":\"Maioria de entrevistados em pesquisa da CGTN critica declara\u00e7\u00f5es do Jap\u00e3o sobre Taiwan - CRI e Diario de Pernambuco\",\"isPartOf\":{\"@id\":\"https:\\\/\\\/diariodepe.com.br\\\/cri\\\/#website\"},\"datePublished\":\"2025-12-11T07:24:30+00:00\",\"breadcrumb\":{\"@id\":\"https:\\\/\\\/diariodepe.com.br\\\/cri\\\/2025\\\/12\\\/11\\\/maioria-de-entrevistados-em-pesquisa-da-cgtn-critica-declaracoes-do-japao-sobre-taiwan\\\/#breadcrumb\"},\"inLanguage\":\"pt-BR\",\"potentialAction\":[{\"@type\":\"ReadAction\",\"target\":[\"https:\\\/\\\/diariodepe.com.br\\\/cri\\\/2025\\\/12\\\/11\\\/maioria-de-entrevistados-em-pesquisa-da-cgtn-critica-declaracoes-do-japao-sobre-taiwan\\\/\"]}]},{\"@type\":\"BreadcrumbList\",\"@id\":\"https:\\\/\\\/diariodepe.com.br\\\/cri\\\/2025\\\/12\\\/11\\\/maioria-de-entrevistados-em-pesquisa-da-cgtn-critica-declaracoes-do-japao-sobre-taiwan\\\/#breadcrumb\",\"itemListElement\":[{\"@type\":\"ListItem\",\"position\":1,\"name\":\"In\u00edcio\",\"item\":\"https:\\\/\\\/diariodepe.com.br\\\/cri\\\/\"},{\"@type\":\"ListItem\",\"position\":2,\"name\":\"Maioria de entrevistados em pesquisa da CGTN critica declara\u00e7\u00f5es do Jap\u00e3o sobre Taiwan\"}]},{\"@type\":\"WebSite\",\"@id\":\"https:\\\/\\\/diariodepe.com.br\\\/cri\\\/#website\",\"url\":\"https:\\\/\\\/diariodepe.com.br\\\/cri\\\/\",\"name\":\"CRI e Diario de Pernambuco\",\"description\":\"R\u00e1dio Internacional da China\",\"publisher\":{\"@id\":\"https:\\\/\\\/diariodepe.com.br\\\/cri\\\/#organization\"},\"potentialAction\":[{\"@type\":\"SearchAction\",\"target\":{\"@type\":\"EntryPoint\",\"urlTemplate\":\"https:\\\/\\\/diariodepe.com.br\\\/cri\\\/?s={search_term_string}\"},\"query-input\":{\"@type\":\"PropertyValueSpecification\",\"valueRequired\":true,\"valueName\":\"search_term_string\"}}],\"inLanguage\":\"pt-BR\"},{\"@type\":\"Organization\",\"@id\":\"https:\\\/\\\/diariodepe.com.br\\\/cri\\\/#organization\",\"name\":\"CRI e Diario de Pernambuco\",\"url\":\"https:\\\/\\\/diariodepe.com.br\\\/cri\\\/\",\"logo\":{\"@type\":\"ImageObject\",\"inLanguage\":\"pt-BR\",\"@id\":\"https:\\\/\\\/diariodepe.com.br\\\/cri\\\/#\\\/schema\\\/logo\\\/image\\\/\",\"url\":\"https:\\\/\\\/diariodepe.com.br\\\/cri\\\/wp-content\\\/uploads\\\/sites\\\/2\\\/2022\\\/12\\\/cropped-Logo.jpg\",\"contentUrl\":\"https:\\\/\\\/diariodepe.com.br\\\/cri\\\/wp-content\\\/uploads\\\/sites\\\/2\\\/2022\\\/12\\\/cropped-Logo.jpg\",\"width\":700,\"height\":59,\"caption\":\"CRI e Diario de Pernambuco\"},\"image\":{\"@id\":\"https:\\\/\\\/diariodepe.com.br\\\/cri\\\/#\\\/schema\\\/logo\\\/image\\\/\"}},{\"@type\":\"Person\",\"@id\":\"https:\\\/\\\/diariodepe.com.br\\\/cri\\\/#\\\/schema\\\/person\\\/e474aead631cd4098632e11d3fbce118\",\"name\":\"CRI Portugu\u00eas\",\"image\":{\"@type\":\"ImageObject\",\"inLanguage\":\"pt-BR\",\"@id\":\"https:\\\/\\\/secure.gravatar.com\\\/avatar\\\/e2ac889ef882d4dc53091b610766dce49106cf9fe98c76e06745abb0993b2763?s=96&d=mm&r=g\",\"url\":\"https:\\\/\\\/secure.gravatar.com\\\/avatar\\\/e2ac889ef882d4dc53091b610766dce49106cf9fe98c76e06745abb0993b2763?s=96&d=mm&r=g\",\"contentUrl\":\"https:\\\/\\\/secure.gravatar.com\\\/avatar\\\/e2ac889ef882d4dc53091b610766dce49106cf9fe98c76e06745abb0993b2763?s=96&d=mm&r=g\",\"caption\":\"CRI Portugu\u00eas\"},\"sameAs\":[\"https:\\\/\\\/www.diariodepernambuco.com.br\\\/\"],\"url\":\"https:\\\/\\\/diariodepe.com.br\\\/cri\\\/author\\\/agencia-cri\\\/\"}]}<\/script>\n<!-- \/ Yoast SEO plugin. -->","yoast_head_json":{"title":"Maioria de entrevistados em pesquisa da CGTN critica declara\u00e7\u00f5es do Jap\u00e3o sobre Taiwan - CRI e Diario de Pernambuco","robots":{"index":"index","follow":"follow","max-snippet":"max-snippet:-1","max-image-preview":"max-image-preview:large","max-video-preview":"max-video-preview:-1"},"canonical":"https:\/\/diariodepe.com.br\/cri\/2025\/12\/11\/maioria-de-entrevistados-em-pesquisa-da-cgtn-critica-declaracoes-do-japao-sobre-taiwan\/","og_locale":"pt_BR","og_type":"article","og_title":"Maioria de entrevistados em pesquisa da CGTN critica declara\u00e7\u00f5es do Jap\u00e3o sobre Taiwan - CRI e Diario de Pernambuco","og_description":"Em 7 de dezembro de 1941, o Jap\u00e3o atacou Pearl Harbor, e mais de 1.100 marinheiros e fuzileiros navais americanos afundaram junto com o navio militar USS Arizona. Segundo uma pesquisa realizada pela Rede Global de Televis\u00e3o da China (CGTN,...","og_url":"https:\/\/diariodepe.com.br\/cri\/2025\/12\/11\/maioria-de-entrevistados-em-pesquisa-da-cgtn-critica-declaracoes-do-japao-sobre-taiwan\/","og_site_name":"CRI e Diario de Pernambuco","article_published_time":"2025-12-11T07:24:30+00:00","author":"CRI Portugu\u00eas","twitter_card":"summary_large_image","twitter_misc":{"Escrito por":"CRI Portugu\u00eas","Est. tempo de leitura":"1 minuto"},"schema":{"@context":"https:\/\/schema.org","@graph":[{"@type":"Article","@id":"https:\/\/diariodepe.com.br\/cri\/2025\/12\/11\/maioria-de-entrevistados-em-pesquisa-da-cgtn-critica-declaracoes-do-japao-sobre-taiwan\/#article","isPartOf":{"@id":"https:\/\/diariodepe.com.br\/cri\/2025\/12\/11\/maioria-de-entrevistados-em-pesquisa-da-cgtn-critica-declaracoes-do-japao-sobre-taiwan\/"},"author":{"name":"CRI Portugu\u00eas","@id":"https:\/\/diariodepe.com.br\/cri\/#\/schema\/person\/e474aead631cd4098632e11d3fbce118"},"headline":"Maioria de entrevistados em pesquisa da CGTN critica declara\u00e7\u00f5es do Jap\u00e3o sobre Taiwan","datePublished":"2025-12-11T07:24:30+00:00","mainEntityOfPage":{"@id":"https:\/\/diariodepe.com.br\/cri\/2025\/12\/11\/maioria-de-entrevistados-em-pesquisa-da-cgtn-critica-declaracoes-do-japao-sobre-taiwan\/"},"wordCount":166,"commentCount":0,"publisher":{"@id":"https:\/\/diariodepe.com.br\/cri\/#organization"},"articleSection":["Internacional"],"inLanguage":"pt-BR","potentialAction":[{"@type":"CommentAction","name":"Comment","target":["https:\/\/diariodepe.com.br\/cri\/2025\/12\/11\/maioria-de-entrevistados-em-pesquisa-da-cgtn-critica-declaracoes-do-japao-sobre-taiwan\/#respond"]}]},{"@type":"WebPage","@id":"https:\/\/diariodepe.com.br\/cri\/2025\/12\/11\/maioria-de-entrevistados-em-pesquisa-da-cgtn-critica-declaracoes-do-japao-sobre-taiwan\/","url":"https:\/\/diariodepe.com.br\/cri\/2025\/12\/11\/maioria-de-entrevistados-em-pesquisa-da-cgtn-critica-declaracoes-do-japao-sobre-taiwan\/","name":"Maioria de entrevistados em pesquisa da CGTN critica declara\u00e7\u00f5es do Jap\u00e3o sobre Taiwan - CRI e Diario de Pernambuco","isPartOf":{"@id":"https:\/\/diariodepe.com.br\/cri\/#website"},"datePublished":"2025-12-11T07:24:30+00:00","breadcrumb":{"@id":"https:\/\/diariodepe.com.br\/cri\/2025\/12\/11\/maioria-de-entrevistados-em-pesquisa-da-cgtn-critica-declaracoes-do-japao-sobre-taiwan\/#breadcrumb"},"inLanguage":"pt-BR","potentialAction":[{"@type":"ReadAction","target":["https:\/\/diariodepe.com.br\/cri\/2025\/12\/11\/maioria-de-entrevistados-em-pesquisa-da-cgtn-critica-declaracoes-do-japao-sobre-taiwan\/"]}]},{"@type":"BreadcrumbList","@id":"https:\/\/diariodepe.com.br\/cri\/2025\/12\/11\/maioria-de-entrevistados-em-pesquisa-da-cgtn-critica-declaracoes-do-japao-sobre-taiwan\/#breadcrumb","itemListElement":[{"@type":"ListItem","position":1,"name":"In\u00edcio","item":"https:\/\/diariodepe.com.br\/cri\/"},{"@type":"ListItem","position":2,"name":"Maioria de entrevistados em pesquisa da CGTN critica declara\u00e7\u00f5es do Jap\u00e3o sobre Taiwan"}]},{"@type":"WebSite","@id":"https:\/\/diariodepe.com.br\/cri\/#website","url":"https:\/\/diariodepe.com.br\/cri\/","name":"CRI e Diario de Pernambuco","description":"R\u00e1dio Internacional da China","publisher":{"@id":"https:\/\/diariodepe.com.br\/cri\/#organization"},"potentialAction":[{"@type":"SearchAction","target":{"@type":"EntryPoint","urlTemplate":"https:\/\/diariodepe.com.br\/cri\/?s={search_term_string}"},"query-input":{"@type":"PropertyValueSpecification","valueRequired":true,"valueName":"search_term_string"}}],"inLanguage":"pt-BR"},{"@type":"Organization","@id":"https:\/\/diariodepe.com.br\/cri\/#organization","name":"CRI e Diario de Pernambuco","url":"https:\/\/diariodepe.com.br\/cri\/","logo":{"@type":"ImageObject","inLanguage":"pt-BR","@id":"https:\/\/diariodepe.com.br\/cri\/#\/schema\/logo\/image\/","url":"https:\/\/diariodepe.com.br\/cri\/wp-content\/uploads\/sites\/2\/2022\/12\/cropped-Logo.jpg","contentUrl":"https:\/\/diariodepe.com.br\/cri\/wp-content\/uploads\/sites\/2\/2022\/12\/cropped-Logo.jpg","width":700,"height":59,"caption":"CRI e Diario de Pernambuco"},"image":{"@id":"https:\/\/diariodepe.com.br\/cri\/#\/schema\/logo\/image\/"}},{"@type":"Person","@id":"https:\/\/diariodepe.com.br\/cri\/#\/schema\/person\/e474aead631cd4098632e11d3fbce118","name":"CRI Portugu\u00eas","image":{"@type":"ImageObject","inLanguage":"pt-BR","@id":"https:\/\/secure.gravatar.com\/avatar\/e2ac889ef882d4dc53091b610766dce49106cf9fe98c76e06745abb0993b2763?s=96&d=mm&r=g","url":"https:\/\/secure.gravatar.com\/avatar\/e2ac889ef882d4dc53091b610766dce49106cf9fe98c76e06745abb0993b2763?s=96&d=mm&r=g","contentUrl":"https:\/\/secure.gravatar.com\/avatar\/e2ac889ef882d4dc53091b610766dce49106cf9fe98c76e06745abb0993b2763?s=96&d=mm&r=g","caption":"CRI Portugu\u00eas"},"sameAs":["https:\/\/www.diariodepernambuco.com.br\/"],"url":"https:\/\/diariodepe.com.br\/cri\/author\/agencia-cri\/"}]}},"cc_featured_image_caption":{"caption_text":"","source_text":"","source_url":""},"amp_enabled":true,"_links":{"self":[{"href":"https:\/\/diariodepe.com.br\/cri\/wp-json\/wp\/v2\/posts\/10193","targetHints":{"allow":["GET"]}}],"collection":[{"href":"https:\/\/diariodepe.com.br\/cri\/wp-json\/wp\/v2\/posts"}],"about":[{"href":"https:\/\/diariodepe.com.br\/cri\/wp-json\/wp\/v2\/types\/post"}],"author":[{"embeddable":true,"href":"https:\/\/diariodepe.com.br\/cri\/wp-json\/wp\/v2\/users\/5"}],"replies":[{"embeddable":true,"href":"https:\/\/diariodepe.com.br\/cri\/wp-json\/wp\/v2\/comments?post=10193"}],"version-history":[{"count":1,"href":"https:\/\/diariodepe.com.br\/cri\/wp-json\/wp\/v2\/posts\/10193\/revisions"}],"predecessor-version":[{"id":10194,"href":"https:\/\/diariodepe.com.br\/cri\/wp-json\/wp\/v2\/posts\/10193\/revisions\/10194"}],"wp:attachment":[{"href":"https:\/\/diariodepe.com.br\/cri\/wp-json\/wp\/v2\/media?parent=10193"}],"wp:term":[{"taxonomy":"category","embeddable":true,"href":"https:\/\/diariodepe.com.br\/cri\/wp-json\/wp\/v2\/categories?post=10193"},{"taxonomy":"post_tag","embeddable":true,"href":"https:\/\/diariodepe.com.br\/cri\/wp-json\/wp\/v2\/tags?post=10193"}],"curies":[{"name":"wp","href":"https:\/\/api.w.org\/{rel}","templated":true}]}}