{"id":10163,"date":"2025-12-11T04:17:44","date_gmt":"2025-12-11T07:17:44","guid":{"rendered":"https:\/\/diariodepe.com.br\/cri\/?p=10163"},"modified":"2025-12-11T04:17:44","modified_gmt":"2025-12-11T07:17:44","slug":"xi-jinping-preside-reuniao-para-deliberar-inspecoes-nas-regioes-administrativas-de-nivel-provincial","status":"publish","type":"post","link":"https:\/\/diariodepe.com.br\/cri\/2025\/12\/11\/xi-jinping-preside-reuniao-para-deliberar-inspecoes-nas-regioes-administrativas-de-nivel-provincial\/","title":{"rendered":"Xi Jinping preside reuni\u00e3o para deliberar inspe\u00e7\u00f5es nas regi\u00f5es administrativas de n\u00edvel provincial"},"content":{"rendered":"<p>O secret\u00e1rio-geral do Comit\u00ea Central do Partido Comunista da China (PCCh), Xi Jinping, presidiu nesta sexta-feira (28) uma reuni\u00e3o do Bir\u00f4 Pol\u00edtico do Comit\u00ea Central para deliberar o Relat\u00f3rio sobre as Inspe\u00e7\u00f5es do 20\u00ba Comit\u00ea Central\u00a0nas\u00a0prov\u00edncias,\u00a0regi\u00f5es\u00a0aut\u00f4nomas e\u00a0munic\u00edpios\u00a0centrais.<\/p>\n<p>Segundo a reuni\u00e3o, o Comit\u00ea Central do Partido,\u00a0com\u00a0o camarada Xi Jinping como n\u00facleo,\u00a0atribui\u00a0grande import\u00e2ncia ao trabalho de inspe\u00e7\u00e3o,\u00a0e as seis rodadas\u00a0j\u00e1 realizadas\u00a0cobriram todas as regi\u00f5es administrativas de n\u00edvel provincial.<\/p>\n<p>Durante o encontro, foi ressaltado que, al\u00e9m de\u00a0aprimorar\u00a0o mecanismo de avalia\u00e7\u00e3o de quadros e\u00a0fortalecer o combate \u00e0\u00a0corrup\u00e7\u00e3o, o trabalho de inspe\u00e7\u00e3o deve\u00a0estar alinhado ao\u00a0esp\u00edrito da 4\u00aa Sess\u00e3o Plen\u00e1ria do 20\u00ba Comit\u00ea Central do PCCh e\u00a0ao\u00a015\u00ba Plano Quinquenal sobre o desenvolvimento socioecon\u00f4mico.<\/p>\n","protected":false},"excerpt":{"rendered":"<p>O secret\u00e1rio-geral do Comit\u00ea Central do Partido Comunista da China (PCCh), Xi Jinping, presidiu nesta sexta-feira (28) uma reuni\u00e3o do Bir\u00f4 Pol\u00edtico do Comit\u00ea Central para deliberar o Relat\u00f3rio sobre as Inspe\u00e7\u00f5es do 20\u00ba Comit\u00ea Central\u00a0nas\u00a0prov\u00edncias,\u00a0regi\u00f5es\u00a0aut\u00f4nomas e\u00a0munic\u00edpios\u00a0centrais. Segundo a reuni\u00e3o,&#8230;<\/p>\n","protected":false},"author":5,"featured_media":0,"comment_status":"open","ping_status":"open","sticky":false,"template":"","format":"standard","meta":{"footnotes":""},"categories":[3],"tags":[],"class_list":["post-10163","post","type-post","status-publish","format-standard","hentry","category-china"],"yoast_head":"<!-- This site is optimized with the Yoast SEO plugin v27.4 - https:\/\/yoast.com\/product\/yoast-seo-wordpress\/ -->\n<title>Xi Jinping preside reuni\u00e3o para deliberar inspe\u00e7\u00f5es nas regi\u00f5es administrativas de n\u00edvel provincial - CRI e Diario de Pernambuco<\/title>\n<meta name=\"robots\" content=\"index, follow, max-snippet:-1, max-image-preview:large, max-video-preview:-1\" \/>\n<link rel=\"canonical\" href=\"https:\/\/diariodepe.com.br\/cri\/2025\/12\/11\/xi-jinping-preside-reuniao-para-deliberar-inspecoes-nas-regioes-administrativas-de-nivel-provincial\/\" \/>\n<meta property=\"og:locale\" content=\"pt_BR\" \/>\n<meta property=\"og:type\" content=\"article\" \/>\n<meta property=\"og:title\" content=\"Xi Jinping preside reuni\u00e3o para deliberar inspe\u00e7\u00f5es nas regi\u00f5es administrativas de n\u00edvel provincial - CRI e Diario de Pernambuco\" \/>\n<meta property=\"og:description\" content=\"O secret\u00e1rio-geral do Comit\u00ea Central do Partido Comunista da China (PCCh), Xi Jinping, presidiu nesta sexta-feira (28) uma reuni\u00e3o do Bir\u00f4 Pol\u00edtico do Comit\u00ea Central para deliberar o Relat\u00f3rio sobre as Inspe\u00e7\u00f5es do 20\u00ba Comit\u00ea Central\u00a0nas\u00a0prov\u00edncias,\u00a0regi\u00f5es\u00a0aut\u00f4nomas e\u00a0munic\u00edpios\u00a0centrais. Segundo a reuni\u00e3o,...\" \/>\n<meta property=\"og:url\" content=\"https:\/\/diariodepe.com.br\/cri\/2025\/12\/11\/xi-jinping-preside-reuniao-para-deliberar-inspecoes-nas-regioes-administrativas-de-nivel-provincial\/\" \/>\n<meta property=\"og:site_name\" content=\"CRI e Diario de Pernambuco\" \/>\n<meta property=\"article:published_time\" content=\"2025-12-11T07:17:44+00:00\" \/>\n<meta name=\"author\" content=\"CRI Portugu\u00eas\" \/>\n<meta name=\"twitter:card\" content=\"summary_large_image\" \/>\n<meta name=\"twitter:label1\" content=\"Escrito por\" \/>\n\t<meta name=\"twitter:data1\" content=\"CRI Portugu\u00eas\" \/>\n<script type=\"application\/ld+json\" class=\"yoast-schema-graph\">{\"@context\":\"https:\\\/\\\/schema.org\",\"@graph\":[{\"@type\":\"Article\",\"@id\":\"https:\\\/\\\/diariodepe.com.br\\\/cri\\\/2025\\\/12\\\/11\\\/xi-jinping-preside-reuniao-para-deliberar-inspecoes-nas-regioes-administrativas-de-nivel-provincial\\\/#article\",\"isPartOf\":{\"@id\":\"https:\\\/\\\/diariodepe.com.br\\\/cri\\\/2025\\\/12\\\/11\\\/xi-jinping-preside-reuniao-para-deliberar-inspecoes-nas-regioes-administrativas-de-nivel-provincial\\\/\"},\"author\":{\"name\":\"CRI Portugu\u00eas\",\"@id\":\"https:\\\/\\\/diariodepe.com.br\\\/cri\\\/#\\\/schema\\\/person\\\/e474aead631cd4098632e11d3fbce118\"},\"headline\":\"Xi Jinping preside reuni\u00e3o para deliberar inspe\u00e7\u00f5es nas regi\u00f5es administrativas de n\u00edvel provincial\",\"datePublished\":\"2025-12-11T07:17:44+00:00\",\"mainEntityOfPage\":{\"@id\":\"https:\\\/\\\/diariodepe.com.br\\\/cri\\\/2025\\\/12\\\/11\\\/xi-jinping-preside-reuniao-para-deliberar-inspecoes-nas-regioes-administrativas-de-nivel-provincial\\\/\"},\"wordCount\":162,\"commentCount\":0,\"publisher\":{\"@id\":\"https:\\\/\\\/diariodepe.com.br\\\/cri\\\/#organization\"},\"articleSection\":[\"China\"],\"inLanguage\":\"pt-BR\",\"potentialAction\":[{\"@type\":\"CommentAction\",\"name\":\"Comment\",\"target\":[\"https:\\\/\\\/diariodepe.com.br\\\/cri\\\/2025\\\/12\\\/11\\\/xi-jinping-preside-reuniao-para-deliberar-inspecoes-nas-regioes-administrativas-de-nivel-provincial\\\/#respond\"]}]},{\"@type\":\"WebPage\",\"@id\":\"https:\\\/\\\/diariodepe.com.br\\\/cri\\\/2025\\\/12\\\/11\\\/xi-jinping-preside-reuniao-para-deliberar-inspecoes-nas-regioes-administrativas-de-nivel-provincial\\\/\",\"url\":\"https:\\\/\\\/diariodepe.com.br\\\/cri\\\/2025\\\/12\\\/11\\\/xi-jinping-preside-reuniao-para-deliberar-inspecoes-nas-regioes-administrativas-de-nivel-provincial\\\/\",\"name\":\"Xi Jinping preside reuni\u00e3o para deliberar inspe\u00e7\u00f5es nas regi\u00f5es administrativas de n\u00edvel provincial - CRI e Diario de Pernambuco\",\"isPartOf\":{\"@id\":\"https:\\\/\\\/diariodepe.com.br\\\/cri\\\/#website\"},\"datePublished\":\"2025-12-11T07:17:44+00:00\",\"breadcrumb\":{\"@id\":\"https:\\\/\\\/diariodepe.com.br\\\/cri\\\/2025\\\/12\\\/11\\\/xi-jinping-preside-reuniao-para-deliberar-inspecoes-nas-regioes-administrativas-de-nivel-provincial\\\/#breadcrumb\"},\"inLanguage\":\"pt-BR\",\"potentialAction\":[{\"@type\":\"ReadAction\",\"target\":[\"https:\\\/\\\/diariodepe.com.br\\\/cri\\\/2025\\\/12\\\/11\\\/xi-jinping-preside-reuniao-para-deliberar-inspecoes-nas-regioes-administrativas-de-nivel-provincial\\\/\"]}]},{\"@type\":\"BreadcrumbList\",\"@id\":\"https:\\\/\\\/diariodepe.com.br\\\/cri\\\/2025\\\/12\\\/11\\\/xi-jinping-preside-reuniao-para-deliberar-inspecoes-nas-regioes-administrativas-de-nivel-provincial\\\/#breadcrumb\",\"itemListElement\":[{\"@type\":\"ListItem\",\"position\":1,\"name\":\"In\u00edcio\",\"item\":\"https:\\\/\\\/diariodepe.com.br\\\/cri\\\/\"},{\"@type\":\"ListItem\",\"position\":2,\"name\":\"Xi Jinping preside reuni\u00e3o para deliberar inspe\u00e7\u00f5es nas regi\u00f5es administrativas de n\u00edvel provincial\"}]},{\"@type\":\"WebSite\",\"@id\":\"https:\\\/\\\/diariodepe.com.br\\\/cri\\\/#website\",\"url\":\"https:\\\/\\\/diariodepe.com.br\\\/cri\\\/\",\"name\":\"CRI e Diario de Pernambuco\",\"description\":\"R\u00e1dio Internacional da China\",\"publisher\":{\"@id\":\"https:\\\/\\\/diariodepe.com.br\\\/cri\\\/#organization\"},\"potentialAction\":[{\"@type\":\"SearchAction\",\"target\":{\"@type\":\"EntryPoint\",\"urlTemplate\":\"https:\\\/\\\/diariodepe.com.br\\\/cri\\\/?s={search_term_string}\"},\"query-input\":{\"@type\":\"PropertyValueSpecification\",\"valueRequired\":true,\"valueName\":\"search_term_string\"}}],\"inLanguage\":\"pt-BR\"},{\"@type\":\"Organization\",\"@id\":\"https:\\\/\\\/diariodepe.com.br\\\/cri\\\/#organization\",\"name\":\"CRI e Diario de Pernambuco\",\"url\":\"https:\\\/\\\/diariodepe.com.br\\\/cri\\\/\",\"logo\":{\"@type\":\"ImageObject\",\"inLanguage\":\"pt-BR\",\"@id\":\"https:\\\/\\\/diariodepe.com.br\\\/cri\\\/#\\\/schema\\\/logo\\\/image\\\/\",\"url\":\"https:\\\/\\\/diariodepe.com.br\\\/cri\\\/wp-content\\\/uploads\\\/sites\\\/2\\\/2022\\\/12\\\/cropped-Logo.jpg\",\"contentUrl\":\"https:\\\/\\\/diariodepe.com.br\\\/cri\\\/wp-content\\\/uploads\\\/sites\\\/2\\\/2022\\\/12\\\/cropped-Logo.jpg\",\"width\":700,\"height\":59,\"caption\":\"CRI e Diario de Pernambuco\"},\"image\":{\"@id\":\"https:\\\/\\\/diariodepe.com.br\\\/cri\\\/#\\\/schema\\\/logo\\\/image\\\/\"}},{\"@type\":\"Person\",\"@id\":\"https:\\\/\\\/diariodepe.com.br\\\/cri\\\/#\\\/schema\\\/person\\\/e474aead631cd4098632e11d3fbce118\",\"name\":\"CRI Portugu\u00eas\",\"image\":{\"@type\":\"ImageObject\",\"inLanguage\":\"pt-BR\",\"@id\":\"https:\\\/\\\/secure.gravatar.com\\\/avatar\\\/e2ac889ef882d4dc53091b610766dce49106cf9fe98c76e06745abb0993b2763?s=96&d=mm&r=g\",\"url\":\"https:\\\/\\\/secure.gravatar.com\\\/avatar\\\/e2ac889ef882d4dc53091b610766dce49106cf9fe98c76e06745abb0993b2763?s=96&d=mm&r=g\",\"contentUrl\":\"https:\\\/\\\/secure.gravatar.com\\\/avatar\\\/e2ac889ef882d4dc53091b610766dce49106cf9fe98c76e06745abb0993b2763?s=96&d=mm&r=g\",\"caption\":\"CRI Portugu\u00eas\"},\"sameAs\":[\"https:\\\/\\\/www.diariodepernambuco.com.br\\\/\"],\"url\":\"https:\\\/\\\/diariodepe.com.br\\\/cri\\\/author\\\/agencia-cri\\\/\"}]}<\/script>\n<!-- \/ Yoast SEO plugin. -->","yoast_head_json":{"title":"Xi Jinping preside reuni\u00e3o para deliberar inspe\u00e7\u00f5es nas regi\u00f5es administrativas de n\u00edvel provincial - CRI e Diario de Pernambuco","robots":{"index":"index","follow":"follow","max-snippet":"max-snippet:-1","max-image-preview":"max-image-preview:large","max-video-preview":"max-video-preview:-1"},"canonical":"https:\/\/diariodepe.com.br\/cri\/2025\/12\/11\/xi-jinping-preside-reuniao-para-deliberar-inspecoes-nas-regioes-administrativas-de-nivel-provincial\/","og_locale":"pt_BR","og_type":"article","og_title":"Xi Jinping preside reuni\u00e3o para deliberar inspe\u00e7\u00f5es nas regi\u00f5es administrativas de n\u00edvel provincial - CRI e Diario de Pernambuco","og_description":"O secret\u00e1rio-geral do Comit\u00ea Central do Partido Comunista da China (PCCh), Xi Jinping, presidiu nesta sexta-feira (28) uma reuni\u00e3o do Bir\u00f4 Pol\u00edtico do Comit\u00ea Central para deliberar o Relat\u00f3rio sobre as Inspe\u00e7\u00f5es do 20\u00ba Comit\u00ea Central\u00a0nas\u00a0prov\u00edncias,\u00a0regi\u00f5es\u00a0aut\u00f4nomas e\u00a0munic\u00edpios\u00a0centrais. Segundo a reuni\u00e3o,...","og_url":"https:\/\/diariodepe.com.br\/cri\/2025\/12\/11\/xi-jinping-preside-reuniao-para-deliberar-inspecoes-nas-regioes-administrativas-de-nivel-provincial\/","og_site_name":"CRI e Diario de Pernambuco","article_published_time":"2025-12-11T07:17:44+00:00","author":"CRI Portugu\u00eas","twitter_card":"summary_large_image","twitter_misc":{"Escrito por":"CRI Portugu\u00eas"},"schema":{"@context":"https:\/\/schema.org","@graph":[{"@type":"Article","@id":"https:\/\/diariodepe.com.br\/cri\/2025\/12\/11\/xi-jinping-preside-reuniao-para-deliberar-inspecoes-nas-regioes-administrativas-de-nivel-provincial\/#article","isPartOf":{"@id":"https:\/\/diariodepe.com.br\/cri\/2025\/12\/11\/xi-jinping-preside-reuniao-para-deliberar-inspecoes-nas-regioes-administrativas-de-nivel-provincial\/"},"author":{"name":"CRI Portugu\u00eas","@id":"https:\/\/diariodepe.com.br\/cri\/#\/schema\/person\/e474aead631cd4098632e11d3fbce118"},"headline":"Xi Jinping preside reuni\u00e3o para deliberar inspe\u00e7\u00f5es nas regi\u00f5es administrativas de n\u00edvel provincial","datePublished":"2025-12-11T07:17:44+00:00","mainEntityOfPage":{"@id":"https:\/\/diariodepe.com.br\/cri\/2025\/12\/11\/xi-jinping-preside-reuniao-para-deliberar-inspecoes-nas-regioes-administrativas-de-nivel-provincial\/"},"wordCount":162,"commentCount":0,"publisher":{"@id":"https:\/\/diariodepe.com.br\/cri\/#organization"},"articleSection":["China"],"inLanguage":"pt-BR","potentialAction":[{"@type":"CommentAction","name":"Comment","target":["https:\/\/diariodepe.com.br\/cri\/2025\/12\/11\/xi-jinping-preside-reuniao-para-deliberar-inspecoes-nas-regioes-administrativas-de-nivel-provincial\/#respond"]}]},{"@type":"WebPage","@id":"https:\/\/diariodepe.com.br\/cri\/2025\/12\/11\/xi-jinping-preside-reuniao-para-deliberar-inspecoes-nas-regioes-administrativas-de-nivel-provincial\/","url":"https:\/\/diariodepe.com.br\/cri\/2025\/12\/11\/xi-jinping-preside-reuniao-para-deliberar-inspecoes-nas-regioes-administrativas-de-nivel-provincial\/","name":"Xi Jinping preside reuni\u00e3o para deliberar inspe\u00e7\u00f5es nas regi\u00f5es administrativas de n\u00edvel provincial - CRI e Diario de Pernambuco","isPartOf":{"@id":"https:\/\/diariodepe.com.br\/cri\/#website"},"datePublished":"2025-12-11T07:17:44+00:00","breadcrumb":{"@id":"https:\/\/diariodepe.com.br\/cri\/2025\/12\/11\/xi-jinping-preside-reuniao-para-deliberar-inspecoes-nas-regioes-administrativas-de-nivel-provincial\/#breadcrumb"},"inLanguage":"pt-BR","potentialAction":[{"@type":"ReadAction","target":["https:\/\/diariodepe.com.br\/cri\/2025\/12\/11\/xi-jinping-preside-reuniao-para-deliberar-inspecoes-nas-regioes-administrativas-de-nivel-provincial\/"]}]},{"@type":"BreadcrumbList","@id":"https:\/\/diariodepe.com.br\/cri\/2025\/12\/11\/xi-jinping-preside-reuniao-para-deliberar-inspecoes-nas-regioes-administrativas-de-nivel-provincial\/#breadcrumb","itemListElement":[{"@type":"ListItem","position":1,"name":"In\u00edcio","item":"https:\/\/diariodepe.com.br\/cri\/"},{"@type":"ListItem","position":2,"name":"Xi Jinping preside reuni\u00e3o para deliberar inspe\u00e7\u00f5es nas regi\u00f5es administrativas de n\u00edvel provincial"}]},{"@type":"WebSite","@id":"https:\/\/diariodepe.com.br\/cri\/#website","url":"https:\/\/diariodepe.com.br\/cri\/","name":"CRI e Diario de Pernambuco","description":"R\u00e1dio Internacional da China","publisher":{"@id":"https:\/\/diariodepe.com.br\/cri\/#organization"},"potentialAction":[{"@type":"SearchAction","target":{"@type":"EntryPoint","urlTemplate":"https:\/\/diariodepe.com.br\/cri\/?s={search_term_string}"},"query-input":{"@type":"PropertyValueSpecification","valueRequired":true,"valueName":"search_term_string"}}],"inLanguage":"pt-BR"},{"@type":"Organization","@id":"https:\/\/diariodepe.com.br\/cri\/#organization","name":"CRI e Diario de Pernambuco","url":"https:\/\/diariodepe.com.br\/cri\/","logo":{"@type":"ImageObject","inLanguage":"pt-BR","@id":"https:\/\/diariodepe.com.br\/cri\/#\/schema\/logo\/image\/","url":"https:\/\/diariodepe.com.br\/cri\/wp-content\/uploads\/sites\/2\/2022\/12\/cropped-Logo.jpg","contentUrl":"https:\/\/diariodepe.com.br\/cri\/wp-content\/uploads\/sites\/2\/2022\/12\/cropped-Logo.jpg","width":700,"height":59,"caption":"CRI e Diario de Pernambuco"},"image":{"@id":"https:\/\/diariodepe.com.br\/cri\/#\/schema\/logo\/image\/"}},{"@type":"Person","@id":"https:\/\/diariodepe.com.br\/cri\/#\/schema\/person\/e474aead631cd4098632e11d3fbce118","name":"CRI Portugu\u00eas","image":{"@type":"ImageObject","inLanguage":"pt-BR","@id":"https:\/\/secure.gravatar.com\/avatar\/e2ac889ef882d4dc53091b610766dce49106cf9fe98c76e06745abb0993b2763?s=96&d=mm&r=g","url":"https:\/\/secure.gravatar.com\/avatar\/e2ac889ef882d4dc53091b610766dce49106cf9fe98c76e06745abb0993b2763?s=96&d=mm&r=g","contentUrl":"https:\/\/secure.gravatar.com\/avatar\/e2ac889ef882d4dc53091b610766dce49106cf9fe98c76e06745abb0993b2763?s=96&d=mm&r=g","caption":"CRI Portugu\u00eas"},"sameAs":["https:\/\/www.diariodepernambuco.com.br\/"],"url":"https:\/\/diariodepe.com.br\/cri\/author\/agencia-cri\/"}]}},"cc_featured_image_caption":{"caption_text":"","source_text":"","source_url":""},"amp_enabled":true,"_links":{"self":[{"href":"https:\/\/diariodepe.com.br\/cri\/wp-json\/wp\/v2\/posts\/10163","targetHints":{"allow":["GET"]}}],"collection":[{"href":"https:\/\/diariodepe.com.br\/cri\/wp-json\/wp\/v2\/posts"}],"about":[{"href":"https:\/\/diariodepe.com.br\/cri\/wp-json\/wp\/v2\/types\/post"}],"author":[{"embeddable":true,"href":"https:\/\/diariodepe.com.br\/cri\/wp-json\/wp\/v2\/users\/5"}],"replies":[{"embeddable":true,"href":"https:\/\/diariodepe.com.br\/cri\/wp-json\/wp\/v2\/comments?post=10163"}],"version-history":[{"count":1,"href":"https:\/\/diariodepe.com.br\/cri\/wp-json\/wp\/v2\/posts\/10163\/revisions"}],"predecessor-version":[{"id":10164,"href":"https:\/\/diariodepe.com.br\/cri\/wp-json\/wp\/v2\/posts\/10163\/revisions\/10164"}],"wp:attachment":[{"href":"https:\/\/diariodepe.com.br\/cri\/wp-json\/wp\/v2\/media?parent=10163"}],"wp:term":[{"taxonomy":"category","embeddable":true,"href":"https:\/\/diariodepe.com.br\/cri\/wp-json\/wp\/v2\/categories?post=10163"},{"taxonomy":"post_tag","embeddable":true,"href":"https:\/\/diariodepe.com.br\/cri\/wp-json\/wp\/v2\/tags?post=10163"}],"curies":[{"name":"wp","href":"https:\/\/api.w.org\/{rel}","templated":true}]}}