{"id":10149,"date":"2025-12-11T04:14:35","date_gmt":"2025-12-11T07:14:35","guid":{"rendered":"https:\/\/diariodepe.com.br\/cri\/?p=10149"},"modified":"2025-12-11T04:14:35","modified_gmt":"2025-12-11T07:14:35","slug":"xi-jinping-e-donald-trump-conversam-por-telefone-2","status":"publish","type":"post","link":"https:\/\/diariodepe.com.br\/cri\/2025\/12\/11\/xi-jinping-e-donald-trump-conversam-por-telefone-2\/","title":{"rendered":"Xi Jinping e Donald Trump conversam por telefone"},"content":{"rendered":"<p>O presidente chin\u00eas, Xi Jinping, teve uma conversa telef\u00f4nica com o presidente dos Estados Unidos, Donald Trump, na noite desta segunda-feira (24).<\/p>\n<p>O l\u00edder chin\u00eas destacou uma reuni\u00e3o bem-sucedida em Busan, na Coreia do Sul, ocorrida ano passado, durante a qual alcan\u00e7aram v\u00e1rios consensos importantes, pois ajustou o rumo das negocia\u00e7\u00f5es e injetou novo impulso no grande navio das rela\u00e7\u00f5es China-EUA, al\u00e9m de transmitir uma mensagem positiva ao mundo. Desde a referida \u00a0reuni\u00e3o, os la\u00e7os bilaterais t\u00eam se mantido est\u00e1veis, recebendo ampla aceita\u00e7\u00e3o tanto pelos dois pa\u00edses quanto pela comunidade internacional. Os fatos demonstram repetidamente que \u201cChina e EUA ganham com a coopera\u00e7\u00e3o e perdem com o confronto\u201d. \u201cAmbas as partes devem manter esse \u00edmpeto, seguir na dire\u00e7\u00e3o correta e adotar uma postura de igualdade, respeito e reciprocidade, ampliando a lista de coopera\u00e7\u00e3o e reduzindo a lista de problemas na busca de mais avan\u00e7os positivos para assim poderem abrir novos espa\u00e7os de colabora\u00e7\u00e3o e beneficiar melhor os povos dos dois pa\u00edses e do mundo\u201d, disse Xi Jinping.<\/p>\n<p>Ele explicou a posi\u00e7\u00e3o e os princ\u00edpios da China sobre a quest\u00e3o de Taiwan, enfatizando que o retorno de Taiwan \u00e0 China constitui parte importante da ordem internacional do p\u00f3s-guerra. Xi Jinping lembrou que China e EUA j\u00e1 lutaram lado a lado contra o fascismo e o militarismo, e que atualmente ambos devem, com uma raz\u00e3o ainda maior, proteger juntos os frutos da vit\u00f3ria da Segunda Guerra Mundial.<\/p>\n<p>Por sua vez, Donald Trump afirmou que o presidente Xi Jinping \u00e9 um grande l\u00edder. Disse ter tido uma reuni\u00e3o muito agrad\u00e1vel com ele em Busan e concordou com sua vis\u00e3o sobre as rela\u00e7\u00f5es bilaterais de maneira plena. Trump afirmou que ambas as partes est\u00e3o implementando de forma abrangente os importantes consensos alcan\u00e7ados no encontro de Busan. Trump tamb\u00e9m reconheceu o papel importante da China na vit\u00f3ria da Segunda Guerra Mundial e declarou que os EUA compreendem a import\u00e2ncia da quest\u00e3o de Taiwan para a China.<\/p>\n<p>Os dois chefes de Estado tamb\u00e9m abordaram a crise da Ucr\u00e2nia. Xi Jinping destacou que a China apoia todos os esfor\u00e7os voltados para a paz, esperando que as partes envolvidas reduzam continuamente as diverg\u00eancias e alcancem um acordo de paz justo, duradouro e vinculativo o mais cedo poss\u00edvel, e que desta forma, sejam capaz de resolver a crise na ra\u00edz.<\/p>\n","protected":false},"excerpt":{"rendered":"<p>O presidente chin\u00eas, Xi Jinping, teve uma conversa telef\u00f4nica com o presidente dos Estados Unidos, Donald Trump, na noite desta segunda-feira (24). O l\u00edder chin\u00eas destacou uma reuni\u00e3o bem-sucedida em Busan, na Coreia do Sul, ocorrida ano passado, durante a&#8230;<\/p>\n","protected":false},"author":5,"featured_media":0,"comment_status":"open","ping_status":"open","sticky":false,"template":"","format":"standard","meta":{"footnotes":""},"categories":[8],"tags":[],"class_list":["post-10149","post","type-post","status-publish","format-standard","hentry","category-internacional"],"yoast_head":"<!-- This site is optimized with the Yoast SEO plugin v27.4 - https:\/\/yoast.com\/product\/yoast-seo-wordpress\/ -->\n<title>Xi Jinping e Donald Trump conversam por telefone - CRI e Diario de Pernambuco<\/title>\n<meta name=\"robots\" content=\"index, follow, max-snippet:-1, max-image-preview:large, max-video-preview:-1\" \/>\n<link rel=\"canonical\" href=\"https:\/\/diariodepe.com.br\/cri\/2025\/12\/11\/xi-jinping-e-donald-trump-conversam-por-telefone-2\/\" \/>\n<meta property=\"og:locale\" content=\"pt_BR\" \/>\n<meta property=\"og:type\" content=\"article\" \/>\n<meta property=\"og:title\" content=\"Xi Jinping e Donald Trump conversam por telefone - CRI e Diario de Pernambuco\" \/>\n<meta property=\"og:description\" content=\"O presidente chin\u00eas, Xi Jinping, teve uma conversa telef\u00f4nica com o presidente dos Estados Unidos, Donald Trump, na noite desta segunda-feira (24). O l\u00edder chin\u00eas destacou uma reuni\u00e3o bem-sucedida em Busan, na Coreia do Sul, ocorrida ano passado, durante a...\" \/>\n<meta property=\"og:url\" content=\"https:\/\/diariodepe.com.br\/cri\/2025\/12\/11\/xi-jinping-e-donald-trump-conversam-por-telefone-2\/\" \/>\n<meta property=\"og:site_name\" content=\"CRI e Diario de Pernambuco\" \/>\n<meta property=\"article:published_time\" content=\"2025-12-11T07:14:35+00:00\" \/>\n<meta name=\"author\" content=\"CRI Portugu\u00eas\" \/>\n<meta name=\"twitter:card\" content=\"summary_large_image\" \/>\n<meta name=\"twitter:label1\" content=\"Escrito por\" \/>\n\t<meta name=\"twitter:data1\" content=\"CRI Portugu\u00eas\" \/>\n\t<meta name=\"twitter:label2\" content=\"Est. tempo de leitura\" \/>\n\t<meta name=\"twitter:data2\" content=\"3 minutos\" \/>\n<script type=\"application\/ld+json\" class=\"yoast-schema-graph\">{\"@context\":\"https:\\\/\\\/schema.org\",\"@graph\":[{\"@type\":\"Article\",\"@id\":\"https:\\\/\\\/diariodepe.com.br\\\/cri\\\/2025\\\/12\\\/11\\\/xi-jinping-e-donald-trump-conversam-por-telefone-2\\\/#article\",\"isPartOf\":{\"@id\":\"https:\\\/\\\/diariodepe.com.br\\\/cri\\\/2025\\\/12\\\/11\\\/xi-jinping-e-donald-trump-conversam-por-telefone-2\\\/\"},\"author\":{\"name\":\"CRI Portugu\u00eas\",\"@id\":\"https:\\\/\\\/diariodepe.com.br\\\/cri\\\/#\\\/schema\\\/person\\\/e474aead631cd4098632e11d3fbce118\"},\"headline\":\"Xi Jinping e Donald Trump conversam por telefone\",\"datePublished\":\"2025-12-11T07:14:35+00:00\",\"mainEntityOfPage\":{\"@id\":\"https:\\\/\\\/diariodepe.com.br\\\/cri\\\/2025\\\/12\\\/11\\\/xi-jinping-e-donald-trump-conversam-por-telefone-2\\\/\"},\"wordCount\":432,\"commentCount\":0,\"publisher\":{\"@id\":\"https:\\\/\\\/diariodepe.com.br\\\/cri\\\/#organization\"},\"articleSection\":[\"Internacional\"],\"inLanguage\":\"pt-BR\",\"potentialAction\":[{\"@type\":\"CommentAction\",\"name\":\"Comment\",\"target\":[\"https:\\\/\\\/diariodepe.com.br\\\/cri\\\/2025\\\/12\\\/11\\\/xi-jinping-e-donald-trump-conversam-por-telefone-2\\\/#respond\"]}]},{\"@type\":\"WebPage\",\"@id\":\"https:\\\/\\\/diariodepe.com.br\\\/cri\\\/2025\\\/12\\\/11\\\/xi-jinping-e-donald-trump-conversam-por-telefone-2\\\/\",\"url\":\"https:\\\/\\\/diariodepe.com.br\\\/cri\\\/2025\\\/12\\\/11\\\/xi-jinping-e-donald-trump-conversam-por-telefone-2\\\/\",\"name\":\"Xi Jinping e Donald Trump conversam por telefone - CRI e Diario de Pernambuco\",\"isPartOf\":{\"@id\":\"https:\\\/\\\/diariodepe.com.br\\\/cri\\\/#website\"},\"datePublished\":\"2025-12-11T07:14:35+00:00\",\"breadcrumb\":{\"@id\":\"https:\\\/\\\/diariodepe.com.br\\\/cri\\\/2025\\\/12\\\/11\\\/xi-jinping-e-donald-trump-conversam-por-telefone-2\\\/#breadcrumb\"},\"inLanguage\":\"pt-BR\",\"potentialAction\":[{\"@type\":\"ReadAction\",\"target\":[\"https:\\\/\\\/diariodepe.com.br\\\/cri\\\/2025\\\/12\\\/11\\\/xi-jinping-e-donald-trump-conversam-por-telefone-2\\\/\"]}]},{\"@type\":\"BreadcrumbList\",\"@id\":\"https:\\\/\\\/diariodepe.com.br\\\/cri\\\/2025\\\/12\\\/11\\\/xi-jinping-e-donald-trump-conversam-por-telefone-2\\\/#breadcrumb\",\"itemListElement\":[{\"@type\":\"ListItem\",\"position\":1,\"name\":\"In\u00edcio\",\"item\":\"https:\\\/\\\/diariodepe.com.br\\\/cri\\\/\"},{\"@type\":\"ListItem\",\"position\":2,\"name\":\"Xi Jinping e Donald Trump conversam por telefone\"}]},{\"@type\":\"WebSite\",\"@id\":\"https:\\\/\\\/diariodepe.com.br\\\/cri\\\/#website\",\"url\":\"https:\\\/\\\/diariodepe.com.br\\\/cri\\\/\",\"name\":\"CRI e Diario de Pernambuco\",\"description\":\"R\u00e1dio Internacional da China\",\"publisher\":{\"@id\":\"https:\\\/\\\/diariodepe.com.br\\\/cri\\\/#organization\"},\"potentialAction\":[{\"@type\":\"SearchAction\",\"target\":{\"@type\":\"EntryPoint\",\"urlTemplate\":\"https:\\\/\\\/diariodepe.com.br\\\/cri\\\/?s={search_term_string}\"},\"query-input\":{\"@type\":\"PropertyValueSpecification\",\"valueRequired\":true,\"valueName\":\"search_term_string\"}}],\"inLanguage\":\"pt-BR\"},{\"@type\":\"Organization\",\"@id\":\"https:\\\/\\\/diariodepe.com.br\\\/cri\\\/#organization\",\"name\":\"CRI e Diario de Pernambuco\",\"url\":\"https:\\\/\\\/diariodepe.com.br\\\/cri\\\/\",\"logo\":{\"@type\":\"ImageObject\",\"inLanguage\":\"pt-BR\",\"@id\":\"https:\\\/\\\/diariodepe.com.br\\\/cri\\\/#\\\/schema\\\/logo\\\/image\\\/\",\"url\":\"https:\\\/\\\/diariodepe.com.br\\\/cri\\\/wp-content\\\/uploads\\\/sites\\\/2\\\/2022\\\/12\\\/cropped-Logo.jpg\",\"contentUrl\":\"https:\\\/\\\/diariodepe.com.br\\\/cri\\\/wp-content\\\/uploads\\\/sites\\\/2\\\/2022\\\/12\\\/cropped-Logo.jpg\",\"width\":700,\"height\":59,\"caption\":\"CRI e Diario de Pernambuco\"},\"image\":{\"@id\":\"https:\\\/\\\/diariodepe.com.br\\\/cri\\\/#\\\/schema\\\/logo\\\/image\\\/\"}},{\"@type\":\"Person\",\"@id\":\"https:\\\/\\\/diariodepe.com.br\\\/cri\\\/#\\\/schema\\\/person\\\/e474aead631cd4098632e11d3fbce118\",\"name\":\"CRI Portugu\u00eas\",\"image\":{\"@type\":\"ImageObject\",\"inLanguage\":\"pt-BR\",\"@id\":\"https:\\\/\\\/secure.gravatar.com\\\/avatar\\\/e2ac889ef882d4dc53091b610766dce49106cf9fe98c76e06745abb0993b2763?s=96&d=mm&r=g\",\"url\":\"https:\\\/\\\/secure.gravatar.com\\\/avatar\\\/e2ac889ef882d4dc53091b610766dce49106cf9fe98c76e06745abb0993b2763?s=96&d=mm&r=g\",\"contentUrl\":\"https:\\\/\\\/secure.gravatar.com\\\/avatar\\\/e2ac889ef882d4dc53091b610766dce49106cf9fe98c76e06745abb0993b2763?s=96&d=mm&r=g\",\"caption\":\"CRI Portugu\u00eas\"},\"sameAs\":[\"https:\\\/\\\/www.diariodepernambuco.com.br\\\/\"],\"url\":\"https:\\\/\\\/diariodepe.com.br\\\/cri\\\/author\\\/agencia-cri\\\/\"}]}<\/script>\n<!-- \/ Yoast SEO plugin. -->","yoast_head_json":{"title":"Xi Jinping e Donald Trump conversam por telefone - CRI e Diario de Pernambuco","robots":{"index":"index","follow":"follow","max-snippet":"max-snippet:-1","max-image-preview":"max-image-preview:large","max-video-preview":"max-video-preview:-1"},"canonical":"https:\/\/diariodepe.com.br\/cri\/2025\/12\/11\/xi-jinping-e-donald-trump-conversam-por-telefone-2\/","og_locale":"pt_BR","og_type":"article","og_title":"Xi Jinping e Donald Trump conversam por telefone - CRI e Diario de Pernambuco","og_description":"O presidente chin\u00eas, Xi Jinping, teve uma conversa telef\u00f4nica com o presidente dos Estados Unidos, Donald Trump, na noite desta segunda-feira (24). O l\u00edder chin\u00eas destacou uma reuni\u00e3o bem-sucedida em Busan, na Coreia do Sul, ocorrida ano passado, durante a...","og_url":"https:\/\/diariodepe.com.br\/cri\/2025\/12\/11\/xi-jinping-e-donald-trump-conversam-por-telefone-2\/","og_site_name":"CRI e Diario de Pernambuco","article_published_time":"2025-12-11T07:14:35+00:00","author":"CRI Portugu\u00eas","twitter_card":"summary_large_image","twitter_misc":{"Escrito por":"CRI Portugu\u00eas","Est. tempo de leitura":"3 minutos"},"schema":{"@context":"https:\/\/schema.org","@graph":[{"@type":"Article","@id":"https:\/\/diariodepe.com.br\/cri\/2025\/12\/11\/xi-jinping-e-donald-trump-conversam-por-telefone-2\/#article","isPartOf":{"@id":"https:\/\/diariodepe.com.br\/cri\/2025\/12\/11\/xi-jinping-e-donald-trump-conversam-por-telefone-2\/"},"author":{"name":"CRI Portugu\u00eas","@id":"https:\/\/diariodepe.com.br\/cri\/#\/schema\/person\/e474aead631cd4098632e11d3fbce118"},"headline":"Xi Jinping e Donald Trump conversam por telefone","datePublished":"2025-12-11T07:14:35+00:00","mainEntityOfPage":{"@id":"https:\/\/diariodepe.com.br\/cri\/2025\/12\/11\/xi-jinping-e-donald-trump-conversam-por-telefone-2\/"},"wordCount":432,"commentCount":0,"publisher":{"@id":"https:\/\/diariodepe.com.br\/cri\/#organization"},"articleSection":["Internacional"],"inLanguage":"pt-BR","potentialAction":[{"@type":"CommentAction","name":"Comment","target":["https:\/\/diariodepe.com.br\/cri\/2025\/12\/11\/xi-jinping-e-donald-trump-conversam-por-telefone-2\/#respond"]}]},{"@type":"WebPage","@id":"https:\/\/diariodepe.com.br\/cri\/2025\/12\/11\/xi-jinping-e-donald-trump-conversam-por-telefone-2\/","url":"https:\/\/diariodepe.com.br\/cri\/2025\/12\/11\/xi-jinping-e-donald-trump-conversam-por-telefone-2\/","name":"Xi Jinping e Donald Trump conversam por telefone - CRI e Diario de Pernambuco","isPartOf":{"@id":"https:\/\/diariodepe.com.br\/cri\/#website"},"datePublished":"2025-12-11T07:14:35+00:00","breadcrumb":{"@id":"https:\/\/diariodepe.com.br\/cri\/2025\/12\/11\/xi-jinping-e-donald-trump-conversam-por-telefone-2\/#breadcrumb"},"inLanguage":"pt-BR","potentialAction":[{"@type":"ReadAction","target":["https:\/\/diariodepe.com.br\/cri\/2025\/12\/11\/xi-jinping-e-donald-trump-conversam-por-telefone-2\/"]}]},{"@type":"BreadcrumbList","@id":"https:\/\/diariodepe.com.br\/cri\/2025\/12\/11\/xi-jinping-e-donald-trump-conversam-por-telefone-2\/#breadcrumb","itemListElement":[{"@type":"ListItem","position":1,"name":"In\u00edcio","item":"https:\/\/diariodepe.com.br\/cri\/"},{"@type":"ListItem","position":2,"name":"Xi Jinping e Donald Trump conversam por telefone"}]},{"@type":"WebSite","@id":"https:\/\/diariodepe.com.br\/cri\/#website","url":"https:\/\/diariodepe.com.br\/cri\/","name":"CRI e Diario de Pernambuco","description":"R\u00e1dio Internacional da China","publisher":{"@id":"https:\/\/diariodepe.com.br\/cri\/#organization"},"potentialAction":[{"@type":"SearchAction","target":{"@type":"EntryPoint","urlTemplate":"https:\/\/diariodepe.com.br\/cri\/?s={search_term_string}"},"query-input":{"@type":"PropertyValueSpecification","valueRequired":true,"valueName":"search_term_string"}}],"inLanguage":"pt-BR"},{"@type":"Organization","@id":"https:\/\/diariodepe.com.br\/cri\/#organization","name":"CRI e Diario de Pernambuco","url":"https:\/\/diariodepe.com.br\/cri\/","logo":{"@type":"ImageObject","inLanguage":"pt-BR","@id":"https:\/\/diariodepe.com.br\/cri\/#\/schema\/logo\/image\/","url":"https:\/\/diariodepe.com.br\/cri\/wp-content\/uploads\/sites\/2\/2022\/12\/cropped-Logo.jpg","contentUrl":"https:\/\/diariodepe.com.br\/cri\/wp-content\/uploads\/sites\/2\/2022\/12\/cropped-Logo.jpg","width":700,"height":59,"caption":"CRI e Diario de Pernambuco"},"image":{"@id":"https:\/\/diariodepe.com.br\/cri\/#\/schema\/logo\/image\/"}},{"@type":"Person","@id":"https:\/\/diariodepe.com.br\/cri\/#\/schema\/person\/e474aead631cd4098632e11d3fbce118","name":"CRI Portugu\u00eas","image":{"@type":"ImageObject","inLanguage":"pt-BR","@id":"https:\/\/secure.gravatar.com\/avatar\/e2ac889ef882d4dc53091b610766dce49106cf9fe98c76e06745abb0993b2763?s=96&d=mm&r=g","url":"https:\/\/secure.gravatar.com\/avatar\/e2ac889ef882d4dc53091b610766dce49106cf9fe98c76e06745abb0993b2763?s=96&d=mm&r=g","contentUrl":"https:\/\/secure.gravatar.com\/avatar\/e2ac889ef882d4dc53091b610766dce49106cf9fe98c76e06745abb0993b2763?s=96&d=mm&r=g","caption":"CRI Portugu\u00eas"},"sameAs":["https:\/\/www.diariodepernambuco.com.br\/"],"url":"https:\/\/diariodepe.com.br\/cri\/author\/agencia-cri\/"}]}},"cc_featured_image_caption":{"caption_text":"","source_text":"","source_url":""},"amp_enabled":true,"_links":{"self":[{"href":"https:\/\/diariodepe.com.br\/cri\/wp-json\/wp\/v2\/posts\/10149","targetHints":{"allow":["GET"]}}],"collection":[{"href":"https:\/\/diariodepe.com.br\/cri\/wp-json\/wp\/v2\/posts"}],"about":[{"href":"https:\/\/diariodepe.com.br\/cri\/wp-json\/wp\/v2\/types\/post"}],"author":[{"embeddable":true,"href":"https:\/\/diariodepe.com.br\/cri\/wp-json\/wp\/v2\/users\/5"}],"replies":[{"embeddable":true,"href":"https:\/\/diariodepe.com.br\/cri\/wp-json\/wp\/v2\/comments?post=10149"}],"version-history":[{"count":1,"href":"https:\/\/diariodepe.com.br\/cri\/wp-json\/wp\/v2\/posts\/10149\/revisions"}],"predecessor-version":[{"id":10150,"href":"https:\/\/diariodepe.com.br\/cri\/wp-json\/wp\/v2\/posts\/10149\/revisions\/10150"}],"wp:attachment":[{"href":"https:\/\/diariodepe.com.br\/cri\/wp-json\/wp\/v2\/media?parent=10149"}],"wp:term":[{"taxonomy":"category","embeddable":true,"href":"https:\/\/diariodepe.com.br\/cri\/wp-json\/wp\/v2\/categories?post=10149"},{"taxonomy":"post_tag","embeddable":true,"href":"https:\/\/diariodepe.com.br\/cri\/wp-json\/wp\/v2\/tags?post=10149"}],"curies":[{"name":"wp","href":"https:\/\/api.w.org\/{rel}","templated":true}]}}